{"id":4055,"date":"2017-10-16T15:30:07","date_gmt":"2017-10-16T21:30:07","guid":{"rendered":"http:\/\/noticias-igss.org\/?p=3051"},"modified":"2017-10-16T15:30:07","modified_gmt":"2017-10-16T21:30:07","slug":"medicos-del-hospital-dr-juan-jose-arevalo-bermejo-atienden-parto-de-trillizas","status":"publish","type":"post","link":"https:\/\/www.igssgt.org\/noticias\/2017\/10\/16\/medicos-del-hospital-dr-juan-jose-arevalo-bermejo-atienden-parto-de-trillizas\/","title":{"rendered":"M\u00e9dicos del Hospital Dr. Juan Jos\u00e9 Ar\u00e9valo Bermejo atienden parto de trillizas"},"content":{"rendered":"<p><a href=\"\/noticias\/wp-content\/uploads\/sites\/5\/2017\/10\/Medicos-del-Hospital-Dr-Juan-Jose-Arevalo-Bermejo-atienden-parto-de-trillizas-5.jpeg\"><img loading=\"lazy\" decoding=\"async\" class=\"aligncenter size-full wp-image-3053\" src=\"\/noticias\/wp-content\/uploads\/sites\/5\/2017\/10\/Medicos-del-Hospital-Dr-Juan-Jose-Arevalo-Bermejo-atienden-parto-de-trillizas-5.jpeg\" alt=\"\" width=\"1280\" height=\"853\" \/><\/a><\/p>\n<p>Ofelia Araceli D\u00edaz Ord\u00f3\u00f1ez, de 35 a\u00f1os, esta tarde dio a luz tres ni\u00f1as, el parto fue atendido por m\u00e9dicos del Hospital Juan Jos\u00e9 Ar\u00e9valo Bermejo, zona 6. Las peque\u00f1as, de 40 y 42 cent\u00edmetros de estatura, nacieron a las 13:14, 13:16 y 13:17 horas, con un peso de tres y cuatro libras.<\/p>\n<p>El doctor Juan Pablo Lobos explic\u00f3 que la madre se present\u00f3 a un chequeo de rutina, pero al momento de examinar a las peque\u00f1as se determin\u00f3 que una de ellas estaba en riesgo letal por lo que se tuvo que inducir el parto de emergencia.<\/p>\n<p>\u00abAfortunadamente el IGSS cuenta con tecnolog\u00eda por eso se logr\u00f3 salvar a las tres a tiempo\u00bb, indic\u00f3 el doctor Lobos.<\/p>\n<p>En la sala de recuperaci\u00f3n D\u00edaz Ord\u00f3\u00f1ez le dio gracias porque las cuatro est\u00e1n bien. \u00abEstoy agradecida con Dios, soy madre soltera y vivo con mis pap\u00e1s, los dos de la tercera edad. S\u00e9 que ellas van a ser mi motor de vida\u00bb, expres\u00f3 emocionada.<\/p>\n<p>Para la recuperaci\u00f3n de las reci\u00e9n nacidas, los pediatras les suministran en la sala de transici\u00f3n ox\u00edgeno y suero.<\/p>\n\r\n                <style type=\"text\/css\">\r\n                    \r\n                    #tdi_1  .td-doubleSlider-2 .td-item1 {\r\n                        background: url(\/wp-content\/uploads\/sites\/5\/2017\/10\/Medicos-del-Hospital-Dr-Juan-Jose-Arevalo-Bermejo-atienden-parto-de-trillizas-1-80x60.jpg) 0 0 no-repeat;\r\n                    }\r\n                    #tdi_1  .td-doubleSlider-2 .td-item2 {\r\n                        background: url(\/wp-content\/uploads\/sites\/5\/2017\/10\/Medicos-del-Hospital-Dr-Juan-Jose-Arevalo-Bermejo-atienden-parto-de-trillizas-9-80x60.jpg) 0 0 no-repeat;\r\n                    }\r\n                    #tdi_1  .td-doubleSlider-2 .td-item3 {\r\n                        background: url(\/wp-content\/uploads\/sites\/5\/2017\/10\/Medicos-del-Hospital-Dr-Juan-Jose-Arevalo-Bermejo-atienden-parto-de-trillizas-6-80x60.jpg) 0 0 no-repeat;\r\n                    }\r\n                    #tdi_1  .td-doubleSlider-2 .td-item4 {\r\n                        background: url(\/wp-content\/uploads\/sites\/5\/2017\/10\/Medicos-del-Hospital-Dr-Juan-Jose-Arevalo-Bermejo-atienden-parto-de-trillizas-7-80x60.jpg) 0 0 no-repeat;\r\n                    }\r\n                    #tdi_1  .td-doubleSlider-2 .td-item5 {\r\n                        background: url(\/wp-content\/uploads\/sites\/5\/2017\/10\/Medicos-del-Hospital-Dr-Juan-Jose-Arevalo-Bermejo-atienden-parto-de-trillizas-8-80x60.jpg) 0 0 no-repeat;\r\n                    }\r\n                    #tdi_1  .td-doubleSlider-2 .td-item6 {\r\n                        background: url(\/wp-content\/uploads\/sites\/5\/2017\/10\/Medicos-del-Hospital-Dr-Juan-Jose-Arevalo-Bermejo-atienden-parto-de-trillizas-2-80x60.jpg) 0 0 no-repeat;\r\n                    }\r\n                    #tdi_1  .td-doubleSlider-2 .td-item7 {\r\n                        background: url(\/wp-content\/uploads\/sites\/5\/2017\/10\/Medicos-del-Hospital-Dr-Juan-Jose-Arevalo-Bermejo-atienden-parto-de-trillizas-4-80x60.jpg) 0 0 no-repeat;\r\n                    }\r\n                    #tdi_1  .td-doubleSlider-2 .td-item8 {\r\n                        background: url(\/wp-content\/uploads\/sites\/5\/2017\/10\/Medicos-del-Hospital-Dr-Juan-Jose-Arevalo-Bermejo-atienden-parto-de-trillizas-5-80x60.jpg) 0 0 no-repeat;\r\n                    }\r\n                    #tdi_1  .td-doubleSlider-2 .td-item9 {\r\n                        background: url(\/wp-content\/uploads\/sites\/5\/2017\/10\/Medicos-del-Hospital-Dr-Juan-Jose-Arevalo-Bermejo-atienden-parto-de-trillizas-3-80x60.jpg) 0 0 no-repeat;\r\n                    }\r\n                <\/style>\r\n\r\n                <div id=\"tdi_1\" class=\"td-gallery td-slide-on-2-columns\">\r\n                    <div class=\"post_td_gallery\">\r\n                        <div class=\"td-gallery-slide-top\">\r\n                           <div class=\"td-gallery-title\"><\/div>\r\n\r\n                            <div class=\"td-gallery-controls-wrapper\">\r\n                                <div class=\"td-gallery-slide-count\"><span class=\"td-gallery-slide-item-focus\">1<\/span> de 9<\/div>\r\n                                <div class=\"td-gallery-slide-prev-next-but\">\r\n                                    <i class = \"td-icon-left doubleSliderPrevButton\"><\/i>\r\n                                    <i class = \"td-icon-right doubleSliderNextButton\"><\/i>\r\n                                <\/div>\r\n                            <\/div>\r\n                        <\/div>\r\n\r\n                        <div class = \"td-doubleSlider-1 \">\r\n                            <div class = \"td-slider\">\r\n                                \r\n                    <div class = \"td-slide-item td-item1\">\r\n                        <figure class=\"td-slide-galery-figure td-slide-popup-gallery\">\r\n                            <a class=\"slide-gallery-image-link\" href=\"\/wp-content\/uploads\/sites\/5\/2017\/10\/Medicos-del-Hospital-Dr-Juan-Jose-Arevalo-Bermejo-atienden-parto-de-trillizas-1.jpg\" title=\"Medicos-del-Hospital-Dr-Juan-Jose-Arevalo-Bermejo-atienden-parto-de-trillizas-1\"  data-caption=\"\"  data-description=\"\">\r\n                                <img decoding=\"async\" src=\"\/wp-content\/uploads\/sites\/5\/2017\/10\/Medicos-del-Hospital-Dr-Juan-Jose-Arevalo-Bermejo-atienden-parto-de-trillizas-1-630x420.jpg\" srcset=\"\/wp-content\/uploads\/sites\/5\/2017\/10\/Medicos-del-Hospital-Dr-Juan-Jose-Arevalo-Bermejo-atienden-parto-de-trillizas-1-630x420.jpg 630w, \/wp-content\/uploads\/sites\/5\/2017\/10\/Medicos-del-Hospital-Dr-Juan-Jose-Arevalo-Bermejo-atienden-parto-de-trillizas-1-300x200.jpg 300w, \/wp-content\/uploads\/sites\/5\/2017\/10\/Medicos-del-Hospital-Dr-Juan-Jose-Arevalo-Bermejo-atienden-parto-de-trillizas-1-768x512.jpg 768w, \/wp-content\/uploads\/sites\/5\/2017\/10\/Medicos-del-Hospital-Dr-Juan-Jose-Arevalo-Bermejo-atienden-parto-de-trillizas-1-1024x682.jpg 1024w, \/wp-content\/uploads\/sites\/5\/2017\/10\/Medicos-del-Hospital-Dr-Juan-Jose-Arevalo-Bermejo-atienden-parto-de-trillizas-1-696x464.jpg 696w, \/wp-content\/uploads\/sites\/5\/2017\/10\/Medicos-del-Hospital-Dr-Juan-Jose-Arevalo-Bermejo-atienden-parto-de-trillizas-1-1068x712.jpg 1068w, \/wp-content\/uploads\/sites\/5\/2017\/10\/Medicos-del-Hospital-Dr-Juan-Jose-Arevalo-Bermejo-atienden-parto-de-trillizas-1-534x356.jpg 534w, \/wp-content\/uploads\/sites\/5\/2017\/10\/Medicos-del-Hospital-Dr-Juan-Jose-Arevalo-Bermejo-atienden-parto-de-trillizas-1.jpg 1280w\" sizes=\"(max-width: 630px) 100vw, 630px\" alt=\"\">\r\n                            <\/a>\r\n                            \r\n                        <\/figure>\r\n                    <\/div>\r\n                    <div class = \"td-slide-item td-item2\">\r\n                        <figure class=\"td-slide-galery-figure td-slide-popup-gallery\">\r\n                            <a class=\"slide-gallery-image-link\" href=\"\/wp-content\/uploads\/sites\/5\/2017\/10\/Medicos-del-Hospital-Dr-Juan-Jose-Arevalo-Bermejo-atienden-parto-de-trillizas-9.jpg\" title=\"Medicos-del-Hospital-Dr-Juan-Jose-Arevalo-Bermejo-atienden-parto-de-trillizas-9\"  data-caption=\"\"  data-description=\"\">\r\n                                <img decoding=\"async\" src=\"\/wp-content\/uploads\/sites\/5\/2017\/10\/Medicos-del-Hospital-Dr-Juan-Jose-Arevalo-Bermejo-atienden-parto-de-trillizas-9-630x420.jpg\" srcset=\"\/wp-content\/uploads\/sites\/5\/2017\/10\/Medicos-del-Hospital-Dr-Juan-Jose-Arevalo-Bermejo-atienden-parto-de-trillizas-9-630x420.jpg 630w, \/wp-content\/uploads\/sites\/5\/2017\/10\/Medicos-del-Hospital-Dr-Juan-Jose-Arevalo-Bermejo-atienden-parto-de-trillizas-9-300x200.jpg 300w, \/wp-content\/uploads\/sites\/5\/2017\/10\/Medicos-del-Hospital-Dr-Juan-Jose-Arevalo-Bermejo-atienden-parto-de-trillizas-9-768x512.jpg 768w, \/wp-content\/uploads\/sites\/5\/2017\/10\/Medicos-del-Hospital-Dr-Juan-Jose-Arevalo-Bermejo-atienden-parto-de-trillizas-9-1024x682.jpg 1024w, \/wp-content\/uploads\/sites\/5\/2017\/10\/Medicos-del-Hospital-Dr-Juan-Jose-Arevalo-Bermejo-atienden-parto-de-trillizas-9-696x464.jpg 696w, \/wp-content\/uploads\/sites\/5\/2017\/10\/Medicos-del-Hospital-Dr-Juan-Jose-Arevalo-Bermejo-atienden-parto-de-trillizas-9-1068x712.jpg 1068w, \/wp-content\/uploads\/sites\/5\/2017\/10\/Medicos-del-Hospital-Dr-Juan-Jose-Arevalo-Bermejo-atienden-parto-de-trillizas-9-534x356.jpg 534w, \/wp-content\/uploads\/sites\/5\/2017\/10\/Medicos-del-Hospital-Dr-Juan-Jose-Arevalo-Bermejo-atienden-parto-de-trillizas-9.jpg 1280w\" sizes=\"(max-width: 630px) 100vw, 630px\" alt=\"\">\r\n                            <\/a>\r\n                            \r\n                        <\/figure>\r\n                    <\/div>\r\n                    <div class = \"td-slide-item td-item3\">\r\n                        <figure class=\"td-slide-galery-figure td-slide-popup-gallery\">\r\n                            <a class=\"slide-gallery-image-link\" href=\"\/wp-content\/uploads\/sites\/5\/2017\/10\/Medicos-del-Hospital-Dr-Juan-Jose-Arevalo-Bermejo-atienden-parto-de-trillizas-6.jpg\" title=\"Medicos-del-Hospital-Dr-Juan-Jose-Arevalo-Bermejo-atienden-parto-de-trillizas-6\"  data-caption=\"\"  data-description=\"\">\r\n                                <img decoding=\"async\" src=\"\/wp-content\/uploads\/sites\/5\/2017\/10\/Medicos-del-Hospital-Dr-Juan-Jose-Arevalo-Bermejo-atienden-parto-de-trillizas-6-630x420.jpg\" srcset=\"\/wp-content\/uploads\/sites\/5\/2017\/10\/Medicos-del-Hospital-Dr-Juan-Jose-Arevalo-Bermejo-atienden-parto-de-trillizas-6-630x420.jpg 630w, \/wp-content\/uploads\/sites\/5\/2017\/10\/Medicos-del-Hospital-Dr-Juan-Jose-Arevalo-Bermejo-atienden-parto-de-trillizas-6-300x200.jpg 300w, \/wp-content\/uploads\/sites\/5\/2017\/10\/Medicos-del-Hospital-Dr-Juan-Jose-Arevalo-Bermejo-atienden-parto-de-trillizas-6-768x512.jpg 768w, \/wp-content\/uploads\/sites\/5\/2017\/10\/Medicos-del-Hospital-Dr-Juan-Jose-Arevalo-Bermejo-atienden-parto-de-trillizas-6-1024x682.jpg 1024w, \/wp-content\/uploads\/sites\/5\/2017\/10\/Medicos-del-Hospital-Dr-Juan-Jose-Arevalo-Bermejo-atienden-parto-de-trillizas-6-696x464.jpg 696w, \/wp-content\/uploads\/sites\/5\/2017\/10\/Medicos-del-Hospital-Dr-Juan-Jose-Arevalo-Bermejo-atienden-parto-de-trillizas-6-1068x712.jpg 1068w, \/wp-content\/uploads\/sites\/5\/2017\/10\/Medicos-del-Hospital-Dr-Juan-Jose-Arevalo-Bermejo-atienden-parto-de-trillizas-6-534x356.jpg 534w, \/wp-content\/uploads\/sites\/5\/2017\/10\/Medicos-del-Hospital-Dr-Juan-Jose-Arevalo-Bermejo-atienden-parto-de-trillizas-6.jpg 1280w\" sizes=\"(max-width: 630px) 100vw, 630px\" alt=\"\">\r\n                            <\/a>\r\n                            \r\n                        <\/figure>\r\n                    <\/div>\r\n                    <div class = \"td-slide-item td-item4\">\r\n                        <figure class=\"td-slide-galery-figure td-slide-popup-gallery\">\r\n                            <a class=\"slide-gallery-image-link\" href=\"\/wp-content\/uploads\/sites\/5\/2017\/10\/Medicos-del-Hospital-Dr-Juan-Jose-Arevalo-Bermejo-atienden-parto-de-trillizas-7.jpg\" title=\"Medicos-del-Hospital-Dr-Juan-Jose-Arevalo-Bermejo-atienden-parto-de-trillizas-7\"  data-caption=\"\"  data-description=\"\">\r\n                                <img decoding=\"async\" src=\"\/wp-content\/uploads\/sites\/5\/2017\/10\/Medicos-del-Hospital-Dr-Juan-Jose-Arevalo-Bermejo-atienden-parto-de-trillizas-7-630x420.jpg\" srcset=\"\/wp-content\/uploads\/sites\/5\/2017\/10\/Medicos-del-Hospital-Dr-Juan-Jose-Arevalo-Bermejo-atienden-parto-de-trillizas-7-630x420.jpg 630w, \/wp-content\/uploads\/sites\/5\/2017\/10\/Medicos-del-Hospital-Dr-Juan-Jose-Arevalo-Bermejo-atienden-parto-de-trillizas-7-300x200.jpg 300w, \/wp-content\/uploads\/sites\/5\/2017\/10\/Medicos-del-Hospital-Dr-Juan-Jose-Arevalo-Bermejo-atienden-parto-de-trillizas-7-768x512.jpg 768w, \/wp-content\/uploads\/sites\/5\/2017\/10\/Medicos-del-Hospital-Dr-Juan-Jose-Arevalo-Bermejo-atienden-parto-de-trillizas-7-1024x682.jpg 1024w, \/wp-content\/uploads\/sites\/5\/2017\/10\/Medicos-del-Hospital-Dr-Juan-Jose-Arevalo-Bermejo-atienden-parto-de-trillizas-7-696x464.jpg 696w, \/wp-content\/uploads\/sites\/5\/2017\/10\/Medicos-del-Hospital-Dr-Juan-Jose-Arevalo-Bermejo-atienden-parto-de-trillizas-7-1068x712.jpg 1068w, \/wp-content\/uploads\/sites\/5\/2017\/10\/Medicos-del-Hospital-Dr-Juan-Jose-Arevalo-Bermejo-atienden-parto-de-trillizas-7-534x356.jpg 534w, \/wp-content\/uploads\/sites\/5\/2017\/10\/Medicos-del-Hospital-Dr-Juan-Jose-Arevalo-Bermejo-atienden-parto-de-trillizas-7.jpg 1280w\" sizes=\"(max-width: 630px) 100vw, 630px\" alt=\"\">\r\n                            <\/a>\r\n                            \r\n                        <\/figure>\r\n                    <\/div>\r\n                    <div class = \"td-slide-item td-item5\">\r\n                        <figure class=\"td-slide-galery-figure td-slide-popup-gallery\">\r\n                            <a class=\"slide-gallery-image-link\" href=\"\/wp-content\/uploads\/sites\/5\/2017\/10\/Medicos-del-Hospital-Dr-Juan-Jose-Arevalo-Bermejo-atienden-parto-de-trillizas-8.jpg\" title=\"Medicos-del-Hospital-Dr-Juan-Jose-Arevalo-Bermejo-atienden-parto-de-trillizas-8\"  data-caption=\"\"  data-description=\"\">\r\n                                <img decoding=\"async\" src=\"\/wp-content\/uploads\/sites\/5\/2017\/10\/Medicos-del-Hospital-Dr-Juan-Jose-Arevalo-Bermejo-atienden-parto-de-trillizas-8-630x420.jpg\" srcset=\"\/wp-content\/uploads\/sites\/5\/2017\/10\/Medicos-del-Hospital-Dr-Juan-Jose-Arevalo-Bermejo-atienden-parto-de-trillizas-8-630x420.jpg 630w, \/wp-content\/uploads\/sites\/5\/2017\/10\/Medicos-del-Hospital-Dr-Juan-Jose-Arevalo-Bermejo-atienden-parto-de-trillizas-8-300x200.jpg 300w, \/wp-content\/uploads\/sites\/5\/2017\/10\/Medicos-del-Hospital-Dr-Juan-Jose-Arevalo-Bermejo-atienden-parto-de-trillizas-8-768x512.jpg 768w, \/wp-content\/uploads\/sites\/5\/2017\/10\/Medicos-del-Hospital-Dr-Juan-Jose-Arevalo-Bermejo-atienden-parto-de-trillizas-8-1024x682.jpg 1024w, \/wp-content\/uploads\/sites\/5\/2017\/10\/Medicos-del-Hospital-Dr-Juan-Jose-Arevalo-Bermejo-atienden-parto-de-trillizas-8-696x464.jpg 696w, \/wp-content\/uploads\/sites\/5\/2017\/10\/Medicos-del-Hospital-Dr-Juan-Jose-Arevalo-Bermejo-atienden-parto-de-trillizas-8-1068x712.jpg 1068w, \/wp-content\/uploads\/sites\/5\/2017\/10\/Medicos-del-Hospital-Dr-Juan-Jose-Arevalo-Bermejo-atienden-parto-de-trillizas-8-534x356.jpg 534w, \/wp-content\/uploads\/sites\/5\/2017\/10\/Medicos-del-Hospital-Dr-Juan-Jose-Arevalo-Bermejo-atienden-parto-de-trillizas-8.jpg 1280w\" sizes=\"(max-width: 630px) 100vw, 630px\" alt=\"\">\r\n                            <\/a>\r\n                            \r\n                        <\/figure>\r\n                    <\/div>\r\n                    <div class = \"td-slide-item td-item6\">\r\n                        <figure class=\"td-slide-galery-figure td-slide-popup-gallery\">\r\n                            <a class=\"slide-gallery-image-link\" href=\"\/wp-content\/uploads\/sites\/5\/2017\/10\/Medicos-del-Hospital-Dr-Juan-Jose-Arevalo-Bermejo-atienden-parto-de-trillizas-2.jpg\" title=\"Medicos-del-Hospital-Dr-Juan-Jose-Arevalo-Bermejo-atienden-parto-de-trillizas-2\"  data-caption=\"\"  data-description=\"\">\r\n                                <img decoding=\"async\" src=\"\/wp-content\/uploads\/sites\/5\/2017\/10\/Medicos-del-Hospital-Dr-Juan-Jose-Arevalo-Bermejo-atienden-parto-de-trillizas-2-630x420.jpg\" srcset=\"\/wp-content\/uploads\/sites\/5\/2017\/10\/Medicos-del-Hospital-Dr-Juan-Jose-Arevalo-Bermejo-atienden-parto-de-trillizas-2-630x420.jpg 630w, \/wp-content\/uploads\/sites\/5\/2017\/10\/Medicos-del-Hospital-Dr-Juan-Jose-Arevalo-Bermejo-atienden-parto-de-trillizas-2-300x200.jpg 300w, \/wp-content\/uploads\/sites\/5\/2017\/10\/Medicos-del-Hospital-Dr-Juan-Jose-Arevalo-Bermejo-atienden-parto-de-trillizas-2-768x512.jpg 768w, \/wp-content\/uploads\/sites\/5\/2017\/10\/Medicos-del-Hospital-Dr-Juan-Jose-Arevalo-Bermejo-atienden-parto-de-trillizas-2-1024x682.jpg 1024w, \/wp-content\/uploads\/sites\/5\/2017\/10\/Medicos-del-Hospital-Dr-Juan-Jose-Arevalo-Bermejo-atienden-parto-de-trillizas-2-696x464.jpg 696w, \/wp-content\/uploads\/sites\/5\/2017\/10\/Medicos-del-Hospital-Dr-Juan-Jose-Arevalo-Bermejo-atienden-parto-de-trillizas-2-1068x712.jpg 1068w, \/wp-content\/uploads\/sites\/5\/2017\/10\/Medicos-del-Hospital-Dr-Juan-Jose-Arevalo-Bermejo-atienden-parto-de-trillizas-2-534x356.jpg 534w, \/wp-content\/uploads\/sites\/5\/2017\/10\/Medicos-del-Hospital-Dr-Juan-Jose-Arevalo-Bermejo-atienden-parto-de-trillizas-2.jpg 1280w\" sizes=\"(max-width: 630px) 100vw, 630px\" alt=\"\">\r\n                            <\/a>\r\n                            \r\n                        <\/figure>\r\n                    <\/div>\r\n                    <div class = \"td-slide-item td-item7\">\r\n                        <figure class=\"td-slide-galery-figure td-slide-popup-gallery\">\r\n                            <a class=\"slide-gallery-image-link\" href=\"\/wp-content\/uploads\/sites\/5\/2017\/10\/Medicos-del-Hospital-Dr-Juan-Jose-Arevalo-Bermejo-atienden-parto-de-trillizas-4.jpg\" title=\"Medicos-del-Hospital-Dr-Juan-Jose-Arevalo-Bermejo-atienden-parto-de-trillizas-4\"  data-caption=\"\"  data-description=\"\">\r\n                                <img decoding=\"async\" src=\"\/wp-content\/uploads\/sites\/5\/2017\/10\/Medicos-del-Hospital-Dr-Juan-Jose-Arevalo-Bermejo-atienden-parto-de-trillizas-4-630x420.jpg\" srcset=\"\/wp-content\/uploads\/sites\/5\/2017\/10\/Medicos-del-Hospital-Dr-Juan-Jose-Arevalo-Bermejo-atienden-parto-de-trillizas-4-630x420.jpg 630w, \/wp-content\/uploads\/sites\/5\/2017\/10\/Medicos-del-Hospital-Dr-Juan-Jose-Arevalo-Bermejo-atienden-parto-de-trillizas-4-300x200.jpg 300w, \/wp-content\/uploads\/sites\/5\/2017\/10\/Medicos-del-Hospital-Dr-Juan-Jose-Arevalo-Bermejo-atienden-parto-de-trillizas-4-768x512.jpg 768w, \/wp-content\/uploads\/sites\/5\/2017\/10\/Medicos-del-Hospital-Dr-Juan-Jose-Arevalo-Bermejo-atienden-parto-de-trillizas-4-1024x682.jpg 1024w, \/wp-content\/uploads\/sites\/5\/2017\/10\/Medicos-del-Hospital-Dr-Juan-Jose-Arevalo-Bermejo-atienden-parto-de-trillizas-4-696x464.jpg 696w, \/wp-content\/uploads\/sites\/5\/2017\/10\/Medicos-del-Hospital-Dr-Juan-Jose-Arevalo-Bermejo-atienden-parto-de-trillizas-4-1068x712.jpg 1068w, \/wp-content\/uploads\/sites\/5\/2017\/10\/Medicos-del-Hospital-Dr-Juan-Jose-Arevalo-Bermejo-atienden-parto-de-trillizas-4-534x356.jpg 534w, \/wp-content\/uploads\/sites\/5\/2017\/10\/Medicos-del-Hospital-Dr-Juan-Jose-Arevalo-Bermejo-atienden-parto-de-trillizas-4.jpg 1280w\" sizes=\"(max-width: 630px) 100vw, 630px\" alt=\"\">\r\n                            <\/a>\r\n                            \r\n                        <\/figure>\r\n                    <\/div>\r\n                    <div class = \"td-slide-item td-item8\">\r\n                        <figure class=\"td-slide-galery-figure td-slide-popup-gallery\">\r\n                            <a class=\"slide-gallery-image-link\" href=\"\/wp-content\/uploads\/sites\/5\/2017\/10\/Medicos-del-Hospital-Dr-Juan-Jose-Arevalo-Bermejo-atienden-parto-de-trillizas-5.jpg\" title=\"Medicos-del-Hospital-Dr-Juan-Jose-Arevalo-Bermejo-atienden-parto-de-trillizas-5\"  data-caption=\"\"  data-description=\"\">\r\n                                <img decoding=\"async\" src=\"\/wp-content\/uploads\/sites\/5\/2017\/10\/Medicos-del-Hospital-Dr-Juan-Jose-Arevalo-Bermejo-atienden-parto-de-trillizas-5-630x420.jpg\" srcset=\"\/wp-content\/uploads\/sites\/5\/2017\/10\/Medicos-del-Hospital-Dr-Juan-Jose-Arevalo-Bermejo-atienden-parto-de-trillizas-5-630x420.jpg 630w, \/wp-content\/uploads\/sites\/5\/2017\/10\/Medicos-del-Hospital-Dr-Juan-Jose-Arevalo-Bermejo-atienden-parto-de-trillizas-5-300x200.jpg 300w, \/wp-content\/uploads\/sites\/5\/2017\/10\/Medicos-del-Hospital-Dr-Juan-Jose-Arevalo-Bermejo-atienden-parto-de-trillizas-5-768x512.jpg 768w, \/wp-content\/uploads\/sites\/5\/2017\/10\/Medicos-del-Hospital-Dr-Juan-Jose-Arevalo-Bermejo-atienden-parto-de-trillizas-5-1024x682.jpg 1024w, \/wp-content\/uploads\/sites\/5\/2017\/10\/Medicos-del-Hospital-Dr-Juan-Jose-Arevalo-Bermejo-atienden-parto-de-trillizas-5-696x464.jpg 696w, \/wp-content\/uploads\/sites\/5\/2017\/10\/Medicos-del-Hospital-Dr-Juan-Jose-Arevalo-Bermejo-atienden-parto-de-trillizas-5-1068x712.jpg 1068w, \/wp-content\/uploads\/sites\/5\/2017\/10\/Medicos-del-Hospital-Dr-Juan-Jose-Arevalo-Bermejo-atienden-parto-de-trillizas-5-534x356.jpg 534w, \/wp-content\/uploads\/sites\/5\/2017\/10\/Medicos-del-Hospital-Dr-Juan-Jose-Arevalo-Bermejo-atienden-parto-de-trillizas-5.jpg 1280w\" sizes=\"(max-width: 630px) 100vw, 630px\" alt=\"\">\r\n                            <\/a>\r\n                            \r\n                        <\/figure>\r\n                    <\/div>\r\n                    <div class = \"td-slide-item td-item9\">\r\n                        <figure class=\"td-slide-galery-figure td-slide-popup-gallery\">\r\n                            <a class=\"slide-gallery-image-link\" href=\"\/wp-content\/uploads\/sites\/5\/2017\/10\/Medicos-del-Hospital-Dr-Juan-Jose-Arevalo-Bermejo-atienden-parto-de-trillizas-3.jpg\" title=\"Medicos-del-Hospital-Dr-Juan-Jose-Arevalo-Bermejo-atienden-parto-de-trillizas-3\"  data-caption=\"\"  data-description=\"\">\r\n                                <img decoding=\"async\" src=\"\/wp-content\/uploads\/sites\/5\/2017\/10\/Medicos-del-Hospital-Dr-Juan-Jose-Arevalo-Bermejo-atienden-parto-de-trillizas-3-630x420.jpg\" srcset=\"\/wp-content\/uploads\/sites\/5\/2017\/10\/Medicos-del-Hospital-Dr-Juan-Jose-Arevalo-Bermejo-atienden-parto-de-trillizas-3-630x420.jpg 630w, \/wp-content\/uploads\/sites\/5\/2017\/10\/Medicos-del-Hospital-Dr-Juan-Jose-Arevalo-Bermejo-atienden-parto-de-trillizas-3-300x200.jpg 300w, \/wp-content\/uploads\/sites\/5\/2017\/10\/Medicos-del-Hospital-Dr-Juan-Jose-Arevalo-Bermejo-atienden-parto-de-trillizas-3-768x512.jpg 768w, \/wp-content\/uploads\/sites\/5\/2017\/10\/Medicos-del-Hospital-Dr-Juan-Jose-Arevalo-Bermejo-atienden-parto-de-trillizas-3-1024x682.jpg 1024w, \/wp-content\/uploads\/sites\/5\/2017\/10\/Medicos-del-Hospital-Dr-Juan-Jose-Arevalo-Bermejo-atienden-parto-de-trillizas-3-696x464.jpg 696w, \/wp-content\/uploads\/sites\/5\/2017\/10\/Medicos-del-Hospital-Dr-Juan-Jose-Arevalo-Bermejo-atienden-parto-de-trillizas-3-1068x712.jpg 1068w, \/wp-content\/uploads\/sites\/5\/2017\/10\/Medicos-del-Hospital-Dr-Juan-Jose-Arevalo-Bermejo-atienden-parto-de-trillizas-3-534x356.jpg 534w, \/wp-content\/uploads\/sites\/5\/2017\/10\/Medicos-del-Hospital-Dr-Juan-Jose-Arevalo-Bermejo-atienden-parto-de-trillizas-3.jpg 1280w\" sizes=\"(max-width: 630px) 100vw, 630px\" alt=\"\">\r\n                            <\/a>\r\n                            \r\n                        <\/figure>\r\n                    <\/div>\r\n                            <\/div>\r\n                        <\/div>\r\n\r\n                        <div class = \"td-doubleSlider-2\">\r\n                            <div class = \"td-slider\">\r\n                                \r\n                    <div class = \"td-button td-item1\">\r\n                        <div class = \"td-border\"><\/div>\r\n                    <\/div>\r\n                    <div class = \"td-button td-item2\">\r\n                        <div class = \"td-border\"><\/div>\r\n                    <\/div>\r\n                    <div class = \"td-button td-item3\">\r\n                        <div class = \"td-border\"><\/div>\r\n                    <\/div>\r\n                    <div class = \"td-button td-item4\">\r\n                        <div class = \"td-border\"><\/div>\r\n                    <\/div>\r\n                    <div class = \"td-button td-item5\">\r\n                        <div class = \"td-border\"><\/div>\r\n                    <\/div>\r\n                    <div class = \"td-button td-item6\">\r\n                        <div class = \"td-border\"><\/div>\r\n                    <\/div>\r\n                    <div class = \"td-button td-item7\">\r\n                        <div class = \"td-border\"><\/div>\r\n                    <\/div>\r\n                    <div class = \"td-button td-item8\">\r\n                        <div class = \"td-border\"><\/div>\r\n                    <\/div>\r\n                    <div class = \"td-button td-item9\">\r\n                        <div class = \"td-border\"><\/div>\r\n                    <\/div>\r\n                            <\/div>\r\n                        <\/div>\r\n\r\n                    <\/div>\r\n\r\n                <\/div>\r\n                \n<hr \/>\n<p>&nbsp;<\/p>\n","protected":false},"excerpt":{"rendered":"<p>Ofelia Araceli D\u00edaz Ord\u00f3\u00f1ez, de 35 a\u00f1os, esta tarde dio a luz tres ni\u00f1as, el parto fue atendido por m\u00e9dicos del Hospital Juan Jos\u00e9 Ar\u00e9valo Bermejo, zona 6. Las peque\u00f1as, de 40 y 42 cent\u00edmetros de estatura, nacieron a las 13:14, 13:16 y 13:17 horas, con un peso de tres y cuatro libras. El doctor [&hellip;]<\/p>\n","protected":false},"author":4,"featured_media":4056,"comment_status":"open","ping_status":"open","sticky":false,"template":"","format":"standard","meta":{"footnotes":""},"categories":[3,10,29,36],"tags":[176,309,479,490,496,650],"coauthors":[],"class_list":{"0":"post-4055","1":"post","2":"type-post","3":"status-publish","4":"format-standard","5":"has-post-thumbnail","7":"category-actualidad","8":"category-cirugias","9":"category-publicaciones","10":"category-unidades-medicas","11":"tag-cirugias","12":"tag-dr-juan-pablo-lobos","13":"tag-hospital-dr-juan-jose-arevalo-bermejo","14":"tag-igss","15":"tag-igss-z-6","16":"tag-nacimiento-de-trillizas"},"_links":{"self":[{"href":"https:\/\/www.igssgt.org\/noticias\/wp-json\/wp\/v2\/posts\/4055","targetHints":{"allow":["GET"]}}],"collection":[{"href":"https:\/\/www.igssgt.org\/noticias\/wp-json\/wp\/v2\/posts"}],"about":[{"href":"https:\/\/www.igssgt.org\/noticias\/wp-json\/wp\/v2\/types\/post"}],"author":[{"embeddable":true,"href":"https:\/\/www.igssgt.org\/noticias\/wp-json\/wp\/v2\/users\/4"}],"replies":[{"embeddable":true,"href":"https:\/\/www.igssgt.org\/noticias\/wp-json\/wp\/v2\/comments?post=4055"}],"version-history":[{"count":0,"href":"https:\/\/www.igssgt.org\/noticias\/wp-json\/wp\/v2\/posts\/4055\/revisions"}],"wp:featuredmedia":[{"embeddable":true,"href":"https:\/\/www.igssgt.org\/noticias\/wp-json\/wp\/v2\/media\/4056"}],"wp:attachment":[{"href":"https:\/\/www.igssgt.org\/noticias\/wp-json\/wp\/v2\/media?parent=4055"}],"wp:term":[{"taxonomy":"category","embeddable":true,"href":"https:\/\/www.igssgt.org\/noticias\/wp-json\/wp\/v2\/categories?post=4055"},{"taxonomy":"post_tag","embeddable":true,"href":"https:\/\/www.igssgt.org\/noticias\/wp-json\/wp\/v2\/tags?post=4055"},{"taxonomy":"author","embeddable":true,"href":"https:\/\/www.igssgt.org\/noticias\/wp-json\/wp\/v2\/coauthors?post=4055"}],"curies":[{"name":"wp","href":"https:\/\/api.w.org\/{rel}","templated":true}]}}