{"id":41087,"date":"2024-03-18T10:22:00","date_gmt":"2024-03-18T16:22:00","guid":{"rendered":"https:\/\/www.igssgt.org\/noticias\/?p=41087"},"modified":"2024-03-18T12:14:42","modified_gmt":"2024-03-18T18:14:42","slug":"periferica-zona-11-cumple-otro-ano-contra-el-covid-19","status":"publish","type":"post","link":"https:\/\/www.igssgt.org\/noticias\/2024\/03\/18\/periferica-zona-11-cumple-otro-ano-contra-el-covid-19\/","title":{"rendered":"Perif\u00e9rica zona 11 cumple otro a\u00f1o contra el COVID-19"},"content":{"rendered":"\n<p class=\"has-drop-cap\">Una cantidad considerada del personal que enfrent\u00f3 en primera l\u00ednea la pandemia hoy presta servicio en el Hospital Modular Zona 11 el cual forma parte del complejo de la Unidad Perif\u00e9rica Zona 11, cuenta con instalaciones modernas y con la m\u00e1s alta tecnolog\u00eda para la atenci\u00f3n de los pacientes diagnosticados con COVID-19 y otras enfermedades cr\u00f3nicas catastr\u00f3ficas.<\/p>\n\n\n\n<h3><strong>Trabajo en equipo<\/strong><\/h3>\n<p>La doctora, Leslie Pineda, jefe de Servicio M\u00e9dico estuvo designada desde abril de 2,020 en el Hospital Tec\u00fan Um\u00e1n Zona 9, para la atenci\u00f3n de los pacientes que necesitaron cuidados intensivos por diversas complicaciones generadas por el virus.<\/p>\n<p>\u201cFue una experiencia dif\u00edcil ya que el cambio de ver pacientes con enfermedades m\u00e9dicas, complicaciones quir\u00fargicas a tener un encamamiento hasta con 50 personas intubadas, bajo ventilaci\u00f3n mec\u00e1nica invasiva, no invasiva o alto flujo fue un reto ya que tuvimos que perderle el miedo a la enfermedad e hicimos lo humanamente posible para sacar adelante a nuestros pacientes\u201d, expres\u00f3 la doctora Pineda.<\/p>\n<p><a href=\"\/wp-content\/uploads\/sites\/5\/2024\/03\/Periferica-zona-11-IGSS-covid-19-2024-13.jpg\"><img loading=\"lazy\" decoding=\"async\" class=\"aligncenter size-full wp-image-41089\" src=\"\/wp-content\/uploads\/sites\/5\/2024\/03\/Periferica-zona-11-IGSS-covid-19-2024-13.jpg\" alt=\"\" width=\"1600\" height=\"900\" srcset=\"\/wp-content\/uploads\/sites\/5\/2024\/03\/Periferica-zona-11-IGSS-covid-19-2024-13.jpg 1600w, \/wp-content\/uploads\/sites\/5\/2024\/03\/Periferica-zona-11-IGSS-covid-19-2024-13-300x169.jpg 300w, \/wp-content\/uploads\/sites\/5\/2024\/03\/Periferica-zona-11-IGSS-covid-19-2024-13-1024x576.jpg 1024w, \/wp-content\/uploads\/sites\/5\/2024\/03\/Periferica-zona-11-IGSS-covid-19-2024-13-768x432.jpg 768w, \/wp-content\/uploads\/sites\/5\/2024\/03\/Periferica-zona-11-IGSS-covid-19-2024-13-1536x864.jpg 1536w, \/wp-content\/uploads\/sites\/5\/2024\/03\/Periferica-zona-11-IGSS-covid-19-2024-13-747x420.jpg 747w, \/wp-content\/uploads\/sites\/5\/2024\/03\/Periferica-zona-11-IGSS-covid-19-2024-13-696x392.jpg 696w, \/wp-content\/uploads\/sites\/5\/2024\/03\/Periferica-zona-11-IGSS-covid-19-2024-13-1068x601.jpg 1068w, \/wp-content\/uploads\/sites\/5\/2024\/03\/Periferica-zona-11-IGSS-covid-19-2024-13-534x300.jpg 534w\" sizes=\"auto, (max-width: 1600px) 100vw, 1600px\" \/><\/a><\/p>\n<p>El \u00e1rea de enfermer\u00eda tambi\u00e9n jug\u00f3 un papel fundamental en la implementaci\u00f3n de ese centro asistencial, ya que tuvo que capacitar al personal desde utilizar el equipo de protecci\u00f3n con t\u00e9cnica est\u00e9ril y cada tarea desafiante dentro del intensivo. Algunos colaboradores de IGSS pasaron meses hospedados fuera de sus casas, incluso el contacto con sus familiares fue solamente detr\u00e1s de una pantalla para disminuir el riesgo de contagio.<\/p>\n<blockquote>\n<p>\u201cPasamos de tener 50 pacientes cr\u00edticos por COVID 19 a tener 2 al mes m\u00e1ximo\u201d, Dra. Leslie Pineda, Jefe de Servicio M\u00e9dico Hospital Modular Zona 11<\/p>\n<\/blockquote>\n<p>\u201cAtendimos partos incluso, vivimos un tiempo de mucho estr\u00e9s como personal de salud porque nadie ten\u00eda a ciencia cierta la teor\u00eda de c\u00f3mo atender la enfermedad pero nosotros fuimos un instrumento de Dios porque nos utiliz\u00f3 para darle el tratamiento adecuado a cada paciente y por eso nos sentimos satisfechos\u201d, record\u00f3 con nostalgia la Licenciada Marta Alicia Ju\u00e1rez, Supervisora de Enfermer\u00eda Hospital Modular Zona 11.<\/p>\n<p>[COUNTER_NUMBER id=41104]<\/p>\n<p style=\"text-align: center\"><em>*Cifras del 13 de marzo de 2020 a 2024.<\/em><\/p>\n<p>Tambi\u00e9n D\u00e9bora Vel\u00e1squez, auxiliar de enfermer\u00eda resalt\u00f3 que una de las primeras acciones que realizaban para entrar al turno era orar \u201csiempre el objetivo es prestar un buen servicio porque imagino que el paciente pod\u00eda ser un familiar, al principio todo era angustia y ahora estamos m\u00e1s tranquilos viviendo con el COVID\u201d.<\/p>\n<p><a href=\"\/wp-content\/uploads\/sites\/5\/2024\/03\/Periferica-zona-11-IGSS-covid-19-2024-4.jpg\"><img loading=\"lazy\" decoding=\"async\" class=\"aligncenter size-full wp-image-41090\" src=\"\/wp-content\/uploads\/sites\/5\/2024\/03\/Periferica-zona-11-IGSS-covid-19-2024-4.jpg\" alt=\"\" width=\"1200\" height=\"918\" srcset=\"\/wp-content\/uploads\/sites\/5\/2024\/03\/Periferica-zona-11-IGSS-covid-19-2024-4.jpg 1200w, \/wp-content\/uploads\/sites\/5\/2024\/03\/Periferica-zona-11-IGSS-covid-19-2024-4-300x230.jpg 300w, \/wp-content\/uploads\/sites\/5\/2024\/03\/Periferica-zona-11-IGSS-covid-19-2024-4-1024x783.jpg 1024w, \/wp-content\/uploads\/sites\/5\/2024\/03\/Periferica-zona-11-IGSS-covid-19-2024-4-768x588.jpg 768w, \/wp-content\/uploads\/sites\/5\/2024\/03\/Periferica-zona-11-IGSS-covid-19-2024-4-549x420.jpg 549w, \/wp-content\/uploads\/sites\/5\/2024\/03\/Periferica-zona-11-IGSS-covid-19-2024-4-80x60.jpg 80w, \/wp-content\/uploads\/sites\/5\/2024\/03\/Periferica-zona-11-IGSS-covid-19-2024-4-696x532.jpg 696w, \/wp-content\/uploads\/sites\/5\/2024\/03\/Periferica-zona-11-IGSS-covid-19-2024-4-1068x817.jpg 1068w, \/wp-content\/uploads\/sites\/5\/2024\/03\/Periferica-zona-11-IGSS-covid-19-2024-4-534x409.jpg 534w\" sizes=\"auto, (max-width: 1200px) 100vw, 1200px\" \/><\/a><\/p>\n<h3><strong>Pandemia en la Perif\u00e9rica<\/strong><\/h3>\n<p>El confinamiento oblig\u00f3 a cerrar las puertas de las unidades m\u00e9dicas, y en la Consulta Externa de Zona 11, se habilit\u00f3 un espacio para atender a los afiliados sospechosos a COVID-19. Todo el personal administrativo, secretarias, enfermeras, m\u00e9dicos y de servicios varios se distribuyeron en turnos para cubrir la necesidad de la poblaci\u00f3n.<\/p>\n<p>\u201cEra muy fuerte darle la noticia a un paciente positivo, por ello tratamos de darles palabras de aliento que vencer\u00edan la enfermedad\u201d, dijo la secretaria, Mariela Contreras.\u00a0<\/p>\n<p>El Doctor, \u00c1ngel Miranda, m\u00e9dico general, fue uno de los primeros que recibi\u00f3 a las personas que buscaban descartar un caso de coronavirus.<\/p>\n<p><a href=\"\/wp-content\/uploads\/sites\/5\/2024\/03\/Periferica-zona-11-IGSS-covid-19-2024-10.jpg\"><img loading=\"lazy\" decoding=\"async\" class=\"aligncenter size-full wp-image-41091\" src=\"\/wp-content\/uploads\/sites\/5\/2024\/03\/Periferica-zona-11-IGSS-covid-19-2024-10.jpg\" alt=\"\" width=\"948\" height=\"997\" srcset=\"\/wp-content\/uploads\/sites\/5\/2024\/03\/Periferica-zona-11-IGSS-covid-19-2024-10.jpg 948w, \/wp-content\/uploads\/sites\/5\/2024\/03\/Periferica-zona-11-IGSS-covid-19-2024-10-285x300.jpg 285w, \/wp-content\/uploads\/sites\/5\/2024\/03\/Periferica-zona-11-IGSS-covid-19-2024-10-768x808.jpg 768w, \/wp-content\/uploads\/sites\/5\/2024\/03\/Periferica-zona-11-IGSS-covid-19-2024-10-399x420.jpg 399w, \/wp-content\/uploads\/sites\/5\/2024\/03\/Periferica-zona-11-IGSS-covid-19-2024-10-696x732.jpg 696w, \/wp-content\/uploads\/sites\/5\/2024\/03\/Periferica-zona-11-IGSS-covid-19-2024-10-439x462.jpg 439w\" sizes=\"auto, (max-width: 948px) 100vw, 948px\" \/><\/a><\/p>\n<p>\u201cSe tuvo que implementar la Teleconsulta y el sistema de env\u00edo de medicamentos a trav\u00e9s de courier para que los pacientes en ning\u00fan momento se quedaran sin la atenci\u00f3n\u201d, indic\u00f3.<\/p>\n<p>El COVID 19 vino para quedarse seg\u00fan las palabras de los profesionales de la medicina y afortunadamente ahora existe una vacuna para la prevenci\u00f3n, junto con las medidas sanitarias como el lavado de manos, uso de mascarilla y distanciamiento si existe alg\u00fan s\u00edntoma.<\/p>\n<blockquote>\n<p>\u201cFue un gran triunfo que un paciente saliera del intensivo caminando, el reunirse con su familia y regresara para darnos las gracias\u201d, Marta Alicia Ju\u00e1rez, Supervisora de Enfermer\u00eda m\u00f3dulo 1 y 2\u00a0 del Hospital Modular Zona 11<\/p>\n<\/blockquote>\n<p>IGSS tiene a disposici\u00f3n los m\u00e9todos para la detecci\u00f3n como en el caso de la Cl\u00ednica de Atenci\u00f3n Primaria 24 horas de la Perif\u00e9rica\u00a0 Zona 11, los pacientes con alg\u00fan s\u00edntoma que afecta el sistema respiratorio buscan realizarse una prueba de ant\u00edgeno o PCR seg\u00fan sea el caso.<\/p>\n<p><a href=\"\/wp-content\/uploads\/sites\/5\/2024\/03\/Periferica-zona-11-IGSS-covid-19-2024-50.jpg\"><img loading=\"lazy\" decoding=\"async\" class=\"aligncenter size-full wp-image-41092\" src=\"\/wp-content\/uploads\/sites\/5\/2024\/03\/Periferica-zona-11-IGSS-covid-19-2024-50.jpg\" alt=\"\" width=\"1600\" height=\"1200\" srcset=\"\/wp-content\/uploads\/sites\/5\/2024\/03\/Periferica-zona-11-IGSS-covid-19-2024-50.jpg 1600w, \/wp-content\/uploads\/sites\/5\/2024\/03\/Periferica-zona-11-IGSS-covid-19-2024-50-300x225.jpg 300w, \/wp-content\/uploads\/sites\/5\/2024\/03\/Periferica-zona-11-IGSS-covid-19-2024-50-1024x768.jpg 1024w, \/wp-content\/uploads\/sites\/5\/2024\/03\/Periferica-zona-11-IGSS-covid-19-2024-50-768x576.jpg 768w, \/wp-content\/uploads\/sites\/5\/2024\/03\/Periferica-zona-11-IGSS-covid-19-2024-50-1536x1152.jpg 1536w, \/wp-content\/uploads\/sites\/5\/2024\/03\/Periferica-zona-11-IGSS-covid-19-2024-50-560x420.jpg 560w, \/wp-content\/uploads\/sites\/5\/2024\/03\/Periferica-zona-11-IGSS-covid-19-2024-50-80x60.jpg 80w, \/wp-content\/uploads\/sites\/5\/2024\/03\/Periferica-zona-11-IGSS-covid-19-2024-50-696x522.jpg 696w, \/wp-content\/uploads\/sites\/5\/2024\/03\/Periferica-zona-11-IGSS-covid-19-2024-50-1068x801.jpg 1068w, \/wp-content\/uploads\/sites\/5\/2024\/03\/Periferica-zona-11-IGSS-covid-19-2024-50-265x198.jpg 265w, \/wp-content\/uploads\/sites\/5\/2024\/03\/Periferica-zona-11-IGSS-covid-19-2024-50-534x401.jpg 534w\" sizes=\"auto, (max-width: 1600px) 100vw, 1600px\" \/><\/a><\/p>\n<p>Vale la pena recalcar que la instituci\u00f3n realiza prueba para detectar mas no de control despu\u00e9s del tiempo de aislamiento, adem\u00e1s en la unidad m\u00e9dica se les brinda a los pacientes positivos un kit de medicamentos para el correcto tratamiento de la enfermedad y la suspensi\u00f3n es de 3 d\u00edas\u00a0 seg\u00fan resoluci\u00f3n 949 SPS\/2023.<\/p>\n<p>\u201cDebemos cuidarnos porque ahora estamos viendo complicaciones serias post Covid asociadas a cuadros inflamatorios, trombosis venosas, tromboembolias pulmonares, fibrosis pulmonar por mencionar algunas secuelas\u201d, de acuerdo con la Doctora Pineda.<\/p>\n\r\n                <style type=\"text\/css\">\r\n                    \r\n                    #tdi_1  .td-doubleSlider-2 .td-item1 {\r\n                        background: url(\/wp-content\/uploads\/sites\/5\/2024\/03\/Periferica-zona-11-IGSS-covid-19-2024-2-80x60.jpg) 0 0 no-repeat;\r\n                    }\r\n                    #tdi_1  .td-doubleSlider-2 .td-item2 {\r\n                        background: url(\/wp-content\/uploads\/sites\/5\/2024\/03\/Periferica-zona-11-IGSS-covid-19-2024-8-80x60.jpg) 0 0 no-repeat;\r\n                    }\r\n                    #tdi_1  .td-doubleSlider-2 .td-item3 {\r\n                        background: url(\/wp-content\/uploads\/sites\/5\/2024\/03\/Periferica-zona-11-IGSS-covid-19-2024-1-80x60.jpg) 0 0 no-repeat;\r\n                    }\r\n                    #tdi_1  .td-doubleSlider-2 .td-item4 {\r\n                        background: url(\/wp-content\/uploads\/sites\/5\/2024\/03\/Periferica-zona-11-IGSS-covid-19-2024-3-80x60.jpg) 0 0 no-repeat;\r\n                    }\r\n                    #tdi_1  .td-doubleSlider-2 .td-item5 {\r\n                        background: url(\/wp-content\/uploads\/sites\/5\/2024\/03\/Periferica-zona-11-IGSS-covid-19-2024-11-80x60.jpg) 0 0 no-repeat;\r\n                    }\r\n                    #tdi_1  .td-doubleSlider-2 .td-item6 {\r\n                        background: url(\/wp-content\/uploads\/sites\/5\/2024\/03\/Periferica-zona-11-IGSS-covid-19-2024-7-80x60.jpg) 0 0 no-repeat;\r\n                    }\r\n                    #tdi_1  .td-doubleSlider-2 .td-item7 {\r\n                        background: url(\/wp-content\/uploads\/sites\/5\/2024\/03\/Periferica-zona-11-IGSS-covid-19-2024-9-80x60.jpg) 0 0 no-repeat;\r\n                    }\r\n                    #tdi_1  .td-doubleSlider-2 .td-item8 {\r\n                        background: url(\/wp-content\/uploads\/sites\/5\/2024\/03\/Periferica-zona-11-IGSS-covid-19-2024-5-80x60.jpg) 0 0 no-repeat;\r\n                    }\r\n                <\/style>\r\n\r\n                <div id=\"tdi_1\" class=\"td-gallery td-slide-on-2-columns\">\r\n                    <div class=\"post_td_gallery\">\r\n                        <div class=\"td-gallery-slide-top\">\r\n                           <div class=\"td-gallery-title\">Galer\u00eda de Im\u00e1genes<\/div>\r\n\r\n                            <div class=\"td-gallery-controls-wrapper\">\r\n                                <div class=\"td-gallery-slide-count\"><span class=\"td-gallery-slide-item-focus\">1<\/span> de 8<\/div>\r\n                                <div class=\"td-gallery-slide-prev-next-but\">\r\n                                    <i class = \"td-icon-left doubleSliderPrevButton\"><\/i>\r\n                                    <i class = \"td-icon-right doubleSliderNextButton\"><\/i>\r\n                                <\/div>\r\n                            <\/div>\r\n                        <\/div>\r\n\r\n                        <div class = \"td-doubleSlider-1 \">\r\n                            <div class = \"td-slider\">\r\n                                \r\n                    <div class = \"td-slide-item td-item1\">\r\n                        <figure class=\"td-slide-galery-figure td-slide-popup-gallery\">\r\n                            <a class=\"slide-gallery-image-link\" href=\"\/wp-content\/uploads\/sites\/5\/2024\/03\/Periferica-zona-11-IGSS-covid-19-2024-2.jpg\" title=\"Periferica zona 11 IGSS covid-19 2024-2\"  data-caption=\"\"  data-description=\"\">\r\n                                <img decoding=\"async\" src=\"\/wp-content\/uploads\/sites\/5\/2024\/03\/Periferica-zona-11-IGSS-covid-19-2024-2-559x420.jpg\" srcset=\"\/wp-content\/uploads\/sites\/5\/2024\/03\/Periferica-zona-11-IGSS-covid-19-2024-2-559x420.jpg 559w, \/wp-content\/uploads\/sites\/5\/2024\/03\/Periferica-zona-11-IGSS-covid-19-2024-2-300x225.jpg 300w, \/wp-content\/uploads\/sites\/5\/2024\/03\/Periferica-zona-11-IGSS-covid-19-2024-2-1024x769.jpg 1024w, \/wp-content\/uploads\/sites\/5\/2024\/03\/Periferica-zona-11-IGSS-covid-19-2024-2-768x577.jpg 768w, \/wp-content\/uploads\/sites\/5\/2024\/03\/Periferica-zona-11-IGSS-covid-19-2024-2-1536x1154.jpg 1536w, \/wp-content\/uploads\/sites\/5\/2024\/03\/Periferica-zona-11-IGSS-covid-19-2024-2-80x60.jpg 80w, \/wp-content\/uploads\/sites\/5\/2024\/03\/Periferica-zona-11-IGSS-covid-19-2024-2-696x523.jpg 696w, \/wp-content\/uploads\/sites\/5\/2024\/03\/Periferica-zona-11-IGSS-covid-19-2024-2-1068x802.jpg 1068w, \/wp-content\/uploads\/sites\/5\/2024\/03\/Periferica-zona-11-IGSS-covid-19-2024-2-265x198.jpg 265w, \/wp-content\/uploads\/sites\/5\/2024\/03\/Periferica-zona-11-IGSS-covid-19-2024-2-534x401.jpg 534w, \/wp-content\/uploads\/sites\/5\/2024\/03\/Periferica-zona-11-IGSS-covid-19-2024-2.jpg 1544w\" sizes=\"(max-width: 559px) 100vw, 559px\" alt=\"\">\r\n                            <\/a>\r\n                            \r\n                        <\/figure>\r\n                    <\/div>\r\n                    <div class = \"td-slide-item td-item2\">\r\n                        <figure class=\"td-slide-galery-figure td-slide-popup-gallery\">\r\n                            <a class=\"slide-gallery-image-link\" href=\"\/wp-content\/uploads\/sites\/5\/2024\/03\/Periferica-zona-11-IGSS-covid-19-2024-8.jpg\" title=\"Periferica zona 11 IGSS covid-19 2024-8\"  data-caption=\"\"  data-description=\"\">\r\n                                <img decoding=\"async\" src=\"\/wp-content\/uploads\/sites\/5\/2024\/03\/Periferica-zona-11-IGSS-covid-19-2024-8-315x420.jpg\" srcset=\"\/wp-content\/uploads\/sites\/5\/2024\/03\/Periferica-zona-11-IGSS-covid-19-2024-8-315x420.jpg 315w, \/wp-content\/uploads\/sites\/5\/2024\/03\/Periferica-zona-11-IGSS-covid-19-2024-8-225x300.jpg 225w, \/wp-content\/uploads\/sites\/5\/2024\/03\/Periferica-zona-11-IGSS-covid-19-2024-8-768x1024.jpg 768w, \/wp-content\/uploads\/sites\/5\/2024\/03\/Periferica-zona-11-IGSS-covid-19-2024-8-1152x1536.jpg 1152w, \/wp-content\/uploads\/sites\/5\/2024\/03\/Periferica-zona-11-IGSS-covid-19-2024-8-696x928.jpg 696w, \/wp-content\/uploads\/sites\/5\/2024\/03\/Periferica-zona-11-IGSS-covid-19-2024-8-1068x1424.jpg 1068w, \/wp-content\/uploads\/sites\/5\/2024\/03\/Periferica-zona-11-IGSS-covid-19-2024-8-347x462.jpg 347w, \/wp-content\/uploads\/sites\/5\/2024\/03\/Periferica-zona-11-IGSS-covid-19-2024-8.jpg 1200w\" sizes=\"(max-width: 315px) 100vw, 315px\" alt=\"\">\r\n                            <\/a>\r\n                            \r\n                        <\/figure>\r\n                    <\/div>\r\n                    <div class = \"td-slide-item td-item3\">\r\n                        <figure class=\"td-slide-galery-figure td-slide-popup-gallery\">\r\n                            <a class=\"slide-gallery-image-link\" href=\"\/wp-content\/uploads\/sites\/5\/2024\/03\/Periferica-zona-11-IGSS-covid-19-2024-1.jpg\" title=\"Periferica zona 11 IGSS covid-19 2024-1\"  data-caption=\"\"  data-description=\"\">\r\n                                <img decoding=\"async\" src=\"\/wp-content\/uploads\/sites\/5\/2024\/03\/Periferica-zona-11-IGSS-covid-19-2024-1-458x420.jpg\" srcset=\"\/wp-content\/uploads\/sites\/5\/2024\/03\/Periferica-zona-11-IGSS-covid-19-2024-1-458x420.jpg 458w, \/wp-content\/uploads\/sites\/5\/2024\/03\/Periferica-zona-11-IGSS-covid-19-2024-1-300x275.jpg 300w, \/wp-content\/uploads\/sites\/5\/2024\/03\/Periferica-zona-11-IGSS-covid-19-2024-1-1024x939.jpg 1024w, \/wp-content\/uploads\/sites\/5\/2024\/03\/Periferica-zona-11-IGSS-covid-19-2024-1-768x704.jpg 768w, \/wp-content\/uploads\/sites\/5\/2024\/03\/Periferica-zona-11-IGSS-covid-19-2024-1-1536x1408.jpg 1536w, \/wp-content\/uploads\/sites\/5\/2024\/03\/Periferica-zona-11-IGSS-covid-19-2024-1-696x638.jpg 696w, \/wp-content\/uploads\/sites\/5\/2024\/03\/Periferica-zona-11-IGSS-covid-19-2024-1-1068x979.jpg 1068w, \/wp-content\/uploads\/sites\/5\/2024\/03\/Periferica-zona-11-IGSS-covid-19-2024-1-504x462.jpg 504w, \/wp-content\/uploads\/sites\/5\/2024\/03\/Periferica-zona-11-IGSS-covid-19-2024-1.jpg 1600w\" sizes=\"(max-width: 458px) 100vw, 458px\" alt=\"\">\r\n                            <\/a>\r\n                            \r\n                        <\/figure>\r\n                    <\/div>\r\n                    <div class = \"td-slide-item td-item4\">\r\n                        <figure class=\"td-slide-galery-figure td-slide-popup-gallery\">\r\n                            <a class=\"slide-gallery-image-link\" href=\"\/wp-content\/uploads\/sites\/5\/2024\/03\/Periferica-zona-11-IGSS-covid-19-2024-3.jpg\" title=\"Periferica zona 11 IGSS covid-19 2024-3\"  data-caption=\"\"  data-description=\"\">\r\n                                <img decoding=\"async\" src=\"\/wp-content\/uploads\/sites\/5\/2024\/03\/Periferica-zona-11-IGSS-covid-19-2024-3-560x420.jpg\" srcset=\"\/wp-content\/uploads\/sites\/5\/2024\/03\/Periferica-zona-11-IGSS-covid-19-2024-3-560x420.jpg 560w, \/wp-content\/uploads\/sites\/5\/2024\/03\/Periferica-zona-11-IGSS-covid-19-2024-3-300x225.jpg 300w, \/wp-content\/uploads\/sites\/5\/2024\/03\/Periferica-zona-11-IGSS-covid-19-2024-3-1024x768.jpg 1024w, \/wp-content\/uploads\/sites\/5\/2024\/03\/Periferica-zona-11-IGSS-covid-19-2024-3-768x576.jpg 768w, \/wp-content\/uploads\/sites\/5\/2024\/03\/Periferica-zona-11-IGSS-covid-19-2024-3-80x60.jpg 80w, \/wp-content\/uploads\/sites\/5\/2024\/03\/Periferica-zona-11-IGSS-covid-19-2024-3-696x522.jpg 696w, \/wp-content\/uploads\/sites\/5\/2024\/03\/Periferica-zona-11-IGSS-covid-19-2024-3-1068x801.jpg 1068w, \/wp-content\/uploads\/sites\/5\/2024\/03\/Periferica-zona-11-IGSS-covid-19-2024-3-265x198.jpg 265w, \/wp-content\/uploads\/sites\/5\/2024\/03\/Periferica-zona-11-IGSS-covid-19-2024-3-534x401.jpg 534w, \/wp-content\/uploads\/sites\/5\/2024\/03\/Periferica-zona-11-IGSS-covid-19-2024-3.jpg 1280w\" sizes=\"(max-width: 560px) 100vw, 560px\" alt=\"\">\r\n                            <\/a>\r\n                            \r\n                        <\/figure>\r\n                    <\/div>\r\n                    <div class = \"td-slide-item td-item5\">\r\n                        <figure class=\"td-slide-galery-figure td-slide-popup-gallery\">\r\n                            <a class=\"slide-gallery-image-link\" href=\"\/wp-content\/uploads\/sites\/5\/2024\/03\/Periferica-zona-11-IGSS-covid-19-2024-11.jpg\" title=\"Periferica zona 11 IGSS covid-19 2024-11\"  data-caption=\"\"  data-description=\"\">\r\n                                <img decoding=\"async\" src=\"\/wp-content\/uploads\/sites\/5\/2024\/03\/Periferica-zona-11-IGSS-covid-19-2024-11-420x420.jpg\" srcset=\"\/wp-content\/uploads\/sites\/5\/2024\/03\/Periferica-zona-11-IGSS-covid-19-2024-11-420x420.jpg 420w, \/wp-content\/uploads\/sites\/5\/2024\/03\/Periferica-zona-11-IGSS-covid-19-2024-11-300x300.jpg 300w, \/wp-content\/uploads\/sites\/5\/2024\/03\/Periferica-zona-11-IGSS-covid-19-2024-11-150x150.jpg 150w, \/wp-content\/uploads\/sites\/5\/2024\/03\/Periferica-zona-11-IGSS-covid-19-2024-11-768x767.jpg 768w, \/wp-content\/uploads\/sites\/5\/2024\/03\/Periferica-zona-11-IGSS-covid-19-2024-11-696x695.jpg 696w, \/wp-content\/uploads\/sites\/5\/2024\/03\/Periferica-zona-11-IGSS-covid-19-2024-11-462x462.jpg 462w, \/wp-content\/uploads\/sites\/5\/2024\/03\/Periferica-zona-11-IGSS-covid-19-2024-11.jpg 951w\" sizes=\"(max-width: 420px) 100vw, 420px\" alt=\"\">\r\n                            <\/a>\r\n                            \r\n                        <\/figure>\r\n                    <\/div>\r\n                    <div class = \"td-slide-item td-item6\">\r\n                        <figure class=\"td-slide-galery-figure td-slide-popup-gallery\">\r\n                            <a class=\"slide-gallery-image-link\" href=\"\/wp-content\/uploads\/sites\/5\/2024\/03\/Periferica-zona-11-IGSS-covid-19-2024-7.jpg\" title=\"Periferica zona 11 IGSS covid-19 2024-7\"  data-caption=\"\"  data-description=\"\">\r\n                                <img decoding=\"async\" src=\"\/wp-content\/uploads\/sites\/5\/2024\/03\/Periferica-zona-11-IGSS-covid-19-2024-7-417x420.jpg\" srcset=\"\/wp-content\/uploads\/sites\/5\/2024\/03\/Periferica-zona-11-IGSS-covid-19-2024-7-417x420.jpg 417w, \/wp-content\/uploads\/sites\/5\/2024\/03\/Periferica-zona-11-IGSS-covid-19-2024-7-298x300.jpg 298w, \/wp-content\/uploads\/sites\/5\/2024\/03\/Periferica-zona-11-IGSS-covid-19-2024-7-150x150.jpg 150w, \/wp-content\/uploads\/sites\/5\/2024\/03\/Periferica-zona-11-IGSS-covid-19-2024-7-696x702.jpg 696w, \/wp-content\/uploads\/sites\/5\/2024\/03\/Periferica-zona-11-IGSS-covid-19-2024-7-458x462.jpg 458w, \/wp-content\/uploads\/sites\/5\/2024\/03\/Periferica-zona-11-IGSS-covid-19-2024-7.jpg 750w\" sizes=\"(max-width: 417px) 100vw, 417px\" alt=\"\">\r\n                            <\/a>\r\n                            \r\n                        <\/figure>\r\n                    <\/div>\r\n                    <div class = \"td-slide-item td-item7\">\r\n                        <figure class=\"td-slide-galery-figure td-slide-popup-gallery\">\r\n                            <a class=\"slide-gallery-image-link\" href=\"\/wp-content\/uploads\/sites\/5\/2024\/03\/Periferica-zona-11-IGSS-covid-19-2024-9.jpg\" title=\"Periferica zona 11 IGSS covid-19 2024-9\"  data-caption=\"\"  data-description=\"\">\r\n                                <img decoding=\"async\" src=\"\/wp-content\/uploads\/sites\/5\/2024\/03\/Periferica-zona-11-IGSS-covid-19-2024-9-747x420.jpg\" srcset=\"\/wp-content\/uploads\/sites\/5\/2024\/03\/Periferica-zona-11-IGSS-covid-19-2024-9-747x420.jpg 747w, \/wp-content\/uploads\/sites\/5\/2024\/03\/Periferica-zona-11-IGSS-covid-19-2024-9-300x169.jpg 300w, \/wp-content\/uploads\/sites\/5\/2024\/03\/Periferica-zona-11-IGSS-covid-19-2024-9-1024x576.jpg 1024w, \/wp-content\/uploads\/sites\/5\/2024\/03\/Periferica-zona-11-IGSS-covid-19-2024-9-768x432.jpg 768w, \/wp-content\/uploads\/sites\/5\/2024\/03\/Periferica-zona-11-IGSS-covid-19-2024-9-1536x864.jpg 1536w, \/wp-content\/uploads\/sites\/5\/2024\/03\/Periferica-zona-11-IGSS-covid-19-2024-9-696x392.jpg 696w, \/wp-content\/uploads\/sites\/5\/2024\/03\/Periferica-zona-11-IGSS-covid-19-2024-9-1068x601.jpg 1068w, \/wp-content\/uploads\/sites\/5\/2024\/03\/Periferica-zona-11-IGSS-covid-19-2024-9-534x300.jpg 534w, \/wp-content\/uploads\/sites\/5\/2024\/03\/Periferica-zona-11-IGSS-covid-19-2024-9.jpg 1600w\" sizes=\"(max-width: 747px) 100vw, 747px\" alt=\"\">\r\n                            <\/a>\r\n                            \r\n                        <\/figure>\r\n                    <\/div>\r\n                    <div class = \"td-slide-item td-item8\">\r\n                        <figure class=\"td-slide-galery-figure td-slide-popup-gallery\">\r\n                            <a class=\"slide-gallery-image-link\" href=\"\/wp-content\/uploads\/sites\/5\/2024\/03\/Periferica-zona-11-IGSS-covid-19-2024-5.jpg\" title=\"Periferica zona 11 IGSS covid-19 2024-5\"  data-caption=\"\"  data-description=\"\">\r\n                                <img decoding=\"async\" src=\"\/wp-content\/uploads\/sites\/5\/2024\/03\/Periferica-zona-11-IGSS-covid-19-2024-5-296x420.jpg\" srcset=\"\/wp-content\/uploads\/sites\/5\/2024\/03\/Periferica-zona-11-IGSS-covid-19-2024-5-296x420.jpg 296w, \/wp-content\/uploads\/sites\/5\/2024\/03\/Periferica-zona-11-IGSS-covid-19-2024-5-212x300.jpg 212w, \/wp-content\/uploads\/sites\/5\/2024\/03\/Periferica-zona-11-IGSS-covid-19-2024-5-326x462.jpg 326w, \/wp-content\/uploads\/sites\/5\/2024\/03\/Periferica-zona-11-IGSS-covid-19-2024-5.jpg 596w\" sizes=\"(max-width: 296px) 100vw, 296px\" alt=\"\">\r\n                            <\/a>\r\n                            \r\n                        <\/figure>\r\n                    <\/div>\r\n                            <\/div>\r\n                        <\/div>\r\n\r\n                        <div class = \"td-doubleSlider-2\">\r\n                            <div class = \"td-slider\">\r\n                                \r\n                    <div class = \"td-button td-item1\">\r\n                        <div class = \"td-border\"><\/div>\r\n                    <\/div>\r\n                    <div class = \"td-button td-item2\">\r\n                        <div class = \"td-border\"><\/div>\r\n                    <\/div>\r\n                    <div class = \"td-button td-item3\">\r\n                        <div class = \"td-border\"><\/div>\r\n                    <\/div>\r\n                    <div class = \"td-button td-item4\">\r\n                        <div class = \"td-border\"><\/div>\r\n                    <\/div>\r\n                    <div class = \"td-button td-item5\">\r\n                        <div class = \"td-border\"><\/div>\r\n                    <\/div>\r\n                    <div class = \"td-button td-item6\">\r\n                        <div class = \"td-border\"><\/div>\r\n                    <\/div>\r\n                    <div class = \"td-button td-item7\">\r\n                        <div class = \"td-border\"><\/div>\r\n                    <\/div>\r\n                    <div class = \"td-button td-item8\">\r\n                        <div class = \"td-border\"><\/div>\r\n                    <\/div>\r\n                            <\/div>\r\n                        <\/div>\r\n\r\n                    <\/div>\r\n\r\n                <\/div>\r\n                \n<p>\u00a0<\/p>\n","protected":false},"excerpt":{"rendered":"<p>Una cantidad considerada del personal que enfrent\u00f3 en primera l\u00ednea la pandemia hoy presta servicio en el Hospital Modular Zona 11 el cual forma parte del complejo de la Unidad Perif\u00e9rica Zona 11, cuenta con instalaciones modernas y con la m\u00e1s alta tecnolog\u00eda para la atenci\u00f3n de los pacientes diagnosticados con COVID-19 y otras enfermedades [&hellip;]<\/p>\n","protected":false},"author":4,"featured_media":41088,"comment_status":"closed","ping_status":"closed","sticky":false,"template":"","format":"standard","meta":{"footnotes":""},"categories":[3,1170],"tags":[1155],"coauthors":[],"class_list":{"0":"post-41087","1":"post","2":"type-post","3":"status-publish","4":"format-standard","5":"has-post-thumbnail","7":"category-actualidad","8":"category-covid-19","9":"tag-covid-19"},"_links":{"self":[{"href":"https:\/\/www.igssgt.org\/noticias\/wp-json\/wp\/v2\/posts\/41087","targetHints":{"allow":["GET"]}}],"collection":[{"href":"https:\/\/www.igssgt.org\/noticias\/wp-json\/wp\/v2\/posts"}],"about":[{"href":"https:\/\/www.igssgt.org\/noticias\/wp-json\/wp\/v2\/types\/post"}],"author":[{"embeddable":true,"href":"https:\/\/www.igssgt.org\/noticias\/wp-json\/wp\/v2\/users\/4"}],"replies":[{"embeddable":true,"href":"https:\/\/www.igssgt.org\/noticias\/wp-json\/wp\/v2\/comments?post=41087"}],"version-history":[{"count":5,"href":"https:\/\/www.igssgt.org\/noticias\/wp-json\/wp\/v2\/posts\/41087\/revisions"}],"predecessor-version":[{"id":41107,"href":"https:\/\/www.igssgt.org\/noticias\/wp-json\/wp\/v2\/posts\/41087\/revisions\/41107"}],"wp:featuredmedia":[{"embeddable":true,"href":"https:\/\/www.igssgt.org\/noticias\/wp-json\/wp\/v2\/media\/41088"}],"wp:attachment":[{"href":"https:\/\/www.igssgt.org\/noticias\/wp-json\/wp\/v2\/media?parent=41087"}],"wp:term":[{"taxonomy":"category","embeddable":true,"href":"https:\/\/www.igssgt.org\/noticias\/wp-json\/wp\/v2\/categories?post=41087"},{"taxonomy":"post_tag","embeddable":true,"href":"https:\/\/www.igssgt.org\/noticias\/wp-json\/wp\/v2\/tags?post=41087"},{"taxonomy":"author","embeddable":true,"href":"https:\/\/www.igssgt.org\/noticias\/wp-json\/wp\/v2\/coauthors?post=41087"}],"curies":[{"name":"wp","href":"https:\/\/api.w.org\/{rel}","templated":true}]}}