{"id":41144,"date":"2024-03-20T14:15:57","date_gmt":"2024-03-20T20:15:57","guid":{"rendered":"https:\/\/www.igssgt.org\/noticias\/?p=41144"},"modified":"2024-04-03T11:59:34","modified_gmt":"2024-04-03T17:59:34","slug":"igss-participa-en-seminario-iberoamericano-de-seguridad-social","status":"publish","type":"post","link":"https:\/\/www.igssgt.org\/noticias\/2024\/03\/20\/igss-participa-en-seminario-iberoamericano-de-seguridad-social\/","title":{"rendered":"IGSS participa en Seminario Iberoamericano de Seguridad Social"},"content":{"rendered":"\n<p class=\"has-drop-cap\">El licenciado Jos\u00e9 Adolfo Flamenco Jau, presidente de Junta Directiva del Instituto Guatemalteco de Seguridad Social, particip\u00f3 como expositor en el Seminario Iberoamericano C\u00f3mo ampliar la cobertura en seguridad social a colectivos de dif\u00edcil inclusi\u00f3n: <strong>\u201cLegislaci\u00f3n y buenas pr\u00e1cticas para la afiliaci\u00f3n de j\u00f3venes en Iberoam\u00e9rica\u201d<\/strong>, que se desarrolla en El Salvador del 19 al 21 de marzo.<\/p>\n\n\n<figure id=\"attachment_41146\" aria-describedby=\"caption-attachment-41146\" style=\"width: 1573px\" class=\"wp-caption alignnone\"><a href=\"\/wp-content\/uploads\/sites\/5\/2024\/03\/Seminario-Iberoamericano-de-Seguridad-Social-0.jpg\"><img loading=\"lazy\" decoding=\"async\" class=\"wp-image-41146 size-full\" src=\"\/wp-content\/uploads\/sites\/5\/2024\/03\/Seminario-Iberoamericano-de-Seguridad-Social-0.jpg\" alt=\"\" width=\"1573\" height=\"1078\" srcset=\"\/wp-content\/uploads\/sites\/5\/2024\/03\/Seminario-Iberoamericano-de-Seguridad-Social-0.jpg 1573w, \/wp-content\/uploads\/sites\/5\/2024\/03\/Seminario-Iberoamericano-de-Seguridad-Social-0-300x206.jpg 300w, \/wp-content\/uploads\/sites\/5\/2024\/03\/Seminario-Iberoamericano-de-Seguridad-Social-0-1024x702.jpg 1024w, \/wp-content\/uploads\/sites\/5\/2024\/03\/Seminario-Iberoamericano-de-Seguridad-Social-0-768x526.jpg 768w, \/wp-content\/uploads\/sites\/5\/2024\/03\/Seminario-Iberoamericano-de-Seguridad-Social-0-1536x1053.jpg 1536w, \/wp-content\/uploads\/sites\/5\/2024\/03\/Seminario-Iberoamericano-de-Seguridad-Social-0-613x420.jpg 613w, \/wp-content\/uploads\/sites\/5\/2024\/03\/Seminario-Iberoamericano-de-Seguridad-Social-0-218x150.jpg 218w, \/wp-content\/uploads\/sites\/5\/2024\/03\/Seminario-Iberoamericano-de-Seguridad-Social-0-696x477.jpg 696w, \/wp-content\/uploads\/sites\/5\/2024\/03\/Seminario-Iberoamericano-de-Seguridad-Social-0-1068x732.jpg 1068w, \/wp-content\/uploads\/sites\/5\/2024\/03\/Seminario-Iberoamericano-de-Seguridad-Social-0-100x70.jpg 100w, \/wp-content\/uploads\/sites\/5\/2024\/03\/Seminario-Iberoamericano-de-Seguridad-Social-0-534x366.jpg 534w\" sizes=\"auto, (max-width: 1573px) 100vw, 1573px\" \/><\/a><figcaption id=\"caption-attachment-41146\" class=\"wp-caption-text\">La cobertura a trabajadoras dom\u00e9sticas fue uno de los temas abordados durante la exposici\u00f3n del licenciado Flamenco Jau.<\/figcaption><\/figure>\n<p>La actividad se realiza en el marco de la conmemoraci\u00f3n del 70 aniversario de la Organizaci\u00f3n Iberoamericana de Seguridad Social (OISS), a la cual fueron invitados funcionarios de Espa\u00f1a, Portugal, Uruguay, Bolivia y Guatemala, entre otros.<\/p>\n<p>Durante su disertaci\u00f3n, el m\u00e1ximo l\u00edder de la seguridad social en el pa\u00eds, comenz\u00f3 haciendo una rese\u00f1a de las bases legales y constitucionales que dieron origen a la creaci\u00f3n del Instituto, as\u00ed como los valores sobre los que se sostienen la visi\u00f3n y misi\u00f3n del IGSS.<\/p>\n<p><strong>\u201cSomos por esencia un pa\u00eds joven. Parte de los retos es la restructuraci\u00f3n organizacional que permita la inclusi\u00f3n de nuevos sectores y lograr la universalidad en la cobertura\u201d<\/strong>, dijo.<\/p>\n<figure id=\"attachment_41147\" aria-describedby=\"caption-attachment-41147\" style=\"width: 1517px\" class=\"wp-caption alignnone\"><a href=\"\/wp-content\/uploads\/sites\/5\/2024\/03\/Seminario-Iberoamericano-de-Seguridad-Social-1.jpg\" target=\"_blank\" rel=\"noopener\"><img loading=\"lazy\" decoding=\"async\" class=\"wp-image-41147 size-full\" src=\"\/wp-content\/uploads\/sites\/5\/2024\/03\/Seminario-Iberoamericano-de-Seguridad-Social-1.jpg\" alt=\"\" width=\"1517\" height=\"966\" srcset=\"\/wp-content\/uploads\/sites\/5\/2024\/03\/Seminario-Iberoamericano-de-Seguridad-Social-1.jpg 1517w, \/wp-content\/uploads\/sites\/5\/2024\/03\/Seminario-Iberoamericano-de-Seguridad-Social-1-300x191.jpg 300w, \/wp-content\/uploads\/sites\/5\/2024\/03\/Seminario-Iberoamericano-de-Seguridad-Social-1-1024x652.jpg 1024w, \/wp-content\/uploads\/sites\/5\/2024\/03\/Seminario-Iberoamericano-de-Seguridad-Social-1-768x489.jpg 768w, \/wp-content\/uploads\/sites\/5\/2024\/03\/Seminario-Iberoamericano-de-Seguridad-Social-1-660x420.jpg 660w, \/wp-content\/uploads\/sites\/5\/2024\/03\/Seminario-Iberoamericano-de-Seguridad-Social-1-696x443.jpg 696w, \/wp-content\/uploads\/sites\/5\/2024\/03\/Seminario-Iberoamericano-de-Seguridad-Social-1-1068x680.jpg 1068w, \/wp-content\/uploads\/sites\/5\/2024\/03\/Seminario-Iberoamericano-de-Seguridad-Social-1-534x340.jpg 534w\" sizes=\"auto, (max-width: 1517px) 100vw, 1517px\" \/><\/a><figcaption id=\"caption-attachment-41147\" class=\"wp-caption-text\">El equilibrio financiero y la inversi\u00f3n en infraestructura son fundamentales para ampliar la cobertura.<\/figcaption><\/figure>\n<p>Adem\u00e1s, explic\u00f3 c\u00f3mo funcionan los programas de EMA e IVS, as\u00ed como los Acuerdos 1522, 1529 y 1543, cuyo prop\u00f3sito es la incorporaci\u00f3n de trabajadores a tiempo parcial, empresas desde un trabajador y migrantes guatemaltecos en todo el mundo, respectivamente.<\/p>\n<p>Sumado a ello, dio detalles de la protecci\u00f3n que el Instituto ofrece a las trabajadoras dom\u00e9sticas y el incremento de la afiliaci\u00f3n interanual en un 6.5 por ciento en los \u00faltimos a\u00f1os, resaltando que poco a poco se est\u00e1 equiparando el porcentaje de mujeres afiliadas (47 por ciento) respecto a los hombres (53 por ciento).<\/p>\n<p>Para finalizar, resalt\u00f3 el compromiso de buscar siempre el equilibrio financiero y el fortalecimiento y ampliaci\u00f3n de la infraestructura hospitalaria, pues de ello depende el bienestar de 3 millones 387 mil derechohabientes, incluidos jubilados del Estado. <strong>\u201cNo hay paz social sin seguridad social\u201d<\/strong>, concluy\u00f3.<\/p>\n<p><a href=\"\/wp-content\/uploads\/sites\/5\/2024\/03\/Seminario-Iberoamericano-de-Seguridad-Social-2.jpg\" target=\"_blank\" rel=\"noopener\"><img loading=\"lazy\" decoding=\"async\" class=\"alignnone wp-image-41148 size-full\" src=\"\/wp-content\/uploads\/sites\/5\/2024\/03\/Seminario-Iberoamericano-de-Seguridad-Social-2.jpg\" alt=\"\" width=\"1492\" height=\"979\" srcset=\"\/wp-content\/uploads\/sites\/5\/2024\/03\/Seminario-Iberoamericano-de-Seguridad-Social-2.jpg 1492w, \/wp-content\/uploads\/sites\/5\/2024\/03\/Seminario-Iberoamericano-de-Seguridad-Social-2-300x197.jpg 300w, \/wp-content\/uploads\/sites\/5\/2024\/03\/Seminario-Iberoamericano-de-Seguridad-Social-2-1024x672.jpg 1024w, \/wp-content\/uploads\/sites\/5\/2024\/03\/Seminario-Iberoamericano-de-Seguridad-Social-2-768x504.jpg 768w, \/wp-content\/uploads\/sites\/5\/2024\/03\/Seminario-Iberoamericano-de-Seguridad-Social-2-640x420.jpg 640w, \/wp-content\/uploads\/sites\/5\/2024\/03\/Seminario-Iberoamericano-de-Seguridad-Social-2-696x457.jpg 696w, \/wp-content\/uploads\/sites\/5\/2024\/03\/Seminario-Iberoamericano-de-Seguridad-Social-2-1068x701.jpg 1068w, \/wp-content\/uploads\/sites\/5\/2024\/03\/Seminario-Iberoamericano-de-Seguridad-Social-2-534x350.jpg 534w, \/wp-content\/uploads\/sites\/5\/2024\/03\/Seminario-Iberoamericano-de-Seguridad-Social-2-741x486.jpg 741w\" sizes=\"auto, (max-width: 1492px) 100vw, 1492px\" \/><\/a><\/p>","protected":false},"excerpt":{"rendered":"<p>El licenciado Jos\u00e9 Adolfo Flamenco Jau, presidente de Junta Directiva del Instituto Guatemalteco de Seguridad Social, particip\u00f3 como expositor en el Seminario Iberoamericano C\u00f3mo ampliar la cobertura en seguridad social a colectivos de dif\u00edcil inclusi\u00f3n: \u201cLegislaci\u00f3n y buenas pr\u00e1cticas para la afiliaci\u00f3n de j\u00f3venes en Iberoam\u00e9rica\u201d, que se desarrolla en El Salvador del 19 al [&hellip;]<\/p>\n","protected":false},"author":1961,"featured_media":41149,"comment_status":"closed","ping_status":"closed","sticky":false,"template":"","format":"standard","meta":{"footnotes":""},"categories":[3],"tags":[1893],"coauthors":[],"class_list":{"0":"post-41144","1":"post","2":"type-post","3":"status-publish","4":"format-standard","5":"has-post-thumbnail","7":"category-actualidad","8":"tag-seminario-iberoamericano-de-seguridad-social"},"_links":{"self":[{"href":"https:\/\/www.igssgt.org\/noticias\/wp-json\/wp\/v2\/posts\/41144","targetHints":{"allow":["GET"]}}],"collection":[{"href":"https:\/\/www.igssgt.org\/noticias\/wp-json\/wp\/v2\/posts"}],"about":[{"href":"https:\/\/www.igssgt.org\/noticias\/wp-json\/wp\/v2\/types\/post"}],"author":[{"embeddable":true,"href":"https:\/\/www.igssgt.org\/noticias\/wp-json\/wp\/v2\/users\/1961"}],"replies":[{"embeddable":true,"href":"https:\/\/www.igssgt.org\/noticias\/wp-json\/wp\/v2\/comments?post=41144"}],"version-history":[{"count":3,"href":"https:\/\/www.igssgt.org\/noticias\/wp-json\/wp\/v2\/posts\/41144\/revisions"}],"predecessor-version":[{"id":41151,"href":"https:\/\/www.igssgt.org\/noticias\/wp-json\/wp\/v2\/posts\/41144\/revisions\/41151"}],"wp:featuredmedia":[{"embeddable":true,"href":"https:\/\/www.igssgt.org\/noticias\/wp-json\/wp\/v2\/media\/41149"}],"wp:attachment":[{"href":"https:\/\/www.igssgt.org\/noticias\/wp-json\/wp\/v2\/media?parent=41144"}],"wp:term":[{"taxonomy":"category","embeddable":true,"href":"https:\/\/www.igssgt.org\/noticias\/wp-json\/wp\/v2\/categories?post=41144"},{"taxonomy":"post_tag","embeddable":true,"href":"https:\/\/www.igssgt.org\/noticias\/wp-json\/wp\/v2\/tags?post=41144"},{"taxonomy":"author","embeddable":true,"href":"https:\/\/www.igssgt.org\/noticias\/wp-json\/wp\/v2\/coauthors?post=41144"}],"curies":[{"name":"wp","href":"https:\/\/api.w.org\/{rel}","templated":true}]}}