{"id":41238,"date":"2024-03-22T15:15:56","date_gmt":"2024-03-22T21:15:56","guid":{"rendered":"https:\/\/www.igssgt.org\/noticias\/?p=41238"},"modified":"2024-03-22T15:15:58","modified_gmt":"2024-03-22T21:15:58","slug":"convocatoria-de-la-plaza-medico-especialista-dermatologia-para-la-unidad-de-consulta-externa-gerona","status":"publish","type":"post","link":"https:\/\/www.igssgt.org\/noticias\/2024\/03\/22\/convocatoria-de-la-plaza-medico-especialista-dermatologia-para-la-unidad-de-consulta-externa-gerona\/","title":{"rendered":"Convocatoria de la plaza: M\u00e9dico Especialista (Dermatolog\u00eda) para la Unidad de Consulta Externa Gerona"},"content":{"rendered":"\n<h3>El Instituto Guatemalteco de Seguridad Social a trav\u00e9s de la Subgerencia de Recursos Humanos invita a participar en la convocatoria externa para la plaza vacante 011:<\/h3>\n<h4>Puesto: M\u00e9dico Especialista A de 8 horas (7:00 a 15:00 Hrs.) Dermatolog\u00eda<br \/>Ubicaci\u00f3n: Unidad de Consulta Externa de Especialidades M\u00e9dico Quir\u00fagico Gerona<br \/>Fecha l\u00edmite de recepci\u00f3n de solicitudes: 05 de abril de 2024<\/h4>\n<p><a href=\"\/wp-content\/uploads\/sites\/5\/2024\/03\/Convocatoria-plaza-IGSS-medico-especialista-dermatologia-2024.jpg\"><img loading=\"lazy\" decoding=\"async\" class=\"aligncenter size-full wp-image-41239\" src=\"\/wp-content\/uploads\/sites\/5\/2024\/03\/Convocatoria-plaza-IGSS-medico-especialista-dermatologia-2024.jpg\" alt=\"\" width=\"1089\" height=\"1600\" srcset=\"\/wp-content\/uploads\/sites\/5\/2024\/03\/Convocatoria-plaza-IGSS-medico-especialista-dermatologia-2024.jpg 1089w, \/wp-content\/uploads\/sites\/5\/2024\/03\/Convocatoria-plaza-IGSS-medico-especialista-dermatologia-2024-204x300.jpg 204w, \/wp-content\/uploads\/sites\/5\/2024\/03\/Convocatoria-plaza-IGSS-medico-especialista-dermatologia-2024-697x1024.jpg 697w, \/wp-content\/uploads\/sites\/5\/2024\/03\/Convocatoria-plaza-IGSS-medico-especialista-dermatologia-2024-768x1128.jpg 768w, \/wp-content\/uploads\/sites\/5\/2024\/03\/Convocatoria-plaza-IGSS-medico-especialista-dermatologia-2024-1045x1536.jpg 1045w, \/wp-content\/uploads\/sites\/5\/2024\/03\/Convocatoria-plaza-IGSS-medico-especialista-dermatologia-2024-286x420.jpg 286w, \/wp-content\/uploads\/sites\/5\/2024\/03\/Convocatoria-plaza-IGSS-medico-especialista-dermatologia-2024-696x1023.jpg 696w, \/wp-content\/uploads\/sites\/5\/2024\/03\/Convocatoria-plaza-IGSS-medico-especialista-dermatologia-2024-1068x1569.jpg 1068w, \/wp-content\/uploads\/sites\/5\/2024\/03\/Convocatoria-plaza-IGSS-medico-especialista-dermatologia-2024-314x462.jpg 314w\" sizes=\"auto, (max-width: 1089px) 100vw, 1089px\" \/><\/a><\/p>\n","protected":false},"excerpt":{"rendered":"<p>Puesto: M\u00e9dico Especialista A de 8 horas (7:00 a 15:00 Hrs.) Dermatolog\u00eda.<\/p>\n<p>Ubicaci\u00f3n: Unidad de Consulta Externa de Especialidades M\u00e9dico Quir\u00fagico Gerona.<\/p>\n<p>Fecha l\u00edmite de recepci\u00f3n de solicitudes: 05 de abril de 2024.<\/p>\n<p>\u2b05\ufe0f Para descargar la convocatoria haga clic en la imagen.<\/p>\n","protected":false},"author":4,"featured_media":41239,"comment_status":"closed","ping_status":"closed","sticky":false,"template":"","format":"standard","meta":{"footnotes":""},"categories":[1299],"tags":[213,1300],"coauthors":[],"class_list":{"0":"post-41238","1":"post","2":"type-post","3":"status-publish","4":"format-standard","5":"has-post-thumbnail","7":"category-plazas-vacantes","8":"tag-convocatoria-plazas-igss","9":"tag-empleos-igss"},"_links":{"self":[{"href":"https:\/\/www.igssgt.org\/noticias\/wp-json\/wp\/v2\/posts\/41238","targetHints":{"allow":["GET"]}}],"collection":[{"href":"https:\/\/www.igssgt.org\/noticias\/wp-json\/wp\/v2\/posts"}],"about":[{"href":"https:\/\/www.igssgt.org\/noticias\/wp-json\/wp\/v2\/types\/post"}],"author":[{"embeddable":true,"href":"https:\/\/www.igssgt.org\/noticias\/wp-json\/wp\/v2\/users\/4"}],"replies":[{"embeddable":true,"href":"https:\/\/www.igssgt.org\/noticias\/wp-json\/wp\/v2\/comments?post=41238"}],"version-history":[{"count":1,"href":"https:\/\/www.igssgt.org\/noticias\/wp-json\/wp\/v2\/posts\/41238\/revisions"}],"predecessor-version":[{"id":41240,"href":"https:\/\/www.igssgt.org\/noticias\/wp-json\/wp\/v2\/posts\/41238\/revisions\/41240"}],"wp:featuredmedia":[{"embeddable":true,"href":"https:\/\/www.igssgt.org\/noticias\/wp-json\/wp\/v2\/media\/41239"}],"wp:attachment":[{"href":"https:\/\/www.igssgt.org\/noticias\/wp-json\/wp\/v2\/media?parent=41238"}],"wp:term":[{"taxonomy":"category","embeddable":true,"href":"https:\/\/www.igssgt.org\/noticias\/wp-json\/wp\/v2\/categories?post=41238"},{"taxonomy":"post_tag","embeddable":true,"href":"https:\/\/www.igssgt.org\/noticias\/wp-json\/wp\/v2\/tags?post=41238"},{"taxonomy":"author","embeddable":true,"href":"https:\/\/www.igssgt.org\/noticias\/wp-json\/wp\/v2\/coauthors?post=41238"}],"curies":[{"name":"wp","href":"https:\/\/api.w.org\/{rel}","templated":true}]}}