{"id":41241,"date":"2024-03-22T15:36:56","date_gmt":"2024-03-22T21:36:56","guid":{"rendered":"https:\/\/www.igssgt.org\/noticias\/?p=41241"},"modified":"2024-03-22T17:28:16","modified_gmt":"2024-03-22T23:28:16","slug":"inauguramos-otra-clinica-modelo-corporativa","status":"publish","type":"post","link":"https:\/\/www.igssgt.org\/noticias\/2024\/03\/22\/inauguramos-otra-clinica-modelo-corporativa\/","title":{"rendered":"Inauguramos otra Cl\u00ednica Modelo Corporativa"},"content":{"rendered":"\n<p class=\"has-drop-cap\">Como muestra, el Instituto desarroll\u00f3 en simult\u00e1neo una Jornada de la Seguridad Social con la que los colaboradores y sus derechohabientes dispusieron de forma efectiva consultas en medicina general, nutrici\u00f3n, ginecolog\u00eda y odontolog\u00eda; as\u00ed como controles de talla, peso, presi\u00f3n arterial y glucosa, entre otros servicios de salud y pecuniarios.<\/p>\n\n\n<figure id=\"attachment_41243\" aria-describedby=\"caption-attachment-41243\" style=\"width: 1600px\" class=\"wp-caption alignnone\"><a href=\"\/wp-content\/uploads\/sites\/5\/2024\/03\/clinica-de-empresa-5.jpeg\"><img loading=\"lazy\" decoding=\"async\" class=\"wp-image-41243 size-full\" src=\"\/wp-content\/uploads\/sites\/5\/2024\/03\/clinica-de-empresa-5.jpeg\" alt=\"\" width=\"1600\" height=\"1066\" srcset=\"\/wp-content\/uploads\/sites\/5\/2024\/03\/clinica-de-empresa-5.jpeg 1600w, \/wp-content\/uploads\/sites\/5\/2024\/03\/clinica-de-empresa-5-300x200.jpeg 300w, \/wp-content\/uploads\/sites\/5\/2024\/03\/clinica-de-empresa-5-1024x682.jpeg 1024w, \/wp-content\/uploads\/sites\/5\/2024\/03\/clinica-de-empresa-5-768x512.jpeg 768w, \/wp-content\/uploads\/sites\/5\/2024\/03\/clinica-de-empresa-5-1536x1023.jpeg 1536w, \/wp-content\/uploads\/sites\/5\/2024\/03\/clinica-de-empresa-5-630x420.jpeg 630w, \/wp-content\/uploads\/sites\/5\/2024\/03\/clinica-de-empresa-5-696x464.jpeg 696w, \/wp-content\/uploads\/sites\/5\/2024\/03\/clinica-de-empresa-5-1068x712.jpeg 1068w, \/wp-content\/uploads\/sites\/5\/2024\/03\/clinica-de-empresa-5-534x356.jpeg 534w\" sizes=\"auto, (max-width: 1600px) 100vw, 1600px\" \/><\/a><figcaption id=\"caption-attachment-41243\" class=\"wp-caption-text\">Trabajadores y derechohabientes aprovecharon la Jornada de la Seguridad Social que tambi\u00e9n se realiz\u00f3.<\/figcaption><\/figure>\n<p>La beneficiaria Wendy Linares, de 33 a\u00f1os, aprovech\u00f3 la actividad para que sus hijos, Dana, de 5 a\u00f1os y Heiner de 15 meses, para consultar al pediatra. As\u00ed tambi\u00e9n el afiliado Anderson Ju\u00e1rez, quien recibi\u00f3 atenci\u00f3n en Medicina F\u00edsica por una dolencia en la espalda baja.<\/p>\n<p>Adem\u00e1s, el IGSS dej\u00f3 habilitada una cl\u00ednica m\u00e9dica Modelo Corporativa en la que el Personal recibir\u00e1 atenci\u00f3n primaria de salud, medicamentos, \u00f3rdenes de laboratorio, control de embarazo y de enfermedades cr\u00f3nicas, o ser referidos a unidades especializadas. <br \/>Con esta, el colaborador evita gastos y p\u00e9rdida de tiempo a favor de su econom\u00eda y la productividad.<\/p>\n<figure id=\"attachment_41255\" aria-describedby=\"caption-attachment-41255\" style=\"width: 1600px\" class=\"wp-caption alignnone\"><a href=\"\/wp-content\/uploads\/sites\/5\/2024\/03\/clinica-de-empresa-13.jpeg\"><img loading=\"lazy\" decoding=\"async\" class=\"wp-image-41255 size-full\" src=\"\/wp-content\/uploads\/sites\/5\/2024\/03\/clinica-de-empresa-13.jpeg\" alt=\"\" width=\"1600\" height=\"1066\" srcset=\"\/wp-content\/uploads\/sites\/5\/2024\/03\/clinica-de-empresa-13.jpeg 1600w, \/wp-content\/uploads\/sites\/5\/2024\/03\/clinica-de-empresa-13-300x200.jpeg 300w, \/wp-content\/uploads\/sites\/5\/2024\/03\/clinica-de-empresa-13-1024x682.jpeg 1024w, \/wp-content\/uploads\/sites\/5\/2024\/03\/clinica-de-empresa-13-768x512.jpeg 768w, \/wp-content\/uploads\/sites\/5\/2024\/03\/clinica-de-empresa-13-1536x1023.jpeg 1536w, \/wp-content\/uploads\/sites\/5\/2024\/03\/clinica-de-empresa-13-630x420.jpeg 630w, \/wp-content\/uploads\/sites\/5\/2024\/03\/clinica-de-empresa-13-696x464.jpeg 696w, \/wp-content\/uploads\/sites\/5\/2024\/03\/clinica-de-empresa-13-1068x712.jpeg 1068w, \/wp-content\/uploads\/sites\/5\/2024\/03\/clinica-de-empresa-13-534x356.jpeg 534w\" sizes=\"auto, (max-width: 1600px) 100vw, 1600px\" \/><\/a><figcaption id=\"caption-attachment-41255\" class=\"wp-caption-text\">La brigada m\u00e9dica que atendi\u00f3 fue conformada por personal de los consultorios del IGSS de Los Amates, Morales y Puerto Barrios.<\/figcaption><\/figure>\n<p>El licenciado Jos\u00e9 Adolfo Flamenco Jau, presidente de JD del IGSS, destac\u00f3 la labor empresarial en pro de los afiliados y enfatiz\u00f3 el compromiso institucional por llevar m\u00e1s salud preventiva a los centros laborales.<\/p>\n<p>Es as\u00ed como los objetivos del Seguro Social son claros en beneficio de su m\u00e1s de un mill\u00f3n 400 mil afiliados cotizantes. <strong><em>\u00a1Hoy somos un IGSS m\u00e1s cerca de ti!<\/em><\/strong><\/p>\n\r\n                <style type=\"text\/css\">\r\n                    \r\n                    #tdi_1  .td-doubleSlider-2 .td-item1 {\r\n                        background: url(\/wp-content\/uploads\/sites\/5\/2024\/03\/clinica-de-empresa-10-80x60.jpeg) 0 0 no-repeat;\r\n                    }\r\n                    #tdi_1  .td-doubleSlider-2 .td-item2 {\r\n                        background: url(\/wp-content\/uploads\/sites\/5\/2024\/03\/clinica-de-empresa-0-80x60.jpeg) 0 0 no-repeat;\r\n                    }\r\n                    #tdi_1  .td-doubleSlider-2 .td-item3 {\r\n                        background: url(\/wp-content\/uploads\/sites\/5\/2024\/03\/clinica-de-empresa-8-80x60.jpg) 0 0 no-repeat;\r\n                    }\r\n                    #tdi_1  .td-doubleSlider-2 .td-item4 {\r\n                        background: url(\/wp-content\/uploads\/sites\/5\/2024\/03\/clinica-de-empresa-2-80x60.jpeg) 0 0 no-repeat;\r\n                    }\r\n                    #tdi_1  .td-doubleSlider-2 .td-item5 {\r\n                        background: url(\/wp-content\/uploads\/sites\/5\/2024\/03\/clinica-de-empresa-6-80x60.jpg) 0 0 no-repeat;\r\n                    }\r\n                    #tdi_1  .td-doubleSlider-2 .td-item6 {\r\n                        background: url(\/wp-content\/uploads\/sites\/5\/2024\/03\/clinica-de-empresa-7-80x60.jpg) 0 0 no-repeat;\r\n                    }\r\n                    #tdi_1  .td-doubleSlider-2 .td-item7 {\r\n                        background: url(\/wp-content\/uploads\/sites\/5\/2024\/03\/clinica-de-empresa-6-80x60.jpeg) 0 0 no-repeat;\r\n                    }\r\n                    #tdi_1  .td-doubleSlider-2 .td-item8 {\r\n                        background: url(\/wp-content\/uploads\/sites\/5\/2024\/03\/clinica-de-empresa-8-80x60.jpeg) 0 0 no-repeat;\r\n                    }\r\n                    #tdi_1  .td-doubleSlider-2 .td-item9 {\r\n                        background: url(\/wp-content\/uploads\/sites\/5\/2024\/03\/clinica-de-empresa-2-1-80x60.jpeg) 0 0 no-repeat;\r\n                    }\r\n                <\/style>\r\n\r\n                <div id=\"tdi_1\" class=\"td-gallery td-slide-on-2-columns\">\r\n                    <div class=\"post_td_gallery\">\r\n                        <div class=\"td-gallery-slide-top\">\r\n                           <div class=\"td-gallery-title\"><\/div>\r\n\r\n                            <div class=\"td-gallery-controls-wrapper\">\r\n                                <div class=\"td-gallery-slide-count\"><span class=\"td-gallery-slide-item-focus\">1<\/span> de 9<\/div>\r\n                                <div class=\"td-gallery-slide-prev-next-but\">\r\n                                    <i class = \"td-icon-left doubleSliderPrevButton\"><\/i>\r\n                                    <i class = \"td-icon-right doubleSliderNextButton\"><\/i>\r\n                                <\/div>\r\n                            <\/div>\r\n                        <\/div>\r\n\r\n                        <div class = \"td-doubleSlider-1 \">\r\n                            <div class = \"td-slider\">\r\n                                \r\n                    <div class = \"td-slide-item td-item1\">\r\n                        <figure class=\"td-slide-galery-figure td-slide-popup-gallery\">\r\n                            <a class=\"slide-gallery-image-link\" href=\"\/wp-content\/uploads\/sites\/5\/2024\/03\/clinica-de-empresa-10.jpeg\" title=\"clinica de empresa-10\"  data-caption=\"\"  data-description=\"\">\r\n                                <img decoding=\"async\" src=\"\/wp-content\/uploads\/sites\/5\/2024\/03\/clinica-de-empresa-10-630x420.jpeg\" srcset=\"\/wp-content\/uploads\/sites\/5\/2024\/03\/clinica-de-empresa-10-630x420.jpeg 630w, \/wp-content\/uploads\/sites\/5\/2024\/03\/clinica-de-empresa-10-300x200.jpeg 300w, \/wp-content\/uploads\/sites\/5\/2024\/03\/clinica-de-empresa-10-1024x682.jpeg 1024w, \/wp-content\/uploads\/sites\/5\/2024\/03\/clinica-de-empresa-10-768x512.jpeg 768w, \/wp-content\/uploads\/sites\/5\/2024\/03\/clinica-de-empresa-10-1536x1023.jpeg 1536w, \/wp-content\/uploads\/sites\/5\/2024\/03\/clinica-de-empresa-10-696x464.jpeg 696w, \/wp-content\/uploads\/sites\/5\/2024\/03\/clinica-de-empresa-10-1068x712.jpeg 1068w, \/wp-content\/uploads\/sites\/5\/2024\/03\/clinica-de-empresa-10-534x356.jpeg 534w, \/wp-content\/uploads\/sites\/5\/2024\/03\/clinica-de-empresa-10.jpeg 1600w\" sizes=\"(max-width: 630px) 100vw, 630px\" alt=\"\">\r\n                            <\/a>\r\n                            \r\n                        <\/figure>\r\n                    <\/div>\r\n                    <div class = \"td-slide-item td-item2\">\r\n                        <figure class=\"td-slide-galery-figure td-slide-popup-gallery\">\r\n                            <a class=\"slide-gallery-image-link\" href=\"\/wp-content\/uploads\/sites\/5\/2024\/03\/clinica-de-empresa-0.jpeg\" title=\"clinica de empresa-0\"  data-caption=\"\"  data-description=\"\">\r\n                                <img decoding=\"async\" src=\"\/wp-content\/uploads\/sites\/5\/2024\/03\/clinica-de-empresa-0-537x420.jpeg\" srcset=\"\/wp-content\/uploads\/sites\/5\/2024\/03\/clinica-de-empresa-0-537x420.jpeg 537w, \/wp-content\/uploads\/sites\/5\/2024\/03\/clinica-de-empresa-0-300x235.jpeg 300w, \/wp-content\/uploads\/sites\/5\/2024\/03\/clinica-de-empresa-0-1024x801.jpeg 1024w, \/wp-content\/uploads\/sites\/5\/2024\/03\/clinica-de-empresa-0-768x601.jpeg 768w, \/wp-content\/uploads\/sites\/5\/2024\/03\/clinica-de-empresa-0-696x544.jpeg 696w, \/wp-content\/uploads\/sites\/5\/2024\/03\/clinica-de-empresa-0-1068x835.jpeg 1068w, \/wp-content\/uploads\/sites\/5\/2024\/03\/clinica-de-empresa-0-534x418.jpeg 534w, \/wp-content\/uploads\/sites\/5\/2024\/03\/clinica-de-empresa-0.jpeg 1280w\" sizes=\"(max-width: 537px) 100vw, 537px\" alt=\"\">\r\n                            <\/a>\r\n                            \r\n                        <\/figure>\r\n                    <\/div>\r\n                    <div class = \"td-slide-item td-item3\">\r\n                        <figure class=\"td-slide-galery-figure td-slide-popup-gallery\">\r\n                            <a class=\"slide-gallery-image-link\" href=\"\/wp-content\/uploads\/sites\/5\/2024\/03\/clinica-de-empresa-8.jpg\" title=\"clinica de empresa-8\"  data-caption=\"\"  data-description=\"\">\r\n                                <img decoding=\"async\" src=\"\/wp-content\/uploads\/sites\/5\/2024\/03\/clinica-de-empresa-8-630x420.jpg\" srcset=\"\/wp-content\/uploads\/sites\/5\/2024\/03\/clinica-de-empresa-8-630x420.jpg 630w, \/wp-content\/uploads\/sites\/5\/2024\/03\/clinica-de-empresa-8-300x200.jpg 300w, \/wp-content\/uploads\/sites\/5\/2024\/03\/clinica-de-empresa-8-1024x682.jpg 1024w, \/wp-content\/uploads\/sites\/5\/2024\/03\/clinica-de-empresa-8-768x512.jpg 768w, \/wp-content\/uploads\/sites\/5\/2024\/03\/clinica-de-empresa-8-1536x1023.jpg 1536w, \/wp-content\/uploads\/sites\/5\/2024\/03\/clinica-de-empresa-8-696x464.jpg 696w, \/wp-content\/uploads\/sites\/5\/2024\/03\/clinica-de-empresa-8-1068x712.jpg 1068w, \/wp-content\/uploads\/sites\/5\/2024\/03\/clinica-de-empresa-8-534x356.jpg 534w, \/wp-content\/uploads\/sites\/5\/2024\/03\/clinica-de-empresa-8.jpg 1600w\" sizes=\"(max-width: 630px) 100vw, 630px\" alt=\"\">\r\n                            <\/a>\r\n                            \r\n                        <\/figure>\r\n                    <\/div>\r\n                    <div class = \"td-slide-item td-item4\">\r\n                        <figure class=\"td-slide-galery-figure td-slide-popup-gallery\">\r\n                            <a class=\"slide-gallery-image-link\" href=\"\/wp-content\/uploads\/sites\/5\/2024\/03\/clinica-de-empresa-2.jpeg\" title=\"clinica de empresa-2\"  data-caption=\"\"  data-description=\"\">\r\n                                <img decoding=\"async\" src=\"\/wp-content\/uploads\/sites\/5\/2024\/03\/clinica-de-empresa-2-630x420.jpeg\" srcset=\"\/wp-content\/uploads\/sites\/5\/2024\/03\/clinica-de-empresa-2-630x420.jpeg 630w, \/wp-content\/uploads\/sites\/5\/2024\/03\/clinica-de-empresa-2-300x200.jpeg 300w, \/wp-content\/uploads\/sites\/5\/2024\/03\/clinica-de-empresa-2-1024x682.jpeg 1024w, \/wp-content\/uploads\/sites\/5\/2024\/03\/clinica-de-empresa-2-768x512.jpeg 768w, \/wp-content\/uploads\/sites\/5\/2024\/03\/clinica-de-empresa-2-1536x1023.jpeg 1536w, \/wp-content\/uploads\/sites\/5\/2024\/03\/clinica-de-empresa-2-696x464.jpeg 696w, \/wp-content\/uploads\/sites\/5\/2024\/03\/clinica-de-empresa-2-1068x712.jpeg 1068w, \/wp-content\/uploads\/sites\/5\/2024\/03\/clinica-de-empresa-2-534x356.jpeg 534w, \/wp-content\/uploads\/sites\/5\/2024\/03\/clinica-de-empresa-2.jpeg 1600w\" sizes=\"(max-width: 630px) 100vw, 630px\" alt=\"\">\r\n                            <\/a>\r\n                            \r\n                        <\/figure>\r\n                    <\/div>\r\n                    <div class = \"td-slide-item td-item5\">\r\n                        <figure class=\"td-slide-galery-figure td-slide-popup-gallery\">\r\n                            <a class=\"slide-gallery-image-link\" href=\"\/wp-content\/uploads\/sites\/5\/2024\/03\/clinica-de-empresa-6.jpg\" title=\"clinica de empresa-6\"  data-caption=\"\"  data-description=\"\">\r\n                                <img decoding=\"async\" src=\"\/wp-content\/uploads\/sites\/5\/2024\/03\/clinica-de-empresa-6-630x420.jpg\" srcset=\"\/wp-content\/uploads\/sites\/5\/2024\/03\/clinica-de-empresa-6-630x420.jpg 630w, \/wp-content\/uploads\/sites\/5\/2024\/03\/clinica-de-empresa-6-300x200.jpg 300w, \/wp-content\/uploads\/sites\/5\/2024\/03\/clinica-de-empresa-6-1024x682.jpg 1024w, \/wp-content\/uploads\/sites\/5\/2024\/03\/clinica-de-empresa-6-768x512.jpg 768w, \/wp-content\/uploads\/sites\/5\/2024\/03\/clinica-de-empresa-6-1536x1023.jpg 1536w, \/wp-content\/uploads\/sites\/5\/2024\/03\/clinica-de-empresa-6-696x464.jpg 696w, \/wp-content\/uploads\/sites\/5\/2024\/03\/clinica-de-empresa-6-1068x712.jpg 1068w, \/wp-content\/uploads\/sites\/5\/2024\/03\/clinica-de-empresa-6-534x356.jpg 534w, \/wp-content\/uploads\/sites\/5\/2024\/03\/clinica-de-empresa-6.jpg 1600w\" sizes=\"(max-width: 630px) 100vw, 630px\" alt=\"\">\r\n                            <\/a>\r\n                            \r\n                        <\/figure>\r\n                    <\/div>\r\n                    <div class = \"td-slide-item td-item6\">\r\n                        <figure class=\"td-slide-galery-figure td-slide-popup-gallery\">\r\n                            <a class=\"slide-gallery-image-link\" href=\"\/wp-content\/uploads\/sites\/5\/2024\/03\/clinica-de-empresa-7.jpg\" title=\"clinica de empresa-7\"  data-caption=\"\"  data-description=\"\">\r\n                                <img decoding=\"async\" src=\"\/wp-content\/uploads\/sites\/5\/2024\/03\/clinica-de-empresa-7-270x420.jpg\" srcset=\"\/wp-content\/uploads\/sites\/5\/2024\/03\/clinica-de-empresa-7-270x420.jpg 270w, \/wp-content\/uploads\/sites\/5\/2024\/03\/clinica-de-empresa-7-193x300.jpg 193w, \/wp-content\/uploads\/sites\/5\/2024\/03\/clinica-de-empresa-7-657x1024.jpg 657w, \/wp-content\/uploads\/sites\/5\/2024\/03\/clinica-de-empresa-7-768x1196.jpg 768w, \/wp-content\/uploads\/sites\/5\/2024\/03\/clinica-de-empresa-7-986x1536.jpg 986w, \/wp-content\/uploads\/sites\/5\/2024\/03\/clinica-de-empresa-7-696x1084.jpg 696w, \/wp-content\/uploads\/sites\/5\/2024\/03\/clinica-de-empresa-7-297x462.jpg 297w, \/wp-content\/uploads\/sites\/5\/2024\/03\/clinica-de-empresa-7.jpg 1027w\" sizes=\"(max-width: 270px) 100vw, 270px\" alt=\"\">\r\n                            <\/a>\r\n                            \r\n                        <\/figure>\r\n                    <\/div>\r\n                    <div class = \"td-slide-item td-item7\">\r\n                        <figure class=\"td-slide-galery-figure td-slide-popup-gallery\">\r\n                            <a class=\"slide-gallery-image-link\" href=\"\/wp-content\/uploads\/sites\/5\/2024\/03\/clinica-de-empresa-6.jpeg\" title=\"clinica de empresa-6\"  data-caption=\"\"  data-description=\"\">\r\n                                <img decoding=\"async\" src=\"\/wp-content\/uploads\/sites\/5\/2024\/03\/clinica-de-empresa-6-630x420.jpeg\" srcset=\"\/wp-content\/uploads\/sites\/5\/2024\/03\/clinica-de-empresa-6-630x420.jpeg 630w, \/wp-content\/uploads\/sites\/5\/2024\/03\/clinica-de-empresa-6-300x200.jpeg 300w, \/wp-content\/uploads\/sites\/5\/2024\/03\/clinica-de-empresa-6-1024x682.jpeg 1024w, \/wp-content\/uploads\/sites\/5\/2024\/03\/clinica-de-empresa-6-768x512.jpeg 768w, \/wp-content\/uploads\/sites\/5\/2024\/03\/clinica-de-empresa-6-1536x1023.jpeg 1536w, \/wp-content\/uploads\/sites\/5\/2024\/03\/clinica-de-empresa-6-696x464.jpeg 696w, \/wp-content\/uploads\/sites\/5\/2024\/03\/clinica-de-empresa-6-1068x712.jpeg 1068w, \/wp-content\/uploads\/sites\/5\/2024\/03\/clinica-de-empresa-6-534x356.jpeg 534w, \/wp-content\/uploads\/sites\/5\/2024\/03\/clinica-de-empresa-6.jpeg 1600w\" sizes=\"(max-width: 630px) 100vw, 630px\" alt=\"\">\r\n                            <\/a>\r\n                            \r\n                        <\/figure>\r\n                    <\/div>\r\n                    <div class = \"td-slide-item td-item8\">\r\n                        <figure class=\"td-slide-galery-figure td-slide-popup-gallery\">\r\n                            <a class=\"slide-gallery-image-link\" href=\"\/wp-content\/uploads\/sites\/5\/2024\/03\/clinica-de-empresa-8.jpeg\" title=\"clinica de empresa-8\"  data-caption=\"\"  data-description=\"\">\r\n                                <img decoding=\"async\" src=\"\/wp-content\/uploads\/sites\/5\/2024\/03\/clinica-de-empresa-8-583x420.jpeg\" srcset=\"\/wp-content\/uploads\/sites\/5\/2024\/03\/clinica-de-empresa-8-583x420.jpeg 583w, \/wp-content\/uploads\/sites\/5\/2024\/03\/clinica-de-empresa-8-300x216.jpeg 300w, \/wp-content\/uploads\/sites\/5\/2024\/03\/clinica-de-empresa-8-1024x738.jpeg 1024w, \/wp-content\/uploads\/sites\/5\/2024\/03\/clinica-de-empresa-8-768x553.jpeg 768w, \/wp-content\/uploads\/sites\/5\/2024\/03\/clinica-de-empresa-8-696x501.jpeg 696w, \/wp-content\/uploads\/sites\/5\/2024\/03\/clinica-de-empresa-8-1068x769.jpeg 1068w, \/wp-content\/uploads\/sites\/5\/2024\/03\/clinica-de-empresa-8-534x385.jpeg 534w, \/wp-content\/uploads\/sites\/5\/2024\/03\/clinica-de-empresa-8.jpeg 1280w\" sizes=\"(max-width: 583px) 100vw, 583px\" alt=\"\">\r\n                            <\/a>\r\n                            \r\n                        <\/figure>\r\n                    <\/div>\r\n                    <div class = \"td-slide-item td-item9\">\r\n                        <figure class=\"td-slide-galery-figure td-slide-popup-gallery\">\r\n                            <a class=\"slide-gallery-image-link\" href=\"\/wp-content\/uploads\/sites\/5\/2024\/03\/clinica-de-empresa-2-1-scaled.jpeg\" title=\"clinica de empresa-2\"  data-caption=\"\"  data-description=\"\">\r\n                                <img decoding=\"async\" src=\"\/wp-content\/uploads\/sites\/5\/2024\/03\/clinica-de-empresa-2-1-630x420.jpeg\" srcset=\"\/wp-content\/uploads\/sites\/5\/2024\/03\/clinica-de-empresa-2-1-630x420.jpeg 630w, \/wp-content\/uploads\/sites\/5\/2024\/03\/clinica-de-empresa-2-1-300x200.jpeg 300w, \/wp-content\/uploads\/sites\/5\/2024\/03\/clinica-de-empresa-2-1-1024x683.jpeg 1024w, \/wp-content\/uploads\/sites\/5\/2024\/03\/clinica-de-empresa-2-1-768x512.jpeg 768w, \/wp-content\/uploads\/sites\/5\/2024\/03\/clinica-de-empresa-2-1-1536x1024.jpeg 1536w, \/wp-content\/uploads\/sites\/5\/2024\/03\/clinica-de-empresa-2-1-2048x1365.jpeg 2048w, \/wp-content\/uploads\/sites\/5\/2024\/03\/clinica-de-empresa-2-1-696x464.jpeg 696w, \/wp-content\/uploads\/sites\/5\/2024\/03\/clinica-de-empresa-2-1-1068x712.jpeg 1068w, \/wp-content\/uploads\/sites\/5\/2024\/03\/clinica-de-empresa-2-1-1920x1280.jpeg 1920w, \/wp-content\/uploads\/sites\/5\/2024\/03\/clinica-de-empresa-2-1-534x356.jpeg 534w\" sizes=\"(max-width: 630px) 100vw, 630px\" alt=\"\">\r\n                            <\/a>\r\n                            \r\n                        <\/figure>\r\n                    <\/div>\r\n                            <\/div>\r\n                        <\/div>\r\n\r\n                        <div class = \"td-doubleSlider-2\">\r\n                            <div class = \"td-slider\">\r\n                                \r\n                    <div class = \"td-button td-item1\">\r\n                        <div class = \"td-border\"><\/div>\r\n                    <\/div>\r\n                    <div class = \"td-button td-item2\">\r\n                        <div class = \"td-border\"><\/div>\r\n                    <\/div>\r\n                    <div class = \"td-button td-item3\">\r\n                        <div class = \"td-border\"><\/div>\r\n                    <\/div>\r\n                    <div class = \"td-button td-item4\">\r\n                        <div class = \"td-border\"><\/div>\r\n                    <\/div>\r\n                    <div class = \"td-button td-item5\">\r\n                        <div class = \"td-border\"><\/div>\r\n                    <\/div>\r\n                    <div class = \"td-button td-item6\">\r\n                        <div class = \"td-border\"><\/div>\r\n                    <\/div>\r\n                    <div class = \"td-button td-item7\">\r\n                        <div class = \"td-border\"><\/div>\r\n                    <\/div>\r\n                    <div class = \"td-button td-item8\">\r\n                        <div class = \"td-border\"><\/div>\r\n                    <\/div>\r\n                    <div class = \"td-button td-item9\">\r\n                        <div class = \"td-border\"><\/div>\r\n                    <\/div>\r\n                            <\/div>\r\n                        <\/div>\r\n\r\n                    <\/div>\r\n\r\n                <\/div>\r\n                ","protected":false},"excerpt":{"rendered":"<p>Como muestra, el Instituto desarroll\u00f3 en simult\u00e1neo una Jornada de la Seguridad Social con la que los colaboradores y sus derechohabientes dispusieron de forma efectiva consultas en medicina general, nutrici\u00f3n, ginecolog\u00eda y odontolog\u00eda; as\u00ed como controles de talla, peso, presi\u00f3n arterial y glucosa, entre otros servicios de salud y pecuniarios. La beneficiaria Wendy Linares, de [&hellip;]<\/p>\n","protected":false},"author":1961,"featured_media":41260,"comment_status":"closed","ping_status":"closed","sticky":false,"template":"","format":"standard","meta":{"footnotes":""},"categories":[3,12,45],"tags":[1491,1755],"coauthors":[],"class_list":{"0":"post-41241","1":"post","2":"type-post","3":"status-publish","4":"format-standard","5":"has-post-thumbnail","7":"category-actualidad","8":"category-clinicas-de-empresa","9":"category-jornadas-medicas","10":"tag-clinicas-de-empresa","11":"tag-jornada-de-la-seguridad-social"},"_links":{"self":[{"href":"https:\/\/www.igssgt.org\/noticias\/wp-json\/wp\/v2\/posts\/41241","targetHints":{"allow":["GET"]}}],"collection":[{"href":"https:\/\/www.igssgt.org\/noticias\/wp-json\/wp\/v2\/posts"}],"about":[{"href":"https:\/\/www.igssgt.org\/noticias\/wp-json\/wp\/v2\/types\/post"}],"author":[{"embeddable":true,"href":"https:\/\/www.igssgt.org\/noticias\/wp-json\/wp\/v2\/users\/1961"}],"replies":[{"embeddable":true,"href":"https:\/\/www.igssgt.org\/noticias\/wp-json\/wp\/v2\/comments?post=41241"}],"version-history":[{"count":4,"href":"https:\/\/www.igssgt.org\/noticias\/wp-json\/wp\/v2\/posts\/41241\/revisions"}],"predecessor-version":[{"id":41267,"href":"https:\/\/www.igssgt.org\/noticias\/wp-json\/wp\/v2\/posts\/41241\/revisions\/41267"}],"wp:featuredmedia":[{"embeddable":true,"href":"https:\/\/www.igssgt.org\/noticias\/wp-json\/wp\/v2\/media\/41260"}],"wp:attachment":[{"href":"https:\/\/www.igssgt.org\/noticias\/wp-json\/wp\/v2\/media?parent=41241"}],"wp:term":[{"taxonomy":"category","embeddable":true,"href":"https:\/\/www.igssgt.org\/noticias\/wp-json\/wp\/v2\/categories?post=41241"},{"taxonomy":"post_tag","embeddable":true,"href":"https:\/\/www.igssgt.org\/noticias\/wp-json\/wp\/v2\/tags?post=41241"},{"taxonomy":"author","embeddable":true,"href":"https:\/\/www.igssgt.org\/noticias\/wp-json\/wp\/v2\/coauthors?post=41241"}],"curies":[{"name":"wp","href":"https:\/\/api.w.org\/{rel}","templated":true}]}}