{"id":41268,"date":"2024-03-27T06:00:00","date_gmt":"2024-03-27T12:00:00","guid":{"rendered":"https:\/\/www.igssgt.org\/noticias\/?p=41268"},"modified":"2024-03-25T14:16:38","modified_gmt":"2024-03-25T20:16:38","slug":"disfrute-de-los-recorridos-procesionales-sin-emergencias-3","status":"publish","type":"post","link":"https:\/\/www.igssgt.org\/noticias\/2024\/03\/27\/disfrute-de-los-recorridos-procesionales-sin-emergencias-3\/","title":{"rendered":"Disfrute de los recorridos procesionales, sin emergencias"},"content":{"rendered":"\n<p class=\"has-drop-cap\">El Mi\u00e9rcoles de Ceniza marca el inicio de la Cuaresma y de una serie de actividades religiosas y culturales, como los tradicionales cortejos procesionales. Estos pueden conllevar algunos riesgos por la asistencia masiva de personas y la prolongada exposici\u00f3n al sol, sin embargo, siguiendo las medidas adecuadas pueden prevenirse.<\/p>\n\n\n<p>El doctor Mynor Mej\u00eda, jefe de la Secci\u00f3n de Seguridad e Higiene y Prevenci\u00f3n de Accidentes, indic\u00f3 que estos recorridos largos y bajo el sol pueden ocasionar deshidrataci\u00f3n e insolaci\u00f3n. Asimismo, est\u00e1n los casos de intoxicaciones alimentarias y de ni\u00f1os perdidos entre las aglomeraciones.<\/p>\n<figure id=\"attachment_41272\" aria-describedby=\"caption-attachment-41272\" style=\"width: 2560px\" class=\"wp-caption alignnone\"><a href=\"\/wp-content\/uploads\/sites\/5\/2024\/03\/semana-santa-4.jpg\" target=\"_blank\" rel=\"noopener\"><img loading=\"lazy\" decoding=\"async\" class=\"wp-image-41272 size-full\" src=\"\/wp-content\/uploads\/sites\/5\/2024\/03\/semana-santa-4.jpg\" alt=\"\" width=\"2560\" height=\"1706\" srcset=\"\/wp-content\/uploads\/sites\/5\/2024\/03\/semana-santa-4.jpg 2560w, \/wp-content\/uploads\/sites\/5\/2024\/03\/semana-santa-4-300x200.jpg 300w, \/wp-content\/uploads\/sites\/5\/2024\/03\/semana-santa-4-1024x682.jpg 1024w, \/wp-content\/uploads\/sites\/5\/2024\/03\/semana-santa-4-768x512.jpg 768w, \/wp-content\/uploads\/sites\/5\/2024\/03\/semana-santa-4-1536x1024.jpg 1536w, \/wp-content\/uploads\/sites\/5\/2024\/03\/semana-santa-4-2048x1365.jpg 2048w, \/wp-content\/uploads\/sites\/5\/2024\/03\/semana-santa-4-630x420.jpg 630w, \/wp-content\/uploads\/sites\/5\/2024\/03\/semana-santa-4-696x464.jpg 696w, \/wp-content\/uploads\/sites\/5\/2024\/03\/semana-santa-4-1068x712.jpg 1068w, \/wp-content\/uploads\/sites\/5\/2024\/03\/semana-santa-4-1920x1280.jpg 1920w, \/wp-content\/uploads\/sites\/5\/2024\/03\/semana-santa-4-534x356.jpg 534w\" sizes=\"auto, (max-width: 2560px) 100vw, 2560px\" \/><\/a><figcaption id=\"caption-attachment-41272\" class=\"wp-caption-text\">Prevenga emergencias con las medidas de prevenci\u00f3n adecuadas.<\/figcaption><\/figure>\n<p>Por ello, el profesional brind\u00f3 las siguientes recomendaciones con el fin de prevenir estas y otras emergencias:<\/p>\n<ul>\n<li>Mantenerse hidratado<\/li>\n<li>Aplicar protector solar<\/li>\n<li>Utilizar gorras, sombreros o sombrillas<\/li>\n<li>Consumir alimentos en buen estado<\/li>\n<li>Cuidar la hidrataci\u00f3n de los ni\u00f1os<\/li>\n<li>Identificar a los ni\u00f1os con informaci\u00f3n clave para ubicar a los padres<\/li>\n<li>Evitar que los adultos mayores est\u00e9n expuestos al sol y hagan caminatas largas<\/li>\n<li>Cuidar que los adultos mayores consuman sus alimentos en las horas establecidas<\/li>\n<li>Velar por quien tiene que tomar medicamentos, lo haga habitualmente<\/li>\n<\/ul>\n<p><strong>\u201cEs importante decirle a la poblaci\u00f3n en general que pueden requerir los servicios del Seguro Social ante cualquier eventualidad. El Instituto les responder\u00e1\u201d<\/strong>, finaliz\u00f3 Mej\u00eda.<\/p>\n\r\n                <style type=\"text\/css\">\r\n                    \r\n                    #tdi_1  .td-doubleSlider-2 .td-item1 {\r\n                        background: url(\/wp-content\/uploads\/sites\/5\/2024\/03\/semana-santa-5-80x60.jpg) 0 0 no-repeat;\r\n                    }\r\n                    #tdi_1  .td-doubleSlider-2 .td-item2 {\r\n                        background: url(\/wp-content\/uploads\/sites\/5\/2024\/03\/semana-santa-3-80x60.jpg) 0 0 no-repeat;\r\n                    }\r\n                    #tdi_1  .td-doubleSlider-2 .td-item3 {\r\n                        background: url(\/wp-content\/uploads\/sites\/5\/2024\/03\/semana-santa-2-80x60.jpg) 0 0 no-repeat;\r\n                    }\r\n                    #tdi_1  .td-doubleSlider-2 .td-item4 {\r\n                        background: url(\/wp-content\/uploads\/sites\/5\/2024\/03\/semana-santa-4-80x60.jpeg) 0 0 no-repeat;\r\n                    }\r\n                    #tdi_1  .td-doubleSlider-2 .td-item5 {\r\n                        background: url(\/wp-content\/uploads\/sites\/5\/2024\/03\/semana-santa-4-1-80x60.jpeg) 0 0 no-repeat;\r\n                    }\r\n                    #tdi_1  .td-doubleSlider-2 .td-item6 {\r\n                        background: url(\/wp-content\/uploads\/sites\/5\/2024\/02\/semana-santa-3-80x60.jpeg) 0 0 no-repeat;\r\n                    }\r\n                <\/style>\r\n\r\n                <div id=\"tdi_1\" class=\"td-gallery td-slide-on-2-columns\">\r\n                    <div class=\"post_td_gallery\">\r\n                        <div class=\"td-gallery-slide-top\">\r\n                           <div class=\"td-gallery-title\"><\/div>\r\n\r\n                            <div class=\"td-gallery-controls-wrapper\">\r\n                                <div class=\"td-gallery-slide-count\"><span class=\"td-gallery-slide-item-focus\">1<\/span> de 6<\/div>\r\n                                <div class=\"td-gallery-slide-prev-next-but\">\r\n                                    <i class = \"td-icon-left doubleSliderPrevButton\"><\/i>\r\n                                    <i class = \"td-icon-right doubleSliderNextButton\"><\/i>\r\n                                <\/div>\r\n                            <\/div>\r\n                        <\/div>\r\n\r\n                        <div class = \"td-doubleSlider-1 \">\r\n                            <div class = \"td-slider\">\r\n                                \r\n                    <div class = \"td-slide-item td-item1\">\r\n                        <figure class=\"td-slide-galery-figure td-slide-popup-gallery\">\r\n                            <a class=\"slide-gallery-image-link\" href=\"\/wp-content\/uploads\/sites\/5\/2024\/03\/semana-santa-5.jpg\" title=\"semana santa-5\"  data-caption=\"No olvide cuidar la hidrataci\u00f3n de los ni\u00f1os y adultos mayores.\"  data-description=\"\">\r\n                                <img decoding=\"async\" src=\"\/wp-content\/uploads\/sites\/5\/2024\/03\/semana-santa-5-722x420.jpg\" srcset=\"\/wp-content\/uploads\/sites\/5\/2024\/03\/semana-santa-5-722x420.jpg 722w, \/wp-content\/uploads\/sites\/5\/2024\/03\/semana-santa-5-300x175.jpg 300w, \/wp-content\/uploads\/sites\/5\/2024\/03\/semana-santa-5-1024x596.jpg 1024w, \/wp-content\/uploads\/sites\/5\/2024\/03\/semana-santa-5-768x447.jpg 768w, \/wp-content\/uploads\/sites\/5\/2024\/03\/semana-santa-5-1536x894.jpg 1536w, \/wp-content\/uploads\/sites\/5\/2024\/03\/semana-santa-5-2048x1192.jpg 2048w, \/wp-content\/uploads\/sites\/5\/2024\/03\/semana-santa-5-696x405.jpg 696w, \/wp-content\/uploads\/sites\/5\/2024\/03\/semana-santa-5-1068x622.jpg 1068w, \/wp-content\/uploads\/sites\/5\/2024\/03\/semana-santa-5-1920x1118.jpg 1920w, \/wp-content\/uploads\/sites\/5\/2024\/03\/semana-santa-5-534x311.jpg 534w\" sizes=\"(max-width: 722px) 100vw, 722px\" alt=\"\">\r\n                            <\/a>\r\n                            <figcaption class = \"td-slide-caption td-gallery-slide-content\"><div class = \"td-gallery-slide-copywrite\">No olvide cuidar la hidrataci\u00f3n de los ni\u00f1os y adultos mayores.<\/div><\/figcaption>\r\n                        <\/figure>\r\n                    <\/div>\r\n                    <div class = \"td-slide-item td-item2\">\r\n                        <figure class=\"td-slide-galery-figure td-slide-popup-gallery\">\r\n                            <a class=\"slide-gallery-image-link\" href=\"\/wp-content\/uploads\/sites\/5\/2024\/03\/semana-santa-3.jpg\" title=\"semana santa-3\"  data-caption=\"\"  data-description=\"\">\r\n                                <img decoding=\"async\" src=\"\/wp-content\/uploads\/sites\/5\/2024\/03\/semana-santa-3-562x420.jpg\" srcset=\"\/wp-content\/uploads\/sites\/5\/2024\/03\/semana-santa-3-562x420.jpg 562w, \/wp-content\/uploads\/sites\/5\/2024\/03\/semana-santa-3-300x224.jpg 300w, \/wp-content\/uploads\/sites\/5\/2024\/03\/semana-santa-3-1024x766.jpg 1024w, \/wp-content\/uploads\/sites\/5\/2024\/03\/semana-santa-3-768x574.jpg 768w, \/wp-content\/uploads\/sites\/5\/2024\/03\/semana-santa-3-1536x1148.jpg 1536w, \/wp-content\/uploads\/sites\/5\/2024\/03\/semana-santa-3-2048x1531.jpg 2048w, \/wp-content\/uploads\/sites\/5\/2024\/03\/semana-santa-3-80x60.jpg 80w, \/wp-content\/uploads\/sites\/5\/2024\/03\/semana-santa-3-696x520.jpg 696w, \/wp-content\/uploads\/sites\/5\/2024\/03\/semana-santa-3-1068x798.jpg 1068w, \/wp-content\/uploads\/sites\/5\/2024\/03\/semana-santa-3-1920x1436.jpg 1920w, \/wp-content\/uploads\/sites\/5\/2024\/03\/semana-santa-3-265x198.jpg 265w, \/wp-content\/uploads\/sites\/5\/2024\/03\/semana-santa-3-534x399.jpg 534w\" sizes=\"(max-width: 562px) 100vw, 562px\" alt=\"\">\r\n                            <\/a>\r\n                            \r\n                        <\/figure>\r\n                    <\/div>\r\n                    <div class = \"td-slide-item td-item3\">\r\n                        <figure class=\"td-slide-galery-figure td-slide-popup-gallery\">\r\n                            <a class=\"slide-gallery-image-link\" href=\"\/wp-content\/uploads\/sites\/5\/2024\/03\/semana-santa-2.jpg\" title=\"semana santa-2\"  data-caption=\"\"  data-description=\"\">\r\n                                <img decoding=\"async\" src=\"\/wp-content\/uploads\/sites\/5\/2024\/03\/semana-santa-2-630x420.jpg\" srcset=\"\/wp-content\/uploads\/sites\/5\/2024\/03\/semana-santa-2-630x420.jpg 630w, \/wp-content\/uploads\/sites\/5\/2024\/03\/semana-santa-2-300x200.jpg 300w, \/wp-content\/uploads\/sites\/5\/2024\/03\/semana-santa-2-1024x682.jpg 1024w, \/wp-content\/uploads\/sites\/5\/2024\/03\/semana-santa-2-768x512.jpg 768w, \/wp-content\/uploads\/sites\/5\/2024\/03\/semana-santa-2-1536x1024.jpg 1536w, \/wp-content\/uploads\/sites\/5\/2024\/03\/semana-santa-2-2048x1365.jpg 2048w, \/wp-content\/uploads\/sites\/5\/2024\/03\/semana-santa-2-696x464.jpg 696w, \/wp-content\/uploads\/sites\/5\/2024\/03\/semana-santa-2-1068x712.jpg 1068w, \/wp-content\/uploads\/sites\/5\/2024\/03\/semana-santa-2-1920x1280.jpg 1920w, \/wp-content\/uploads\/sites\/5\/2024\/03\/semana-santa-2-534x356.jpg 534w\" sizes=\"(max-width: 630px) 100vw, 630px\" alt=\"\">\r\n                            <\/a>\r\n                            \r\n                        <\/figure>\r\n                    <\/div>\r\n                    <div class = \"td-slide-item td-item4\">\r\n                        <figure class=\"td-slide-galery-figure td-slide-popup-gallery\">\r\n                            <a class=\"slide-gallery-image-link\" href=\"\/wp-content\/uploads\/sites\/5\/2024\/03\/semana-santa-4.jpeg\" title=\"semana santa-4\"  data-caption=\"\"  data-description=\"\">\r\n                                <img decoding=\"async\" src=\"\/wp-content\/uploads\/sites\/5\/2024\/03\/semana-santa-4-750x420.jpeg\" srcset=\"\/wp-content\/uploads\/sites\/5\/2024\/03\/semana-santa-4-750x420.jpeg 750w, \/wp-content\/uploads\/sites\/5\/2024\/03\/semana-santa-4-300x168.jpeg 300w, \/wp-content\/uploads\/sites\/5\/2024\/03\/semana-santa-4-1024x573.jpeg 1024w, \/wp-content\/uploads\/sites\/5\/2024\/03\/semana-santa-4-768x430.jpeg 768w, \/wp-content\/uploads\/sites\/5\/2024\/03\/semana-santa-4-696x390.jpeg 696w, \/wp-content\/uploads\/sites\/5\/2024\/03\/semana-santa-4-1068x598.jpeg 1068w, \/wp-content\/uploads\/sites\/5\/2024\/03\/semana-santa-4-534x299.jpeg 534w, \/wp-content\/uploads\/sites\/5\/2024\/03\/semana-santa-4.jpeg 1286w\" sizes=\"(max-width: 750px) 100vw, 750px\" alt=\"\">\r\n                            <\/a>\r\n                            \r\n                        <\/figure>\r\n                    <\/div>\r\n                    <div class = \"td-slide-item td-item5\">\r\n                        <figure class=\"td-slide-galery-figure td-slide-popup-gallery\">\r\n                            <a class=\"slide-gallery-image-link\" href=\"\/wp-content\/uploads\/sites\/5\/2024\/03\/semana-santa-4-1.jpeg\" title=\"semana santa-4\"  data-caption=\"\"  data-description=\"\">\r\n                                <img decoding=\"async\" src=\"\/wp-content\/uploads\/sites\/5\/2024\/03\/semana-santa-4-1-560x420.jpeg\" srcset=\"\/wp-content\/uploads\/sites\/5\/2024\/03\/semana-santa-4-1-560x420.jpeg 560w, \/wp-content\/uploads\/sites\/5\/2024\/03\/semana-santa-4-1-300x225.jpeg 300w, \/wp-content\/uploads\/sites\/5\/2024\/03\/semana-santa-4-1-1024x767.jpeg 1024w, \/wp-content\/uploads\/sites\/5\/2024\/03\/semana-santa-4-1-768x576.jpeg 768w, \/wp-content\/uploads\/sites\/5\/2024\/03\/semana-santa-4-1-1536x1151.jpeg 1536w, \/wp-content\/uploads\/sites\/5\/2024\/03\/semana-santa-4-1-80x60.jpeg 80w, \/wp-content\/uploads\/sites\/5\/2024\/03\/semana-santa-4-1-696x522.jpeg 696w, \/wp-content\/uploads\/sites\/5\/2024\/03\/semana-santa-4-1-1068x800.jpeg 1068w, \/wp-content\/uploads\/sites\/5\/2024\/03\/semana-santa-4-1-265x198.jpeg 265w, \/wp-content\/uploads\/sites\/5\/2024\/03\/semana-santa-4-1-534x400.jpeg 534w, \/wp-content\/uploads\/sites\/5\/2024\/03\/semana-santa-4-1.jpeg 1600w\" sizes=\"(max-width: 560px) 100vw, 560px\" alt=\"\">\r\n                            <\/a>\r\n                            \r\n                        <\/figure>\r\n                    <\/div>\r\n                    <div class = \"td-slide-item td-item6\">\r\n                        <figure class=\"td-slide-galery-figure td-slide-popup-gallery\">\r\n                            <a class=\"slide-gallery-image-link\" href=\"\/wp-content\/uploads\/sites\/5\/2024\/02\/semana-santa-3.jpeg\" title=\"semana santa-3\"  data-caption=\"\"  data-description=\"\">\r\n                                <img decoding=\"async\" src=\"\/wp-content\/uploads\/sites\/5\/2024\/02\/semana-santa-3-663x420.jpeg\" srcset=\"\/wp-content\/uploads\/sites\/5\/2024\/02\/semana-santa-3-663x420.jpeg 663w, \/wp-content\/uploads\/sites\/5\/2024\/02\/semana-santa-3-300x190.jpeg 300w, \/wp-content\/uploads\/sites\/5\/2024\/02\/semana-santa-3-768x487.jpeg 768w, \/wp-content\/uploads\/sites\/5\/2024\/02\/semana-santa-3-1024x649.jpeg 1024w, \/wp-content\/uploads\/sites\/5\/2024\/02\/semana-santa-3-1536x973.jpeg 1536w, \/wp-content\/uploads\/sites\/5\/2024\/02\/semana-santa-3-696x441.jpeg 696w, \/wp-content\/uploads\/sites\/5\/2024\/02\/semana-santa-3-1068x677.jpeg 1068w, \/wp-content\/uploads\/sites\/5\/2024\/02\/semana-santa-3-534x338.jpeg 534w, \/wp-content\/uploads\/sites\/5\/2024\/02\/semana-santa-3.jpeg 1600w\" sizes=\"(max-width: 663px) 100vw, 663px\" alt=\"\">\r\n                            <\/a>\r\n                            \r\n                        <\/figure>\r\n                    <\/div>\r\n                            <\/div>\r\n                        <\/div>\r\n\r\n                        <div class = \"td-doubleSlider-2\">\r\n                            <div class = \"td-slider\">\r\n                                \r\n                    <div class = \"td-button td-item1\">\r\n                        <div class = \"td-border\"><\/div>\r\n                    <\/div>\r\n                    <div class = \"td-button td-item2\">\r\n                        <div class = \"td-border\"><\/div>\r\n                    <\/div>\r\n                    <div class = \"td-button td-item3\">\r\n                        <div class = \"td-border\"><\/div>\r\n                    <\/div>\r\n                    <div class = \"td-button td-item4\">\r\n                        <div class = \"td-border\"><\/div>\r\n                    <\/div>\r\n                    <div class = \"td-button td-item5\">\r\n                        <div class = \"td-border\"><\/div>\r\n                    <\/div>\r\n                    <div class = \"td-button td-item6\">\r\n                        <div class = \"td-border\"><\/div>\r\n                    <\/div>\r\n                            <\/div>\r\n                        <\/div>\r\n\r\n                    <\/div>\r\n\r\n                <\/div>\r\n                ","protected":false},"excerpt":{"rendered":"<p>El Mi\u00e9rcoles de Ceniza marca el inicio de la Cuaresma y de una serie de actividades religiosas y culturales, como los tradicionales cortejos procesionales. Estos pueden conllevar algunos riesgos por la asistencia masiva de personas y la prolongada exposici\u00f3n al sol, sin embargo, siguiendo las medidas adecuadas pueden prevenirse. El doctor Mynor Mej\u00eda, jefe de [&hellip;]<\/p>\n","protected":false},"author":1961,"featured_media":41274,"comment_status":"closed","ping_status":"closed","sticky":false,"template":"","format":"standard","meta":{"footnotes":""},"categories":[3,1856],"tags":[727,1852,1838],"coauthors":[1448],"class_list":{"0":"post-41268","1":"post","2":"type-post","3":"status-publish","4":"format-standard","5":"has-post-thumbnail","7":"category-actualidad","8":"category-semana-santa-segura-y-sin-accidentes","9":"tag-prevencion-igss","10":"tag-procesiones","11":"tag-semana-santa-2024"},"_links":{"self":[{"href":"https:\/\/www.igssgt.org\/noticias\/wp-json\/wp\/v2\/posts\/41268","targetHints":{"allow":["GET"]}}],"collection":[{"href":"https:\/\/www.igssgt.org\/noticias\/wp-json\/wp\/v2\/posts"}],"about":[{"href":"https:\/\/www.igssgt.org\/noticias\/wp-json\/wp\/v2\/types\/post"}],"author":[{"embeddable":true,"href":"https:\/\/www.igssgt.org\/noticias\/wp-json\/wp\/v2\/users\/1961"}],"replies":[{"embeddable":true,"href":"https:\/\/www.igssgt.org\/noticias\/wp-json\/wp\/v2\/comments?post=41268"}],"version-history":[{"count":4,"href":"https:\/\/www.igssgt.org\/noticias\/wp-json\/wp\/v2\/posts\/41268\/revisions"}],"predecessor-version":[{"id":41302,"href":"https:\/\/www.igssgt.org\/noticias\/wp-json\/wp\/v2\/posts\/41268\/revisions\/41302"}],"wp:featuredmedia":[{"embeddable":true,"href":"https:\/\/www.igssgt.org\/noticias\/wp-json\/wp\/v2\/media\/41274"}],"wp:attachment":[{"href":"https:\/\/www.igssgt.org\/noticias\/wp-json\/wp\/v2\/media?parent=41268"}],"wp:term":[{"taxonomy":"category","embeddable":true,"href":"https:\/\/www.igssgt.org\/noticias\/wp-json\/wp\/v2\/categories?post=41268"},{"taxonomy":"post_tag","embeddable":true,"href":"https:\/\/www.igssgt.org\/noticias\/wp-json\/wp\/v2\/tags?post=41268"},{"taxonomy":"author","embeddable":true,"href":"https:\/\/www.igssgt.org\/noticias\/wp-json\/wp\/v2\/coauthors?post=41268"}],"curies":[{"name":"wp","href":"https:\/\/api.w.org\/{rel}","templated":true}]}}