{"id":41280,"date":"2024-03-25T09:00:00","date_gmt":"2024-03-25T15:00:00","guid":{"rendered":"https:\/\/www.igssgt.org\/noticias\/?p=41280"},"modified":"2024-03-25T12:34:05","modified_gmt":"2024-03-25T18:34:05","slug":"cuidar-la-piel-y-la-hidratacion-es-vital-siempre-pero-un-poco-mas-en-verano-2","status":"publish","type":"post","link":"https:\/\/www.igssgt.org\/noticias\/2024\/03\/25\/cuidar-la-piel-y-la-hidratacion-es-vital-siempre-pero-un-poco-mas-en-verano-2\/","title":{"rendered":"Cuidar la piel y la hidrataci\u00f3n es vital siempre, pero un poco m\u00e1s en verano"},"content":{"rendered":"\n<p class=\"has-drop-cap\">Con la Semana Mayor llegan el verano y las actividades al aire libre, como la participaci\u00f3n en eventos religiosos, ir a la playa o balnearios del pa\u00eds, o simplemente para practicar ejercicios o caminatas en parques.<\/p>\n\n\n\n<p>Lo anterior implica cuidar la piel del rostro y hombros que son m\u00e1s sensibles a los rayos solares. Por ello, son oportunas algunas recomendaciones que nos brinda el doctor Rudy L\u00f3pez, de la Subgerencia de Prestaciones en Salud.<\/p>\n\n\n\n<p><a href=\"\/wp-content\/uploads\/sites\/5\/2024\/03\/Cuidados-de-la-piel-IGSS-verano-2024-5.jpg\"><img loading=\"lazy\" decoding=\"async\" class=\"aligncenter size-full wp-image-41282\" src=\"\/wp-content\/uploads\/sites\/5\/2024\/03\/Cuidados-de-la-piel-IGSS-verano-2024-5.jpg\" alt=\"\" width=\"1600\" height=\"1066\" srcset=\"\/wp-content\/uploads\/sites\/5\/2024\/03\/Cuidados-de-la-piel-IGSS-verano-2024-5.jpg 1600w, \/wp-content\/uploads\/sites\/5\/2024\/03\/Cuidados-de-la-piel-IGSS-verano-2024-5-300x200.jpg 300w, \/wp-content\/uploads\/sites\/5\/2024\/03\/Cuidados-de-la-piel-IGSS-verano-2024-5-1024x682.jpg 1024w, \/wp-content\/uploads\/sites\/5\/2024\/03\/Cuidados-de-la-piel-IGSS-verano-2024-5-768x512.jpg 768w, \/wp-content\/uploads\/sites\/5\/2024\/03\/Cuidados-de-la-piel-IGSS-verano-2024-5-1536x1023.jpg 1536w, \/wp-content\/uploads\/sites\/5\/2024\/03\/Cuidados-de-la-piel-IGSS-verano-2024-5-630x420.jpg 630w, \/wp-content\/uploads\/sites\/5\/2024\/03\/Cuidados-de-la-piel-IGSS-verano-2024-5-696x464.jpg 696w, \/wp-content\/uploads\/sites\/5\/2024\/03\/Cuidados-de-la-piel-IGSS-verano-2024-5-1068x712.jpg 1068w, \/wp-content\/uploads\/sites\/5\/2024\/03\/Cuidados-de-la-piel-IGSS-verano-2024-5-534x356.jpg 534w\" sizes=\"auto, (max-width: 1600px) 100vw, 1600px\" \/><\/a><\/p>\n<p>\u201cPara cualquier actividad al aire libre es importante utilizar un protector solar, pero se deben de tener en cuenta aspectos como para qu\u00e9 tipo de piel (grasa, normal, seca), el factor de protecci\u00f3n solar (SPF), que determina el tiempo de exposici\u00f3n y que depende del fototipo de piel de cada persona\u201d, detall\u00f3 L\u00f3pez.<\/p>\n<p>A decir del experto, a m\u00e1s clara la piel mayor es el grado del SPF a utilizar para evitarle da\u00f1os y porque tienen mayor riesgo de padecer c\u00e1ncer.<\/p>\n<p>\u201cTome en cuenta que hay protectores que especifican sin son resistentes al agua, para qu\u00e9 parte del cuerpo (rostro, cuerpo) y contra qu\u00e9 tipo de rayos protegen\u201d, a\u00f1adi\u00f3 el m\u00e9dico.<\/p>\n<p><a href=\"\/wp-content\/uploads\/sites\/5\/2024\/03\/Cuidados-de-la-piel-IGSS-verano-2024-4.jpg\"><img loading=\"lazy\" decoding=\"async\" class=\"aligncenter size-full wp-image-41283\" src=\"\/wp-content\/uploads\/sites\/5\/2024\/03\/Cuidados-de-la-piel-IGSS-verano-2024-4.jpg\" alt=\"\" width=\"1600\" height=\"1066\" srcset=\"\/wp-content\/uploads\/sites\/5\/2024\/03\/Cuidados-de-la-piel-IGSS-verano-2024-4.jpg 1600w, \/wp-content\/uploads\/sites\/5\/2024\/03\/Cuidados-de-la-piel-IGSS-verano-2024-4-300x200.jpg 300w, \/wp-content\/uploads\/sites\/5\/2024\/03\/Cuidados-de-la-piel-IGSS-verano-2024-4-1024x682.jpg 1024w, \/wp-content\/uploads\/sites\/5\/2024\/03\/Cuidados-de-la-piel-IGSS-verano-2024-4-768x512.jpg 768w, \/wp-content\/uploads\/sites\/5\/2024\/03\/Cuidados-de-la-piel-IGSS-verano-2024-4-1536x1023.jpg 1536w, \/wp-content\/uploads\/sites\/5\/2024\/03\/Cuidados-de-la-piel-IGSS-verano-2024-4-630x420.jpg 630w, \/wp-content\/uploads\/sites\/5\/2024\/03\/Cuidados-de-la-piel-IGSS-verano-2024-4-696x464.jpg 696w, \/wp-content\/uploads\/sites\/5\/2024\/03\/Cuidados-de-la-piel-IGSS-verano-2024-4-1068x712.jpg 1068w, \/wp-content\/uploads\/sites\/5\/2024\/03\/Cuidados-de-la-piel-IGSS-verano-2024-4-534x356.jpg 534w\" sizes=\"auto, (max-width: 1600px) 100vw, 1600px\" \/><\/a><\/p>\n<p>A lo anterior, se recomienda aplicarse el protector media horas antes de la exposici\u00f3n solar, evitar el horario de las 10:00 a.m. a 15:00 p.m. y aplicarlo cada dos horas si se permanece expuesto.<\/p>\n<p>En tanto con la hidrataci\u00f3n es importante ante los efectos de un golpe de calor. \u201cEste golpe es el incremento de la temperatura corporal producida por una exposici\u00f3n larga al sol o calor\u201d, explic\u00f3 L\u00f3pez.<\/p>\n<p>Mantenerse hidratado, consumir frutas, buscar lugares frescos, aplicar protecci\u00f3n solar y no permanecer en veh\u00edculos estacionados y cerrados evitan riesgos.<\/p>\n<p>Los s\u00edntomas de un golpe de calor puede ser dolor de cabeza, n\u00e1useas, sudoraci\u00f3n excesiva, taquicardia, p\u00e9rdida del conocimiento y enrojecimiento de la piel, entre otros (<a href=\"https:\/\/www.facebook.com\/IGSS.guate\/posts\/pfbid02mmSwepPdJx1mrGXSMe3NpmSTchAJx6zSqnz1vcQeSCnjMy48AaNx44Cup2tJQzpml\">m\u00e1s informaci\u00f3n aqu\u00ed<\/a>).<\/p>\n<p>\u201cY no olviden cuidar de los ni\u00f1os, adultos mayores, personas con discapacidad, enfermos card\u00edacos o cr\u00f3nicos y a las mascotas\u201d, subray\u00f3 L\u00f3pez.<\/p>\n","protected":false},"excerpt":{"rendered":"<p>Con la Semana Mayor llegan el verano y las actividades al aire libre, como la participaci\u00f3n en eventos religiosos, ir a la playa o balnearios del pa\u00eds, o simplemente para practicar ejercicios o caminatas en parques. Lo anterior implica cuidar la piel del rostro y hombros que son m\u00e1s sensibles a los rayos solares. Por [&hellip;]<\/p>\n","protected":false},"author":4,"featured_media":41281,"comment_status":"closed","ping_status":"closed","sticky":false,"template":"","format":"standard","meta":{"footnotes":""},"categories":[3],"tags":[1453,1838],"coauthors":[],"class_list":{"0":"post-41280","1":"post","2":"type-post","3":"status-publish","4":"format-standard","5":"has-post-thumbnail","7":"category-actualidad","8":"tag-semana-santa","9":"tag-semana-santa-2024"},"_links":{"self":[{"href":"https:\/\/www.igssgt.org\/noticias\/wp-json\/wp\/v2\/posts\/41280","targetHints":{"allow":["GET"]}}],"collection":[{"href":"https:\/\/www.igssgt.org\/noticias\/wp-json\/wp\/v2\/posts"}],"about":[{"href":"https:\/\/www.igssgt.org\/noticias\/wp-json\/wp\/v2\/types\/post"}],"author":[{"embeddable":true,"href":"https:\/\/www.igssgt.org\/noticias\/wp-json\/wp\/v2\/users\/4"}],"replies":[{"embeddable":true,"href":"https:\/\/www.igssgt.org\/noticias\/wp-json\/wp\/v2\/comments?post=41280"}],"version-history":[{"count":2,"href":"https:\/\/www.igssgt.org\/noticias\/wp-json\/wp\/v2\/posts\/41280\/revisions"}],"predecessor-version":[{"id":41286,"href":"https:\/\/www.igssgt.org\/noticias\/wp-json\/wp\/v2\/posts\/41280\/revisions\/41286"}],"wp:featuredmedia":[{"embeddable":true,"href":"https:\/\/www.igssgt.org\/noticias\/wp-json\/wp\/v2\/media\/41281"}],"wp:attachment":[{"href":"https:\/\/www.igssgt.org\/noticias\/wp-json\/wp\/v2\/media?parent=41280"}],"wp:term":[{"taxonomy":"category","embeddable":true,"href":"https:\/\/www.igssgt.org\/noticias\/wp-json\/wp\/v2\/categories?post=41280"},{"taxonomy":"post_tag","embeddable":true,"href":"https:\/\/www.igssgt.org\/noticias\/wp-json\/wp\/v2\/tags?post=41280"},{"taxonomy":"author","embeddable":true,"href":"https:\/\/www.igssgt.org\/noticias\/wp-json\/wp\/v2\/coauthors?post=41280"}],"curies":[{"name":"wp","href":"https:\/\/api.w.org\/{rel}","templated":true}]}}