{"id":41299,"date":"2024-03-25T06:00:00","date_gmt":"2024-03-25T12:00:00","guid":{"rendered":"https:\/\/www.igssgt.org\/noticias\/?p=41299"},"modified":"2024-03-25T15:04:58","modified_gmt":"2024-03-25T21:04:58","slug":"convocatoria-de-la-plaza-medico-especialista-dermatologia-para-la-unidad-de-consulta-externa-gerona-2","status":"publish","type":"post","link":"https:\/\/www.igssgt.org\/noticias\/2024\/03\/25\/convocatoria-de-la-plaza-medico-especialista-dermatologia-para-la-unidad-de-consulta-externa-gerona-2\/","title":{"rendered":"Convocatoria de la plaza: M\u00e9dico Especialista (Dermatolog\u00eda) para la Unidad de Consulta Externa Gerona"},"content":{"rendered":"\n<h3>El Instituto Guatemalteco de Seguridad Social a trav\u00e9s de la Subgerencia de Recursos Humanos invita a participar en la convocatoria externa para la plaza vacante 011:<\/h3>\n<h4>Puesto: M\u00e9dico Especialista A de 4 horas (11:00 a 15:00 Hrs.) Dermatolog\u00eda<br \/>Ubicaci\u00f3n: Unidad de Consulta Externa de Especialidades M\u00e9dico Quir\u00fargico Gerona<br \/>Fecha l\u00edmite de recepci\u00f3n de solicitudes: 05 de abril de 2024<\/h4>\n<p><a href=\"\/wp-content\/uploads\/sites\/5\/2024\/03\/Convocatoria-plaza-IGSS-medico-especialista-dermatologia-2024-1.jpg\"><img loading=\"lazy\" decoding=\"async\" class=\"aligncenter size-full wp-image-41300\" src=\"\/wp-content\/uploads\/sites\/5\/2024\/03\/Convocatoria-plaza-IGSS-medico-especialista-dermatologia-2024-1.jpg\" alt=\"\" width=\"1153\" height=\"1600\" srcset=\"\/wp-content\/uploads\/sites\/5\/2024\/03\/Convocatoria-plaza-IGSS-medico-especialista-dermatologia-2024-1.jpg 1153w, \/wp-content\/uploads\/sites\/5\/2024\/03\/Convocatoria-plaza-IGSS-medico-especialista-dermatologia-2024-1-216x300.jpg 216w, \/wp-content\/uploads\/sites\/5\/2024\/03\/Convocatoria-plaza-IGSS-medico-especialista-dermatologia-2024-1-738x1024.jpg 738w, \/wp-content\/uploads\/sites\/5\/2024\/03\/Convocatoria-plaza-IGSS-medico-especialista-dermatologia-2024-1-768x1066.jpg 768w, \/wp-content\/uploads\/sites\/5\/2024\/03\/Convocatoria-plaza-IGSS-medico-especialista-dermatologia-2024-1-1107x1536.jpg 1107w, \/wp-content\/uploads\/sites\/5\/2024\/03\/Convocatoria-plaza-IGSS-medico-especialista-dermatologia-2024-1-303x420.jpg 303w, \/wp-content\/uploads\/sites\/5\/2024\/03\/Convocatoria-plaza-IGSS-medico-especialista-dermatologia-2024-1-696x966.jpg 696w, \/wp-content\/uploads\/sites\/5\/2024\/03\/Convocatoria-plaza-IGSS-medico-especialista-dermatologia-2024-1-1068x1482.jpg 1068w, \/wp-content\/uploads\/sites\/5\/2024\/03\/Convocatoria-plaza-IGSS-medico-especialista-dermatologia-2024-1-333x462.jpg 333w\" sizes=\"auto, (max-width: 1153px) 100vw, 1153px\" \/><\/a><\/p>\n","protected":false},"excerpt":{"rendered":"<p>Puesto: M\u00e9dico Especialista A de 4 horas (11:00 a 15:00 Hrs.) Dermatolog\u00eda.<\/p>\n<p>Ubicaci\u00f3n: Unidad de Consulta Externa de Especialidades M\u00e9dico Quir\u00fargico Gerona.<\/p>\n<p>Fecha l\u00edmite de recepci\u00f3n de solicitudes: 05 de abril de 2024.<\/p>\n<p>\u2b05\ufe0f Para descargar la convocatoria haga clic en la imagen.<\/p>\n","protected":false},"author":4,"featured_media":41300,"comment_status":"closed","ping_status":"closed","sticky":false,"template":"","format":"standard","meta":{"footnotes":""},"categories":[1299],"tags":[213,1300],"coauthors":[],"class_list":{"0":"post-41299","1":"post","2":"type-post","3":"status-publish","4":"format-standard","5":"has-post-thumbnail","7":"category-plazas-vacantes","8":"tag-convocatoria-plazas-igss","9":"tag-empleos-igss"},"_links":{"self":[{"href":"https:\/\/www.igssgt.org\/noticias\/wp-json\/wp\/v2\/posts\/41299","targetHints":{"allow":["GET"]}}],"collection":[{"href":"https:\/\/www.igssgt.org\/noticias\/wp-json\/wp\/v2\/posts"}],"about":[{"href":"https:\/\/www.igssgt.org\/noticias\/wp-json\/wp\/v2\/types\/post"}],"author":[{"embeddable":true,"href":"https:\/\/www.igssgt.org\/noticias\/wp-json\/wp\/v2\/users\/4"}],"replies":[{"embeddable":true,"href":"https:\/\/www.igssgt.org\/noticias\/wp-json\/wp\/v2\/comments?post=41299"}],"version-history":[{"count":1,"href":"https:\/\/www.igssgt.org\/noticias\/wp-json\/wp\/v2\/posts\/41299\/revisions"}],"predecessor-version":[{"id":41301,"href":"https:\/\/www.igssgt.org\/noticias\/wp-json\/wp\/v2\/posts\/41299\/revisions\/41301"}],"wp:featuredmedia":[{"embeddable":true,"href":"https:\/\/www.igssgt.org\/noticias\/wp-json\/wp\/v2\/media\/41300"}],"wp:attachment":[{"href":"https:\/\/www.igssgt.org\/noticias\/wp-json\/wp\/v2\/media?parent=41299"}],"wp:term":[{"taxonomy":"category","embeddable":true,"href":"https:\/\/www.igssgt.org\/noticias\/wp-json\/wp\/v2\/categories?post=41299"},{"taxonomy":"post_tag","embeddable":true,"href":"https:\/\/www.igssgt.org\/noticias\/wp-json\/wp\/v2\/tags?post=41299"},{"taxonomy":"author","embeddable":true,"href":"https:\/\/www.igssgt.org\/noticias\/wp-json\/wp\/v2\/coauthors?post=41299"}],"curies":[{"name":"wp","href":"https:\/\/api.w.org\/{rel}","templated":true}]}}