{"id":41326,"date":"2024-03-28T06:30:00","date_gmt":"2024-03-28T12:30:00","guid":{"rendered":"https:\/\/www.igssgt.org\/noticias\/?p=41326"},"modified":"2024-04-03T11:34:34","modified_gmt":"2024-04-03T17:34:34","slug":"el-igss-recomienda-cuidarse-de-enfermedades-intestinales-y-dermatologicas-en-verano","status":"publish","type":"post","link":"https:\/\/www.igssgt.org\/noticias\/2024\/03\/28\/el-igss-recomienda-cuidarse-de-enfermedades-intestinales-y-dermatologicas-en-verano\/","title":{"rendered":"El IGSS recomienda cuidarse de enfermedades intestinales y dermatol\u00f3gicas en verano"},"content":{"rendered":"\n<p class=\"has-drop-cap\">Muchas familias deciden viajar a playas, r\u00edos y balnearios o asisten a actividades religiosas y al aire libre, por lo que el Instituto Guatemalteco de Seguridad Social recomienda protegerse para evitar enfermedades intestinales y dermatol\u00f3gicas.<\/p>\n\n\n<p>La doctora Erika Santos, de la Unidad Perif\u00e9rica Zona 5 -UPZ5-, destac\u00f3 que en verano aumentan los casos de infecciones gastrointestinales causadas por el consumo de alimentos mal cocinados o no refrigerados, ya que el calor favorece el desarrollo de bacterias.<\/p>\n<figure id=\"attachment_41330\" aria-describedby=\"caption-attachment-41330\" style=\"width: 1599px\" class=\"wp-caption alignnone\"><a href=\"\/wp-content\/uploads\/sites\/5\/2024\/03\/enfermedades-intestinales-5.jpg\" target=\"_blank\" rel=\"noopener\"><img loading=\"lazy\" decoding=\"async\" class=\"wp-image-41330 size-full\" src=\"\/wp-content\/uploads\/sites\/5\/2024\/03\/enfermedades-intestinales-5.jpg\" alt=\"\" width=\"1599\" height=\"1200\" srcset=\"\/wp-content\/uploads\/sites\/5\/2024\/03\/enfermedades-intestinales-5.jpg 1599w, \/wp-content\/uploads\/sites\/5\/2024\/03\/enfermedades-intestinales-5-300x225.jpg 300w, \/wp-content\/uploads\/sites\/5\/2024\/03\/enfermedades-intestinales-5-1024x768.jpg 1024w, \/wp-content\/uploads\/sites\/5\/2024\/03\/enfermedades-intestinales-5-768x576.jpg 768w, \/wp-content\/uploads\/sites\/5\/2024\/03\/enfermedades-intestinales-5-1536x1153.jpg 1536w, \/wp-content\/uploads\/sites\/5\/2024\/03\/enfermedades-intestinales-5-560x420.jpg 560w, \/wp-content\/uploads\/sites\/5\/2024\/03\/enfermedades-intestinales-5-80x60.jpg 80w, \/wp-content\/uploads\/sites\/5\/2024\/03\/enfermedades-intestinales-5-696x522.jpg 696w, \/wp-content\/uploads\/sites\/5\/2024\/03\/enfermedades-intestinales-5-1068x802.jpg 1068w, \/wp-content\/uploads\/sites\/5\/2024\/03\/enfermedades-intestinales-5-265x198.jpg 265w, \/wp-content\/uploads\/sites\/5\/2024\/03\/enfermedades-intestinales-5-534x401.jpg 534w\" sizes=\"auto, (max-width: 1599px) 100vw, 1599px\" \/><\/a><figcaption id=\"caption-attachment-41330\" class=\"wp-caption-text\">Lave los alimentos antes de su cocci\u00f3n.<\/figcaption><\/figure>\n<p>Los adultos mayores que padecen de alguna enfermedad cr\u00f3nica no deben olvidar sus medicamentos y tomarlos en el horario estipulado para evitar una descompensaci\u00f3n en el organismo, y si el tratamiento es de cadena de fr\u00eda se debe mantener su congelaci\u00f3n.<\/p>\n<p>Santos tambi\u00e9n recomend\u00f3 protegerse de las quemaduras del sol, de las infecciones vaginales, el pie de atleta, otitis y de las picaduras de insectos por ser trasmisores de enfermedades.<\/p>\n<figure id=\"attachment_41331\" aria-describedby=\"caption-attachment-41331\" style=\"width: 1068px\" class=\"wp-caption alignnone\"><a href=\"\/wp-content\/uploads\/sites\/5\/2024\/03\/enfermedades-intestinales-6.jpg\" target=\"_blank\" rel=\"noopener\"><img loading=\"lazy\" decoding=\"async\" class=\"wp-image-41331 size-full\" src=\"\/wp-content\/uploads\/sites\/5\/2024\/03\/enfermedades-intestinales-6.jpg\" alt=\"\" width=\"1068\" height=\"784\" srcset=\"\/wp-content\/uploads\/sites\/5\/2024\/03\/enfermedades-intestinales-6.jpg 1068w, \/wp-content\/uploads\/sites\/5\/2024\/03\/enfermedades-intestinales-6-300x220.jpg 300w, \/wp-content\/uploads\/sites\/5\/2024\/03\/enfermedades-intestinales-6-1024x752.jpg 1024w, \/wp-content\/uploads\/sites\/5\/2024\/03\/enfermedades-intestinales-6-768x564.jpg 768w, \/wp-content\/uploads\/sites\/5\/2024\/03\/enfermedades-intestinales-6-572x420.jpg 572w, \/wp-content\/uploads\/sites\/5\/2024\/03\/enfermedades-intestinales-6-80x60.jpg 80w, \/wp-content\/uploads\/sites\/5\/2024\/03\/enfermedades-intestinales-6-696x511.jpg 696w, \/wp-content\/uploads\/sites\/5\/2024\/03\/enfermedades-intestinales-6-534x392.jpg 534w\" sizes=\"auto, (max-width: 1068px) 100vw, 1068px\" \/><\/a><figcaption id=\"caption-attachment-41331\" class=\"wp-caption-text\">Evite enfermedades en los pies, como hongos.<\/figcaption><\/figure>\n<p>Los adultos y los ni\u00f1os deben cubrirse de los rayos solares utilizando ropa de manga larga, sombrilla, lentes de sol y un bloqueador solar resistente al agua para protegerse de los rayos ultravioleta (A y E), con factor m\u00e1s de 50.<\/p>\n<p>Para evitar la picadura de zancudos es importante que se cuente con un repelente o utilizar un mosquitero. Finalmente, los veraneantes deben mantenerse bien hidratados e ingerir al menos dos litros de agua al d\u00eda.<\/p>\n\r\n                <style type=\"text\/css\">\r\n                    \r\n                    #tdi_1  .td-doubleSlider-2 .td-item1 {\r\n                        background: url(\/wp-content\/uploads\/sites\/5\/2024\/03\/enfermedades-intestinales-4-80x60.jpg) 0 0 no-repeat;\r\n                    }\r\n                    #tdi_1  .td-doubleSlider-2 .td-item2 {\r\n                        background: url(\/wp-content\/uploads\/sites\/5\/2024\/03\/enfermedades-intestinales-7-80x60.jpg) 0 0 no-repeat;\r\n                    }\r\n                    #tdi_1  .td-doubleSlider-2 .td-item3 {\r\n                        background: url(\/wp-content\/uploads\/sites\/5\/2024\/03\/enfermedades-intestinales-3-80x60.jpg) 0 0 no-repeat;\r\n                    }\r\n                    #tdi_1  .td-doubleSlider-2 .td-item4 {\r\n                        background: url(\/wp-content\/uploads\/sites\/5\/2023\/01\/Alimentacion-adecuada-6-80x60.jpg) 0 0 no-repeat;\r\n                    }\r\n                    #tdi_1  .td-doubleSlider-2 .td-item5 {\r\n                        background: url(\/wp-content\/uploads\/sites\/5\/2024\/01\/alimentacion-6-80x60.jpg) 0 0 no-repeat;\r\n                    }\r\n                    #tdi_1  .td-doubleSlider-2 .td-item6 {\r\n                        background: url(\/wp-content\/uploads\/sites\/5\/2024\/01\/alimentacion-2-80x60.jpeg) 0 0 no-repeat;\r\n                    }\r\n                    #tdi_1  .td-doubleSlider-2 .td-item7 {\r\n                        background: url(\/wp-content\/uploads\/sites\/5\/2023\/01\/Alimentacion-adecuada-5b-80x60.jpg) 0 0 no-repeat;\r\n                    }\r\n                <\/style>\r\n\r\n                <div id=\"tdi_1\" class=\"td-gallery td-slide-on-2-columns\">\r\n                    <div class=\"post_td_gallery\">\r\n                        <div class=\"td-gallery-slide-top\">\r\n                           <div class=\"td-gallery-title\"><\/div>\r\n\r\n                            <div class=\"td-gallery-controls-wrapper\">\r\n                                <div class=\"td-gallery-slide-count\"><span class=\"td-gallery-slide-item-focus\">1<\/span> de 7<\/div>\r\n                                <div class=\"td-gallery-slide-prev-next-but\">\r\n                                    <i class = \"td-icon-left doubleSliderPrevButton\"><\/i>\r\n                                    <i class = \"td-icon-right doubleSliderNextButton\"><\/i>\r\n                                <\/div>\r\n                            <\/div>\r\n                        <\/div>\r\n\r\n                        <div class = \"td-doubleSlider-1 \">\r\n                            <div class = \"td-slider\">\r\n                                \r\n                    <div class = \"td-slide-item td-item1\">\r\n                        <figure class=\"td-slide-galery-figure td-slide-popup-gallery\">\r\n                            <a class=\"slide-gallery-image-link\" href=\"\/wp-content\/uploads\/sites\/5\/2024\/03\/enfermedades-intestinales-4.jpg\" title=\"enfermedades intestinales-4\"  data-caption=\"Mant\u00e9ngase hidratado ante el aumento de temperatura.\"  data-description=\"\">\r\n                                <img decoding=\"async\" src=\"\/wp-content\/uploads\/sites\/5\/2024\/03\/enfermedades-intestinales-4-630x420.jpg\" srcset=\"\/wp-content\/uploads\/sites\/5\/2024\/03\/enfermedades-intestinales-4-630x420.jpg 630w, \/wp-content\/uploads\/sites\/5\/2024\/03\/enfermedades-intestinales-4-300x200.jpg 300w, \/wp-content\/uploads\/sites\/5\/2024\/03\/enfermedades-intestinales-4-1024x682.jpg 1024w, \/wp-content\/uploads\/sites\/5\/2024\/03\/enfermedades-intestinales-4-768x512.jpg 768w, \/wp-content\/uploads\/sites\/5\/2024\/03\/enfermedades-intestinales-4-1536x1023.jpg 1536w, \/wp-content\/uploads\/sites\/5\/2024\/03\/enfermedades-intestinales-4-696x464.jpg 696w, \/wp-content\/uploads\/sites\/5\/2024\/03\/enfermedades-intestinales-4-1068x712.jpg 1068w, \/wp-content\/uploads\/sites\/5\/2024\/03\/enfermedades-intestinales-4-534x356.jpg 534w, \/wp-content\/uploads\/sites\/5\/2024\/03\/enfermedades-intestinales-4.jpg 1600w\" sizes=\"(max-width: 630px) 100vw, 630px\" alt=\"\">\r\n                            <\/a>\r\n                            <figcaption class = \"td-slide-caption td-gallery-slide-content\"><div class = \"td-gallery-slide-copywrite\">Mant\u00e9ngase hidratado ante el aumento de temperatura.<\/div><\/figcaption>\r\n                        <\/figure>\r\n                    <\/div>\r\n                    <div class = \"td-slide-item td-item2\">\r\n                        <figure class=\"td-slide-galery-figure td-slide-popup-gallery\">\r\n                            <a class=\"slide-gallery-image-link\" href=\"\/wp-content\/uploads\/sites\/5\/2024\/03\/enfermedades-intestinales-7.jpg\" title=\"enfermedades intestinales-7\"  data-caption=\"\"  data-description=\"\">\r\n                                <img decoding=\"async\" src=\"\/wp-content\/uploads\/sites\/5\/2024\/03\/enfermedades-intestinales-7-630x420.jpg\" srcset=\"\/wp-content\/uploads\/sites\/5\/2024\/03\/enfermedades-intestinales-7-630x420.jpg 630w, \/wp-content\/uploads\/sites\/5\/2024\/03\/enfermedades-intestinales-7-300x200.jpg 300w, \/wp-content\/uploads\/sites\/5\/2024\/03\/enfermedades-intestinales-7-1024x683.jpg 1024w, \/wp-content\/uploads\/sites\/5\/2024\/03\/enfermedades-intestinales-7-768x512.jpg 768w, \/wp-content\/uploads\/sites\/5\/2024\/03\/enfermedades-intestinales-7-696x464.jpg 696w, \/wp-content\/uploads\/sites\/5\/2024\/03\/enfermedades-intestinales-7-1068x712.jpg 1068w, \/wp-content\/uploads\/sites\/5\/2024\/03\/enfermedades-intestinales-7-534x356.jpg 534w, \/wp-content\/uploads\/sites\/5\/2024\/03\/enfermedades-intestinales-7.jpg 1440w\" sizes=\"(max-width: 630px) 100vw, 630px\" alt=\"\">\r\n                            <\/a>\r\n                            \r\n                        <\/figure>\r\n                    <\/div>\r\n                    <div class = \"td-slide-item td-item3\">\r\n                        <figure class=\"td-slide-galery-figure td-slide-popup-gallery\">\r\n                            <a class=\"slide-gallery-image-link\" href=\"\/wp-content\/uploads\/sites\/5\/2024\/03\/enfermedades-intestinales-3.jpg\" title=\"enfermedades intestinales-3\"  data-caption=\"\"  data-description=\"\">\r\n                                <img decoding=\"async\" src=\"\/wp-content\/uploads\/sites\/5\/2024\/03\/enfermedades-intestinales-3-630x420.jpg\" srcset=\"\/wp-content\/uploads\/sites\/5\/2024\/03\/enfermedades-intestinales-3-630x420.jpg 630w, \/wp-content\/uploads\/sites\/5\/2024\/03\/enfermedades-intestinales-3-300x200.jpg 300w, \/wp-content\/uploads\/sites\/5\/2024\/03\/enfermedades-intestinales-3-1024x682.jpg 1024w, \/wp-content\/uploads\/sites\/5\/2024\/03\/enfermedades-intestinales-3-768x512.jpg 768w, \/wp-content\/uploads\/sites\/5\/2024\/03\/enfermedades-intestinales-3-1536x1023.jpg 1536w, \/wp-content\/uploads\/sites\/5\/2024\/03\/enfermedades-intestinales-3-696x464.jpg 696w, \/wp-content\/uploads\/sites\/5\/2024\/03\/enfermedades-intestinales-3-1068x712.jpg 1068w, \/wp-content\/uploads\/sites\/5\/2024\/03\/enfermedades-intestinales-3-534x356.jpg 534w, \/wp-content\/uploads\/sites\/5\/2024\/03\/enfermedades-intestinales-3.jpg 1600w\" sizes=\"(max-width: 630px) 100vw, 630px\" alt=\"\">\r\n                            <\/a>\r\n                            \r\n                        <\/figure>\r\n                    <\/div>\r\n                    <div class = \"td-slide-item td-item4\">\r\n                        <figure class=\"td-slide-galery-figure td-slide-popup-gallery\">\r\n                            <a class=\"slide-gallery-image-link\" href=\"\/wp-content\/uploads\/sites\/5\/2023\/01\/Alimentacion-adecuada-6.jpg\" title=\"Alimentacion adecuada-6\"  data-caption=\"\"  data-description=\"\">\r\n                                <img decoding=\"async\" src=\"\/wp-content\/uploads\/sites\/5\/2023\/01\/Alimentacion-adecuada-6-630x420.jpg\" srcset=\"\/wp-content\/uploads\/sites\/5\/2023\/01\/Alimentacion-adecuada-6-630x420.jpg 630w, \/wp-content\/uploads\/sites\/5\/2023\/01\/Alimentacion-adecuada-6-300x200.jpg 300w, \/wp-content\/uploads\/sites\/5\/2023\/01\/Alimentacion-adecuada-6-768x512.jpg 768w, \/wp-content\/uploads\/sites\/5\/2023\/01\/Alimentacion-adecuada-6-1024x682.jpg 1024w, \/wp-content\/uploads\/sites\/5\/2023\/01\/Alimentacion-adecuada-6-696x464.jpg 696w, \/wp-content\/uploads\/sites\/5\/2023\/01\/Alimentacion-adecuada-6-1068x712.jpg 1068w, \/wp-content\/uploads\/sites\/5\/2023\/01\/Alimentacion-adecuada-6-534x356.jpg 534w, \/wp-content\/uploads\/sites\/5\/2023\/01\/Alimentacion-adecuada-6.jpg 1280w\" sizes=\"(max-width: 630px) 100vw, 630px\" alt=\"\">\r\n                            <\/a>\r\n                            \r\n                        <\/figure>\r\n                    <\/div>\r\n                    <div class = \"td-slide-item td-item5\">\r\n                        <figure class=\"td-slide-galery-figure td-slide-popup-gallery\">\r\n                            <a class=\"slide-gallery-image-link\" href=\"\/wp-content\/uploads\/sites\/5\/2024\/01\/alimentacion-6-scaled.jpg\" title=\"person eating salmon panini sandwich at restaurant\"  data-caption=\"\"  data-description=\"\">\r\n                                <img decoding=\"async\" src=\"\/wp-content\/uploads\/sites\/5\/2024\/01\/alimentacion-6-630x420.jpg\" srcset=\"\/wp-content\/uploads\/sites\/5\/2024\/01\/alimentacion-6-630x420.jpg 630w, \/wp-content\/uploads\/sites\/5\/2024\/01\/alimentacion-6-2048x1365.jpg 2048w, \/wp-content\/uploads\/sites\/5\/2024\/01\/alimentacion-6-1920x1280.jpg 1920w, \/wp-content\/uploads\/sites\/5\/2024\/01\/alimentacion-6-300x200.jpg 300w, \/wp-content\/uploads\/sites\/5\/2024\/01\/alimentacion-6-768x512.jpg 768w, \/wp-content\/uploads\/sites\/5\/2024\/01\/alimentacion-6-1024x683.jpg 1024w, \/wp-content\/uploads\/sites\/5\/2024\/01\/alimentacion-6-1536x1024.jpg 1536w, \/wp-content\/uploads\/sites\/5\/2024\/01\/alimentacion-6-696x464.jpg 696w, \/wp-content\/uploads\/sites\/5\/2024\/01\/alimentacion-6-1068x712.jpg 1068w, \/wp-content\/uploads\/sites\/5\/2024\/01\/alimentacion-6-534x356.jpg 534w\" sizes=\"(max-width: 630px) 100vw, 630px\" alt=\"\">\r\n                            <\/a>\r\n                            \r\n                        <\/figure>\r\n                    <\/div>\r\n                    <div class = \"td-slide-item td-item6\">\r\n                        <figure class=\"td-slide-galery-figure td-slide-popup-gallery\">\r\n                            <a class=\"slide-gallery-image-link\" href=\"\/wp-content\/uploads\/sites\/5\/2024\/01\/alimentacion-2.jpeg\" title=\"alimentacion-2\"  data-caption=\"\"  data-description=\"\">\r\n                                <img decoding=\"async\" src=\"\/wp-content\/uploads\/sites\/5\/2024\/01\/alimentacion-2-630x420.jpeg\" srcset=\"\/wp-content\/uploads\/sites\/5\/2024\/01\/alimentacion-2-630x420.jpeg 630w, \/wp-content\/uploads\/sites\/5\/2024\/01\/alimentacion-2-300x200.jpeg 300w, \/wp-content\/uploads\/sites\/5\/2024\/01\/alimentacion-2-768x512.jpeg 768w, \/wp-content\/uploads\/sites\/5\/2024\/01\/alimentacion-2-1024x682.jpeg 1024w, \/wp-content\/uploads\/sites\/5\/2024\/01\/alimentacion-2-1536x1023.jpeg 1536w, \/wp-content\/uploads\/sites\/5\/2024\/01\/alimentacion-2-696x464.jpeg 696w, \/wp-content\/uploads\/sites\/5\/2024\/01\/alimentacion-2-1068x712.jpeg 1068w, \/wp-content\/uploads\/sites\/5\/2024\/01\/alimentacion-2-534x356.jpeg 534w, \/wp-content\/uploads\/sites\/5\/2024\/01\/alimentacion-2.jpeg 1600w\" sizes=\"(max-width: 630px) 100vw, 630px\" alt=\"\">\r\n                            <\/a>\r\n                            \r\n                        <\/figure>\r\n                    <\/div>\r\n                    <div class = \"td-slide-item td-item7\">\r\n                        <figure class=\"td-slide-galery-figure td-slide-popup-gallery\">\r\n                            <a class=\"slide-gallery-image-link\" href=\"\/wp-content\/uploads\/sites\/5\/2023\/01\/Alimentacion-adecuada-5b.jpg\" title=\"Alimentacion adecuada-5b\"  data-caption=\"\"  data-description=\"\">\r\n                                <img decoding=\"async\" src=\"\/wp-content\/uploads\/sites\/5\/2023\/01\/Alimentacion-adecuada-5b-715x420.jpg\" srcset=\"\/wp-content\/uploads\/sites\/5\/2023\/01\/Alimentacion-adecuada-5b-715x420.jpg 715w, \/wp-content\/uploads\/sites\/5\/2023\/01\/Alimentacion-adecuada-5b-300x176.jpg 300w, \/wp-content\/uploads\/sites\/5\/2023\/01\/Alimentacion-adecuada-5b-768x451.jpg 768w, \/wp-content\/uploads\/sites\/5\/2023\/01\/Alimentacion-adecuada-5b-1024x602.jpg 1024w, \/wp-content\/uploads\/sites\/5\/2023\/01\/Alimentacion-adecuada-5b-696x409.jpg 696w, \/wp-content\/uploads\/sites\/5\/2023\/01\/Alimentacion-adecuada-5b-1068x627.jpg 1068w, \/wp-content\/uploads\/sites\/5\/2023\/01\/Alimentacion-adecuada-5b-534x314.jpg 534w, \/wp-content\/uploads\/sites\/5\/2023\/01\/Alimentacion-adecuada-5b.jpg 1280w\" sizes=\"(max-width: 715px) 100vw, 715px\" alt=\"\">\r\n                            <\/a>\r\n                            \r\n                        <\/figure>\r\n                    <\/div>\r\n                            <\/div>\r\n                        <\/div>\r\n\r\n                        <div class = \"td-doubleSlider-2\">\r\n                            <div class = \"td-slider\">\r\n                                \r\n                    <div class = \"td-button td-item1\">\r\n                        <div class = \"td-border\"><\/div>\r\n                    <\/div>\r\n                    <div class = \"td-button td-item2\">\r\n                        <div class = \"td-border\"><\/div>\r\n                    <\/div>\r\n                    <div class = \"td-button td-item3\">\r\n                        <div class = \"td-border\"><\/div>\r\n                    <\/div>\r\n                    <div class = \"td-button td-item4\">\r\n                        <div class = \"td-border\"><\/div>\r\n                    <\/div>\r\n                    <div class = \"td-button td-item5\">\r\n                        <div class = \"td-border\"><\/div>\r\n                    <\/div>\r\n                    <div class = \"td-button td-item6\">\r\n                        <div class = \"td-border\"><\/div>\r\n                    <\/div>\r\n                    <div class = \"td-button td-item7\">\r\n                        <div class = \"td-border\"><\/div>\r\n                    <\/div>\r\n                            <\/div>\r\n                        <\/div>\r\n\r\n                    <\/div>\r\n\r\n                <\/div>\r\n                ","protected":false},"excerpt":{"rendered":"<p>Muchas familias deciden viajar a playas, r\u00edos y balnearios o asisten a actividades religiosas y al aire libre, por lo que el Instituto Guatemalteco de Seguridad Social recomienda protegerse para evitar enfermedades intestinales y dermatol\u00f3gicas. La doctora Erika Santos, de la Unidad Perif\u00e9rica Zona 5 -UPZ5-, destac\u00f3 que en verano aumentan los casos de infecciones [&hellip;]<\/p>\n","protected":false},"author":1961,"featured_media":41327,"comment_status":"closed","ping_status":"closed","sticky":false,"template":"","format":"standard","meta":{"footnotes":""},"categories":[3,15,1856],"tags":[231,1897,1838,1672],"coauthors":[1448],"class_list":{"0":"post-41326","1":"post","2":"type-post","3":"status-publish","4":"format-standard","5":"has-post-thumbnail","7":"category-actualidad","8":"category-destacado","9":"category-semana-santa-segura-y-sin-accidentes","10":"tag-dermatologia","11":"tag-enfermedades-intestinales","12":"tag-semana-santa-2024","13":"tag-verano"},"_links":{"self":[{"href":"https:\/\/www.igssgt.org\/noticias\/wp-json\/wp\/v2\/posts\/41326","targetHints":{"allow":["GET"]}}],"collection":[{"href":"https:\/\/www.igssgt.org\/noticias\/wp-json\/wp\/v2\/posts"}],"about":[{"href":"https:\/\/www.igssgt.org\/noticias\/wp-json\/wp\/v2\/types\/post"}],"author":[{"embeddable":true,"href":"https:\/\/www.igssgt.org\/noticias\/wp-json\/wp\/v2\/users\/1961"}],"replies":[{"embeddable":true,"href":"https:\/\/www.igssgt.org\/noticias\/wp-json\/wp\/v2\/comments?post=41326"}],"version-history":[{"count":3,"href":"https:\/\/www.igssgt.org\/noticias\/wp-json\/wp\/v2\/posts\/41326\/revisions"}],"predecessor-version":[{"id":41468,"href":"https:\/\/www.igssgt.org\/noticias\/wp-json\/wp\/v2\/posts\/41326\/revisions\/41468"}],"wp:featuredmedia":[{"embeddable":true,"href":"https:\/\/www.igssgt.org\/noticias\/wp-json\/wp\/v2\/media\/41327"}],"wp:attachment":[{"href":"https:\/\/www.igssgt.org\/noticias\/wp-json\/wp\/v2\/media?parent=41326"}],"wp:term":[{"taxonomy":"category","embeddable":true,"href":"https:\/\/www.igssgt.org\/noticias\/wp-json\/wp\/v2\/categories?post=41326"},{"taxonomy":"post_tag","embeddable":true,"href":"https:\/\/www.igssgt.org\/noticias\/wp-json\/wp\/v2\/tags?post=41326"},{"taxonomy":"author","embeddable":true,"href":"https:\/\/www.igssgt.org\/noticias\/wp-json\/wp\/v2\/coauthors?post=41326"}],"curies":[{"name":"wp","href":"https:\/\/api.w.org\/{rel}","templated":true}]}}