{"id":41335,"date":"2024-03-29T06:00:00","date_gmt":"2024-03-29T12:00:00","guid":{"rendered":"https:\/\/www.igssgt.org\/noticias\/?p=41335"},"modified":"2024-03-26T09:47:13","modified_gmt":"2024-03-26T15:47:13","slug":"el-seguro-social-en-apresto-durante-la-semana-santa-2024-2","status":"publish","type":"post","link":"https:\/\/www.igssgt.org\/noticias\/2024\/03\/29\/el-seguro-social-en-apresto-durante-la-semana-santa-2024-2\/","title":{"rendered":"El Seguro Social en apresto durante la Semana Santa 2024"},"content":{"rendered":"\n<p class=\"has-drop-cap\">Para promover y fortalecer la prevenci\u00f3n de accidentes y emergencias durante la Semana Santa 2024, el Seguro Social implement\u00f3 tres grandes estrategias con enfoque en seguridad vial, asistencia en playas y centros recreativos, y promoci\u00f3n de seguridad en conglomerados y eventos masivos.<\/p>\n\n\n<p>El doctor Mynor Mej\u00eda, jefe de la Secci\u00f3n de Seguridad e Higiene y Prevenci\u00f3n de Accidentes, inform\u00f3 que los accidentes de tr\u00e1nsito son una de las principales emergencias que se registran en la \u00e9poca. Por ello, est\u00e1 en marcha una campa\u00f1a para concientizar a los automovilistas para que cumplan con las medidas de seguridad.<\/p>\n<figure id=\"attachment_40229\" aria-describedby=\"caption-attachment-40229\" style=\"width: 1024px\" class=\"wp-caption alignnone\"><a href=\"\/wp-content\/uploads\/sites\/5\/2024\/02\/semana-santa-0.jpeg\" target=\"_blank\" rel=\"noopener\"><img loading=\"lazy\" decoding=\"async\" class=\"wp-image-40229 size-full\" src=\"\/wp-content\/uploads\/sites\/5\/2024\/02\/semana-santa-0.jpeg\" alt=\"\" width=\"1024\" height=\"683\" srcset=\"\/wp-content\/uploads\/sites\/5\/2024\/02\/semana-santa-0.jpeg 1024w, \/wp-content\/uploads\/sites\/5\/2024\/02\/semana-santa-0-300x200.jpeg 300w, \/wp-content\/uploads\/sites\/5\/2024\/02\/semana-santa-0-768x512.jpeg 768w, \/wp-content\/uploads\/sites\/5\/2024\/02\/semana-santa-0-630x420.jpeg 630w, \/wp-content\/uploads\/sites\/5\/2024\/02\/semana-santa-0-696x464.jpeg 696w, \/wp-content\/uploads\/sites\/5\/2024\/02\/semana-santa-0-534x356.jpeg 534w\" sizes=\"auto, (max-width: 1024px) 100vw, 1024px\" \/><\/a><figcaption id=\"caption-attachment-40229\" class=\"wp-caption-text\">El Seguro Social brindar\u00e1 cobertura en 17 playas y centros recreativos de todo el pa\u00eds.<\/figcaption><\/figure>\n<p>La campa\u00f1a incluye la difusi\u00f3n de recomendaciones dirigidas a todos los conductores, principalmente a los motoristas y pilotos del transporte colectivo. Una segunda estrategia es la seguridad en las playas, balnearios y centros recreativos.<\/p>\n<p>Mej\u00eda explic\u00f3 que el Cuerpo de Salvamento est\u00e1 conformado por 60 elementos que de forma permanente est\u00e1n en las playas los fines de semana y d\u00edas festivos. Sin embargo, durante Semana Santa se contratan 90 salvavidas para reforzar la cobertura en 17 playas y centros recreativos de todo el pa\u00eds.<\/p>\n<figure id=\"attachment_40230\" aria-describedby=\"caption-attachment-40230\" style=\"width: 1600px\" class=\"wp-caption alignnone\"><a href=\"\/wp-content\/uploads\/sites\/5\/2024\/02\/semana-santa-1.jpeg\" target=\"_blank\" rel=\"noopener\"><img loading=\"lazy\" decoding=\"async\" class=\"wp-image-40230 size-full\" src=\"\/wp-content\/uploads\/sites\/5\/2024\/02\/semana-santa-1.jpeg\" alt=\"\" width=\"1600\" height=\"952\" srcset=\"\/wp-content\/uploads\/sites\/5\/2024\/02\/semana-santa-1.jpeg 1600w, \/wp-content\/uploads\/sites\/5\/2024\/02\/semana-santa-1-300x179.jpeg 300w, \/wp-content\/uploads\/sites\/5\/2024\/02\/semana-santa-1-768x457.jpeg 768w, \/wp-content\/uploads\/sites\/5\/2024\/02\/semana-santa-1-1024x609.jpeg 1024w, \/wp-content\/uploads\/sites\/5\/2024\/02\/semana-santa-1-1536x914.jpeg 1536w, \/wp-content\/uploads\/sites\/5\/2024\/02\/semana-santa-1-706x420.jpeg 706w, \/wp-content\/uploads\/sites\/5\/2024\/02\/semana-santa-1-696x414.jpeg 696w, \/wp-content\/uploads\/sites\/5\/2024\/02\/semana-santa-1-1068x635.jpeg 1068w, \/wp-content\/uploads\/sites\/5\/2024\/02\/semana-santa-1-534x318.jpeg 534w\" sizes=\"auto, (max-width: 1600px) 100vw, 1600px\" \/><\/a><figcaption id=\"caption-attachment-40230\" class=\"wp-caption-text\">Todas las unidades se declaran en alerta amarilla en la Semana Mayor.<\/figcaption><\/figure>\n<p>En Semana Santa 2023, el Cuerpo de Salvamento realiz\u00f3 m\u00e1s de 10 mil 200 de acciones preventivas y 229 rescates, de los cuales, 30 necesitaron primeros auxilios.<\/p>\n<p>Adicional a estas estrategias, el Seguro Social implementa una campa\u00f1a para la prevenci\u00f3n de accidentes y enfermedades en procesiones, conciertos y festivales.<\/p>\n<p><a href=\"\/wp-content\/uploads\/sites\/5\/2024\/03\/semana-santa-0-1.jpeg\" target=\"_blank\" rel=\"noopener\"><img loading=\"lazy\" decoding=\"async\" class=\"alignnone wp-image-41183 size-full\" src=\"\/wp-content\/uploads\/sites\/5\/2024\/03\/semana-santa-0-1.jpeg\" alt=\"\" width=\"1600\" height=\"1242\" srcset=\"\/wp-content\/uploads\/sites\/5\/2024\/03\/semana-santa-0-1.jpeg 1600w, \/wp-content\/uploads\/sites\/5\/2024\/03\/semana-santa-0-1-300x233.jpeg 300w, \/wp-content\/uploads\/sites\/5\/2024\/03\/semana-santa-0-1-1024x795.jpeg 1024w, \/wp-content\/uploads\/sites\/5\/2024\/03\/semana-santa-0-1-768x596.jpeg 768w, \/wp-content\/uploads\/sites\/5\/2024\/03\/semana-santa-0-1-1536x1192.jpeg 1536w, \/wp-content\/uploads\/sites\/5\/2024\/03\/semana-santa-0-1-541x420.jpeg 541w, \/wp-content\/uploads\/sites\/5\/2024\/03\/semana-santa-0-1-696x540.jpeg 696w, \/wp-content\/uploads\/sites\/5\/2024\/03\/semana-santa-0-1-1068x829.jpeg 1068w, \/wp-content\/uploads\/sites\/5\/2024\/03\/semana-santa-0-1-534x415.jpeg 534w\" sizes=\"auto, (max-width: 1600px) 100vw, 1600px\" \/><\/a><\/p>\n<h3><strong>Alerta amarilla<\/strong><\/h3>\n<p>El profesional inform\u00f3 que la semana previa a la Mayor, todas las unidades del Instituto se declaran en alerta amarilla, lo que implica poner en apresto toda su capacidad de respuesta ante cualquier emergencia.<\/p>\n<p>Para este a\u00f1o, el Seguro Social dispondr\u00e1 de 4 mil 747 enfermeras, 1 mil 296 t\u00e9cnicos, 2 mil 179 m\u00e9dicos; 38 consultorios, 23 hospitales departamentales y 5 hospitales metropolitanos. Asimismo, proporcionar\u00e1 ambulancias y param\u00e9dicos al Sistema Nacional de Prevenci\u00f3n en Semana Santa (SINAPRESE) y mantendr\u00e1 la comunicaci\u00f3n a trav\u00e9s de enlaces interinstitucionales para brindar la atenci\u00f3n y el traslado a hospitales, si es requerido.<\/p>\n<p><a href=\"\/wp-content\/uploads\/sites\/5\/2024\/03\/semana-santa-2-1.jpeg\" target=\"_blank\" rel=\"noopener\"><img loading=\"lazy\" decoding=\"async\" class=\"alignnone wp-image-41185 size-full\" src=\"\/wp-content\/uploads\/sites\/5\/2024\/03\/semana-santa-2-1.jpeg\" alt=\"\" width=\"1600\" height=\"1066\" srcset=\"\/wp-content\/uploads\/sites\/5\/2024\/03\/semana-santa-2-1.jpeg 1600w, \/wp-content\/uploads\/sites\/5\/2024\/03\/semana-santa-2-1-300x200.jpeg 300w, \/wp-content\/uploads\/sites\/5\/2024\/03\/semana-santa-2-1-1024x682.jpeg 1024w, \/wp-content\/uploads\/sites\/5\/2024\/03\/semana-santa-2-1-768x512.jpeg 768w, \/wp-content\/uploads\/sites\/5\/2024\/03\/semana-santa-2-1-1536x1023.jpeg 1536w, \/wp-content\/uploads\/sites\/5\/2024\/03\/semana-santa-2-1-630x420.jpeg 630w, \/wp-content\/uploads\/sites\/5\/2024\/03\/semana-santa-2-1-696x464.jpeg 696w, \/wp-content\/uploads\/sites\/5\/2024\/03\/semana-santa-2-1-1068x712.jpeg 1068w, \/wp-content\/uploads\/sites\/5\/2024\/03\/semana-santa-2-1-534x356.jpeg 534w\" sizes=\"auto, (max-width: 1600px) 100vw, 1600px\" \/><\/a><\/p>\n<p><strong>\u201cTodos ellos est\u00e1n en apresto por cualquier situaci\u00f3n que se presente. El Seguro Social est\u00e1 preparado para cualquier eventualidad a trav\u00e9s de su personal y sus instalaciones\u201d<\/strong>, finaliz\u00f3 Mej\u00eda.<\/p>\n<p><a href=\"\/wp-content\/uploads\/sites\/5\/2024\/03\/semana-santa-4-1.jpeg\" target=\"_blank\" rel=\"noopener\"><img loading=\"lazy\" decoding=\"async\" class=\"alignnone wp-image-41187 size-full\" src=\"\/wp-content\/uploads\/sites\/5\/2024\/03\/semana-santa-4-1.jpeg\" alt=\"\" width=\"1600\" height=\"1199\" srcset=\"\/wp-content\/uploads\/sites\/5\/2024\/03\/semana-santa-4-1.jpeg 1600w, \/wp-content\/uploads\/sites\/5\/2024\/03\/semana-santa-4-1-300x225.jpeg 300w, \/wp-content\/uploads\/sites\/5\/2024\/03\/semana-santa-4-1-1024x767.jpeg 1024w, \/wp-content\/uploads\/sites\/5\/2024\/03\/semana-santa-4-1-768x576.jpeg 768w, \/wp-content\/uploads\/sites\/5\/2024\/03\/semana-santa-4-1-1536x1151.jpeg 1536w, \/wp-content\/uploads\/sites\/5\/2024\/03\/semana-santa-4-1-560x420.jpeg 560w, \/wp-content\/uploads\/sites\/5\/2024\/03\/semana-santa-4-1-80x60.jpeg 80w, \/wp-content\/uploads\/sites\/5\/2024\/03\/semana-santa-4-1-696x522.jpeg 696w, \/wp-content\/uploads\/sites\/5\/2024\/03\/semana-santa-4-1-1068x800.jpeg 1068w, \/wp-content\/uploads\/sites\/5\/2024\/03\/semana-santa-4-1-265x198.jpeg 265w, \/wp-content\/uploads\/sites\/5\/2024\/03\/semana-santa-4-1-534x400.jpeg 534w\" sizes=\"auto, (max-width: 1600px) 100vw, 1600px\" \/><\/a><\/p>","protected":false},"excerpt":{"rendered":"<p>Para promover y fortalecer la prevenci\u00f3n de accidentes y emergencias durante la Semana Santa 2024, el Seguro Social implement\u00f3 tres grandes estrategias con enfoque en seguridad vial, asistencia en playas y centros recreativos, y promoci\u00f3n de seguridad en conglomerados y eventos masivos. El doctor Mynor Mej\u00eda, jefe de la Secci\u00f3n de Seguridad e Higiene y [&hellip;]<\/p>\n","protected":false},"author":1961,"featured_media":40227,"comment_status":"closed","ping_status":"closed","sticky":false,"template":"","format":"standard","meta":{"footnotes":""},"categories":[3,1856],"tags":[1250,1838],"coauthors":[1448],"class_list":{"0":"post-41335","1":"post","2":"type-post","3":"status-publish","4":"format-standard","5":"has-post-thumbnail","7":"category-actualidad","8":"category-semana-santa-segura-y-sin-accidentes","9":"tag-seccion-de-seguridad-e-higiene-y-prevencion-de-accidentes","10":"tag-semana-santa-2024"},"_links":{"self":[{"href":"https:\/\/www.igssgt.org\/noticias\/wp-json\/wp\/v2\/posts\/41335","targetHints":{"allow":["GET"]}}],"collection":[{"href":"https:\/\/www.igssgt.org\/noticias\/wp-json\/wp\/v2\/posts"}],"about":[{"href":"https:\/\/www.igssgt.org\/noticias\/wp-json\/wp\/v2\/types\/post"}],"author":[{"embeddable":true,"href":"https:\/\/www.igssgt.org\/noticias\/wp-json\/wp\/v2\/users\/1961"}],"replies":[{"embeddable":true,"href":"https:\/\/www.igssgt.org\/noticias\/wp-json\/wp\/v2\/comments?post=41335"}],"version-history":[{"count":3,"href":"https:\/\/www.igssgt.org\/noticias\/wp-json\/wp\/v2\/posts\/41335\/revisions"}],"predecessor-version":[{"id":41338,"href":"https:\/\/www.igssgt.org\/noticias\/wp-json\/wp\/v2\/posts\/41335\/revisions\/41338"}],"wp:featuredmedia":[{"embeddable":true,"href":"https:\/\/www.igssgt.org\/noticias\/wp-json\/wp\/v2\/media\/40227"}],"wp:attachment":[{"href":"https:\/\/www.igssgt.org\/noticias\/wp-json\/wp\/v2\/media?parent=41335"}],"wp:term":[{"taxonomy":"category","embeddable":true,"href":"https:\/\/www.igssgt.org\/noticias\/wp-json\/wp\/v2\/categories?post=41335"},{"taxonomy":"post_tag","embeddable":true,"href":"https:\/\/www.igssgt.org\/noticias\/wp-json\/wp\/v2\/tags?post=41335"},{"taxonomy":"author","embeddable":true,"href":"https:\/\/www.igssgt.org\/noticias\/wp-json\/wp\/v2\/coauthors?post=41335"}],"curies":[{"name":"wp","href":"https:\/\/api.w.org\/{rel}","templated":true}]}}