{"id":41366,"date":"2024-03-26T14:30:00","date_gmt":"2024-03-26T20:30:00","guid":{"rendered":"https:\/\/www.igssgt.org\/noticias\/?p=41366"},"modified":"2024-03-26T16:08:50","modified_gmt":"2024-03-26T22:08:50","slug":"cuerpo-de-salvamento-protegera-a-veraneantes-durante-la-semana-santa-2024-2","status":"publish","type":"post","link":"https:\/\/www.igssgt.org\/noticias\/2024\/03\/26\/cuerpo-de-salvamento-protegera-a-veraneantes-durante-la-semana-santa-2024-2\/","title":{"rendered":"Cuerpo de Salvamento proteger\u00e1 a veraneantes durante la Semana Santa 2024"},"content":{"rendered":"\n<p class=\"has-drop-cap\">Los miles de veraneantes que disfrutar\u00e1n de las playas, lagos y balnearios durante la Semana Santa 2024 contar\u00e1n con la protecci\u00f3n y resguardo del Cuerpo de Salvamento del Seguro Social. En total, 150 elementos prestar\u00e1n servicio en 17 playas y centros recreativos de todo el pa\u00eds.<\/p>\n\n\n\n<p>El doctor Mynor Mej\u00eda, jefe de la Secci\u00f3n de Seguridad e Higiene y Prevenci\u00f3n de Accidentes, inform\u00f3 que el Instituto tiene 60 salvavidas permanentes trabajando los fines de semana y d\u00edas festivos. Sin embargo, para este periodo vacacional se contratan 90 m\u00e1s para ampliar la cobertura.<\/p>\n<figure id=\"attachment_41368\" aria-describedby=\"caption-attachment-41368\" style=\"width: 2560px\" class=\"wp-caption aligncenter\"><a href=\"\/wp-content\/uploads\/sites\/5\/2024\/03\/Salvavidas-Guatemala-IGSS-Puerto-San-Jose--scaled.jpg\"><img loading=\"lazy\" decoding=\"async\" class=\"wp-image-41368 size-full\" src=\"\/wp-content\/uploads\/sites\/5\/2024\/03\/Salvavidas-Guatemala-IGSS-Puerto-San-Jose--scaled.jpg\" alt=\"\" width=\"2560\" height=\"1707\" srcset=\"\/wp-content\/uploads\/sites\/5\/2024\/03\/Salvavidas-Guatemala-IGSS-Puerto-San-Jose--scaled.jpg 2560w, \/wp-content\/uploads\/sites\/5\/2024\/03\/Salvavidas-Guatemala-IGSS-Puerto-San-Jose--300x200.jpg 300w, \/wp-content\/uploads\/sites\/5\/2024\/03\/Salvavidas-Guatemala-IGSS-Puerto-San-Jose--1024x683.jpg 1024w, \/wp-content\/uploads\/sites\/5\/2024\/03\/Salvavidas-Guatemala-IGSS-Puerto-San-Jose--768x512.jpg 768w, \/wp-content\/uploads\/sites\/5\/2024\/03\/Salvavidas-Guatemala-IGSS-Puerto-San-Jose--1536x1024.jpg 1536w, \/wp-content\/uploads\/sites\/5\/2024\/03\/Salvavidas-Guatemala-IGSS-Puerto-San-Jose--2048x1365.jpg 2048w, \/wp-content\/uploads\/sites\/5\/2024\/03\/Salvavidas-Guatemala-IGSS-Puerto-San-Jose--630x420.jpg 630w, \/wp-content\/uploads\/sites\/5\/2024\/03\/Salvavidas-Guatemala-IGSS-Puerto-San-Jose--696x464.jpg 696w, \/wp-content\/uploads\/sites\/5\/2024\/03\/Salvavidas-Guatemala-IGSS-Puerto-San-Jose--1068x712.jpg 1068w, \/wp-content\/uploads\/sites\/5\/2024\/03\/Salvavidas-Guatemala-IGSS-Puerto-San-Jose--1920x1280.jpg 1920w, \/wp-content\/uploads\/sites\/5\/2024\/03\/Salvavidas-Guatemala-IGSS-Puerto-San-Jose--534x356.jpg 534w\" sizes=\"auto, (max-width: 2560px) 100vw, 2560px\" \/><\/a><figcaption id=\"caption-attachment-41368\" class=\"wp-caption-text\">Los salvavidas realizan constantes recorridos para prevenir y alertar a los ba\u00f1istas.<\/figcaption><\/figure>\n<p>Los puntos donde estar\u00e1n presentes son Iztapa, Las Lisas, Monterrico, La Empalizada, El Chapet\u00f3n, Tecojate, El Semillero, Tulate, Oc\u00f3s, Tilapa, Boca Barra El Pared\u00f3n, Puerto San Jos\u00e9, Champerico, lago de Atitl\u00e1n y los Centros Recreativos Casa Contenta, Las Ninfas y Vacacional Guayac\u00e1n.<\/p>\n<p>Mej\u00eda indic\u00f3 que el servicio estar\u00e1 disponible desde el mi\u00e9rcoles 27 hasta el domingo 31 de marzo, de 6:00 a 18:00 horas. \u201cEs importante tomar esto en cuenta porque ser\u00e1 en ese horario que la poblaci\u00f3n tendr\u00e1 a alguien en apresto por cualquier situaci\u00f3n\u201d, dijo.<\/p>\n<p>Los salvavidas est\u00e1n en constante capacitaci\u00f3n y se preparan f\u00edsicamente para cualquier eventualidad. De igual manera, los 90 elementos contratados fueron evaluados en nado, resistencia y rescates acu\u00e1ticos. Previo a la Semana Mayor se les reitera todo lo referente a los primeros auxilios y Reanimaci\u00f3n Cardiopulmonar (RCP).<\/p>\n<figure id=\"attachment_41369\" aria-describedby=\"caption-attachment-41369\" style=\"width: 1024px\" class=\"wp-caption aligncenter\"><a href=\"\/wp-content\/uploads\/sites\/5\/2024\/03\/Salvavidas-Guatemala-IGSS-02-Puerto-San-Jose.jpeg\"><img loading=\"lazy\" decoding=\"async\" class=\"wp-image-41369 size-full\" src=\"\/wp-content\/uploads\/sites\/5\/2024\/03\/Salvavidas-Guatemala-IGSS-02-Puerto-San-Jose.jpeg\" alt=\"\" width=\"1024\" height=\"683\" srcset=\"\/wp-content\/uploads\/sites\/5\/2024\/03\/Salvavidas-Guatemala-IGSS-02-Puerto-San-Jose.jpeg 1024w, \/wp-content\/uploads\/sites\/5\/2024\/03\/Salvavidas-Guatemala-IGSS-02-Puerto-San-Jose-300x200.jpeg 300w, \/wp-content\/uploads\/sites\/5\/2024\/03\/Salvavidas-Guatemala-IGSS-02-Puerto-San-Jose-768x512.jpeg 768w, \/wp-content\/uploads\/sites\/5\/2024\/03\/Salvavidas-Guatemala-IGSS-02-Puerto-San-Jose-630x420.jpeg 630w, \/wp-content\/uploads\/sites\/5\/2024\/03\/Salvavidas-Guatemala-IGSS-02-Puerto-San-Jose-696x464.jpeg 696w, \/wp-content\/uploads\/sites\/5\/2024\/03\/Salvavidas-Guatemala-IGSS-02-Puerto-San-Jose-534x356.jpeg 534w\" sizes=\"auto, (max-width: 1024px) 100vw, 1024px\" \/><\/a><figcaption id=\"caption-attachment-41369\" class=\"wp-caption-text\">El Cuerpo de Salvamento cuenta con m\u00e1s de 50 a\u00f1os de servicio.<\/figcaption><\/figure>\n<p>El Cuerpo de Salvamento tiene m\u00e1s de 50 a\u00f1os y es el \u00fanico certificado y registrado en Guatemala. Solo en la Semana Santa 2023, realiz\u00f3 m\u00e1s de 10 mil 200 acciones preventivas y 229 rescates, de los cuales 30 necesitaron RCP.<\/p>\n<p>\u201cAl puerto San Jos\u00e9 llegan m\u00e1s de 150 mil personas diariamente durante este periodo. Por ello se instala un consultorio dotado de una ambulancia en cercan\u00edas de la playa\u201d, resalt\u00f3.<\/p>\n<p>Adem\u00e1s, el especialista recomend\u00f3 ba\u00f1arse en lugares con presencia de salvavidas del Seguro Social, seguir las medidas y recomendaciones del Cuerpo de Salvamento, no consumir alcohol, protegerse del sol y no dejar solos a los ni\u00f1os y adultos mayores.<\/p>\n\r\n                <style type=\"text\/css\">\r\n                    \r\n                    #tdi_1  .td-doubleSlider-2 .td-item1 {\r\n                        background: url(\/wp-content\/uploads\/sites\/5\/2024\/03\/Salvaidas-IGSS-Guatemala-Semana-Santa-2024-4-80x60.jpg) 0 0 no-repeat;\r\n                    }\r\n                    #tdi_1  .td-doubleSlider-2 .td-item2 {\r\n                        background: url(\/wp-content\/uploads\/sites\/5\/2024\/03\/Salvaidas-IGSS-Guatemala-Semana-Santa-2024-2-80x60.jpg) 0 0 no-repeat;\r\n                    }\r\n                    #tdi_1  .td-doubleSlider-2 .td-item3 {\r\n                        background: url(\/wp-content\/uploads\/sites\/5\/2024\/03\/Salvaidas-IGSS-Guatemala-Semana-Santa-2024-1-80x60.jpg) 0 0 no-repeat;\r\n                    }\r\n                    #tdi_1  .td-doubleSlider-2 .td-item4 {\r\n                        background: url(\/wp-content\/uploads\/sites\/5\/2024\/03\/Salvaidas-IGSS-Guatemala-Semana-Santa-2024-3-80x60.jpg) 0 0 no-repeat;\r\n                    }\r\n                <\/style>\r\n\r\n                <div id=\"tdi_1\" class=\"td-gallery td-slide-on-2-columns\">\r\n                    <div class=\"post_td_gallery\">\r\n                        <div class=\"td-gallery-slide-top\">\r\n                           <div class=\"td-gallery-title\">Galer\u00eda de Im\u00e1genes<\/div>\r\n\r\n                            <div class=\"td-gallery-controls-wrapper\">\r\n                                <div class=\"td-gallery-slide-count\"><span class=\"td-gallery-slide-item-focus\">1<\/span> de 4<\/div>\r\n                                <div class=\"td-gallery-slide-prev-next-but\">\r\n                                    <i class = \"td-icon-left doubleSliderPrevButton\"><\/i>\r\n                                    <i class = \"td-icon-right doubleSliderNextButton\"><\/i>\r\n                                <\/div>\r\n                            <\/div>\r\n                        <\/div>\r\n\r\n                        <div class = \"td-doubleSlider-1 \">\r\n                            <div class = \"td-slider\">\r\n                                \r\n                    <div class = \"td-slide-item td-item1\">\r\n                        <figure class=\"td-slide-galery-figure td-slide-popup-gallery\">\r\n                            <a class=\"slide-gallery-image-link\" href=\"\/wp-content\/uploads\/sites\/5\/2024\/03\/Salvaidas-IGSS-Guatemala-Semana-Santa-2024-4-scaled.jpg\" title=\"Salvaidas IGSS Guatemala Semana Santa 2024-4\"  data-caption=\"\"  data-description=\"\">\r\n                                <img decoding=\"async\" src=\"\/wp-content\/uploads\/sites\/5\/2024\/03\/Salvaidas-IGSS-Guatemala-Semana-Santa-2024-4-630x420.jpg\" srcset=\"\/wp-content\/uploads\/sites\/5\/2024\/03\/Salvaidas-IGSS-Guatemala-Semana-Santa-2024-4-630x420.jpg 630w, \/wp-content\/uploads\/sites\/5\/2024\/03\/Salvaidas-IGSS-Guatemala-Semana-Santa-2024-4-300x200.jpg 300w, \/wp-content\/uploads\/sites\/5\/2024\/03\/Salvaidas-IGSS-Guatemala-Semana-Santa-2024-4-1024x683.jpg 1024w, \/wp-content\/uploads\/sites\/5\/2024\/03\/Salvaidas-IGSS-Guatemala-Semana-Santa-2024-4-768x512.jpg 768w, \/wp-content\/uploads\/sites\/5\/2024\/03\/Salvaidas-IGSS-Guatemala-Semana-Santa-2024-4-1536x1024.jpg 1536w, \/wp-content\/uploads\/sites\/5\/2024\/03\/Salvaidas-IGSS-Guatemala-Semana-Santa-2024-4-2048x1365.jpg 2048w, \/wp-content\/uploads\/sites\/5\/2024\/03\/Salvaidas-IGSS-Guatemala-Semana-Santa-2024-4-696x464.jpg 696w, \/wp-content\/uploads\/sites\/5\/2024\/03\/Salvaidas-IGSS-Guatemala-Semana-Santa-2024-4-1068x712.jpg 1068w, \/wp-content\/uploads\/sites\/5\/2024\/03\/Salvaidas-IGSS-Guatemala-Semana-Santa-2024-4-1920x1280.jpg 1920w, \/wp-content\/uploads\/sites\/5\/2024\/03\/Salvaidas-IGSS-Guatemala-Semana-Santa-2024-4-534x356.jpg 534w\" sizes=\"(max-width: 630px) 100vw, 630px\" alt=\"\">\r\n                            <\/a>\r\n                            \r\n                        <\/figure>\r\n                    <\/div>\r\n                    <div class = \"td-slide-item td-item2\">\r\n                        <figure class=\"td-slide-galery-figure td-slide-popup-gallery\">\r\n                            <a class=\"slide-gallery-image-link\" href=\"\/wp-content\/uploads\/sites\/5\/2024\/03\/Salvaidas-IGSS-Guatemala-Semana-Santa-2024-2-scaled.jpg\" title=\"Salvaidas IGSS Guatemala Semana Santa 2024-2\"  data-caption=\"\"  data-description=\"\">\r\n                                <img decoding=\"async\" src=\"\/wp-content\/uploads\/sites\/5\/2024\/03\/Salvaidas-IGSS-Guatemala-Semana-Santa-2024-2-630x420.jpg\" srcset=\"\/wp-content\/uploads\/sites\/5\/2024\/03\/Salvaidas-IGSS-Guatemala-Semana-Santa-2024-2-630x420.jpg 630w, \/wp-content\/uploads\/sites\/5\/2024\/03\/Salvaidas-IGSS-Guatemala-Semana-Santa-2024-2-300x200.jpg 300w, \/wp-content\/uploads\/sites\/5\/2024\/03\/Salvaidas-IGSS-Guatemala-Semana-Santa-2024-2-1024x682.jpg 1024w, \/wp-content\/uploads\/sites\/5\/2024\/03\/Salvaidas-IGSS-Guatemala-Semana-Santa-2024-2-768x512.jpg 768w, \/wp-content\/uploads\/sites\/5\/2024\/03\/Salvaidas-IGSS-Guatemala-Semana-Santa-2024-2-1536x1023.jpg 1536w, \/wp-content\/uploads\/sites\/5\/2024\/03\/Salvaidas-IGSS-Guatemala-Semana-Santa-2024-2-2048x1364.jpg 2048w, \/wp-content\/uploads\/sites\/5\/2024\/03\/Salvaidas-IGSS-Guatemala-Semana-Santa-2024-2-696x464.jpg 696w, \/wp-content\/uploads\/sites\/5\/2024\/03\/Salvaidas-IGSS-Guatemala-Semana-Santa-2024-2-1068x712.jpg 1068w, \/wp-content\/uploads\/sites\/5\/2024\/03\/Salvaidas-IGSS-Guatemala-Semana-Santa-2024-2-1920x1279.jpg 1920w, \/wp-content\/uploads\/sites\/5\/2024\/03\/Salvaidas-IGSS-Guatemala-Semana-Santa-2024-2-534x356.jpg 534w\" sizes=\"(max-width: 630px) 100vw, 630px\" alt=\"\">\r\n                            <\/a>\r\n                            \r\n                        <\/figure>\r\n                    <\/div>\r\n                    <div class = \"td-slide-item td-item3\">\r\n                        <figure class=\"td-slide-galery-figure td-slide-popup-gallery\">\r\n                            <a class=\"slide-gallery-image-link\" href=\"\/wp-content\/uploads\/sites\/5\/2024\/03\/Salvaidas-IGSS-Guatemala-Semana-Santa-2024-1.jpg\" title=\"Salvaidas IGSS Guatemala Semana Santa 2024-1\"  data-caption=\"\"  data-description=\"\">\r\n                                <img decoding=\"async\" src=\"\/wp-content\/uploads\/sites\/5\/2024\/03\/Salvaidas-IGSS-Guatemala-Semana-Santa-2024-1-630x420.jpg\" srcset=\"\/wp-content\/uploads\/sites\/5\/2024\/03\/Salvaidas-IGSS-Guatemala-Semana-Santa-2024-1-630x420.jpg 630w, \/wp-content\/uploads\/sites\/5\/2024\/03\/Salvaidas-IGSS-Guatemala-Semana-Santa-2024-1-300x200.jpg 300w, \/wp-content\/uploads\/sites\/5\/2024\/03\/Salvaidas-IGSS-Guatemala-Semana-Santa-2024-1-768x512.jpg 768w, \/wp-content\/uploads\/sites\/5\/2024\/03\/Salvaidas-IGSS-Guatemala-Semana-Santa-2024-1-696x464.jpg 696w, \/wp-content\/uploads\/sites\/5\/2024\/03\/Salvaidas-IGSS-Guatemala-Semana-Santa-2024-1-534x356.jpg 534w, \/wp-content\/uploads\/sites\/5\/2024\/03\/Salvaidas-IGSS-Guatemala-Semana-Santa-2024-1.jpg 1024w\" sizes=\"(max-width: 630px) 100vw, 630px\" alt=\"\">\r\n                            <\/a>\r\n                            \r\n                        <\/figure>\r\n                    <\/div>\r\n                    <div class = \"td-slide-item td-item4\">\r\n                        <figure class=\"td-slide-galery-figure td-slide-popup-gallery\">\r\n                            <a class=\"slide-gallery-image-link\" href=\"\/wp-content\/uploads\/sites\/5\/2024\/03\/Salvaidas-IGSS-Guatemala-Semana-Santa-2024-3.jpg\" title=\"Salvaidas IGSS Guatemala Semana Santa 2024-3\"  data-caption=\"\"  data-description=\"\">\r\n                                <img decoding=\"async\" src=\"\/wp-content\/uploads\/sites\/5\/2024\/03\/Salvaidas-IGSS-Guatemala-Semana-Santa-2024-3-631x420.jpg\" srcset=\"\/wp-content\/uploads\/sites\/5\/2024\/03\/Salvaidas-IGSS-Guatemala-Semana-Santa-2024-3-631x420.jpg 631w, \/wp-content\/uploads\/sites\/5\/2024\/03\/Salvaidas-IGSS-Guatemala-Semana-Santa-2024-3-300x200.jpg 300w, \/wp-content\/uploads\/sites\/5\/2024\/03\/Salvaidas-IGSS-Guatemala-Semana-Santa-2024-3-768x512.jpg 768w, \/wp-content\/uploads\/sites\/5\/2024\/03\/Salvaidas-IGSS-Guatemala-Semana-Santa-2024-3-696x464.jpg 696w, \/wp-content\/uploads\/sites\/5\/2024\/03\/Salvaidas-IGSS-Guatemala-Semana-Santa-2024-3-534x356.jpg 534w, \/wp-content\/uploads\/sites\/5\/2024\/03\/Salvaidas-IGSS-Guatemala-Semana-Santa-2024-3.jpg 1024w\" sizes=\"(max-width: 631px) 100vw, 631px\" alt=\"\">\r\n                            <\/a>\r\n                            \r\n                        <\/figure>\r\n                    <\/div>\r\n                            <\/div>\r\n                        <\/div>\r\n\r\n                        <div class = \"td-doubleSlider-2\">\r\n                            <div class = \"td-slider\">\r\n                                \r\n                    <div class = \"td-button td-item1\">\r\n                        <div class = \"td-border\"><\/div>\r\n                    <\/div>\r\n                    <div class = \"td-button td-item2\">\r\n                        <div class = \"td-border\"><\/div>\r\n                    <\/div>\r\n                    <div class = \"td-button td-item3\">\r\n                        <div class = \"td-border\"><\/div>\r\n                    <\/div>\r\n                    <div class = \"td-button td-item4\">\r\n                        <div class = \"td-border\"><\/div>\r\n                    <\/div>\r\n                            <\/div>\r\n                        <\/div>\r\n\r\n                    <\/div>\r\n\r\n                <\/div>\r\n                \n<p>\u00a0<\/p>\n","protected":false},"excerpt":{"rendered":"<p>Los miles de veraneantes que disfrutar\u00e1n de las playas, lagos y balnearios durante la Semana Santa 2024 contar\u00e1n con la protecci\u00f3n y resguardo del Cuerpo de Salvamento del Seguro Social. En total, 150 elementos prestar\u00e1n servicio en 17 playas y centros recreativos de todo el pa\u00eds. El doctor Mynor Mej\u00eda, jefe de la Secci\u00f3n de [&hellip;]<\/p>\n","protected":false},"author":4,"featured_media":41367,"comment_status":"closed","ping_status":"closed","sticky":false,"template":"","format":"standard","meta":{"footnotes":""},"categories":[32,1856],"tags":[216,1896,770,1838],"coauthors":[],"class_list":{"0":"post-41366","1":"post","2":"type-post","3":"status-publish","4":"format-standard","5":"has-post-thumbnail","7":"category-salvavidas","8":"category-semana-santa-segura-y-sin-accidentes","9":"tag-cuerpo-de-salvamento-del-igss","10":"tag-salvavidas-guatemala","11":"tag-salvavidas-igss","12":"tag-semana-santa-2024"},"_links":{"self":[{"href":"https:\/\/www.igssgt.org\/noticias\/wp-json\/wp\/v2\/posts\/41366","targetHints":{"allow":["GET"]}}],"collection":[{"href":"https:\/\/www.igssgt.org\/noticias\/wp-json\/wp\/v2\/posts"}],"about":[{"href":"https:\/\/www.igssgt.org\/noticias\/wp-json\/wp\/v2\/types\/post"}],"author":[{"embeddable":true,"href":"https:\/\/www.igssgt.org\/noticias\/wp-json\/wp\/v2\/users\/4"}],"replies":[{"embeddable":true,"href":"https:\/\/www.igssgt.org\/noticias\/wp-json\/wp\/v2\/comments?post=41366"}],"version-history":[{"count":1,"href":"https:\/\/www.igssgt.org\/noticias\/wp-json\/wp\/v2\/posts\/41366\/revisions"}],"predecessor-version":[{"id":41374,"href":"https:\/\/www.igssgt.org\/noticias\/wp-json\/wp\/v2\/posts\/41366\/revisions\/41374"}],"wp:featuredmedia":[{"embeddable":true,"href":"https:\/\/www.igssgt.org\/noticias\/wp-json\/wp\/v2\/media\/41367"}],"wp:attachment":[{"href":"https:\/\/www.igssgt.org\/noticias\/wp-json\/wp\/v2\/media?parent=41366"}],"wp:term":[{"taxonomy":"category","embeddable":true,"href":"https:\/\/www.igssgt.org\/noticias\/wp-json\/wp\/v2\/categories?post=41366"},{"taxonomy":"post_tag","embeddable":true,"href":"https:\/\/www.igssgt.org\/noticias\/wp-json\/wp\/v2\/tags?post=41366"},{"taxonomy":"author","embeddable":true,"href":"https:\/\/www.igssgt.org\/noticias\/wp-json\/wp\/v2\/coauthors?post=41366"}],"curies":[{"name":"wp","href":"https:\/\/api.w.org\/{rel}","templated":true}]}}