{"id":41577,"date":"2024-04-13T06:00:00","date_gmt":"2024-04-13T12:00:00","guid":{"rendered":"https:\/\/www.igssgt.org\/noticias\/?p=41577"},"modified":"2024-04-11T10:03:49","modified_gmt":"2024-04-11T16:03:49","slug":"pediatria-joyabaj-zona-11-llama-a-prevenir-enfermedades-gastrointestinales","status":"publish","type":"post","link":"https:\/\/www.igssgt.org\/noticias\/2024\/04\/13\/pediatria-joyabaj-zona-11-llama-a-prevenir-enfermedades-gastrointestinales\/","title":{"rendered":"Pediatr\u00eda Joyabaj Zona 11 llama a prevenir enfermedades gastrointestinales"},"content":{"rendered":"\n<p class=\"has-drop-cap\">D\u00edas previos y posteriores a la Semana Santa, en el \u00c1rea de Pediatr\u00eda Joyabaj, de la Unidad Perif\u00e9rica Zona 11, se ha observado un repunte de casos de diarreas, v\u00f3mitos y fiebres en su mayor\u00eda en ni\u00f1os de 2 a 5 a\u00f1os.<\/p>\n\n\n<p>El m\u00e9dico pediatra, doctor Carlos Reyes, se refiri\u00f3 a los s\u00edntomas que a diario ven en las cl\u00ednicas <strong>\u201cesta \u00e9poca calurosa favorece a que se reproduzcan m\u00e1s los virus que entre el 75 al 90 por ciento son cuadros virales como rotavirus, adenovirus y norovirus: esto puede deberse a que hay m\u00e1s actividades recreativas, por lo tanto, se descuida la higiene\u201d<\/strong>, afirm\u00f3.<\/p>\n<figure id=\"attachment_41580\" aria-describedby=\"caption-attachment-41580\" style=\"width: 1050px\" class=\"wp-caption alignnone\"><a href=\"\/wp-content\/uploads\/sites\/5\/2024\/04\/pediatria-1.jpeg\" target=\"_blank\" rel=\"noopener\"><img loading=\"lazy\" decoding=\"async\" class=\"wp-image-41580 size-full\" src=\"\/wp-content\/uploads\/sites\/5\/2024\/04\/pediatria-1.jpeg\" alt=\"\" width=\"1050\" height=\"725\" srcset=\"\/wp-content\/uploads\/sites\/5\/2024\/04\/pediatria-1.jpeg 1050w, \/wp-content\/uploads\/sites\/5\/2024\/04\/pediatria-1-300x207.jpeg 300w, \/wp-content\/uploads\/sites\/5\/2024\/04\/pediatria-1-1024x707.jpeg 1024w, \/wp-content\/uploads\/sites\/5\/2024\/04\/pediatria-1-768x530.jpeg 768w, \/wp-content\/uploads\/sites\/5\/2024\/04\/pediatria-1-608x420.jpeg 608w, \/wp-content\/uploads\/sites\/5\/2024\/04\/pediatria-1-218x150.jpeg 218w, \/wp-content\/uploads\/sites\/5\/2024\/04\/pediatria-1-696x481.jpeg 696w, \/wp-content\/uploads\/sites\/5\/2024\/04\/pediatria-1-100x70.jpeg 100w, \/wp-content\/uploads\/sites\/5\/2024\/04\/pediatria-1-534x369.jpeg 534w\" sizes=\"auto, (max-width: 1050px) 100vw, 1050px\" \/><\/a><figcaption id=\"caption-attachment-41580\" class=\"wp-caption-text\">El doctor Carlos Reyes de la Pediatr\u00eda Joyabaj, de la Unidad Perif\u00e9rica Zona 11 da indicaciones en caso de que los infantes presenten s\u00edntomas.<\/figcaption><\/figure>\n<h3><strong>S\u00edntomas<\/strong><\/h3>\n<ul>\n<li>Deposiciones sueltas, l\u00edquidas y frecuentes<\/li>\n<li>Deshidrataci\u00f3n<\/li>\n<li>Temperaturas de 38.5 grados<\/li>\n<\/ul>\n<figure id=\"attachment_41581\" aria-describedby=\"caption-attachment-41581\" style=\"width: 1198px\" class=\"wp-caption alignnone\"><a href=\"\/wp-content\/uploads\/sites\/5\/2024\/04\/pediatria-2.jpeg\" target=\"_blank\" rel=\"noopener\"><img loading=\"lazy\" decoding=\"async\" class=\"wp-image-41581 size-full\" src=\"\/wp-content\/uploads\/sites\/5\/2024\/04\/pediatria-2.jpeg\" alt=\"\" width=\"1198\" height=\"709\" srcset=\"\/wp-content\/uploads\/sites\/5\/2024\/04\/pediatria-2.jpeg 1198w, \/wp-content\/uploads\/sites\/5\/2024\/04\/pediatria-2-300x178.jpeg 300w, \/wp-content\/uploads\/sites\/5\/2024\/04\/pediatria-2-1024x606.jpeg 1024w, \/wp-content\/uploads\/sites\/5\/2024\/04\/pediatria-2-768x455.jpeg 768w, \/wp-content\/uploads\/sites\/5\/2024\/04\/pediatria-2-710x420.jpeg 710w, \/wp-content\/uploads\/sites\/5\/2024\/04\/pediatria-2-696x412.jpeg 696w, \/wp-content\/uploads\/sites\/5\/2024\/04\/pediatria-2-1068x632.jpeg 1068w, \/wp-content\/uploads\/sites\/5\/2024\/04\/pediatria-2-534x316.jpeg 534w\" sizes=\"auto, (max-width: 1198px) 100vw, 1198px\" \/><\/a><figcaption id=\"caption-attachment-41581\" class=\"wp-caption-text\">Los menores de entre 2 y 5 a\u00f1os son los m\u00e1s afectados por las enfermedades gastrointestinales.<\/figcaption><\/figure>\n<h3><strong>Recomendaciones<\/strong><\/h3>\n<ul>\n<li>Evitar situaciones y conductas que provoquen que el ni\u00f1o se mantenga sucio<\/li>\n<li>Correcto lavado de manos<\/li>\n<li>Cuidar la higiene en la preparaci\u00f3n de alimentos<\/li>\n<li>Optar por la lactancia materna en menores de 1 a\u00f1o<\/li>\n<li>Si ya presenta alg\u00fan s\u00edntoma en casa mantenerlo hidratado con sueros orales<\/li>\n<\/ul>\n<figure id=\"attachment_41583\" aria-describedby=\"caption-attachment-41583\" style=\"width: 1123px\" class=\"wp-caption alignnone\"><a href=\"\/wp-content\/uploads\/sites\/5\/2024\/04\/pediatria-4.jpeg\" target=\"_blank\" rel=\"noopener\"><img loading=\"lazy\" decoding=\"async\" class=\"wp-image-41583 size-full\" src=\"\/wp-content\/uploads\/sites\/5\/2024\/04\/pediatria-4.jpeg\" alt=\"\" width=\"1123\" height=\"720\" srcset=\"\/wp-content\/uploads\/sites\/5\/2024\/04\/pediatria-4.jpeg 1123w, \/wp-content\/uploads\/sites\/5\/2024\/04\/pediatria-4-300x192.jpeg 300w, \/wp-content\/uploads\/sites\/5\/2024\/04\/pediatria-4-1024x657.jpeg 1024w, \/wp-content\/uploads\/sites\/5\/2024\/04\/pediatria-4-768x492.jpeg 768w, \/wp-content\/uploads\/sites\/5\/2024\/04\/pediatria-4-655x420.jpeg 655w, \/wp-content\/uploads\/sites\/5\/2024\/04\/pediatria-4-696x446.jpeg 696w, \/wp-content\/uploads\/sites\/5\/2024\/04\/pediatria-4-1068x685.jpeg 1068w, \/wp-content\/uploads\/sites\/5\/2024\/04\/pediatria-4-534x342.jpeg 534w\" sizes=\"auto, (max-width: 1123px) 100vw, 1123px\" \/><\/a><figcaption id=\"caption-attachment-41583\" class=\"wp-caption-text\">Buscar ayuda profesional es de suma importancia en caso de tener a un menor con s\u00edntomas.<\/figcaption><\/figure>\n<p><strong>\u201cAcudir al m\u00e9dico inmediatamente si la fiebre no desciende, si presenta dolor abdominal o rectal, ojos hundidos, resequedad en boca, depresi\u00f3n de la fontanela, heces con sangre o negras y si el menor de edad no ha orinado por m\u00e1s de tres horas\u201d<\/strong>, dijo el doctor Reyes.<\/p>\n<p>La Pediatr\u00eda presta atenci\u00f3n en tres jornadas de lunes a viernes (7:00, 11:00 y 15:00 horas) cuenta con tres Cl\u00ednicas de Ni\u00f1o Sano, nueve de ni\u00f1o enfermo, Traumatolog\u00eda, Psicolog\u00eda, Nutrici\u00f3n, Odontolog\u00eda e Hipodermia.<\/p>\n<table style=\"border-collapse: collapse;width: 100%\">\n<tbody>\n<tr>\n<td style=\"width: 50%;text-align: center;background-color: #d4ed6f\" colspan=\"2\"><strong>Vol\u00famen de atenci\u00f3n en Pediatr\u00eda Joyabaj<\/strong><\/td>\n<\/tr>\n<tr>\n<td style=\"width: 50%;text-align: center;background-color: #d4ed6f\"><strong>A\u00d1O<\/strong><\/td>\n<td style=\"width: 50%;text-align: center;background-color: #d4ed6f\"><strong>PACIENTES<\/strong><\/td>\n<\/tr>\n<tr>\n<td style=\"width: 50%;text-align: center;background-color: #d4ed6f\">2023<\/td>\n<td style=\"width: 50%;text-align: center;background-color: #d4ed6f\">65,965<\/td>\n<\/tr>\n<tr>\n<td style=\"width: 50%;text-align: center;background-color: #d4ed6f\">2024<\/td>\n<td style=\"width: 50%;text-align: center;background-color: #d4ed6f\">16,361<\/td>\n<\/tr>\n<tr>\n<td style=\"width: 50%;text-align: center;background-color: #d4ed6f\" colspan=\"2\"><sub><strong>Fuente:<\/strong> Departamento de Estad\u00edstica Unidad Perif\u00e9rica Zona 11.<\/sub><\/td>\n<\/tr>\n<\/tbody>\n<\/table>","protected":false},"excerpt":{"rendered":"<p>D\u00edas previos y posteriores a la Semana Santa, en el \u00c1rea de Pediatr\u00eda Joyabaj, de la Unidad Perif\u00e9rica Zona 11, se ha observado un repunte de casos de diarreas, v\u00f3mitos y fiebres en su mayor\u00eda en ni\u00f1os de 2 a 5 a\u00f1os. El m\u00e9dico pediatra, doctor Carlos Reyes, se refiri\u00f3 a los s\u00edntomas que a [&hellip;]<\/p>\n","protected":false},"author":1961,"featured_media":41582,"comment_status":"closed","ping_status":"closed","sticky":false,"template":"","format":"standard","meta":{"footnotes":""},"categories":[3,24],"tags":[1632,727,1443],"coauthors":[1448],"class_list":{"0":"post-41577","1":"post","2":"type-post","3":"status-publish","4":"format-standard","5":"has-post-thumbnail","7":"category-actualidad","8":"category-pediatria","9":"tag-pediatria-del-igss-2","10":"tag-prevencion-igss","11":"tag-unidad-periferica-zona-11"},"_links":{"self":[{"href":"https:\/\/www.igssgt.org\/noticias\/wp-json\/wp\/v2\/posts\/41577","targetHints":{"allow":["GET"]}}],"collection":[{"href":"https:\/\/www.igssgt.org\/noticias\/wp-json\/wp\/v2\/posts"}],"about":[{"href":"https:\/\/www.igssgt.org\/noticias\/wp-json\/wp\/v2\/types\/post"}],"author":[{"embeddable":true,"href":"https:\/\/www.igssgt.org\/noticias\/wp-json\/wp\/v2\/users\/1961"}],"replies":[{"embeddable":true,"href":"https:\/\/www.igssgt.org\/noticias\/wp-json\/wp\/v2\/comments?post=41577"}],"version-history":[{"count":3,"href":"https:\/\/www.igssgt.org\/noticias\/wp-json\/wp\/v2\/posts\/41577\/revisions"}],"predecessor-version":[{"id":41584,"href":"https:\/\/www.igssgt.org\/noticias\/wp-json\/wp\/v2\/posts\/41577\/revisions\/41584"}],"wp:featuredmedia":[{"embeddable":true,"href":"https:\/\/www.igssgt.org\/noticias\/wp-json\/wp\/v2\/media\/41582"}],"wp:attachment":[{"href":"https:\/\/www.igssgt.org\/noticias\/wp-json\/wp\/v2\/media?parent=41577"}],"wp:term":[{"taxonomy":"category","embeddable":true,"href":"https:\/\/www.igssgt.org\/noticias\/wp-json\/wp\/v2\/categories?post=41577"},{"taxonomy":"post_tag","embeddable":true,"href":"https:\/\/www.igssgt.org\/noticias\/wp-json\/wp\/v2\/tags?post=41577"},{"taxonomy":"author","embeddable":true,"href":"https:\/\/www.igssgt.org\/noticias\/wp-json\/wp\/v2\/coauthors?post=41577"}],"curies":[{"name":"wp","href":"https:\/\/api.w.org\/{rel}","templated":true}]}}