{"id":41789,"date":"2024-04-22T09:03:57","date_gmt":"2024-04-22T15:03:57","guid":{"rendered":"https:\/\/www.igssgt.org\/noticias\/?p=41789"},"modified":"2024-04-22T10:54:16","modified_gmt":"2024-04-22T16:54:16","slug":"el-seguro-social-se-une-a-la-semana-de-la-vacunacion-en-las-americas","status":"publish","type":"post","link":"https:\/\/www.igssgt.org\/noticias\/2024\/04\/22\/el-seguro-social-se-une-a-la-semana-de-la-vacunacion-en-las-americas\/","title":{"rendered":"El Seguro Social se une a la Semana de la Vacunaci\u00f3n en las Am\u00e9ricas"},"content":{"rendered":"\n<p class=\"has-drop-cap\">El Instituto Guatemalteco de Seguridad Social (IGSS) se une al compromiso de pa\u00eds para conmemorar la Semana de la Vacunaci\u00f3n en las Am\u00e9ricas, que se llevar\u00e1 a cabo del 20 al 27 de abril bajo el lema <strong>\u201cAct\u00faa ahora para proteger tu futuro\u201d<\/strong>.<\/p>\n\n\n<p>La doctora M\u00f3nica Rodr\u00edguez, encargada de la Secci\u00f3n de Higiene Materno Infantil, inform\u00f3 que el Seguro Social desarrollar\u00e1 diferentes estrategias en sus unidades m\u00e9dicas para fortalecer y completar los esquemas de vacunaci\u00f3n de la poblaci\u00f3n afiliada y derechohabiente.<\/p>\n<figure id=\"attachment_41792\" aria-describedby=\"caption-attachment-41792\" style=\"width: 352px\" class=\"wp-caption alignright\"><a href=\"\/wp-content\/uploads\/sites\/5\/2024\/04\/vacunacion-2.jpeg\" target=\"_blank\" rel=\"noopener\"><img loading=\"lazy\" decoding=\"async\" class=\"wp-image-41792\" src=\"\/wp-content\/uploads\/sites\/5\/2024\/04\/vacunacion-2.jpeg\" alt=\"\" width=\"352\" height=\"431\" srcset=\"\/wp-content\/uploads\/sites\/5\/2024\/04\/vacunacion-2.jpeg 1306w, \/wp-content\/uploads\/sites\/5\/2024\/04\/vacunacion-2-245x300.jpeg 245w, \/wp-content\/uploads\/sites\/5\/2024\/04\/vacunacion-2-836x1024.jpeg 836w, \/wp-content\/uploads\/sites\/5\/2024\/04\/vacunacion-2-768x941.jpeg 768w, \/wp-content\/uploads\/sites\/5\/2024\/04\/vacunacion-2-1254x1536.jpeg 1254w, \/wp-content\/uploads\/sites\/5\/2024\/04\/vacunacion-2-343x420.jpeg 343w, \/wp-content\/uploads\/sites\/5\/2024\/04\/vacunacion-2-696x853.jpeg 696w, \/wp-content\/uploads\/sites\/5\/2024\/04\/vacunacion-2-1068x1308.jpeg 1068w, \/wp-content\/uploads\/sites\/5\/2024\/04\/vacunacion-2-377x462.jpeg 377w\" sizes=\"auto, (max-width: 352px) 100vw, 352px\" \/><\/a><figcaption id=\"caption-attachment-41792\" class=\"wp-caption-text\">La vacunaci\u00f3n es efectiva, evita enfermedades y salva vidas.<\/figcaption><\/figure>\n<p>El IGSS posee esquemas de vacunaci\u00f3n dirigidos a la poblaci\u00f3n pedi\u00e1trica, adulta, embarazadas y uno dirigido en caso de accidentes. El primero protege a los menores de 7 a\u00f1os de enfermedades como neumon\u00eda, meningitis, diarreas complicadas, tuberculosis diseminada, hepatitis A y B, varicela, entre otros.<\/p>\n<p>Mientras que el esquema de vacunaci\u00f3n de adultos protege del t\u00e9tanos, neumococo, influenza estacional, la tosferina, difteria, hepatitis A y hepatitis B. <strong>\u201cEste esquema prioriza a la poblaci\u00f3n con alg\u00fan factor de riesgo como los mayores de 60 a\u00f1os, los enfermos cr\u00f3nicos, el personal de salud y algunos riesgos espec\u00edficos por actividades laborales\u201d<\/strong>, inform\u00f3 la especialista.<\/p>\n<p>El Seguro Social tambi\u00e9n prioriza la estrategia de vacunaci\u00f3n a la madre embarazada, considerando que la protecci\u00f3n es para la madre y el reci\u00e9n nacido. Asimismo, cuenta con un esquema para personas expuestas a heridas que tienen alto riesgo de t\u00e9tanos.<\/p>\n<p><strong>\u201cTodas estas vacunas se encuentran en los servicios de las diferentes unidades del IGSS. El requisito es poder acreditar su derecho en las diferentes unidades\u201d<\/strong>, inform\u00f3 la profesional.<\/p>\n<figure id=\"attachment_41791\" aria-describedby=\"caption-attachment-41791\" style=\"width: 1600px\" class=\"wp-caption alignnone\"><a href=\"\/wp-content\/uploads\/sites\/5\/2024\/04\/vacunacion-1.jpeg\" target=\"_blank\" rel=\"noopener\"><img loading=\"lazy\" decoding=\"async\" class=\"wp-image-41791 size-full\" src=\"\/wp-content\/uploads\/sites\/5\/2024\/04\/vacunacion-1.jpeg\" alt=\"\" width=\"1600\" height=\"1122\" srcset=\"\/wp-content\/uploads\/sites\/5\/2024\/04\/vacunacion-1.jpeg 1600w, \/wp-content\/uploads\/sites\/5\/2024\/04\/vacunacion-1-300x210.jpeg 300w, \/wp-content\/uploads\/sites\/5\/2024\/04\/vacunacion-1-1024x718.jpeg 1024w, \/wp-content\/uploads\/sites\/5\/2024\/04\/vacunacion-1-768x539.jpeg 768w, \/wp-content\/uploads\/sites\/5\/2024\/04\/vacunacion-1-1536x1077.jpeg 1536w, \/wp-content\/uploads\/sites\/5\/2024\/04\/vacunacion-1-599x420.jpeg 599w, \/wp-content\/uploads\/sites\/5\/2024\/04\/vacunacion-1-696x488.jpeg 696w, \/wp-content\/uploads\/sites\/5\/2024\/04\/vacunacion-1-1068x749.jpeg 1068w, \/wp-content\/uploads\/sites\/5\/2024\/04\/vacunacion-1-100x70.jpeg 100w, \/wp-content\/uploads\/sites\/5\/2024\/04\/vacunacion-1-534x374.jpeg 534w\" sizes=\"auto, (max-width: 1600px) 100vw, 1600px\" \/><\/a><figcaption id=\"caption-attachment-41791\" class=\"wp-caption-text\">Las vacunas tienen el objetivo de crear defensas al ingresar al cuerpo.<\/figcaption><\/figure>\n<p>M\u00e1s de 40 pa\u00edses y territorios del continente americano forman parte de esta iniciativa que busca intensificar las acciones de vacunaci\u00f3n, con el objetivo de reducir el riesgo de enfermedades inmunoprevenibles y mejorar la salud de la poblaci\u00f3n.<\/p>\n<p><strong>\u201cRecordemos que a trav\u00e9s de la vacunaci\u00f3n prevenimos enfermedades que pueden ser causa de graves problemas y hasta la muerte\u201d<\/strong>, finaliz\u00f3 la doctora Rodr\u00edguez.<\/p>\n\r\n                <style type=\"text\/css\">\r\n                    \r\n                    #tdi_1  .td-doubleSlider-2 .td-item1 {\r\n                        background: url(\/wp-content\/uploads\/sites\/5\/2024\/04\/vacunacion-9-80x60.jpeg) 0 0 no-repeat;\r\n                    }\r\n                    #tdi_1  .td-doubleSlider-2 .td-item2 {\r\n                        background: url(\/wp-content\/uploads\/sites\/5\/2024\/04\/vacunacion-8-80x60.jpeg) 0 0 no-repeat;\r\n                    }\r\n                    #tdi_1  .td-doubleSlider-2 .td-item3 {\r\n                        background: url(\/wp-content\/uploads\/sites\/5\/2024\/04\/vacunacion-7-80x60.jpeg) 0 0 no-repeat;\r\n                    }\r\n                    #tdi_1  .td-doubleSlider-2 .td-item4 {\r\n                        background: url(\/wp-content\/uploads\/sites\/5\/2024\/04\/vacunacion-5-80x60.jpeg) 0 0 no-repeat;\r\n                    }\r\n                    #tdi_1  .td-doubleSlider-2 .td-item5 {\r\n                        background: url(\/wp-content\/uploads\/sites\/5\/2024\/04\/vacunacion-4-80x60.jpeg) 0 0 no-repeat;\r\n                    }\r\n                    #tdi_1  .td-doubleSlider-2 .td-item6 {\r\n                        background: url(\/wp-content\/uploads\/sites\/5\/2024\/04\/vacunacion-3-80x60.jpeg) 0 0 no-repeat;\r\n                    }\r\n                <\/style>\r\n\r\n                <div id=\"tdi_1\" class=\"td-gallery td-slide-on-2-columns\">\r\n                    <div class=\"post_td_gallery\">\r\n                        <div class=\"td-gallery-slide-top\">\r\n                           <div class=\"td-gallery-title\"><\/div>\r\n\r\n                            <div class=\"td-gallery-controls-wrapper\">\r\n                                <div class=\"td-gallery-slide-count\"><span class=\"td-gallery-slide-item-focus\">1<\/span> de 6<\/div>\r\n                                <div class=\"td-gallery-slide-prev-next-but\">\r\n                                    <i class = \"td-icon-left doubleSliderPrevButton\"><\/i>\r\n                                    <i class = \"td-icon-right doubleSliderNextButton\"><\/i>\r\n                                <\/div>\r\n                            <\/div>\r\n                        <\/div>\r\n\r\n                        <div class = \"td-doubleSlider-1 \">\r\n                            <div class = \"td-slider\">\r\n                                \r\n                    <div class = \"td-slide-item td-item1\">\r\n                        <figure class=\"td-slide-galery-figure td-slide-popup-gallery\">\r\n                            <a class=\"slide-gallery-image-link\" href=\"\/wp-content\/uploads\/sites\/5\/2024\/04\/vacunacion-9.jpeg\" title=\"vacunacion-9\"  data-caption=\"\"  data-description=\"\">\r\n                                <img decoding=\"async\" src=\"\/wp-content\/uploads\/sites\/5\/2024\/04\/vacunacion-9-377x420.jpeg\" srcset=\"\/wp-content\/uploads\/sites\/5\/2024\/04\/vacunacion-9-377x420.jpeg 377w, \/wp-content\/uploads\/sites\/5\/2024\/04\/vacunacion-9-270x300.jpeg 270w, \/wp-content\/uploads\/sites\/5\/2024\/04\/vacunacion-9-920x1024.jpeg 920w, \/wp-content\/uploads\/sites\/5\/2024\/04\/vacunacion-9-768x855.jpeg 768w, \/wp-content\/uploads\/sites\/5\/2024\/04\/vacunacion-9-1380x1536.jpeg 1380w, \/wp-content\/uploads\/sites\/5\/2024\/04\/vacunacion-9-696x774.jpeg 696w, \/wp-content\/uploads\/sites\/5\/2024\/04\/vacunacion-9-1068x1188.jpeg 1068w, \/wp-content\/uploads\/sites\/5\/2024\/04\/vacunacion-9-415x462.jpeg 415w, \/wp-content\/uploads\/sites\/5\/2024\/04\/vacunacion-9.jpeg 1438w\" sizes=\"(max-width: 377px) 100vw, 377px\" alt=\"\">\r\n                            <\/a>\r\n                            \r\n                        <\/figure>\r\n                    <\/div>\r\n                    <div class = \"td-slide-item td-item2\">\r\n                        <figure class=\"td-slide-galery-figure td-slide-popup-gallery\">\r\n                            <a class=\"slide-gallery-image-link\" href=\"\/wp-content\/uploads\/sites\/5\/2024\/04\/vacunacion-8.jpeg\" title=\"vacunacion-8\"  data-caption=\"\"  data-description=\"\">\r\n                                <img decoding=\"async\" src=\"\/wp-content\/uploads\/sites\/5\/2024\/04\/vacunacion-8-611x420.jpeg\" srcset=\"\/wp-content\/uploads\/sites\/5\/2024\/04\/vacunacion-8-611x420.jpeg 611w, \/wp-content\/uploads\/sites\/5\/2024\/04\/vacunacion-8-300x206.jpeg 300w, \/wp-content\/uploads\/sites\/5\/2024\/04\/vacunacion-8-1024x703.jpeg 1024w, \/wp-content\/uploads\/sites\/5\/2024\/04\/vacunacion-8-768x528.jpeg 768w, \/wp-content\/uploads\/sites\/5\/2024\/04\/vacunacion-8-1536x1055.jpeg 1536w, \/wp-content\/uploads\/sites\/5\/2024\/04\/vacunacion-8-218x150.jpeg 218w, \/wp-content\/uploads\/sites\/5\/2024\/04\/vacunacion-8-696x478.jpeg 696w, \/wp-content\/uploads\/sites\/5\/2024\/04\/vacunacion-8-1068x734.jpeg 1068w, \/wp-content\/uploads\/sites\/5\/2024\/04\/vacunacion-8-100x70.jpeg 100w, \/wp-content\/uploads\/sites\/5\/2024\/04\/vacunacion-8-534x367.jpeg 534w, \/wp-content\/uploads\/sites\/5\/2024\/04\/vacunacion-8.jpeg 1600w\" sizes=\"(max-width: 611px) 100vw, 611px\" alt=\"\">\r\n                            <\/a>\r\n                            \r\n                        <\/figure>\r\n                    <\/div>\r\n                    <div class = \"td-slide-item td-item3\">\r\n                        <figure class=\"td-slide-galery-figure td-slide-popup-gallery\">\r\n                            <a class=\"slide-gallery-image-link\" href=\"\/wp-content\/uploads\/sites\/5\/2024\/04\/vacunacion-7.jpeg\" title=\"vacunacion-7\"  data-caption=\"\"  data-description=\"\">\r\n                                <img decoding=\"async\" src=\"\/wp-content\/uploads\/sites\/5\/2024\/04\/vacunacion-7-409x420.jpeg\" srcset=\"\/wp-content\/uploads\/sites\/5\/2024\/04\/vacunacion-7-409x420.jpeg 409w, \/wp-content\/uploads\/sites\/5\/2024\/04\/vacunacion-7-292x300.jpeg 292w, \/wp-content\/uploads\/sites\/5\/2024\/04\/vacunacion-7-997x1024.jpeg 997w, \/wp-content\/uploads\/sites\/5\/2024\/04\/vacunacion-7-768x789.jpeg 768w, \/wp-content\/uploads\/sites\/5\/2024\/04\/vacunacion-7-1496x1536.jpeg 1496w, \/wp-content\/uploads\/sites\/5\/2024\/04\/vacunacion-7-696x715.jpeg 696w, \/wp-content\/uploads\/sites\/5\/2024\/04\/vacunacion-7-1068x1097.jpeg 1068w, \/wp-content\/uploads\/sites\/5\/2024\/04\/vacunacion-7-450x462.jpeg 450w, \/wp-content\/uploads\/sites\/5\/2024\/04\/vacunacion-7.jpeg 1558w\" sizes=\"(max-width: 409px) 100vw, 409px\" alt=\"\">\r\n                            <\/a>\r\n                            \r\n                        <\/figure>\r\n                    <\/div>\r\n                    <div class = \"td-slide-item td-item4\">\r\n                        <figure class=\"td-slide-galery-figure td-slide-popup-gallery\">\r\n                            <a class=\"slide-gallery-image-link\" href=\"\/wp-content\/uploads\/sites\/5\/2024\/04\/vacunacion-5.jpeg\" title=\"vacunacion-5\"  data-caption=\"\"  data-description=\"\">\r\n                                <img decoding=\"async\" src=\"\/wp-content\/uploads\/sites\/5\/2024\/04\/vacunacion-5-637x420.jpeg\" srcset=\"\/wp-content\/uploads\/sites\/5\/2024\/04\/vacunacion-5-637x420.jpeg 637w, \/wp-content\/uploads\/sites\/5\/2024\/04\/vacunacion-5-300x198.jpeg 300w, \/wp-content\/uploads\/sites\/5\/2024\/04\/vacunacion-5-1024x675.jpeg 1024w, \/wp-content\/uploads\/sites\/5\/2024\/04\/vacunacion-5-768x506.jpeg 768w, \/wp-content\/uploads\/sites\/5\/2024\/04\/vacunacion-5-1536x1013.jpeg 1536w, \/wp-content\/uploads\/sites\/5\/2024\/04\/vacunacion-5-696x459.jpeg 696w, \/wp-content\/uploads\/sites\/5\/2024\/04\/vacunacion-5-1068x704.jpeg 1068w, \/wp-content\/uploads\/sites\/5\/2024\/04\/vacunacion-5-534x352.jpeg 534w, \/wp-content\/uploads\/sites\/5\/2024\/04\/vacunacion-5.jpeg 1600w\" sizes=\"(max-width: 637px) 100vw, 637px\" alt=\"\">\r\n                            <\/a>\r\n                            \r\n                        <\/figure>\r\n                    <\/div>\r\n                    <div class = \"td-slide-item td-item5\">\r\n                        <figure class=\"td-slide-galery-figure td-slide-popup-gallery\">\r\n                            <a class=\"slide-gallery-image-link\" href=\"\/wp-content\/uploads\/sites\/5\/2024\/04\/vacunacion-4.jpeg\" title=\"vacunacion-4\"  data-caption=\"\"  data-description=\"\">\r\n                                <img decoding=\"async\" src=\"\/wp-content\/uploads\/sites\/5\/2024\/04\/vacunacion-4-420x420.jpeg\" srcset=\"\/wp-content\/uploads\/sites\/5\/2024\/04\/vacunacion-4-420x420.jpeg 420w, \/wp-content\/uploads\/sites\/5\/2024\/04\/vacunacion-4-300x300.jpeg 300w, \/wp-content\/uploads\/sites\/5\/2024\/04\/vacunacion-4-1024x1024.jpeg 1024w, \/wp-content\/uploads\/sites\/5\/2024\/04\/vacunacion-4-150x150.jpeg 150w, \/wp-content\/uploads\/sites\/5\/2024\/04\/vacunacion-4-768x769.jpeg 768w, \/wp-content\/uploads\/sites\/5\/2024\/04\/vacunacion-4-696x696.jpeg 696w, \/wp-content\/uploads\/sites\/5\/2024\/04\/vacunacion-4-1068x1069.jpeg 1068w, \/wp-content\/uploads\/sites\/5\/2024\/04\/vacunacion-4-462x462.jpeg 462w, \/wp-content\/uploads\/sites\/5\/2024\/04\/vacunacion-4.jpeg 1443w\" sizes=\"(max-width: 420px) 100vw, 420px\" alt=\"\">\r\n                            <\/a>\r\n                            \r\n                        <\/figure>\r\n                    <\/div>\r\n                    <div class = \"td-slide-item td-item6\">\r\n                        <figure class=\"td-slide-galery-figure td-slide-popup-gallery\">\r\n                            <a class=\"slide-gallery-image-link\" href=\"\/wp-content\/uploads\/sites\/5\/2024\/04\/vacunacion-3.jpeg\" title=\"vacunacion-3\"  data-caption=\"\"  data-description=\"\">\r\n                                <img decoding=\"async\" src=\"\/wp-content\/uploads\/sites\/5\/2024\/04\/vacunacion-3-662x420.jpeg\" srcset=\"\/wp-content\/uploads\/sites\/5\/2024\/04\/vacunacion-3-662x420.jpeg 662w, \/wp-content\/uploads\/sites\/5\/2024\/04\/vacunacion-3-300x190.jpeg 300w, \/wp-content\/uploads\/sites\/5\/2024\/04\/vacunacion-3-1024x650.jpeg 1024w, \/wp-content\/uploads\/sites\/5\/2024\/04\/vacunacion-3-768x487.jpeg 768w, \/wp-content\/uploads\/sites\/5\/2024\/04\/vacunacion-3-1536x974.jpeg 1536w, \/wp-content\/uploads\/sites\/5\/2024\/04\/vacunacion-3-696x442.jpeg 696w, \/wp-content\/uploads\/sites\/5\/2024\/04\/vacunacion-3-1068x678.jpeg 1068w, \/wp-content\/uploads\/sites\/5\/2024\/04\/vacunacion-3-534x339.jpeg 534w, \/wp-content\/uploads\/sites\/5\/2024\/04\/vacunacion-3.jpeg 1600w\" sizes=\"(max-width: 662px) 100vw, 662px\" alt=\"\">\r\n                            <\/a>\r\n                            \r\n                        <\/figure>\r\n                    <\/div>\r\n                            <\/div>\r\n                        <\/div>\r\n\r\n                        <div class = \"td-doubleSlider-2\">\r\n                            <div class = \"td-slider\">\r\n                                \r\n                    <div class = \"td-button td-item1\">\r\n                        <div class = \"td-border\"><\/div>\r\n                    <\/div>\r\n                    <div class = \"td-button td-item2\">\r\n                        <div class = \"td-border\"><\/div>\r\n                    <\/div>\r\n                    <div class = \"td-button td-item3\">\r\n                        <div class = \"td-border\"><\/div>\r\n                    <\/div>\r\n                    <div class = \"td-button td-item4\">\r\n                        <div class = \"td-border\"><\/div>\r\n                    <\/div>\r\n                    <div class = \"td-button td-item5\">\r\n                        <div class = \"td-border\"><\/div>\r\n                    <\/div>\r\n                    <div class = \"td-button td-item6\">\r\n                        <div class = \"td-border\"><\/div>\r\n                    <\/div>\r\n                            <\/div>\r\n                        <\/div>\r\n\r\n                    <\/div>\r\n\r\n                <\/div>\r\n                ","protected":false},"excerpt":{"rendered":"<p>El Instituto Guatemalteco de Seguridad Social (IGSS) se une al compromiso de pa\u00eds para conmemorar la Semana de la Vacunaci\u00f3n en las Am\u00e9ricas, que se llevar\u00e1 a cabo del 20 al 27 de abril bajo el lema \u201cAct\u00faa ahora para proteger tu futuro\u201d. La doctora M\u00f3nica Rodr\u00edguez, encargada de la Secci\u00f3n de Higiene Materno Infantil, [&hellip;]<\/p>\n","protected":false},"author":1961,"featured_media":41796,"comment_status":"closed","ping_status":"closed","sticky":false,"template":"","format":"standard","meta":{"footnotes":""},"categories":[3,1492],"tags":[1907,848,1908],"coauthors":[],"class_list":{"0":"post-41789","1":"post","2":"type-post","3":"status-publish","4":"format-standard","5":"has-post-thumbnail","7":"category-actualidad","8":"category-brigadas-de-vacunacion","9":"tag-semana-de-la-vacunacion-en-las-americas","10":"tag-vacunas","11":"tag-vacunas-igss"},"_links":{"self":[{"href":"https:\/\/www.igssgt.org\/noticias\/wp-json\/wp\/v2\/posts\/41789","targetHints":{"allow":["GET"]}}],"collection":[{"href":"https:\/\/www.igssgt.org\/noticias\/wp-json\/wp\/v2\/posts"}],"about":[{"href":"https:\/\/www.igssgt.org\/noticias\/wp-json\/wp\/v2\/types\/post"}],"author":[{"embeddable":true,"href":"https:\/\/www.igssgt.org\/noticias\/wp-json\/wp\/v2\/users\/1961"}],"replies":[{"embeddable":true,"href":"https:\/\/www.igssgt.org\/noticias\/wp-json\/wp\/v2\/comments?post=41789"}],"version-history":[{"count":10,"href":"https:\/\/www.igssgt.org\/noticias\/wp-json\/wp\/v2\/posts\/41789\/revisions"}],"predecessor-version":[{"id":41810,"href":"https:\/\/www.igssgt.org\/noticias\/wp-json\/wp\/v2\/posts\/41789\/revisions\/41810"}],"wp:featuredmedia":[{"embeddable":true,"href":"https:\/\/www.igssgt.org\/noticias\/wp-json\/wp\/v2\/media\/41796"}],"wp:attachment":[{"href":"https:\/\/www.igssgt.org\/noticias\/wp-json\/wp\/v2\/media?parent=41789"}],"wp:term":[{"taxonomy":"category","embeddable":true,"href":"https:\/\/www.igssgt.org\/noticias\/wp-json\/wp\/v2\/categories?post=41789"},{"taxonomy":"post_tag","embeddable":true,"href":"https:\/\/www.igssgt.org\/noticias\/wp-json\/wp\/v2\/tags?post=41789"},{"taxonomy":"author","embeddable":true,"href":"https:\/\/www.igssgt.org\/noticias\/wp-json\/wp\/v2\/coauthors?post=41789"}],"curies":[{"name":"wp","href":"https:\/\/api.w.org\/{rel}","templated":true}]}}