{"id":41863,"date":"2024-04-25T09:25:08","date_gmt":"2024-04-25T15:25:08","guid":{"rendered":"https:\/\/www.igssgt.org\/noticias\/?p=41863"},"modified":"2024-04-25T09:25:10","modified_gmt":"2024-04-25T15:25:10","slug":"cuidese-de-la-enfermedad-mas-mortifera-de-la-historia-el-paludismo","status":"publish","type":"post","link":"https:\/\/www.igssgt.org\/noticias\/2024\/04\/25\/cuidese-de-la-enfermedad-mas-mortifera-de-la-historia-el-paludismo\/","title":{"rendered":"Cu\u00eddese de la enfermedad m\u00e1s mort\u00edfera de la historia: el paludismo"},"content":{"rendered":"\n<p class=\"has-drop-cap\">\u201cEs una enfermedad potencialmente mortal si no se detecta a tiempo\u201d. As\u00ed se refiere la doctora Selena Nij, de la Unidad Perif\u00e9rica de la zona 11, al paludismo o malaria, cuya lucha por erradicarla se conmemora cada 25 de abril.<\/p>\n\n\n<p>Seg\u00fan la Organizaci\u00f3n Panamericana de la Salud (OPS), es la enfermedad que m\u00e1s muertes ha causado en la historia de la humanidad.<\/p>\n<figure id=\"attachment_41864\" aria-describedby=\"caption-attachment-41864\" style=\"width: 1600px\" class=\"wp-caption alignnone\"><a href=\"\/wp-content\/uploads\/sites\/5\/2024\/04\/paludismo-1.jpeg\" target=\"_blank\" rel=\"noopener\"><img loading=\"lazy\" decoding=\"async\" class=\"wp-image-41864 size-full\" src=\"\/wp-content\/uploads\/sites\/5\/2024\/04\/paludismo-1.jpeg\" alt=\"\" width=\"1600\" height=\"1066\" srcset=\"\/wp-content\/uploads\/sites\/5\/2024\/04\/paludismo-1.jpeg 1600w, \/wp-content\/uploads\/sites\/5\/2024\/04\/paludismo-1-300x200.jpeg 300w, \/wp-content\/uploads\/sites\/5\/2024\/04\/paludismo-1-1024x682.jpeg 1024w, \/wp-content\/uploads\/sites\/5\/2024\/04\/paludismo-1-768x512.jpeg 768w, \/wp-content\/uploads\/sites\/5\/2024\/04\/paludismo-1-1536x1023.jpeg 1536w, \/wp-content\/uploads\/sites\/5\/2024\/04\/paludismo-1-630x420.jpeg 630w, \/wp-content\/uploads\/sites\/5\/2024\/04\/paludismo-1-696x464.jpeg 696w, \/wp-content\/uploads\/sites\/5\/2024\/04\/paludismo-1-1068x712.jpeg 1068w, \/wp-content\/uploads\/sites\/5\/2024\/04\/paludismo-1-534x356.jpeg 534w\" sizes=\"auto, (max-width: 1600px) 100vw, 1600px\" \/><\/a><figcaption id=\"caption-attachment-41864\" class=\"wp-caption-text\">Los lactantes y ni\u00f1os menores de 5 a\u00f1os son dos de los grupos m\u00e1s vulnerables a los efectos del paludismo.<\/figcaption><\/figure>\n<p>Se transmite por medio de la picadura del mosquito Anofeles hembra. Sin embargo, las transfusiones de sangre y las agujas contaminadas tambi\u00e9n son medios de transmisi\u00f3n. No se contagia de persona a persona y actualmente es prevenible y curable.<\/p>\n<p>Los s\u00edntomas suelen aparecer a los 10 o 15 d\u00edas de la picadura. Seg\u00fan la doctora Nij, son bastante generales y con frecuencia se confunden con manifestaciones del dengue o del sika. Van desde malestar general, fiebre y dolor de cabeza, hasta cuadros m\u00e1s graves como orina con sangre, mareos, desmayos y convulsiones.<\/p>\n<figure id=\"attachment_41868\" aria-describedby=\"caption-attachment-41868\" style=\"width: 1600px\" class=\"wp-caption alignnone\"><a href=\"\/wp-content\/uploads\/sites\/5\/2024\/04\/paludismo-5.jpeg\" target=\"_blank\" rel=\"noopener\"><img loading=\"lazy\" decoding=\"async\" class=\"wp-image-41868 size-full\" src=\"\/wp-content\/uploads\/sites\/5\/2024\/04\/paludismo-5.jpeg\" alt=\"\" width=\"1600\" height=\"1066\" srcset=\"\/wp-content\/uploads\/sites\/5\/2024\/04\/paludismo-5.jpeg 1600w, \/wp-content\/uploads\/sites\/5\/2024\/04\/paludismo-5-300x200.jpeg 300w, \/wp-content\/uploads\/sites\/5\/2024\/04\/paludismo-5-1024x682.jpeg 1024w, \/wp-content\/uploads\/sites\/5\/2024\/04\/paludismo-5-768x512.jpeg 768w, \/wp-content\/uploads\/sites\/5\/2024\/04\/paludismo-5-1536x1023.jpeg 1536w, \/wp-content\/uploads\/sites\/5\/2024\/04\/paludismo-5-630x420.jpeg 630w, \/wp-content\/uploads\/sites\/5\/2024\/04\/paludismo-5-696x464.jpeg 696w, \/wp-content\/uploads\/sites\/5\/2024\/04\/paludismo-5-1068x712.jpeg 1068w, \/wp-content\/uploads\/sites\/5\/2024\/04\/paludismo-5-534x356.jpeg 534w\" sizes=\"auto, (max-width: 1600px) 100vw, 1600px\" \/><\/a><figcaption id=\"caption-attachment-41868\" class=\"wp-caption-text\">Evitar la exposici\u00f3n a las picaduras del mosquito transmisor es el mejor m\u00e9todo de prevenci\u00f3n.<\/figcaption><\/figure>\n<p>El diagn\u00f3stico debe confirmarse mediante la observaci\u00f3n microsc\u00f3pica del par\u00e1sito o por medio de una prueba de diagn\u00f3stico r\u00e1pido (PDR). Si en caso no hay acceso a las pruebas durante las dos horas posteriores a la presentaci\u00f3n del paciente, debe tratarse al afectado teniendo como base los signos cl\u00ednicos para evitar complicaciones potencialmente mortales.<\/p>\n<p><iframe loading=\"lazy\" title=\"Di\u0301a Mundial del Paludismo\" width=\"696\" height=\"392\" src=\"https:\/\/www.youtube.com\/embed\/bcMdCYlYFEo?feature=oembed\" frameborder=\"0\" allow=\"accelerometer; autoplay; clipboard-write; encrypted-media; gyroscope; picture-in-picture; web-share\" referrerpolicy=\"strict-origin-when-cross-origin\" allowfullscreen><\/iframe><\/p>\n<p>Los grupos m\u00e1s vulnerables son los lactantes, ni\u00f1os menores de 5 a\u00f1os, mujeres embarazadas, viajeros y personas con VIH\/SIDA. En la mayor\u00eda de los casos, los pacientes provienen de comunidades con dificultades econ\u00f3micas, situadas en \u00e1reas por debajo de los 1 mil 250 metros sobre el nivel del mar y en las regiones selv\u00e1ticas y tropicales del norte y sur del pa\u00eds.<\/p>\n<figure id=\"attachment_41866\" aria-describedby=\"caption-attachment-41866\" style=\"width: 1600px\" class=\"wp-caption alignnone\"><a href=\"\/wp-content\/uploads\/sites\/5\/2024\/04\/paludismo-3.jpeg\" target=\"_blank\" rel=\"noopener\"><img loading=\"lazy\" decoding=\"async\" class=\"wp-image-41866 size-full\" src=\"\/wp-content\/uploads\/sites\/5\/2024\/04\/paludismo-3.jpeg\" alt=\"\" width=\"1600\" height=\"1035\" srcset=\"\/wp-content\/uploads\/sites\/5\/2024\/04\/paludismo-3.jpeg 1600w, \/wp-content\/uploads\/sites\/5\/2024\/04\/paludismo-3-300x194.jpeg 300w, \/wp-content\/uploads\/sites\/5\/2024\/04\/paludismo-3-1024x662.jpeg 1024w, \/wp-content\/uploads\/sites\/5\/2024\/04\/paludismo-3-768x497.jpeg 768w, \/wp-content\/uploads\/sites\/5\/2024\/04\/paludismo-3-1536x994.jpeg 1536w, \/wp-content\/uploads\/sites\/5\/2024\/04\/paludismo-3-649x420.jpeg 649w, \/wp-content\/uploads\/sites\/5\/2024\/04\/paludismo-3-696x450.jpeg 696w, \/wp-content\/uploads\/sites\/5\/2024\/04\/paludismo-3-1068x691.jpeg 1068w, \/wp-content\/uploads\/sites\/5\/2024\/04\/paludismo-3-534x345.jpeg 534w\" sizes=\"auto, (max-width: 1600px) 100vw, 1600px\" \/><\/a><figcaption id=\"caption-attachment-41866\" class=\"wp-caption-text\">El tratamiento oportuno del paludismo es fundamental para evitar consecuencias fatales.<\/figcaption><\/figure>\n<p>La profesional recomend\u00f3 evitar criaderos de mosquitos, no tener agua estancada y limpiar adecuadamente las pilas para prevenir ser v\u00edctima. Asimismo, no utilizar artefactos de hierro o aluminio, usar repelente y mosquitero con insecticida impregnado.<\/p>\n<figure id=\"attachment_41867\" aria-describedby=\"caption-attachment-41867\" style=\"width: 1100px\" class=\"wp-caption alignnone\"><a href=\"\/wp-content\/uploads\/sites\/5\/2024\/04\/paludismo-4.jpeg\" target=\"_blank\" rel=\"noopener\"><img loading=\"lazy\" decoding=\"async\" class=\"wp-image-41867\" src=\"\/wp-content\/uploads\/sites\/5\/2024\/04\/paludismo-4.jpeg\" alt=\"\" width=\"1100\" height=\"733\" srcset=\"\/wp-content\/uploads\/sites\/5\/2024\/04\/paludismo-4.jpeg 630w, \/wp-content\/uploads\/sites\/5\/2024\/04\/paludismo-4-300x200.jpeg 300w, \/wp-content\/uploads\/sites\/5\/2024\/04\/paludismo-4-534x356.jpeg 534w\" sizes=\"auto, (max-width: 1100px) 100vw, 1100px\" \/><\/a><figcaption id=\"caption-attachment-41867\" class=\"wp-caption-text\">Evite criaderos de mosquitos, no tener agua estancada y limpiar adecuadamente las pilas para prevenir ser v\u00edctima.<\/figcaption><\/figure>","protected":false},"excerpt":{"rendered":"<p>\u201cEs una enfermedad potencialmente mortal si no se detecta a tiempo\u201d. As\u00ed se refiere la doctora Selena Nij, de la Unidad Perif\u00e9rica de la zona 11, al paludismo o malaria, cuya lucha por erradicarla se conmemora cada 25 de abril. Seg\u00fan la Organizaci\u00f3n Panamericana de la Salud (OPS), es la enfermedad que m\u00e1s muertes ha [&hellip;]<\/p>\n","protected":false},"author":1961,"featured_media":41865,"comment_status":"closed","ping_status":"closed","sticky":false,"template":"","format":"standard","meta":{"footnotes":""},"categories":[3],"tags":[690,727],"coauthors":[],"class_list":{"0":"post-41863","1":"post","2":"type-post","3":"status-publish","4":"format-standard","5":"has-post-thumbnail","7":"category-actualidad","8":"tag-paludismo","9":"tag-prevencion-igss"},"_links":{"self":[{"href":"https:\/\/www.igssgt.org\/noticias\/wp-json\/wp\/v2\/posts\/41863","targetHints":{"allow":["GET"]}}],"collection":[{"href":"https:\/\/www.igssgt.org\/noticias\/wp-json\/wp\/v2\/posts"}],"about":[{"href":"https:\/\/www.igssgt.org\/noticias\/wp-json\/wp\/v2\/types\/post"}],"author":[{"embeddable":true,"href":"https:\/\/www.igssgt.org\/noticias\/wp-json\/wp\/v2\/users\/1961"}],"replies":[{"embeddable":true,"href":"https:\/\/www.igssgt.org\/noticias\/wp-json\/wp\/v2\/comments?post=41863"}],"version-history":[{"count":1,"href":"https:\/\/www.igssgt.org\/noticias\/wp-json\/wp\/v2\/posts\/41863\/revisions"}],"predecessor-version":[{"id":41869,"href":"https:\/\/www.igssgt.org\/noticias\/wp-json\/wp\/v2\/posts\/41863\/revisions\/41869"}],"wp:featuredmedia":[{"embeddable":true,"href":"https:\/\/www.igssgt.org\/noticias\/wp-json\/wp\/v2\/media\/41865"}],"wp:attachment":[{"href":"https:\/\/www.igssgt.org\/noticias\/wp-json\/wp\/v2\/media?parent=41863"}],"wp:term":[{"taxonomy":"category","embeddable":true,"href":"https:\/\/www.igssgt.org\/noticias\/wp-json\/wp\/v2\/categories?post=41863"},{"taxonomy":"post_tag","embeddable":true,"href":"https:\/\/www.igssgt.org\/noticias\/wp-json\/wp\/v2\/tags?post=41863"},{"taxonomy":"author","embeddable":true,"href":"https:\/\/www.igssgt.org\/noticias\/wp-json\/wp\/v2\/coauthors?post=41863"}],"curies":[{"name":"wp","href":"https:\/\/api.w.org\/{rel}","templated":true}]}}