{"id":41870,"date":"2024-04-25T11:56:37","date_gmt":"2024-04-25T17:56:37","guid":{"rendered":"https:\/\/www.igssgt.org\/noticias\/?p=41870"},"modified":"2024-04-25T11:56:38","modified_gmt":"2024-04-25T17:56:38","slug":"hospital-igss-de-escuintla-se-une-a-la-semana-de-la-vacunacion-en-las-americas","status":"publish","type":"post","link":"https:\/\/www.igssgt.org\/noticias\/2024\/04\/25\/hospital-igss-de-escuintla-se-une-a-la-semana-de-la-vacunacion-en-las-americas\/","title":{"rendered":"Hospital IGSS de Escuintla se une a la Semana de la Vacunaci\u00f3n en las Am\u00e9ricas"},"content":{"rendered":"\n<p class=\"has-drop-cap\">En el marco de la Semana de la Vacunaci\u00f3n en las Am\u00e9ricas, el Hospital IGSS de Escuintla llev\u00f3 a cabo una actividad para promover la importancia de la inmunizaci\u00f3n tanto en ni\u00f1os como en adultos, con \u00e9nfasis en la relevancia de mantener al d\u00eda los esquemas.<\/p>\n\n\n<p>La actividad, que tuvo lugar en las instalaciones del hospital, cont\u00f3 con la participaci\u00f3n del doctor Franco Xavier Marcenaro, encargado del Despacho de Direcci\u00f3n M\u00e9dica, quien resalt\u00f3 lo vital de realizar este proceso en todas las etapas de la vida.<\/p>\n<figure id=\"attachment_41873\" aria-describedby=\"caption-attachment-41873\" style=\"width: 1600px\" class=\"wp-caption alignnone\"><a href=\"\/wp-content\/uploads\/sites\/5\/2024\/04\/vacunacion-2-1.jpeg\" target=\"_blank\" rel=\"noopener\"><img loading=\"lazy\" decoding=\"async\" class=\"wp-image-41873 size-full\" src=\"\/wp-content\/uploads\/sites\/5\/2024\/04\/vacunacion-2-1.jpeg\" alt=\"\" width=\"1600\" height=\"1200\" srcset=\"\/wp-content\/uploads\/sites\/5\/2024\/04\/vacunacion-2-1.jpeg 1600w, \/wp-content\/uploads\/sites\/5\/2024\/04\/vacunacion-2-1-300x225.jpeg 300w, \/wp-content\/uploads\/sites\/5\/2024\/04\/vacunacion-2-1-1024x768.jpeg 1024w, \/wp-content\/uploads\/sites\/5\/2024\/04\/vacunacion-2-1-768x576.jpeg 768w, \/wp-content\/uploads\/sites\/5\/2024\/04\/vacunacion-2-1-1536x1152.jpeg 1536w, \/wp-content\/uploads\/sites\/5\/2024\/04\/vacunacion-2-1-560x420.jpeg 560w, \/wp-content\/uploads\/sites\/5\/2024\/04\/vacunacion-2-1-80x60.jpeg 80w, \/wp-content\/uploads\/sites\/5\/2024\/04\/vacunacion-2-1-696x522.jpeg 696w, \/wp-content\/uploads\/sites\/5\/2024\/04\/vacunacion-2-1-1068x801.jpeg 1068w, \/wp-content\/uploads\/sites\/5\/2024\/04\/vacunacion-2-1-265x198.jpeg 265w, \/wp-content\/uploads\/sites\/5\/2024\/04\/vacunacion-2-1-534x401.jpeg 534w\" sizes=\"auto, (max-width: 1600px) 100vw, 1600px\" \/><\/a><figcaption id=\"caption-attachment-41873\" class=\"wp-caption-text\">El doctor Franco Xavier Marcenaro, encargado del Despacho de Direcci\u00f3n M\u00e9dica, inst\u00f3 a los derechohabientes a recibir la informocaci\u00f3n sobre las vacunas.<\/figcaption><\/figure>\n<p><strong>\u00abAseg\u00farense de que ustedes y sus seres queridos est\u00e9n al d\u00eda con las vacunas recomendadas. Consulten con nuestros m\u00e9dicos para recibir orientaci\u00f3n sobre qu\u00e9 vacunas son necesarias seg\u00fan su edad y estado de salud\u00bb<\/strong>, dijo.<\/p>\n<p>Se impartieron charlas educativas en diversos servicios del hospital, incluyendo la Consulta Externa, encamamiento de Maternidad, Pediatr\u00eda y Cl\u00ednicas de Atenci\u00f3n al Adulto Mayor.<\/p>\n<figure id=\"attachment_41872\" aria-describedby=\"caption-attachment-41872\" style=\"width: 1100px\" class=\"wp-caption alignnone\"><a href=\"\/wp-content\/uploads\/sites\/5\/2024\/04\/vacunacion-1-1.jpeg\" target=\"_blank\" rel=\"noopener\"><img loading=\"lazy\" decoding=\"async\" class=\"wp-image-41872\" src=\"\/wp-content\/uploads\/sites\/5\/2024\/04\/vacunacion-1-1.jpeg\" alt=\"\" width=\"1100\" height=\"744\" srcset=\"\/wp-content\/uploads\/sites\/5\/2024\/04\/vacunacion-1-1.jpeg 960w, \/wp-content\/uploads\/sites\/5\/2024\/04\/vacunacion-1-1-300x203.jpeg 300w, \/wp-content\/uploads\/sites\/5\/2024\/04\/vacunacion-1-1-768x519.jpeg 768w, \/wp-content\/uploads\/sites\/5\/2024\/04\/vacunacion-1-1-621x420.jpeg 621w, \/wp-content\/uploads\/sites\/5\/2024\/04\/vacunacion-1-1-696x471.jpeg 696w, \/wp-content\/uploads\/sites\/5\/2024\/04\/vacunacion-1-1-534x361.jpeg 534w\" sizes=\"auto, (max-width: 1100px) 100vw, 1100px\" \/><\/a><figcaption id=\"caption-attachment-41872\" class=\"wp-caption-text\">La vacunaci\u00f3n como instrumento de prevenci\u00f3n es importante a cualquier edad.<\/figcaption><\/figure>\n<p>Estas charlas fueron coordinadas por el licenciado Zacar\u00edas Chuc, jefe de Enfermer\u00eda de la Consulta Externa, e impartidas por auxiliares de enfermer\u00eda, promotores y una educadora en salud, quienes compartieron informaci\u00f3n verbal e impresa sobre los esquemas desde el embarazo hasta la edad adulta.<\/p>\n<p>El Hospital IGSS de Escuintla se une a los esfuerzos regionales durante la Semana de la Vacunaci\u00f3n en las Am\u00e9ricas, reiterando su compromiso con la salud de los asegurados y beneficiarios al promover activamente la vacunaci\u00f3n como medida preventiva contra enfermedades.<\/p>\n\r\n                <style type=\"text\/css\">\r\n                    \r\n                    #tdi_1  .td-doubleSlider-2 .td-item1 {\r\n                        background: url(\/wp-content\/uploads\/sites\/5\/2024\/04\/vacunacion-3-1-80x60.jpeg) 0 0 no-repeat;\r\n                    }\r\n                    #tdi_1  .td-doubleSlider-2 .td-item2 {\r\n                        background: url(\/wp-content\/uploads\/sites\/5\/2024\/04\/vacunacion-9-1-80x60.jpeg) 0 0 no-repeat;\r\n                    }\r\n                    #tdi_1  .td-doubleSlider-2 .td-item3 {\r\n                        background: url(\/wp-content\/uploads\/sites\/5\/2024\/04\/vacunacion-8-1-80x60.jpeg) 0 0 no-repeat;\r\n                    }\r\n                    #tdi_1  .td-doubleSlider-2 .td-item4 {\r\n                        background: url(\/wp-content\/uploads\/sites\/5\/2024\/04\/vacunacion-7-1-80x60.jpeg) 0 0 no-repeat;\r\n                    }\r\n                    #tdi_1  .td-doubleSlider-2 .td-item5 {\r\n                        background: url(\/wp-content\/uploads\/sites\/5\/2024\/04\/vacunacion-10-80x60.jpeg) 0 0 no-repeat;\r\n                    }\r\n                    #tdi_1  .td-doubleSlider-2 .td-item6 {\r\n                        background: url(\/wp-content\/uploads\/sites\/5\/2024\/04\/vacunacion-6-1-80x60.jpeg) 0 0 no-repeat;\r\n                    }\r\n                    #tdi_1  .td-doubleSlider-2 .td-item7 {\r\n                        background: url(\/wp-content\/uploads\/sites\/5\/2024\/04\/vacunacion-5-1-80x60.jpeg) 0 0 no-repeat;\r\n                    }\r\n                <\/style>\r\n\r\n                <div id=\"tdi_1\" class=\"td-gallery td-slide-on-2-columns\">\r\n                    <div class=\"post_td_gallery\">\r\n                        <div class=\"td-gallery-slide-top\">\r\n                           <div class=\"td-gallery-title\"><\/div>\r\n\r\n                            <div class=\"td-gallery-controls-wrapper\">\r\n                                <div class=\"td-gallery-slide-count\"><span class=\"td-gallery-slide-item-focus\">1<\/span> de 7<\/div>\r\n                                <div class=\"td-gallery-slide-prev-next-but\">\r\n                                    <i class = \"td-icon-left doubleSliderPrevButton\"><\/i>\r\n                                    <i class = \"td-icon-right doubleSliderNextButton\"><\/i>\r\n                                <\/div>\r\n                            <\/div>\r\n                        <\/div>\r\n\r\n                        <div class = \"td-doubleSlider-1 \">\r\n                            <div class = \"td-slider\">\r\n                                \r\n                    <div class = \"td-slide-item td-item1\">\r\n                        <figure class=\"td-slide-galery-figure td-slide-popup-gallery\">\r\n                            <a class=\"slide-gallery-image-link\" href=\"\/wp-content\/uploads\/sites\/5\/2024\/04\/vacunacion-3-1.jpeg\" title=\"vacunacion-3\"  data-caption=\"Las madres que recientemente dieron a luz frecibieron una lp\u00e1tica para instruirlas sobre los esquemas que el Seguro Social otorga para sus hijos.\"  data-description=\"\">\r\n                                <img decoding=\"async\" src=\"\/wp-content\/uploads\/sites\/5\/2024\/04\/vacunacion-3-1-630x420.jpeg\" srcset=\"\/wp-content\/uploads\/sites\/5\/2024\/04\/vacunacion-3-1-630x420.jpeg 630w, \/wp-content\/uploads\/sites\/5\/2024\/04\/vacunacion-3-1-300x200.jpeg 300w, \/wp-content\/uploads\/sites\/5\/2024\/04\/vacunacion-3-1-1024x682.jpeg 1024w, \/wp-content\/uploads\/sites\/5\/2024\/04\/vacunacion-3-1-768x512.jpeg 768w, \/wp-content\/uploads\/sites\/5\/2024\/04\/vacunacion-3-1-1536x1023.jpeg 1536w, \/wp-content\/uploads\/sites\/5\/2024\/04\/vacunacion-3-1-696x464.jpeg 696w, \/wp-content\/uploads\/sites\/5\/2024\/04\/vacunacion-3-1-1068x712.jpeg 1068w, \/wp-content\/uploads\/sites\/5\/2024\/04\/vacunacion-3-1-534x356.jpeg 534w, \/wp-content\/uploads\/sites\/5\/2024\/04\/vacunacion-3-1.jpeg 1600w\" sizes=\"(max-width: 630px) 100vw, 630px\" alt=\"\">\r\n                            <\/a>\r\n                            <figcaption class = \"td-slide-caption td-gallery-slide-content\"><div class = \"td-gallery-slide-copywrite\">Las madres que recientemente dieron a luz frecibieron una lp\u00e1tica para instruirlas sobre los esquemas que el Seguro Social otorga para sus hijos.<\/div><\/figcaption>\r\n                        <\/figure>\r\n                    <\/div>\r\n                    <div class = \"td-slide-item td-item2\">\r\n                        <figure class=\"td-slide-galery-figure td-slide-popup-gallery\">\r\n                            <a class=\"slide-gallery-image-link\" href=\"\/wp-content\/uploads\/sites\/5\/2024\/04\/vacunacion-9-1.jpeg\" title=\"vacunacion-9\"  data-caption=\"\"  data-description=\"\">\r\n                                <img decoding=\"async\" src=\"\/wp-content\/uploads\/sites\/5\/2024\/04\/vacunacion-9-1-630x420.jpeg\" srcset=\"\/wp-content\/uploads\/sites\/5\/2024\/04\/vacunacion-9-1-630x420.jpeg 630w, \/wp-content\/uploads\/sites\/5\/2024\/04\/vacunacion-9-1-300x200.jpeg 300w, \/wp-content\/uploads\/sites\/5\/2024\/04\/vacunacion-9-1-1024x682.jpeg 1024w, \/wp-content\/uploads\/sites\/5\/2024\/04\/vacunacion-9-1-768x512.jpeg 768w, \/wp-content\/uploads\/sites\/5\/2024\/04\/vacunacion-9-1-1536x1023.jpeg 1536w, \/wp-content\/uploads\/sites\/5\/2024\/04\/vacunacion-9-1-696x464.jpeg 696w, \/wp-content\/uploads\/sites\/5\/2024\/04\/vacunacion-9-1-1068x712.jpeg 1068w, \/wp-content\/uploads\/sites\/5\/2024\/04\/vacunacion-9-1-534x356.jpeg 534w, \/wp-content\/uploads\/sites\/5\/2024\/04\/vacunacion-9-1.jpeg 1600w\" sizes=\"(max-width: 630px) 100vw, 630px\" alt=\"\">\r\n                            <\/a>\r\n                            \r\n                        <\/figure>\r\n                    <\/div>\r\n                    <div class = \"td-slide-item td-item3\">\r\n                        <figure class=\"td-slide-galery-figure td-slide-popup-gallery\">\r\n                            <a class=\"slide-gallery-image-link\" href=\"\/wp-content\/uploads\/sites\/5\/2024\/04\/vacunacion-8-1.jpeg\" title=\"vacunacion-8\"  data-caption=\"\"  data-description=\"\">\r\n                                <img decoding=\"async\" src=\"\/wp-content\/uploads\/sites\/5\/2024\/04\/vacunacion-8-1-560x420.jpeg\" srcset=\"\/wp-content\/uploads\/sites\/5\/2024\/04\/vacunacion-8-1-560x420.jpeg 560w, \/wp-content\/uploads\/sites\/5\/2024\/04\/vacunacion-8-1-300x225.jpeg 300w, \/wp-content\/uploads\/sites\/5\/2024\/04\/vacunacion-8-1-1024x768.jpeg 1024w, \/wp-content\/uploads\/sites\/5\/2024\/04\/vacunacion-8-1-768x576.jpeg 768w, \/wp-content\/uploads\/sites\/5\/2024\/04\/vacunacion-8-1-1536x1152.jpeg 1536w, \/wp-content\/uploads\/sites\/5\/2024\/04\/vacunacion-8-1-80x60.jpeg 80w, \/wp-content\/uploads\/sites\/5\/2024\/04\/vacunacion-8-1-696x522.jpeg 696w, \/wp-content\/uploads\/sites\/5\/2024\/04\/vacunacion-8-1-1068x801.jpeg 1068w, \/wp-content\/uploads\/sites\/5\/2024\/04\/vacunacion-8-1-265x198.jpeg 265w, \/wp-content\/uploads\/sites\/5\/2024\/04\/vacunacion-8-1-534x401.jpeg 534w, \/wp-content\/uploads\/sites\/5\/2024\/04\/vacunacion-8-1.jpeg 1600w\" sizes=\"(max-width: 560px) 100vw, 560px\" alt=\"\">\r\n                            <\/a>\r\n                            \r\n                        <\/figure>\r\n                    <\/div>\r\n                    <div class = \"td-slide-item td-item4\">\r\n                        <figure class=\"td-slide-galery-figure td-slide-popup-gallery\">\r\n                            <a class=\"slide-gallery-image-link\" href=\"\/wp-content\/uploads\/sites\/5\/2024\/04\/vacunacion-7-1.jpeg\" title=\"vacunacion-7\"  data-caption=\"\"  data-description=\"\">\r\n                                <img decoding=\"async\" src=\"\/wp-content\/uploads\/sites\/5\/2024\/04\/vacunacion-7-1-630x420.jpeg\" srcset=\"\/wp-content\/uploads\/sites\/5\/2024\/04\/vacunacion-7-1-630x420.jpeg 630w, \/wp-content\/uploads\/sites\/5\/2024\/04\/vacunacion-7-1-300x200.jpeg 300w, \/wp-content\/uploads\/sites\/5\/2024\/04\/vacunacion-7-1-1024x682.jpeg 1024w, \/wp-content\/uploads\/sites\/5\/2024\/04\/vacunacion-7-1-768x512.jpeg 768w, \/wp-content\/uploads\/sites\/5\/2024\/04\/vacunacion-7-1-1536x1023.jpeg 1536w, \/wp-content\/uploads\/sites\/5\/2024\/04\/vacunacion-7-1-696x464.jpeg 696w, \/wp-content\/uploads\/sites\/5\/2024\/04\/vacunacion-7-1-1068x712.jpeg 1068w, \/wp-content\/uploads\/sites\/5\/2024\/04\/vacunacion-7-1-534x356.jpeg 534w, \/wp-content\/uploads\/sites\/5\/2024\/04\/vacunacion-7-1.jpeg 1600w\" sizes=\"(max-width: 630px) 100vw, 630px\" alt=\"\">\r\n                            <\/a>\r\n                            \r\n                        <\/figure>\r\n                    <\/div>\r\n                    <div class = \"td-slide-item td-item5\">\r\n                        <figure class=\"td-slide-galery-figure td-slide-popup-gallery\">\r\n                            <a class=\"slide-gallery-image-link\" href=\"\/wp-content\/uploads\/sites\/5\/2024\/04\/vacunacion-10.jpeg\" title=\"vacunacion-10\"  data-caption=\"\"  data-description=\"\">\r\n                                <img decoding=\"async\" src=\"\/wp-content\/uploads\/sites\/5\/2024\/04\/vacunacion-10-630x420.jpeg\" srcset=\"\/wp-content\/uploads\/sites\/5\/2024\/04\/vacunacion-10-630x420.jpeg 630w, \/wp-content\/uploads\/sites\/5\/2024\/04\/vacunacion-10-300x200.jpeg 300w, \/wp-content\/uploads\/sites\/5\/2024\/04\/vacunacion-10-1024x682.jpeg 1024w, \/wp-content\/uploads\/sites\/5\/2024\/04\/vacunacion-10-768x512.jpeg 768w, \/wp-content\/uploads\/sites\/5\/2024\/04\/vacunacion-10-1536x1023.jpeg 1536w, \/wp-content\/uploads\/sites\/5\/2024\/04\/vacunacion-10-696x464.jpeg 696w, \/wp-content\/uploads\/sites\/5\/2024\/04\/vacunacion-10-1068x712.jpeg 1068w, \/wp-content\/uploads\/sites\/5\/2024\/04\/vacunacion-10-534x356.jpeg 534w, \/wp-content\/uploads\/sites\/5\/2024\/04\/vacunacion-10.jpeg 1600w\" sizes=\"(max-width: 630px) 100vw, 630px\" alt=\"\">\r\n                            <\/a>\r\n                            \r\n                        <\/figure>\r\n                    <\/div>\r\n                    <div class = \"td-slide-item td-item6\">\r\n                        <figure class=\"td-slide-galery-figure td-slide-popup-gallery\">\r\n                            <a class=\"slide-gallery-image-link\" href=\"\/wp-content\/uploads\/sites\/5\/2024\/04\/vacunacion-6-1.jpeg\" title=\"vacunacion-6\"  data-caption=\"\"  data-description=\"\">\r\n                                <img decoding=\"async\" src=\"\/wp-content\/uploads\/sites\/5\/2024\/04\/vacunacion-6-1-630x420.jpeg\" srcset=\"\/wp-content\/uploads\/sites\/5\/2024\/04\/vacunacion-6-1-630x420.jpeg 630w, \/wp-content\/uploads\/sites\/5\/2024\/04\/vacunacion-6-1-300x200.jpeg 300w, \/wp-content\/uploads\/sites\/5\/2024\/04\/vacunacion-6-1-1024x682.jpeg 1024w, \/wp-content\/uploads\/sites\/5\/2024\/04\/vacunacion-6-1-768x512.jpeg 768w, \/wp-content\/uploads\/sites\/5\/2024\/04\/vacunacion-6-1-1536x1023.jpeg 1536w, \/wp-content\/uploads\/sites\/5\/2024\/04\/vacunacion-6-1-696x464.jpeg 696w, \/wp-content\/uploads\/sites\/5\/2024\/04\/vacunacion-6-1-1068x712.jpeg 1068w, \/wp-content\/uploads\/sites\/5\/2024\/04\/vacunacion-6-1-534x356.jpeg 534w, \/wp-content\/uploads\/sites\/5\/2024\/04\/vacunacion-6-1.jpeg 1600w\" sizes=\"(max-width: 630px) 100vw, 630px\" alt=\"\">\r\n                            <\/a>\r\n                            \r\n                        <\/figure>\r\n                    <\/div>\r\n                    <div class = \"td-slide-item td-item7\">\r\n                        <figure class=\"td-slide-galery-figure td-slide-popup-gallery\">\r\n                            <a class=\"slide-gallery-image-link\" href=\"\/wp-content\/uploads\/sites\/5\/2024\/04\/vacunacion-5-1.jpeg\" title=\"vacunacion-5\"  data-caption=\"\"  data-description=\"\">\r\n                                <img decoding=\"async\" src=\"\/wp-content\/uploads\/sites\/5\/2024\/04\/vacunacion-5-1-630x420.jpeg\" srcset=\"\/wp-content\/uploads\/sites\/5\/2024\/04\/vacunacion-5-1-630x420.jpeg 630w, \/wp-content\/uploads\/sites\/5\/2024\/04\/vacunacion-5-1-300x200.jpeg 300w, \/wp-content\/uploads\/sites\/5\/2024\/04\/vacunacion-5-1-1024x682.jpeg 1024w, \/wp-content\/uploads\/sites\/5\/2024\/04\/vacunacion-5-1-768x512.jpeg 768w, \/wp-content\/uploads\/sites\/5\/2024\/04\/vacunacion-5-1-1536x1023.jpeg 1536w, \/wp-content\/uploads\/sites\/5\/2024\/04\/vacunacion-5-1-696x464.jpeg 696w, \/wp-content\/uploads\/sites\/5\/2024\/04\/vacunacion-5-1-1068x712.jpeg 1068w, \/wp-content\/uploads\/sites\/5\/2024\/04\/vacunacion-5-1-534x356.jpeg 534w, \/wp-content\/uploads\/sites\/5\/2024\/04\/vacunacion-5-1.jpeg 1600w\" sizes=\"(max-width: 630px) 100vw, 630px\" alt=\"\">\r\n                            <\/a>\r\n                            \r\n                        <\/figure>\r\n                    <\/div>\r\n                            <\/div>\r\n                        <\/div>\r\n\r\n                        <div class = \"td-doubleSlider-2\">\r\n                            <div class = \"td-slider\">\r\n                                \r\n                    <div class = \"td-button td-item1\">\r\n                        <div class = \"td-border\"><\/div>\r\n                    <\/div>\r\n                    <div class = \"td-button td-item2\">\r\n                        <div class = \"td-border\"><\/div>\r\n                    <\/div>\r\n                    <div class = \"td-button td-item3\">\r\n                        <div class = \"td-border\"><\/div>\r\n                    <\/div>\r\n                    <div class = \"td-button td-item4\">\r\n                        <div class = \"td-border\"><\/div>\r\n                    <\/div>\r\n                    <div class = \"td-button td-item5\">\r\n                        <div class = \"td-border\"><\/div>\r\n                    <\/div>\r\n                    <div class = \"td-button td-item6\">\r\n                        <div class = \"td-border\"><\/div>\r\n                    <\/div>\r\n                    <div class = \"td-button td-item7\">\r\n                        <div class = \"td-border\"><\/div>\r\n                    <\/div>\r\n                            <\/div>\r\n                        <\/div>\r\n\r\n                    <\/div>\r\n\r\n                <\/div>\r\n                ","protected":false},"excerpt":{"rendered":"<p>En el marco de la Semana de la Vacunaci\u00f3n en las Am\u00e9ricas, el Hospital IGSS de Escuintla llev\u00f3 a cabo una actividad para promover la importancia de la inmunizaci\u00f3n tanto en ni\u00f1os como en adultos, con \u00e9nfasis en la relevancia de mantener al d\u00eda los esquemas. La actividad, que tuvo lugar en las instalaciones del [&hellip;]<\/p>\n","protected":false},"author":1961,"featured_media":41875,"comment_status":"closed","ping_status":"closed","sticky":false,"template":"","format":"standard","meta":{"footnotes":""},"categories":[3,1492],"tags":[1765,1907],"coauthors":[],"class_list":{"0":"post-41870","1":"post","2":"type-post","3":"status-publish","4":"format-standard","5":"has-post-thumbnail","7":"category-actualidad","8":"category-brigadas-de-vacunacion","9":"tag-hospital-departamental-igss-de-escuintla","10":"tag-semana-de-la-vacunacion-en-las-americas"},"_links":{"self":[{"href":"https:\/\/www.igssgt.org\/noticias\/wp-json\/wp\/v2\/posts\/41870","targetHints":{"allow":["GET"]}}],"collection":[{"href":"https:\/\/www.igssgt.org\/noticias\/wp-json\/wp\/v2\/posts"}],"about":[{"href":"https:\/\/www.igssgt.org\/noticias\/wp-json\/wp\/v2\/types\/post"}],"author":[{"embeddable":true,"href":"https:\/\/www.igssgt.org\/noticias\/wp-json\/wp\/v2\/users\/1961"}],"replies":[{"embeddable":true,"href":"https:\/\/www.igssgt.org\/noticias\/wp-json\/wp\/v2\/comments?post=41870"}],"version-history":[{"count":2,"href":"https:\/\/www.igssgt.org\/noticias\/wp-json\/wp\/v2\/posts\/41870\/revisions"}],"predecessor-version":[{"id":41882,"href":"https:\/\/www.igssgt.org\/noticias\/wp-json\/wp\/v2\/posts\/41870\/revisions\/41882"}],"wp:featuredmedia":[{"embeddable":true,"href":"https:\/\/www.igssgt.org\/noticias\/wp-json\/wp\/v2\/media\/41875"}],"wp:attachment":[{"href":"https:\/\/www.igssgt.org\/noticias\/wp-json\/wp\/v2\/media?parent=41870"}],"wp:term":[{"taxonomy":"category","embeddable":true,"href":"https:\/\/www.igssgt.org\/noticias\/wp-json\/wp\/v2\/categories?post=41870"},{"taxonomy":"post_tag","embeddable":true,"href":"https:\/\/www.igssgt.org\/noticias\/wp-json\/wp\/v2\/tags?post=41870"},{"taxonomy":"author","embeddable":true,"href":"https:\/\/www.igssgt.org\/noticias\/wp-json\/wp\/v2\/coauthors?post=41870"}],"curies":[{"name":"wp","href":"https:\/\/api.w.org\/{rel}","templated":true}]}}