{"id":41932,"date":"2024-04-26T14:03:34","date_gmt":"2024-04-26T20:03:34","guid":{"rendered":"https:\/\/www.igssgt.org\/noticias\/?p=41932"},"modified":"2024-05-23T12:32:26","modified_gmt":"2024-05-23T18:32:26","slug":"solola-la-ciudad-del-paisaje-tiene-nuevo-consultorio-del-seguro-social","status":"publish","type":"post","link":"https:\/\/www.igssgt.org\/noticias\/2024\/04\/26\/solola-la-ciudad-del-paisaje-tiene-nuevo-consultorio-del-seguro-social\/","title":{"rendered":"Solol\u00e1, la Ciudad del Paisaje, tiene nuevo consultorio del Seguro Social"},"content":{"rendered":"\n<p class=\"has-drop-cap\">Autoridades del Instituto Guatemalteco de Seguridad Social inauguraron las nuevas instalaciones del Consultorio de Solol\u00e1, lo cual representa un avance fundamental en la atenci\u00f3n y servicios para los 27 mil derechohabientes de ese departamento.<\/p>\n\n\n<p>Uno de ellos es el pensionado Mois\u00e9s L\u00f3pez Garc\u00eda, quien despu\u00e9s de una vida de docencia universitaria y un accidente, ahora recibe los beneficios del Instituto y elogia la amplitud del nuevo edificio. <strong>\u201cAgradezco a Junta Directiva del IGSS por la gesti\u00f3n que ha hecho para estas instalaciones. Yo soy pensionado de IVS y le doy gracias a Dios por la existencia de esta instituci\u00f3n\u201d<\/strong>, expres\u00f3.<\/p>\n<figure id=\"attachment_41935\" aria-describedby=\"caption-attachment-41935\" style=\"width: 1225px\" class=\"wp-caption alignnone\"><a href=\"\/wp-content\/uploads\/sites\/5\/2024\/04\/solola-2.jpeg\" target=\"_blank\" rel=\"noopener\"><img loading=\"lazy\" decoding=\"async\" class=\"wp-image-41935 size-full\" src=\"\/wp-content\/uploads\/sites\/5\/2024\/04\/solola-2.jpeg\" alt=\"\" width=\"1225\" height=\"824\" srcset=\"\/wp-content\/uploads\/sites\/5\/2024\/04\/solola-2.jpeg 1225w, \/wp-content\/uploads\/sites\/5\/2024\/04\/solola-2-300x202.jpeg 300w, \/wp-content\/uploads\/sites\/5\/2024\/04\/solola-2-1024x689.jpeg 1024w, \/wp-content\/uploads\/sites\/5\/2024\/04\/solola-2-768x517.jpeg 768w, \/wp-content\/uploads\/sites\/5\/2024\/04\/solola-2-624x420.jpeg 624w, \/wp-content\/uploads\/sites\/5\/2024\/04\/solola-2-696x468.jpeg 696w, \/wp-content\/uploads\/sites\/5\/2024\/04\/solola-2-1068x718.jpeg 1068w, \/wp-content\/uploads\/sites\/5\/2024\/04\/solola-2-534x359.jpeg 534w\" sizes=\"auto, (max-width: 1225px) 100vw, 1225px\" \/><\/a><figcaption id=\"caption-attachment-41935\" class=\"wp-caption-text\">El Consultorio de Solol\u00e1 atiende a m\u00e1s de 27 mil derechohabientes, incluidos los hijos y esposas de los afiliados titulares.<\/figcaption><\/figure>\n<p>Este establecimiento no solo fortalece la infraestructura m\u00e9dica de la regi\u00f3n, sino que tambi\u00e9n es un testimonio de la innovaci\u00f3n tecnol\u00f3gica que el Instituto est\u00e1 integrando en sus proyectos.<\/p>\n<p>Al respecto, el licenciado Roberto Barillas, subgerente de Tecnolog\u00eda, dijo que la modernizaci\u00f3n del consultorio incluye la incorporaci\u00f3n de tecnolog\u00eda, infraestructura hospitalaria y asistencial, adem\u00e1s del remozamiento.<\/p>\n<figure id=\"attachment_41936\" aria-describedby=\"caption-attachment-41936\" style=\"width: 1280px\" class=\"wp-caption alignnone\"><a href=\"\/wp-content\/uploads\/sites\/5\/2024\/04\/solola-3.jpeg\" target=\"_blank\" rel=\"noopener\"><img loading=\"lazy\" decoding=\"async\" class=\"wp-image-41936 size-full\" src=\"\/wp-content\/uploads\/sites\/5\/2024\/04\/solola-3.jpeg\" alt=\"\" width=\"1280\" height=\"853\" srcset=\"\/wp-content\/uploads\/sites\/5\/2024\/04\/solola-3.jpeg 1280w, \/wp-content\/uploads\/sites\/5\/2024\/04\/solola-3-300x200.jpeg 300w, \/wp-content\/uploads\/sites\/5\/2024\/04\/solola-3-1024x682.jpeg 1024w, \/wp-content\/uploads\/sites\/5\/2024\/04\/solola-3-768x512.jpeg 768w, \/wp-content\/uploads\/sites\/5\/2024\/04\/solola-3-630x420.jpeg 630w, \/wp-content\/uploads\/sites\/5\/2024\/04\/solola-3-696x464.jpeg 696w, \/wp-content\/uploads\/sites\/5\/2024\/04\/solola-3-1068x712.jpeg 1068w, \/wp-content\/uploads\/sites\/5\/2024\/04\/solola-3-534x356.jpeg 534w\" sizes=\"auto, (max-width: 1280px) 100vw, 1280px\" \/><\/a><figcaption id=\"caption-attachment-41936\" class=\"wp-caption-text\">La implementaci\u00f3n de tecnolog\u00eda ha reducido los tiempos de espera un 60 por ciento.<\/figcaption><\/figure>\n<p>Con capacidad de atender a un promedio de 210 pacientes diarios, el consultorio est\u00e1 equipado para ofrecer una variedad de especialidades, incluyendo Medicina Interna, Cirug\u00eda, Pediatr\u00eda, Traumatolog\u00eda, Ginecolog\u00eda y Obstetricia, Medicina General y Odontolog\u00eda.<\/p>\n<p>La diversidad de servicios garantiza que los afiliados puedan recibir una atenci\u00f3n integral y especializada sin largos periodos de espera, pues los tiempos de atenci\u00f3n se redujeron un 60 por ciento.<\/p>\n<figure id=\"attachment_41937\" aria-describedby=\"caption-attachment-41937\" style=\"width: 1193px\" class=\"wp-caption alignnone\"><a href=\"\/wp-content\/uploads\/sites\/5\/2024\/04\/solola-4.jpeg\" target=\"_blank\" rel=\"noopener\"><img loading=\"lazy\" decoding=\"async\" class=\"wp-image-41937 size-full\" src=\"\/wp-content\/uploads\/sites\/5\/2024\/04\/solola-4.jpeg\" alt=\"\" width=\"1193\" height=\"793\" srcset=\"\/wp-content\/uploads\/sites\/5\/2024\/04\/solola-4.jpeg 1193w, \/wp-content\/uploads\/sites\/5\/2024\/04\/solola-4-300x199.jpeg 300w, \/wp-content\/uploads\/sites\/5\/2024\/04\/solola-4-1024x681.jpeg 1024w, \/wp-content\/uploads\/sites\/5\/2024\/04\/solola-4-768x510.jpeg 768w, \/wp-content\/uploads\/sites\/5\/2024\/04\/solola-4-632x420.jpeg 632w, \/wp-content\/uploads\/sites\/5\/2024\/04\/solola-4-696x463.jpeg 696w, \/wp-content\/uploads\/sites\/5\/2024\/04\/solola-4-1068x710.jpeg 1068w, \/wp-content\/uploads\/sites\/5\/2024\/04\/solola-4-534x355.jpeg 534w\" sizes=\"auto, (max-width: 1193px) 100vw, 1193px\" \/><\/a><figcaption id=\"caption-attachment-41937\" class=\"wp-caption-text\">M\u00e1s de 7 especialidades funcionan en el moderno consultorio, donde diariamente se atiende en promedio a 200 pacientes.<\/figcaption><\/figure>\n<h3><strong>57 a\u00f1os de compromiso con la salud en Solol\u00e1<\/strong><\/h3>\n<p>El compromiso con la salud de los sololatecos se remonta a 57 a\u00f1os atr\u00e1s, con la implementaci\u00f3n del programa de Accidentes en 1967.<\/p>\n<p>A lo largo de los a\u00f1os, el la instituci\u00f3n ha ampliado sus servicios para incluir Consulta Externa, Encamamiento y Emergencias, y se tiene previsto el montaje de un laboratorio de primer nivel en los pr\u00f3ximos meses.<\/p>\n<p><a href=\"\/wp-content\/uploads\/sites\/5\/2024\/04\/solola-5.jpeg\" target=\"_blank\" rel=\"noopener\"><img loading=\"lazy\" decoding=\"async\" class=\"alignnone wp-image-41938 size-full\" src=\"\/wp-content\/uploads\/sites\/5\/2024\/04\/solola-5.jpeg\" alt=\"\" width=\"1176\" height=\"775\" srcset=\"\/wp-content\/uploads\/sites\/5\/2024\/04\/solola-5.jpeg 1176w, \/wp-content\/uploads\/sites\/5\/2024\/04\/solola-5-300x198.jpeg 300w, \/wp-content\/uploads\/sites\/5\/2024\/04\/solola-5-1024x675.jpeg 1024w, \/wp-content\/uploads\/sites\/5\/2024\/04\/solola-5-768x506.jpeg 768w, \/wp-content\/uploads\/sites\/5\/2024\/04\/solola-5-637x420.jpeg 637w, \/wp-content\/uploads\/sites\/5\/2024\/04\/solola-5-696x459.jpeg 696w, \/wp-content\/uploads\/sites\/5\/2024\/04\/solola-5-1068x704.jpeg 1068w, \/wp-content\/uploads\/sites\/5\/2024\/04\/solola-5-534x352.jpeg 534w\" sizes=\"auto, (max-width: 1176px) 100vw, 1176px\" \/><\/a><\/p>\n<p>Una de las innovaciones m\u00e1s destacadas es la implementaci\u00f3n de tecnolog\u00eda de vanguardia y mejoras en la infraestructura que reducir\u00e1n los tiempos de espera en cl\u00ednicas y farmacia, como un sistema de voceo dotado de pantallas y bocinas.<\/p>\n<p>Esto no solo mejora la experiencia del paciente, sino que optimiza la eficiencia del personal m\u00e9dico y administrativo.<\/p>\n<p><a href=\"\/wp-content\/uploads\/sites\/5\/2024\/04\/solola-6.jpeg\" target=\"_blank\" rel=\"noopener\"><img loading=\"lazy\" decoding=\"async\" class=\"alignnone wp-image-41939 size-full\" src=\"\/wp-content\/uploads\/sites\/5\/2024\/04\/solola-6.jpeg\" alt=\"\" width=\"1280\" height=\"853\" srcset=\"\/wp-content\/uploads\/sites\/5\/2024\/04\/solola-6.jpeg 1280w, \/wp-content\/uploads\/sites\/5\/2024\/04\/solola-6-300x200.jpeg 300w, \/wp-content\/uploads\/sites\/5\/2024\/04\/solola-6-1024x682.jpeg 1024w, \/wp-content\/uploads\/sites\/5\/2024\/04\/solola-6-768x512.jpeg 768w, \/wp-content\/uploads\/sites\/5\/2024\/04\/solola-6-630x420.jpeg 630w, \/wp-content\/uploads\/sites\/5\/2024\/04\/solola-6-696x464.jpeg 696w, \/wp-content\/uploads\/sites\/5\/2024\/04\/solola-6-1068x712.jpeg 1068w, \/wp-content\/uploads\/sites\/5\/2024\/04\/solola-6-534x356.jpeg 534w\" sizes=\"auto, (max-width: 1280px) 100vw, 1280px\" \/><\/a><\/p>\n<p><strong>\u201cNosotros hemos abierto el IGSS a m\u00e1s poblaci\u00f3n. Nos interesa incrementar la cantidad de afiliados para mejorar la recaudaci\u00f3n y as\u00ed retribuirles con inversi\u00f3n local\u201d<\/strong>, expres\u00f3 durante su discurso el licenciado Jos\u00e9 Adolfo Flamenco Jau, presidente de Junta Directiva, qui\u00e9n adem\u00e1s destac\u00f3 la buena gesti\u00f3n del actual director y las iniciativas institucionales para ampliar la cobertura.<\/p>\n<p><a href=\"\/wp-content\/uploads\/sites\/5\/2024\/04\/solola-7.jpeg\" target=\"_blank\" rel=\"noopener\"><img loading=\"lazy\" decoding=\"async\" class=\"alignnone wp-image-41940 size-full\" src=\"\/wp-content\/uploads\/sites\/5\/2024\/04\/solola-7.jpeg\" alt=\"\" width=\"1280\" height=\"853\" srcset=\"\/wp-content\/uploads\/sites\/5\/2024\/04\/solola-7.jpeg 1280w, \/wp-content\/uploads\/sites\/5\/2024\/04\/solola-7-300x200.jpeg 300w, \/wp-content\/uploads\/sites\/5\/2024\/04\/solola-7-1024x682.jpeg 1024w, \/wp-content\/uploads\/sites\/5\/2024\/04\/solola-7-768x512.jpeg 768w, \/wp-content\/uploads\/sites\/5\/2024\/04\/solola-7-630x420.jpeg 630w, \/wp-content\/uploads\/sites\/5\/2024\/04\/solola-7-696x464.jpeg 696w, \/wp-content\/uploads\/sites\/5\/2024\/04\/solola-7-1068x712.jpeg 1068w, \/wp-content\/uploads\/sites\/5\/2024\/04\/solola-7-534x356.jpeg 534w\" sizes=\"auto, (max-width: 1280px) 100vw, 1280px\" \/><\/a><\/p>","protected":false},"excerpt":{"rendered":"<p>Autoridades del Instituto Guatemalteco de Seguridad Social inauguraron las nuevas instalaciones del Consultorio de Solol\u00e1, lo cual representa un avance fundamental en la atenci\u00f3n y servicios para los 27 mil derechohabientes de ese departamento. Uno de ellos es el pensionado Mois\u00e9s L\u00f3pez Garc\u00eda, quien despu\u00e9s de una vida de docencia universitaria y un accidente, ahora [&hellip;]<\/p>\n","protected":false},"author":1961,"featured_media":41934,"comment_status":"closed","ping_status":"closed","sticky":false,"template":"","format":"standard","meta":{"footnotes":""},"categories":[3,15,18],"tags":[1499,1367,506],"coauthors":[],"class_list":{"0":"post-41932","1":"post","2":"type-post","3":"status-publish","4":"format-standard","5":"has-post-thumbnail","7":"category-actualidad","8":"category-destacado","9":"category-equipamiento-e-infraestructura","10":"tag-consultorio-de-solola","11":"tag-equipamiento","12":"tag-infraestructura"},"_links":{"self":[{"href":"https:\/\/www.igssgt.org\/noticias\/wp-json\/wp\/v2\/posts\/41932","targetHints":{"allow":["GET"]}}],"collection":[{"href":"https:\/\/www.igssgt.org\/noticias\/wp-json\/wp\/v2\/posts"}],"about":[{"href":"https:\/\/www.igssgt.org\/noticias\/wp-json\/wp\/v2\/types\/post"}],"author":[{"embeddable":true,"href":"https:\/\/www.igssgt.org\/noticias\/wp-json\/wp\/v2\/users\/1961"}],"replies":[{"embeddable":true,"href":"https:\/\/www.igssgt.org\/noticias\/wp-json\/wp\/v2\/comments?post=41932"}],"version-history":[{"count":2,"href":"https:\/\/www.igssgt.org\/noticias\/wp-json\/wp\/v2\/posts\/41932\/revisions"}],"predecessor-version":[{"id":41941,"href":"https:\/\/www.igssgt.org\/noticias\/wp-json\/wp\/v2\/posts\/41932\/revisions\/41941"}],"wp:featuredmedia":[{"embeddable":true,"href":"https:\/\/www.igssgt.org\/noticias\/wp-json\/wp\/v2\/media\/41934"}],"wp:attachment":[{"href":"https:\/\/www.igssgt.org\/noticias\/wp-json\/wp\/v2\/media?parent=41932"}],"wp:term":[{"taxonomy":"category","embeddable":true,"href":"https:\/\/www.igssgt.org\/noticias\/wp-json\/wp\/v2\/categories?post=41932"},{"taxonomy":"post_tag","embeddable":true,"href":"https:\/\/www.igssgt.org\/noticias\/wp-json\/wp\/v2\/tags?post=41932"},{"taxonomy":"author","embeddable":true,"href":"https:\/\/www.igssgt.org\/noticias\/wp-json\/wp\/v2\/coauthors?post=41932"}],"curies":[{"name":"wp","href":"https:\/\/api.w.org\/{rel}","templated":true}]}}