{"id":41957,"date":"2024-05-01T05:00:00","date_gmt":"2024-05-01T11:00:00","guid":{"rendered":"https:\/\/www.igssgt.org\/noticias\/?p=41957"},"modified":"2024-05-15T13:18:46","modified_gmt":"2024-05-15T19:18:46","slug":"vii-encuentro-de-salud-y-seguridad-ocupacional","status":"publish","type":"post","link":"https:\/\/www.igssgt.org\/noticias\/2024\/05\/01\/vii-encuentro-de-salud-y-seguridad-ocupacional\/","title":{"rendered":"VII Encuentro de Salud y Seguridad Ocupacional"},"content":{"rendered":"<h3>Con\u00e9ctate al VII Encuentro de Salud y Seguridad Ocupacional IGSS<\/h3>\n<p>\ud83d\uddd3\ufe0f Jueves 16 y viernes 17 de mayo de 2024<br \/>\ud83d\udd59 De 8:00 a 17:00 horas<br \/>\ud83d\udc49Se entregar\u00e1 constancia de participaci\u00f3n<br \/>*Cupo Limitado*<br \/>\ud83d\udcbb Evento v\u00eda Zoom<\/p>\n<p><iframe loading=\"lazy\" title=\"Promoci\u00f3n de salud y seguridad ocupacional\" width=\"696\" height=\"392\" src=\"https:\/\/www.youtube.com\/embed\/srzeYtAbZP0?feature=oembed\" frameborder=\"0\" allow=\"accelerometer; autoplay; clipboard-write; encrypted-media; gyroscope; picture-in-picture; web-share\" referrerpolicy=\"strict-origin-when-cross-origin\" allowfullscreen><\/iframe><\/p>\n<p>\ud83d\udcdd Inscr\u00edbete por los enlaces a cada d\u00eda del evento:<\/p>\n<p>Jueves 16 de mayo: <a href=\"https:\/\/tinyurl.com\/yc3m8mdx\" target=\"_blank\" rel=\"noopener\">https:\/\/tinyurl.com\/yc3m8mdx<\/a><\/p>\n<p>Viernes 17 de mayo: <a href=\"https:\/\/tinyurl.com\/33nrntuv\" target=\"_blank\" rel=\"noopener\">https:\/\/tinyurl.com\/33nrntuv<\/a><\/p>\n<p><a href=\"\/wp-content\/uploads\/sites\/5\/2024\/05\/Poster-VII-Encuentro-de-Salud-y-Seguridad-Ocupacional-2024-igss.jpg\"><img loading=\"lazy\" decoding=\"async\" class=\"aligncenter size-full wp-image-42167\" style=\"border: 1px solid;color: black\" src=\"\/wp-content\/uploads\/sites\/5\/2024\/05\/Poster-VII-Encuentro-de-Salud-y-Seguridad-Ocupacional-2024-igss.jpg\" alt=\"\" width=\"1600\" height=\"1600\" srcset=\"\/wp-content\/uploads\/sites\/5\/2024\/05\/Poster-VII-Encuentro-de-Salud-y-Seguridad-Ocupacional-2024-igss.jpg 1600w, \/wp-content\/uploads\/sites\/5\/2024\/05\/Poster-VII-Encuentro-de-Salud-y-Seguridad-Ocupacional-2024-igss-300x300.jpg 300w, \/wp-content\/uploads\/sites\/5\/2024\/05\/Poster-VII-Encuentro-de-Salud-y-Seguridad-Ocupacional-2024-igss-1024x1024.jpg 1024w, \/wp-content\/uploads\/sites\/5\/2024\/05\/Poster-VII-Encuentro-de-Salud-y-Seguridad-Ocupacional-2024-igss-150x150.jpg 150w, \/wp-content\/uploads\/sites\/5\/2024\/05\/Poster-VII-Encuentro-de-Salud-y-Seguridad-Ocupacional-2024-igss-768x768.jpg 768w, \/wp-content\/uploads\/sites\/5\/2024\/05\/Poster-VII-Encuentro-de-Salud-y-Seguridad-Ocupacional-2024-igss-1536x1536.jpg 1536w, \/wp-content\/uploads\/sites\/5\/2024\/05\/Poster-VII-Encuentro-de-Salud-y-Seguridad-Ocupacional-2024-igss-420x420.jpg 420w, \/wp-content\/uploads\/sites\/5\/2024\/05\/Poster-VII-Encuentro-de-Salud-y-Seguridad-Ocupacional-2024-igss-696x696.jpg 696w, \/wp-content\/uploads\/sites\/5\/2024\/05\/Poster-VII-Encuentro-de-Salud-y-Seguridad-Ocupacional-2024-igss-1068x1068.jpg 1068w, \/wp-content\/uploads\/sites\/5\/2024\/05\/Poster-VII-Encuentro-de-Salud-y-Seguridad-Ocupacional-2024-igss-462x462.jpg 462w\" sizes=\"auto, (max-width: 1600px) 100vw, 1600px\" \/><\/a><\/p>\n<h2><strong>Agenda<\/strong><\/h2>\n<h3><strong>16 de mayo de 2024<\/strong><\/h3>\n<table style=\"width: 100%;height: 594px\" width=\"123%\">\n<tbody>\n<tr style=\"height: 25px\">\n<td style=\"width: 19%;border-color: #030300;background-color: #87c5e6;height: 25px\" width=\"19%\"><strong>Horario<\/strong><\/td>\n<td style=\"width: 43.3521%;border-color: #030300;background-color: #87c5e6;height: 25px\" width=\"50%\"><strong>Temas<\/strong><\/td>\n<td style=\"width: 35.6479%;border-color: #030300;background-color: #87c5e6;height: 25px\" width=\"29%\"><strong>Expositor<\/strong><\/td>\n<\/tr>\n<tr style=\"height: 51px\">\n<td style=\"width: 19%;border-color: #030303;height: 51px\" width=\"19%\">8:00 \u2013 8:10<\/td>\n<td style=\"width: 43.3521%;border-color: #030303;height: 51px\" width=\"50%\">Bienvenida<\/td>\n<td style=\"width: 35.6479%;border-color: #030303;height: 51px\" width=\"29%\">Msc. Dr. Mynor Mej\u00eda, Jefe de la Secci\u00f3n de Seguridad e Higiene-IGSS<\/td>\n<\/tr>\n<tr style=\"height: 51px\">\n<td style=\"width: 19%;border-color: #030303;background-color: #d4f8fa;height: 51px\" width=\"19%\">8:10 \u2013 8:50<\/td>\n<td style=\"width: 43.3521%;border-color: #030303;background-color: #d4f8fa;height: 51px\" width=\"50%\">Palabras de inauguraci\u00f3n del evento<\/td>\n<td style=\"width: 35.6479%;border-color: #030303;background-color: #d4f8fa;height: 51px\" width=\"29%\">Lic. Jos\u00e9 Adolfo Flamenco Jau, Presidente de la Junta Directiva IGSS<\/td>\n<\/tr>\n<tr style=\"height: 51px\">\n<td style=\"width: 19%;border-color: #030303;background-color: #d4f8fa;height: 51px\">\u00a0<\/td>\n<td style=\"width: 43.3521%;border-color: #030303;background-color: #d4f8fa;height: 51px\">Palabras alusivas<\/td>\n<td style=\"width: 35.6479%;border-color: #030303;background-color: #d4f8fa;height: 51px\">Msc. Miriam Catarina Roquel Ch\u00e1vez, Ministra de Trabajo y Previsi\u00f3n Social<\/td>\n<\/tr>\n<tr style=\"height: 51px\">\n<td style=\"width: 19%;border-color: #030303;height: 51px\" width=\"19%\">8:50 \u2013 09:50<\/td>\n<td style=\"width: 43.3521%;border-color: #030303;height: 51px\" width=\"50%\">Los objetivos de desarrollo sostenible y la Salud y Seguridad en el trabajo<\/td>\n<td style=\"width: 35.6479%;border-color: #030303;height: 51px\" width=\"29%\">Dr. Roberto Arias, Organizaci\u00f3n Iberoamericana de Seguridad Social (OISS)-Costa Rica<\/td>\n<\/tr>\n<tr style=\"height: 51px\">\n<td style=\"width: 19%;border-color: #030303;background-color: #d4f8fa;height: 51px\" width=\"19%\">09:50-10:40<\/td>\n<td style=\"width: 43.3521%;border-color: #030303;background-color: #d4f8fa;height: 51px\" width=\"50%\">Importancia del liderazgo en Salud y Seguridad Ocupacional para la reducci\u00f3n de accidentes laborales<\/td>\n<td style=\"width: 35.6479%;border-color: #030303;background-color: #d4f8fa;height: 51px\" width=\"29%\">MBA Ing. Arcenio David Figueroa Arias-USAC<\/td>\n<\/tr>\n<tr style=\"height: 25px\">\n<td style=\"width: 19%;border-color: #030303;background-color: #fcfcfc;height: 25px\" width=\"19%\">10:40 \u2013 11:00<\/td>\n<td style=\"width: 43.3521%;border-color: #030303;background-color: #fcfcfc;height: 25px\" width=\"50%\"><strong>Receso<\/strong><\/td>\n<td style=\"width: 35.6479%;border-color: #030303;background-color: #fcfcfc;height: 25px\" width=\"29%\">\u00a0<\/td>\n<\/tr>\n<tr style=\"height: 144px\">\n<td style=\"width: 19%;border-color: #030303;background-color: #d4f8fa;height: 60px\" width=\"19%\">11:10 &#8211; 12:00<\/td>\n<td style=\"width: 43.3521%;border-color: #030303;background-color: #d4f8fa;height: 60px\" width=\"50%\">Impacto econ\u00f3mico de los accidentes laborales para la empresa<\/td>\n<td style=\"width: 35.6479%;border-color: #030303;background-color: #d4f8fa;height: 60px\" width=\"29%\">Magister Cynthia P\u00e9rez, Universidad -ENAE-Murcia, Espa\u00f1a-Guatemala<\/td>\n<\/tr>\n<tr style=\"height: 51px\">\n<td style=\"width: 19%;border-color: #030303;background-color: #fcfcfc;height: 51px\" width=\"19%\">12:00 \u2013 12:50<\/td>\n<td style=\"width: 43.3521%;border-color: #030303;background-color: #fcfcfc;height: 51px\" width=\"50%\">Estrategias para evitar el estr\u00e9s laboral y enfermedades del trabajo<\/td>\n<td style=\"width: 35.6479%;border-color: #030303;background-color: #fcfcfc;height: 51px\" width=\"29%\">Doctora Ana Claudia Gastal Fassa, OPS-Washington D.C-Virtual<\/td>\n<\/tr>\n<tr style=\"height: 25px\">\n<td style=\"width: 19%;border-color: #030303;height: 25px;background-color: #d4f8fa\" width=\"19%\">12:50 \u2013 14:10<\/td>\n<td style=\"width: 43.3521%;border-color: #030303;height: 25px;background-color: #d4f8fa\" width=\"50%\"><strong>Receso<\/strong><\/td>\n<td style=\"width: 35.6479%;border-color: #030303;height: 25px;background-color: #d4f8fa\" width=\"29%\">\u00a0<\/td>\n<\/tr>\n<tr style=\"height: 51px\">\n<td style=\"width: 19%;height: 51px;background-color: #ffffff;border-color: #000000\" width=\"19%\">14:10 \u2013 15:00<\/td>\n<td style=\"width: 43.3521%;height: 51px;background-color: #ffffff;border-color: #000000\" width=\"50%\">Impacto psicol\u00f3gico de los accidentes laborales en los trabajadores y familiares<\/td>\n<td style=\"width: 35.6479%;height: 51px;background-color: #ffffff;border-color: #000000\" width=\"29%\">Lcda. Loyda Sandoval. Psic\u00f3loga-UMG<\/td>\n<\/tr>\n<tr style=\"height: 51px\">\n<td style=\"width: 19%;border-color: #030303;border-style: solid;height: 51px;background-color: #d4f8fa\" width=\"19%\">15:10 \u201316:00<\/td>\n<td style=\"width: 43.3521%;border-color: #030303;border-style: solid;height: 51px;background-color: #d4f8fa\" width=\"50%\">Introducci\u00f3n al tema<\/td>\n<td style=\"width: 35.6479%;border-color: #030303;border-style: solid;height: 51px;background-color: #d4f8fa\" width=\"29%\">Msc. Dr. Mynor Mej\u00eda, Jefe de la Secci\u00f3n de Seguridad e Higiene-IGSS<\/td>\n<\/tr>\n<tr style=\"height: 51px\">\n<td style=\"width: 19%;border-color: #030303;border-style: solid;height: 51px;background-color: #d4f8fa\">\u00a0<\/td>\n<td style=\"width: 43.3521%;border-color: #030303;border-style: solid;height: 51px;background-color: #d4f8fa\">Programa de Invalidez, Vejez y Sobrevivencia -IVS-<br \/>del Instituto Guatemalteco de Seguridad Social<\/td>\n<td style=\"width: 35.6479%;border-color: #030303;border-style: solid;height: 51px;background-color: #d4f8fa\">Lic. Jos\u00e9 Domingo Argueta Salazar, Subgerente de Prestaciones Pecuniarias IGSS<\/td>\n<\/tr>\n<\/tbody>\n<\/table>\n<h3><strong>17 de mayo de 2024<\/strong><\/h3>\n<table style=\"width: 100%;border-color: #030300;height: 458px\" width=\"100%\">\n<tbody>\n<tr style=\"height: 25px\">\n<td style=\"width: 18%;border-color: #030300;background-color: #87c5e6;height: 25px\" width=\"18%\"><strong>Horario<\/strong><\/td>\n<td style=\"width: 44.7903%;border-color: #030300;background-color: #87c5e6;height: 25px\" width=\"52%\"><strong>Temas<\/strong><\/td>\n<td style=\"width: 35.2097%;border-color: #030300;background-color: #87c5e6;height: 25px\" width=\"28%\"><strong>Expositor<\/strong><\/td>\n<\/tr>\n<tr style=\"height: 77px\">\n<td style=\"width: 18%;border-color: #030300;height: 77px\" width=\"18%\">8:00 \u2013 8:50<\/td>\n<td style=\"width: 44.7903%;border-color: #030300;height: 77px\" width=\"52%\">Estr\u00e9s T\u00e9rmico en trabajadores<\/td>\n<td style=\"width: 35.2097%;border-color: #030300;height: 77px\" width=\"28%\">Dr. Francis Z\u00fa\u00f1iga, Organizaci\u00f3n Iberoamericana de Seguridad Social (OISS)-Costa Rica<\/td>\n<\/tr>\n<tr style=\"height: 77px\">\n<td style=\"width: 18%;border-color: #030300;background-color: #d4f8fa;height: 77px\" width=\"18%\">8:50 \u2013 09:40<\/td>\n<td style=\"width: 44.7903%;border-color: #030300;background-color: #d4f8fa;height: 77px\" width=\"52%\">Burnout: Luchando en silencio, Herramientas pr\u00e1cticas para abordarlo y estrategias para conectar contigo y enfrentar los desaf\u00edos laborales<\/td>\n<td style=\"width: 35.2097%;border-color: #030300;background-color: #d4f8fa;height: 77px\" width=\"28%\">Lcda. Alejandra Castillo, Psic\u00f3loga y Conferencista. -URL y UMG-Guatemala<\/td>\n<\/tr>\n<tr style=\"height: 25px\">\n<td style=\"width: 18%;border-color: #030300;height: 25px\" width=\"18%\">09:50 \u2013 10:10<\/td>\n<td style=\"width: 44.7903%;border-color: #030300;height: 25px\" width=\"52%\"><strong>Receso<\/strong><\/td>\n<td style=\"width: 35.2097%;border-color: #030300;height: 25px\" width=\"28%\">\u00a0<\/td>\n<\/tr>\n<tr style=\"height: 51px\">\n<td style=\"width: 18%;border-color: #030300;height: 51px;background-color: #d4f8fa\" width=\"18%\">10:10 \u2013 11:00<\/td>\n<td style=\"width: 44.7903%;border-color: #030300;height: 51px;background-color: #d4f8fa\" width=\"52%\">Contaminaci\u00f3n del aire a nivel industrial, estudios y efectos<\/td>\n<td style=\"width: 35.2097%;border-color: #030300;height: 51px;background-color: #d4f8fa\" width=\"28%\">M.Sc Jos\u00e9 Pablo Sibaja Brenes, Universidad Nacional Costa Rica<\/td>\n<\/tr>\n<tr style=\"height: 25px\">\n<td style=\"width: 18%;border-color: #030300;height: 25px\" width=\"18%\">11:00 \u2013 11:50<\/td>\n<td style=\"width: 44.7903%;border-color: #030300;height: 25px\" width=\"52%\">Enfermedad renal cr\u00f3nica por causa no tradicional<\/td>\n<td style=\"width: 35.2097%;border-color: #030300;height: 25px\" width=\"28%\">Dr. S\u00e1nchez Polo. Nefr\u00f3logo-USAC-Guatemala<\/td>\n<\/tr>\n<tr style=\"height: 25px\">\n<td style=\"width: 18%;border-color: #030300;height: 25px;background-color: #d4f8fa\" width=\"18%\">11:50 \u2013 14:00<\/td>\n<td style=\"width: 44.7903%;border-color: #030300;height: 25px;background-color: #d4f8fa\" width=\"52%\"><strong>Receso<\/strong><\/td>\n<td style=\"width: 35.2097%;border-color: #030300;height: 25px;background-color: #d4f8fa\" width=\"28%\">\u00a0<\/td>\n<\/tr>\n<tr style=\"height: 51px\">\n<td style=\"width: 18%;border-color: #030300;height: 51px;background-color: #ffffff\" width=\"18%\">14:00 \u2013 14:50<\/td>\n<td style=\"width: 44.7903%;border-color: #030300;height: 51px;background-color: #ffffff\" width=\"52%\">Notificaci\u00f3n y registro de accidentes de trabajo y enfermedades profesionales<\/td>\n<td style=\"width: 35.2097%;border-color: #030300;height: 51px;background-color: #ffffff\" width=\"28%\">Tzvetomira Radoslavova, Organizaci\u00f3n Internacional de Trabajo (OIT)-Virtual<\/td>\n<\/tr>\n<tr style=\"height: 51px\">\n<td style=\"width: 18%;border-color: #030300;height: 51px;background-color: #d4f8fa\" width=\"18%\">15:00 \u2013 15:50<\/td>\n<td style=\"width: 44.7903%;border-color: #030300;height: 51px;background-color: #d4f8fa\" width=\"52%\">S\u00edndrome del Edificio Enfermo<\/td>\n<td style=\"width: 35.2097%;border-color: #030300;height: 51px;background-color: #d4f8fa\" width=\"28%\">M.Sc Jos\u00e9 Pablo Sibaja Brenes, Universidad Nacional Costa Rica<\/td>\n<\/tr>\n<tr style=\"height: 51px\">\n<td style=\"width: 18%;border-color: #030300;height: 51px;background-color: #ffffff\" width=\"18%\">15:50\u2013 16:20<\/td>\n<td style=\"width: 44.7903%;border-color: #030300;height: 51px;background-color: #ffffff\" width=\"52%\">Palabras de Cierre de evento<\/td>\n<td style=\"width: 35.2097%;border-color: #030300;height: 51px;background-color: #ffffff\" width=\"28%\">Msc. Dr. Mynor Mej\u00eda, Jefe de la Secci\u00f3n de Seguridad e Higiene-IGSS<\/td>\n<\/tr>\n<\/tbody>\n<\/table>\n<h2><strong>Documentos<\/strong><\/h2>\n<p><span class=\"x1c3i2sq x19la9d6 x1fc57z9 xexx8yu x19um543 x18d9i69 x1m6msm x6ikm8r x10wlt62 x19co3pv x1g5zs5t xfibh0p xiy17q3 x1xsqp64\"><span class=\"\">\ud83d\udc49 <\/span><\/span>Descargue el trifoliar: <a href=\"\/wp-content\/uploads\/sites\/5\/2024\/04\/Trifoliar-SSO-2024.pdf\" target=\"_blank\" rel=\"noopener\">\u00bfCumple mi empresa con el Reglamento de Salud y Seguridad Ocupacional?<\/a><\/p>\n<h3 class=\"entry-title\">Normativas Legales en Salud y Seguridad Ocupacional en Guatemala<\/h3>\n<div class=\"real3dflipbook\" id=\"63_69f3e2a8d2c9d\" style=\"position:absolute;\"><\/div>\n<p><strong><a href=\"https:\/\/www.igssgt.org\/wp-content\/uploads\/sites\/5\/2024\/05\/Normativas-legales-en-salud-y-seguridad-ocupacional-en-Guatemala-IGSS.pdf\" target=\"_blank\" rel=\"noopener\">Descargar documento en PDF.<\/a><\/strong><\/p>\n\n\n<p><\/p>\n","protected":false},"excerpt":{"rendered":"<p>Con\u00e9ctate al VII Encuentro de Salud y Seguridad Ocupacional IGSS<\/p>\n<p>\ud83d\uddd3\ufe0f Jueves 16 y viernes 17 de mayo de 2024<br \/>\n\ud83d\udd59 De 8:00 a 17:00 horas<br \/>\n\ud83d\udc49Se entregar\u00e1 constancia de participaci\u00f3n<br \/>\n*Cupo Limitado*<br \/>\n\ud83d\udcbb Evento v\u00eda Zoom<\/p>\n","protected":false},"author":4,"featured_media":41973,"comment_status":"closed","ping_status":"closed","sticky":false,"template":"","format":"standard","meta":{"footnotes":""},"categories":[3,15,17],"tags":[1909],"coauthors":[881],"class_list":{"0":"post-41957","1":"post","2":"type-post","3":"status-publish","4":"format-standard","5":"has-post-thumbnail","7":"category-actualidad","8":"category-destacado","9":"category-formacion-y-desarrollo","10":"tag-vii-encuentro-de-salud-y-seguridad-ocupacional"},"_links":{"self":[{"href":"https:\/\/www.igssgt.org\/noticias\/wp-json\/wp\/v2\/posts\/41957","targetHints":{"allow":["GET"]}}],"collection":[{"href":"https:\/\/www.igssgt.org\/noticias\/wp-json\/wp\/v2\/posts"}],"about":[{"href":"https:\/\/www.igssgt.org\/noticias\/wp-json\/wp\/v2\/types\/post"}],"author":[{"embeddable":true,"href":"https:\/\/www.igssgt.org\/noticias\/wp-json\/wp\/v2\/users\/4"}],"replies":[{"embeddable":true,"href":"https:\/\/www.igssgt.org\/noticias\/wp-json\/wp\/v2\/comments?post=41957"}],"version-history":[{"count":30,"href":"https:\/\/www.igssgt.org\/noticias\/wp-json\/wp\/v2\/posts\/41957\/revisions"}],"predecessor-version":[{"id":42294,"href":"https:\/\/www.igssgt.org\/noticias\/wp-json\/wp\/v2\/posts\/41957\/revisions\/42294"}],"wp:featuredmedia":[{"embeddable":true,"href":"https:\/\/www.igssgt.org\/noticias\/wp-json\/wp\/v2\/media\/41973"}],"wp:attachment":[{"href":"https:\/\/www.igssgt.org\/noticias\/wp-json\/wp\/v2\/media?parent=41957"}],"wp:term":[{"taxonomy":"category","embeddable":true,"href":"https:\/\/www.igssgt.org\/noticias\/wp-json\/wp\/v2\/categories?post=41957"},{"taxonomy":"post_tag","embeddable":true,"href":"https:\/\/www.igssgt.org\/noticias\/wp-json\/wp\/v2\/tags?post=41957"},{"taxonomy":"author","embeddable":true,"href":"https:\/\/www.igssgt.org\/noticias\/wp-json\/wp\/v2\/coauthors?post=41957"}],"curies":[{"name":"wp","href":"https:\/\/api.w.org\/{rel}","templated":true}]}}