{"id":42079,"date":"2024-05-06T15:58:27","date_gmt":"2024-05-06T21:58:27","guid":{"rendered":"https:\/\/www.igssgt.org\/noticias\/?p=42079"},"modified":"2024-05-09T14:50:08","modified_gmt":"2024-05-09T20:50:08","slug":"presidente-de-junta-directiva-visita-instalaciones-del-hospital-modular-zona-11","status":"publish","type":"post","link":"https:\/\/www.igssgt.org\/noticias\/2024\/05\/06\/presidente-de-junta-directiva-visita-instalaciones-del-hospital-modular-zona-11\/","title":{"rendered":"Presidente de Junta Directiva del IGSS visita instalaciones del Hospital Modular zona 11"},"content":{"rendered":"\n<p class=\"has-drop-cap\">El licenciado Jos\u00e9 Adolfo Flamenco Lau, presidente de Junta Directiva del Instituto Guatemalteco de Seguridad Social, realiz\u00f3 una visita de supervisi\u00f3n en el Hospital Modular Zona 11, con el fin de verificar el avance de los proyectos orientados a la atenci\u00f3n de enfermedades cr\u00f3nico degenerativas y catastr\u00f3ficas.<\/p>\n\n\n<p>Asimismo, verific\u00f3 la ampliaci\u00f3n de la cartera de servicios con la puesta en marcha de la atenci\u00f3n m\u00e9dica quir\u00fargica, con el objetivo de optimizar las instalaciones como parte del mejoramiento continuo en beneficio de los afiliados y derechohabientes.<\/p>\n<figure id=\"attachment_42082\" aria-describedby=\"caption-attachment-42082\" style=\"width: 302px\" class=\"wp-caption alignright\"><a href=\"\/wp-content\/uploads\/sites\/5\/2024\/05\/modulares-1.jpg\" target=\"_blank\" rel=\"noopener\"><img loading=\"lazy\" decoding=\"async\" class=\"wp-image-42082\" src=\"\/wp-content\/uploads\/sites\/5\/2024\/05\/modulares-1.jpg\" alt=\"\" width=\"302\" height=\"415\" srcset=\"\/wp-content\/uploads\/sites\/5\/2024\/05\/modulares-1.jpg 733w, \/wp-content\/uploads\/sites\/5\/2024\/05\/modulares-1-218x300.jpg 218w, \/wp-content\/uploads\/sites\/5\/2024\/05\/modulares-1-306x420.jpg 306w, \/wp-content\/uploads\/sites\/5\/2024\/05\/modulares-1-696x956.jpg 696w, \/wp-content\/uploads\/sites\/5\/2024\/05\/modulares-1-336x462.jpg 336w\" sizes=\"auto, (max-width: 302px) 100vw, 302px\" \/><\/a><figcaption id=\"caption-attachment-42082\" class=\"wp-caption-text\">El Modular cuenta con equipo de \u00faltima generaci\u00f3n.<\/figcaption><\/figure>\n<p><strong>\u201cActualmente el Hospital Modular de la Unidad Perif\u00e9rica Zona 11 es un modelo de atenci\u00f3n m\u00e9dica hospitalaria con equipo de alta tecnolog\u00eda que queremos continuar replicando en otras sedes m\u00e9dicas, como lo hemos definido en nuestro Plan Estrat\u00e9gico Institucional\u201d<\/strong>, expres\u00f3 el licenciado Flamenco Jau.<\/p>\n<p>La doctora Karla Gonz\u00e1lez \u00c1lvarez, directora de la Unidad Perif\u00e9rica Zona 11 y el centro asistencial del complejo, dio a conocer los avances administrativos relacionados con la realizaci\u00f3n de procedimientos quir\u00fargicos con el grupo de cirujanos, anestesi\u00f3logos, intensivistas y de enfermer\u00eda que participan en dichos procedimientos a diario, fortaleciendo el \u00e1rea con el reciente ingreso de equipo de \u00faltima generaci\u00f3n para cirug\u00edas videolaparosc\u00f3picas.<\/p>\n<p>El presidente tambi\u00e9n hizo un recorrido por los diferentes servicios del Hospital Modular acompa\u00f1ado por el subgerente de Prestaciones en Salud, doctor Francisco Javier G\u00f3dinez; el doctor Rudy L\u00f3pez, asesor de la Subgerencia M\u00e9dica, as\u00ed como de autoridades de la Perif\u00e9rica.<\/p>\n\r\n                <style type=\"text\/css\">\r\n                    \r\n                    #tdi_1  .td-doubleSlider-2 .td-item1 {\r\n                        background: url(\/wp-content\/uploads\/sites\/5\/2024\/05\/modulares-3-80x60.jpg) 0 0 no-repeat;\r\n                    }\r\n                    #tdi_1  .td-doubleSlider-2 .td-item2 {\r\n                        background: url(\/wp-content\/uploads\/sites\/5\/2024\/05\/modulares-4-80x60.jpg) 0 0 no-repeat;\r\n                    }\r\n                    #tdi_1  .td-doubleSlider-2 .td-item3 {\r\n                        background: url(\/wp-content\/uploads\/sites\/5\/2024\/05\/modulares-2-80x60.jpg) 0 0 no-repeat;\r\n                    }\r\n                <\/style>\r\n\r\n                <div id=\"tdi_1\" class=\"td-gallery td-slide-on-2-columns\">\r\n                    <div class=\"post_td_gallery\">\r\n                        <div class=\"td-gallery-slide-top\">\r\n                           <div class=\"td-gallery-title\"><\/div>\r\n\r\n                            <div class=\"td-gallery-controls-wrapper\">\r\n                                <div class=\"td-gallery-slide-count\"><span class=\"td-gallery-slide-item-focus\">1<\/span> de 3<\/div>\r\n                                <div class=\"td-gallery-slide-prev-next-but\">\r\n                                    <i class = \"td-icon-left doubleSliderPrevButton\"><\/i>\r\n                                    <i class = \"td-icon-right doubleSliderNextButton\"><\/i>\r\n                                <\/div>\r\n                            <\/div>\r\n                        <\/div>\r\n\r\n                        <div class = \"td-doubleSlider-1 \">\r\n                            <div class = \"td-slider\">\r\n                                \r\n                    <div class = \"td-slide-item td-item1\">\r\n                        <figure class=\"td-slide-galery-figure td-slide-popup-gallery\">\r\n                            <a class=\"slide-gallery-image-link\" href=\"\/wp-content\/uploads\/sites\/5\/2024\/05\/modulares-3.jpg\" title=\"modulares-3\"  data-caption=\"Debido a su \u00e9xito, las autoridades del Seguro Social planean seguir utilizando este modelo en otras unidades m\u00e9dicas.\"  data-description=\"\">\r\n                                <img decoding=\"async\" src=\"\/wp-content\/uploads\/sites\/5\/2024\/05\/modulares-3-478x420.jpg\" srcset=\"\/wp-content\/uploads\/sites\/5\/2024\/05\/modulares-3-478x420.jpg 478w, \/wp-content\/uploads\/sites\/5\/2024\/05\/modulares-3-300x263.jpg 300w, \/wp-content\/uploads\/sites\/5\/2024\/05\/modulares-3-1024x899.jpg 1024w, \/wp-content\/uploads\/sites\/5\/2024\/05\/modulares-3-768x674.jpg 768w, \/wp-content\/uploads\/sites\/5\/2024\/05\/modulares-3-696x611.jpg 696w, \/wp-content\/uploads\/sites\/5\/2024\/05\/modulares-3-1068x938.jpg 1068w, \/wp-content\/uploads\/sites\/5\/2024\/05\/modulares-3-526x462.jpg 526w, \/wp-content\/uploads\/sites\/5\/2024\/05\/modulares-3-500x440.jpg 500w, \/wp-content\/uploads\/sites\/5\/2024\/05\/modulares-3.jpg 1312w\" sizes=\"(max-width: 478px) 100vw, 478px\" alt=\"\">\r\n                            <\/a>\r\n                            <figcaption class = \"td-slide-caption td-gallery-slide-content\"><div class = \"td-gallery-slide-copywrite\">Debido a su \u00e9xito, las autoridades del Seguro Social planean seguir utilizando este modelo en otras unidades m\u00e9dicas.<\/div><\/figcaption>\r\n                        <\/figure>\r\n                    <\/div>\r\n                    <div class = \"td-slide-item td-item2\">\r\n                        <figure class=\"td-slide-galery-figure td-slide-popup-gallery\">\r\n                            <a class=\"slide-gallery-image-link\" href=\"\/wp-content\/uploads\/sites\/5\/2024\/05\/modulares-4.jpg\" title=\"modulares-4\"  data-caption=\"El modelo de atenci\u00f3n que se brinda en el Hospital Modular de la Zona 11 es un baluarte en la atenci\u00f3n de los derechohabientes.\"  data-description=\"\">\r\n                                <img decoding=\"async\" src=\"\/wp-content\/uploads\/sites\/5\/2024\/05\/modulares-4-312x420.jpg\" srcset=\"\/wp-content\/uploads\/sites\/5\/2024\/05\/modulares-4-312x420.jpg 312w, \/wp-content\/uploads\/sites\/5\/2024\/05\/modulares-4-223x300.jpg 223w, \/wp-content\/uploads\/sites\/5\/2024\/05\/modulares-4-761x1024.jpg 761w, \/wp-content\/uploads\/sites\/5\/2024\/05\/modulares-4-768x1033.jpg 768w, \/wp-content\/uploads\/sites\/5\/2024\/05\/modulares-4-696x936.jpg 696w, \/wp-content\/uploads\/sites\/5\/2024\/05\/modulares-4-343x462.jpg 343w, \/wp-content\/uploads\/sites\/5\/2024\/05\/modulares-4.jpg 852w\" sizes=\"(max-width: 312px) 100vw, 312px\" alt=\"\">\r\n                            <\/a>\r\n                            <figcaption class = \"td-slide-caption td-gallery-slide-content\"><div class = \"td-gallery-slide-copywrite\">El modelo de atenci\u00f3n que se brinda en el Hospital Modular de la Zona 11 es un baluarte en la atenci\u00f3n de los derechohabientes.<\/div><\/figcaption>\r\n                        <\/figure>\r\n                    <\/div>\r\n                    <div class = \"td-slide-item td-item3\">\r\n                        <figure class=\"td-slide-galery-figure td-slide-popup-gallery\">\r\n                            <a class=\"slide-gallery-image-link\" href=\"\/wp-content\/uploads\/sites\/5\/2024\/05\/modulares-2.jpg\" title=\"modulares-2\"  data-caption=\"\"  data-description=\"\">\r\n                                <img decoding=\"async\" src=\"\/wp-content\/uploads\/sites\/5\/2024\/05\/modulares-2-635x420.jpg\" srcset=\"\/wp-content\/uploads\/sites\/5\/2024\/05\/modulares-2-635x420.jpg 635w, \/wp-content\/uploads\/sites\/5\/2024\/05\/modulares-2-300x199.jpg 300w, \/wp-content\/uploads\/sites\/5\/2024\/05\/modulares-2-1024x678.jpg 1024w, \/wp-content\/uploads\/sites\/5\/2024\/05\/modulares-2-768x508.jpg 768w, \/wp-content\/uploads\/sites\/5\/2024\/05\/modulares-2-1536x1017.jpg 1536w, \/wp-content\/uploads\/sites\/5\/2024\/05\/modulares-2-696x461.jpg 696w, \/wp-content\/uploads\/sites\/5\/2024\/05\/modulares-2-1068x707.jpg 1068w, \/wp-content\/uploads\/sites\/5\/2024\/05\/modulares-2-534x353.jpg 534w, \/wp-content\/uploads\/sites\/5\/2024\/05\/modulares-2.jpg 1600w\" sizes=\"(max-width: 635px) 100vw, 635px\" alt=\"\">\r\n                            <\/a>\r\n                            \r\n                        <\/figure>\r\n                    <\/div>\r\n                            <\/div>\r\n                        <\/div>\r\n\r\n                        <div class = \"td-doubleSlider-2\">\r\n                            <div class = \"td-slider\">\r\n                                \r\n                    <div class = \"td-button td-item1\">\r\n                        <div class = \"td-border\"><\/div>\r\n                    <\/div>\r\n                    <div class = \"td-button td-item2\">\r\n                        <div class = \"td-border\"><\/div>\r\n                    <\/div>\r\n                    <div class = \"td-button td-item3\">\r\n                        <div class = \"td-border\"><\/div>\r\n                    <\/div>\r\n                            <\/div>\r\n                        <\/div>\r\n\r\n                    <\/div>\r\n\r\n                <\/div>\r\n                ","protected":false},"excerpt":{"rendered":"<p>El licenciado Jos\u00e9 Adolfo Flamenco Lau, presidente de Junta Directiva del Instituto Guatemalteco de Seguridad Social, realiz\u00f3 una visita de supervisi\u00f3n en el Hospital Modular Zona 11, con el fin de verificar el avance de los proyectos orientados a la atenci\u00f3n de enfermedades cr\u00f3nico degenerativas y catastr\u00f3ficas. Asimismo, verific\u00f3 la ampliaci\u00f3n de la cartera de [&hellip;]<\/p>\n","protected":false},"author":1961,"featured_media":42093,"comment_status":"closed","ping_status":"closed","sticky":false,"template":"","format":"standard","meta":{"footnotes":""},"categories":[3,18],"tags":[1508,544],"coauthors":[],"class_list":{"0":"post-42079","1":"post","2":"type-post","3":"status-publish","4":"format-standard","5":"has-post-thumbnail","7":"category-actualidad","8":"category-equipamiento-e-infraestructura","9":"tag-hospital-modular-zona-11","10":"tag-junta-directiva-igss"},"_links":{"self":[{"href":"https:\/\/www.igssgt.org\/noticias\/wp-json\/wp\/v2\/posts\/42079","targetHints":{"allow":["GET"]}}],"collection":[{"href":"https:\/\/www.igssgt.org\/noticias\/wp-json\/wp\/v2\/posts"}],"about":[{"href":"https:\/\/www.igssgt.org\/noticias\/wp-json\/wp\/v2\/types\/post"}],"author":[{"embeddable":true,"href":"https:\/\/www.igssgt.org\/noticias\/wp-json\/wp\/v2\/users\/1961"}],"replies":[{"embeddable":true,"href":"https:\/\/www.igssgt.org\/noticias\/wp-json\/wp\/v2\/comments?post=42079"}],"version-history":[{"count":5,"href":"https:\/\/www.igssgt.org\/noticias\/wp-json\/wp\/v2\/posts\/42079\/revisions"}],"predecessor-version":[{"id":42095,"href":"https:\/\/www.igssgt.org\/noticias\/wp-json\/wp\/v2\/posts\/42079\/revisions\/42095"}],"wp:featuredmedia":[{"embeddable":true,"href":"https:\/\/www.igssgt.org\/noticias\/wp-json\/wp\/v2\/media\/42093"}],"wp:attachment":[{"href":"https:\/\/www.igssgt.org\/noticias\/wp-json\/wp\/v2\/media?parent=42079"}],"wp:term":[{"taxonomy":"category","embeddable":true,"href":"https:\/\/www.igssgt.org\/noticias\/wp-json\/wp\/v2\/categories?post=42079"},{"taxonomy":"post_tag","embeddable":true,"href":"https:\/\/www.igssgt.org\/noticias\/wp-json\/wp\/v2\/tags?post=42079"},{"taxonomy":"author","embeddable":true,"href":"https:\/\/www.igssgt.org\/noticias\/wp-json\/wp\/v2\/coauthors?post=42079"}],"curies":[{"name":"wp","href":"https:\/\/api.w.org\/{rel}","templated":true}]}}