{"id":42152,"date":"2024-05-11T06:00:00","date_gmt":"2024-05-11T12:00:00","guid":{"rendered":"https:\/\/www.igssgt.org\/noticias\/?p=42152"},"modified":"2024-05-23T12:18:54","modified_gmt":"2024-05-23T18:18:54","slug":"modernizacion-tecnologica-y-mejor-infraestructura-potencializan-servicios-en-el-consultorio-de-la-gomera","status":"publish","type":"post","link":"https:\/\/www.igssgt.org\/noticias\/2024\/05\/11\/modernizacion-tecnologica-y-mejor-infraestructura-potencializan-servicios-en-el-consultorio-de-la-gomera\/","title":{"rendered":"Modernizaci\u00f3n tecnol\u00f3gica y mejor infraestructura potencializan servicios en el Consultorio de La Gomera"},"content":{"rendered":"\n<p class=\"has-drop-cap\">Los trabajos de ampliaci\u00f3n y remodelaci\u00f3n de las instalaciones del Consultorio de La Gomera, Escuintla, inaugurados a principios de 2023 bajo el modelo de atenci\u00f3n Centro de Alta Resoluci\u00f3n, agilizaron la acreditaci\u00f3n, atenci\u00f3n m\u00e9dica y entrega de medicamentos en beneficio de cerca de 25 mil derechohabientes.<\/p>\n\n\n<p>Gracias a esta brevedad en todos los procesos, se atiende en promedio a 127 personas diariamente, quienes tienen acceso a interconsultas y estudios por servicios contratados, as\u00ed como a la entrega de resultados de ex\u00e1menes especiales y de laboratorio de forma electr\u00f3nica, incluida la digitalizaci\u00f3n de expedientes.<\/p>\n<figure id=\"attachment_42154\" aria-describedby=\"caption-attachment-42154\" style=\"width: 1600px\" class=\"wp-caption alignnone\"><a href=\"\/wp-content\/uploads\/sites\/5\/2024\/05\/La-Gomera-Escuintla-1.jpg\" target=\"_blank\" rel=\"noopener\"><img loading=\"lazy\" decoding=\"async\" class=\"wp-image-42154 size-full\" src=\"\/wp-content\/uploads\/sites\/5\/2024\/05\/La-Gomera-Escuintla-1.jpg\" alt=\"\" width=\"1600\" height=\"1066\" srcset=\"\/wp-content\/uploads\/sites\/5\/2024\/05\/La-Gomera-Escuintla-1.jpg 1600w, \/wp-content\/uploads\/sites\/5\/2024\/05\/La-Gomera-Escuintla-1-300x200.jpg 300w, \/wp-content\/uploads\/sites\/5\/2024\/05\/La-Gomera-Escuintla-1-1024x682.jpg 1024w, \/wp-content\/uploads\/sites\/5\/2024\/05\/La-Gomera-Escuintla-1-768x512.jpg 768w, \/wp-content\/uploads\/sites\/5\/2024\/05\/La-Gomera-Escuintla-1-1536x1023.jpg 1536w, \/wp-content\/uploads\/sites\/5\/2024\/05\/La-Gomera-Escuintla-1-630x420.jpg 630w, \/wp-content\/uploads\/sites\/5\/2024\/05\/La-Gomera-Escuintla-1-696x464.jpg 696w, \/wp-content\/uploads\/sites\/5\/2024\/05\/La-Gomera-Escuintla-1-1068x712.jpg 1068w, \/wp-content\/uploads\/sites\/5\/2024\/05\/La-Gomera-Escuintla-1-534x356.jpg 534w\" sizes=\"auto, (max-width: 1600px) 100vw, 1600px\" \/><\/a><figcaption id=\"caption-attachment-42154\" class=\"wp-caption-text\">La ampliaci\u00f3n de horarios y servicios de encamamiento y Emergencia las 24:00 horas son una realidad en el Consultorio de La Gomera.<\/figcaption><\/figure>\n<p>Estos servicios son aprovechados por 12 mil 303 afiliados titulares, 6 mil 949 beneficiarios hijos, 4 mil 718 esposas o convivientes, 794 pensionados del programa IVS, 77 jubilados del Estado y 5 pensionados del programa de accidentes.<\/p>\n<p>Adem\u00e1s, tienen a su disposici\u00f3n Emergencia y encamamiento, esta con 21 camas censables y 4 no censables, con servicio las 24:00 horas, los siete d\u00edas de la semana; adem\u00e1s de nueve cl\u00ednicas, dos EPS (Pediatr\u00eda y Medicina Interna) y un sistema digital de emisi\u00f3n de recetas, al igual que pantallas y bocinas para voceo en la Consulta Externa.<\/p>\n<figure id=\"attachment_42157\" aria-describedby=\"caption-attachment-42157\" style=\"width: 1540px\" class=\"wp-caption alignnone\"><a href=\"\/wp-content\/uploads\/sites\/5\/2024\/05\/La-Gomera-Escuintla-4.jpg\" target=\"_blank\" rel=\"noopener\"><img loading=\"lazy\" decoding=\"async\" class=\"wp-image-42157 size-full\" src=\"\/wp-content\/uploads\/sites\/5\/2024\/05\/La-Gomera-Escuintla-4.jpg\" alt=\"\" width=\"1540\" height=\"1002\" srcset=\"\/wp-content\/uploads\/sites\/5\/2024\/05\/La-Gomera-Escuintla-4.jpg 1540w, \/wp-content\/uploads\/sites\/5\/2024\/05\/La-Gomera-Escuintla-4-300x195.jpg 300w, \/wp-content\/uploads\/sites\/5\/2024\/05\/La-Gomera-Escuintla-4-1024x666.jpg 1024w, \/wp-content\/uploads\/sites\/5\/2024\/05\/La-Gomera-Escuintla-4-768x500.jpg 768w, \/wp-content\/uploads\/sites\/5\/2024\/05\/La-Gomera-Escuintla-4-1536x999.jpg 1536w, \/wp-content\/uploads\/sites\/5\/2024\/05\/La-Gomera-Escuintla-4-646x420.jpg 646w, \/wp-content\/uploads\/sites\/5\/2024\/05\/La-Gomera-Escuintla-4-696x453.jpg 696w, \/wp-content\/uploads\/sites\/5\/2024\/05\/La-Gomera-Escuintla-4-1068x695.jpg 1068w, \/wp-content\/uploads\/sites\/5\/2024\/05\/La-Gomera-Escuintla-4-534x347.jpg 534w\" sizes=\"auto, (max-width: 1540px) 100vw, 1540px\" \/><\/a><figcaption id=\"caption-attachment-42157\" class=\"wp-caption-text\">Cerca de 25 mil derechohabientes, entre afiliados titulares, hijos, convivientes y jubilados son atendidos en el consultorio.<\/figcaption><\/figure>\n<p>El doctor Eli\u00fad Rivas, director del consultorio, expres\u00f3 que este proyecto es el inicio de un gran cambio en pro de la poblaci\u00f3n afiliada, tanto en servicios m\u00e9dicos como pecuniarios.<\/p>\n<p><strong>\u201cEs un logro contar con estos avances que brindan una mejor atenci\u00f3n, no solo en este municipio sino tambi\u00e9n a asegurados de lugares aleda\u00f1os, ya que nuestra cobertura alcanza a Siquinal\u00e1, La Democracia, Sipacate y \u00e1reas rurales de Santa Luc\u00eda Cotzumalguapa\u201d<\/strong>, detall\u00f3.<\/p>\n<p><a href=\"\/wp-content\/uploads\/sites\/5\/2024\/05\/La-Gomera-Escuintla-3.jpg\" target=\"_blank\" rel=\"noopener\"><img loading=\"lazy\" decoding=\"async\" class=\"alignnone wp-image-42156 size-full\" src=\"\/wp-content\/uploads\/sites\/5\/2024\/05\/La-Gomera-Escuintla-3.jpg\" alt=\"\" width=\"1557\" height=\"939\" srcset=\"\/wp-content\/uploads\/sites\/5\/2024\/05\/La-Gomera-Escuintla-3.jpg 1557w, \/wp-content\/uploads\/sites\/5\/2024\/05\/La-Gomera-Escuintla-3-300x181.jpg 300w, \/wp-content\/uploads\/sites\/5\/2024\/05\/La-Gomera-Escuintla-3-1024x618.jpg 1024w, \/wp-content\/uploads\/sites\/5\/2024\/05\/La-Gomera-Escuintla-3-768x463.jpg 768w, \/wp-content\/uploads\/sites\/5\/2024\/05\/La-Gomera-Escuintla-3-1536x926.jpg 1536w, \/wp-content\/uploads\/sites\/5\/2024\/05\/La-Gomera-Escuintla-3-696x420.jpg 696w, \/wp-content\/uploads\/sites\/5\/2024\/05\/La-Gomera-Escuintla-3-1068x644.jpg 1068w, \/wp-content\/uploads\/sites\/5\/2024\/05\/La-Gomera-Escuintla-3-534x322.jpg 534w\" sizes=\"auto, (max-width: 1557px) 100vw, 1557px\" \/><\/a><\/p>\n<p>Asimismo, se rotul\u00f3 y moderniz\u00f3 el \u00e1rea de admisi\u00f3n con tecnolog\u00eda que facilita el control de citas, adem\u00e1s de que se remoz\u00f3 la sala de espera, el archivo y se adecu\u00f3 un espacio exclusivo para la toma de signos vitales.<\/p>\n<p>Por su parte, el licenciado Jos\u00e9 Adolfo Flamenco Jau, presidente de Junta Directiva, reiter\u00f3 el compromiso institucional de entregar productos tangibles para resolver problemas locales. <strong>\u201cEl desaf\u00edo es seguir mejorando los tiempos, como el de la resoluci\u00f3n de las solicitudes de pensiones y otros servicios\u201d<\/strong>, dijo.<\/p>\n<p>Esa misma \u00e1rea, que abarca 150 metros cuadrados, tambi\u00e9n alberga las oficinas de la Caja Departamental e Inspector\u00eda Patronal.<\/p>\n<p><a href=\"\/wp-content\/uploads\/sites\/5\/2024\/05\/La-Gomera-Escuintla-5.jpg\" target=\"_blank\" rel=\"noopener\"><img loading=\"lazy\" decoding=\"async\" class=\"alignnone wp-image-42158 size-full\" src=\"\/wp-content\/uploads\/sites\/5\/2024\/05\/La-Gomera-Escuintla-5.jpg\" alt=\"\" width=\"1366\" height=\"902\" srcset=\"\/wp-content\/uploads\/sites\/5\/2024\/05\/La-Gomera-Escuintla-5.jpg 1366w, \/wp-content\/uploads\/sites\/5\/2024\/05\/La-Gomera-Escuintla-5-300x198.jpg 300w, \/wp-content\/uploads\/sites\/5\/2024\/05\/La-Gomera-Escuintla-5-1024x676.jpg 1024w, \/wp-content\/uploads\/sites\/5\/2024\/05\/La-Gomera-Escuintla-5-768x507.jpg 768w, \/wp-content\/uploads\/sites\/5\/2024\/05\/La-Gomera-Escuintla-5-636x420.jpg 636w, \/wp-content\/uploads\/sites\/5\/2024\/05\/La-Gomera-Escuintla-5-696x460.jpg 696w, \/wp-content\/uploads\/sites\/5\/2024\/05\/La-Gomera-Escuintla-5-1068x705.jpg 1068w, \/wp-content\/uploads\/sites\/5\/2024\/05\/La-Gomera-Escuintla-5-534x353.jpg 534w\" sizes=\"auto, (max-width: 1366px) 100vw, 1366px\" \/><\/a><\/p>","protected":false},"excerpt":{"rendered":"<p>Los trabajos de ampliaci\u00f3n y remodelaci\u00f3n de las instalaciones del Consultorio de La Gomera, Escuintla, inaugurados a principios de 2023 bajo el modelo de atenci\u00f3n Centro de Alta Resoluci\u00f3n, agilizaron la acreditaci\u00f3n, atenci\u00f3n m\u00e9dica y entrega de medicamentos en beneficio de cerca de 25 mil derechohabientes.<\/p>\n","protected":false},"author":1961,"featured_media":42155,"comment_status":"closed","ping_status":"closed","sticky":false,"template":"","format":"standard","meta":{"footnotes":""},"categories":[3,15,18],"tags":[1598,1367,421,506],"coauthors":[1448],"class_list":{"0":"post-42152","1":"post","2":"type-post","3":"status-publish","4":"format-standard","5":"has-post-thumbnail","7":"category-actualidad","8":"category-destacado","9":"category-equipamiento-e-infraestructura","10":"tag-consultorio-de-la-gomera","11":"tag-equipamiento","12":"tag-escuintla","13":"tag-infraestructura"},"_links":{"self":[{"href":"https:\/\/www.igssgt.org\/noticias\/wp-json\/wp\/v2\/posts\/42152","targetHints":{"allow":["GET"]}}],"collection":[{"href":"https:\/\/www.igssgt.org\/noticias\/wp-json\/wp\/v2\/posts"}],"about":[{"href":"https:\/\/www.igssgt.org\/noticias\/wp-json\/wp\/v2\/types\/post"}],"author":[{"embeddable":true,"href":"https:\/\/www.igssgt.org\/noticias\/wp-json\/wp\/v2\/users\/1961"}],"replies":[{"embeddable":true,"href":"https:\/\/www.igssgt.org\/noticias\/wp-json\/wp\/v2\/comments?post=42152"}],"version-history":[{"count":7,"href":"https:\/\/www.igssgt.org\/noticias\/wp-json\/wp\/v2\/posts\/42152\/revisions"}],"predecessor-version":[{"id":42239,"href":"https:\/\/www.igssgt.org\/noticias\/wp-json\/wp\/v2\/posts\/42152\/revisions\/42239"}],"wp:featuredmedia":[{"embeddable":true,"href":"https:\/\/www.igssgt.org\/noticias\/wp-json\/wp\/v2\/media\/42155"}],"wp:attachment":[{"href":"https:\/\/www.igssgt.org\/noticias\/wp-json\/wp\/v2\/media?parent=42152"}],"wp:term":[{"taxonomy":"category","embeddable":true,"href":"https:\/\/www.igssgt.org\/noticias\/wp-json\/wp\/v2\/categories?post=42152"},{"taxonomy":"post_tag","embeddable":true,"href":"https:\/\/www.igssgt.org\/noticias\/wp-json\/wp\/v2\/tags?post=42152"},{"taxonomy":"author","embeddable":true,"href":"https:\/\/www.igssgt.org\/noticias\/wp-json\/wp\/v2\/coauthors?post=42152"}],"curies":[{"name":"wp","href":"https:\/\/api.w.org\/{rel}","templated":true}]}}