{"id":42299,"date":"2024-05-16T15:52:36","date_gmt":"2024-05-16T21:52:36","guid":{"rendered":"https:\/\/www.igssgt.org\/noticias\/?p=42299"},"modified":"2024-05-23T12:13:50","modified_gmt":"2024-05-23T18:13:50","slug":"celebramos-el-vii-encuentro-de-salud-y-seguridad-ocupacional-en-antigua-guatemala","status":"publish","type":"post","link":"https:\/\/www.igssgt.org\/noticias\/2024\/05\/16\/celebramos-el-vii-encuentro-de-salud-y-seguridad-ocupacional-en-antigua-guatemala\/","title":{"rendered":"Celebramos el VII Encuentro de Salud y Seguridad Ocupacional en Antigua Guatemala"},"content":{"rendered":"\n<p class=\"has-drop-cap\">Consciente de que la prevenci\u00f3n en los entornos laborales favorece el bienestar de los trabajadores y la productividad de las empresas afiliadas, el Instituto Guatemalteco de Seguridad Social (IGSS) celebr\u00f3 la primera de dos jornadas del <strong>VII Encuentro de Salud y Seguridad Ocupacional -SSO-<\/strong>: Desaf\u00edos Accidentes Laborales y Enfermedades del Trabajo.<\/p>\n\n\n<p>El magno evento tiene el objetivo de fomentar una cultura de salud y seguridad en los espacios de trabajo, generar las alianzas estrat\u00e9gicas para fortalecer los sistemas de gesti\u00f3n de riesgos y compartir experiencias para la adopci\u00f3n de medidas orientadas a la reducci\u00f3n de accidentes y enfermedades profesionales.<\/p>\n<figure id=\"attachment_42304\" aria-describedby=\"caption-attachment-42304\" style=\"width: 1280px\" class=\"wp-caption alignnone\"><a href=\"\/wp-content\/uploads\/sites\/5\/2024\/05\/Encuentro-de-Salud-y-Seguridad-Ocupacional-4.jpg\" target=\"_blank\" rel=\"noopener\"><img loading=\"lazy\" decoding=\"async\" class=\"wp-image-42304 size-full\" src=\"\/wp-content\/uploads\/sites\/5\/2024\/05\/Encuentro-de-Salud-y-Seguridad-Ocupacional-4.jpg\" alt=\"\" width=\"1280\" height=\"853\" srcset=\"\/wp-content\/uploads\/sites\/5\/2024\/05\/Encuentro-de-Salud-y-Seguridad-Ocupacional-4.jpg 1280w, \/wp-content\/uploads\/sites\/5\/2024\/05\/Encuentro-de-Salud-y-Seguridad-Ocupacional-4-300x200.jpg 300w, \/wp-content\/uploads\/sites\/5\/2024\/05\/Encuentro-de-Salud-y-Seguridad-Ocupacional-4-1024x682.jpg 1024w, \/wp-content\/uploads\/sites\/5\/2024\/05\/Encuentro-de-Salud-y-Seguridad-Ocupacional-4-768x512.jpg 768w, \/wp-content\/uploads\/sites\/5\/2024\/05\/Encuentro-de-Salud-y-Seguridad-Ocupacional-4-630x420.jpg 630w, \/wp-content\/uploads\/sites\/5\/2024\/05\/Encuentro-de-Salud-y-Seguridad-Ocupacional-4-696x464.jpg 696w, \/wp-content\/uploads\/sites\/5\/2024\/05\/Encuentro-de-Salud-y-Seguridad-Ocupacional-4-1068x712.jpg 1068w, \/wp-content\/uploads\/sites\/5\/2024\/05\/Encuentro-de-Salud-y-Seguridad-Ocupacional-4-534x356.jpg 534w\" sizes=\"auto, (max-width: 1280px) 100vw, 1280px\" \/><\/a><figcaption id=\"caption-attachment-42304\" class=\"wp-caption-text\">El Encuentro de Salud y Seguridad Ocupacional es un referente para en la regi\u00f3n para adquirir conocimientos sobre este importente tema.<\/figcaption><\/figure>\n<p>El licenciado Jos\u00e9 Adolfo Flamenco Jau, presidente de Junta Directiva del IGSS, indic\u00f3 que la prevenci\u00f3n es un eje prioritario del Seguro Social. <strong>\u201cEste evento es uno de los grandes esfuerzos del Instituto por crear espacios que acerquen la prevenci\u00f3n a nuestras empresas afiliadas\u201d<\/strong>, explic\u00f3.<\/p>\n<p>Flamenco resalt\u00f3 adem\u00e1s que es necesario generar conciencia sobre la importancia de la prevenci\u00f3n, para que esta sea una pol\u00edtica de vida de los guatemaltecos.<\/p>\n<blockquote>\n<p>\u201cDe esta manera, sacaremos adelante al pa\u00eds, el desarrollo y la productividad. El IGSS siempre m\u00e1s cerca de ti\u201d<\/p>\n<\/blockquote>\n<p>El Encuentro se realiza de manera h\u00edbrida (16 y 17 de mayo) y en el primer d\u00eda se cont\u00f3 con la participaci\u00f3n de m\u00e1s de 200 personas de forma presencial y m\u00e1s de 1 mil por la v\u00eda virtual.<\/p>\n<p>El doctor Mynor Mej\u00eda, jefe de la Secci\u00f3n de Seguridad e Higiene y Prevenci\u00f3n de Accidentes, indic\u00f3 que no puede haber salud y seguridad ocupacional sin seguridad social.<\/p>\n<figure id=\"attachment_42309\" aria-describedby=\"caption-attachment-42309\" style=\"width: 1280px\" class=\"wp-caption alignnone\"><a href=\"\/wp-content\/uploads\/sites\/5\/2024\/05\/Encuentro-de-Salud-y-Seguridad-Ocupacional-8.jpg\" target=\"_blank\" rel=\"noopener\"><img loading=\"lazy\" decoding=\"async\" class=\"wp-image-42309 size-full\" src=\"\/wp-content\/uploads\/sites\/5\/2024\/05\/Encuentro-de-Salud-y-Seguridad-Ocupacional-8.jpg\" alt=\"\" width=\"1280\" height=\"853\" srcset=\"\/wp-content\/uploads\/sites\/5\/2024\/05\/Encuentro-de-Salud-y-Seguridad-Ocupacional-8.jpg 1280w, \/wp-content\/uploads\/sites\/5\/2024\/05\/Encuentro-de-Salud-y-Seguridad-Ocupacional-8-300x200.jpg 300w, \/wp-content\/uploads\/sites\/5\/2024\/05\/Encuentro-de-Salud-y-Seguridad-Ocupacional-8-1024x682.jpg 1024w, \/wp-content\/uploads\/sites\/5\/2024\/05\/Encuentro-de-Salud-y-Seguridad-Ocupacional-8-768x512.jpg 768w, \/wp-content\/uploads\/sites\/5\/2024\/05\/Encuentro-de-Salud-y-Seguridad-Ocupacional-8-630x420.jpg 630w, \/wp-content\/uploads\/sites\/5\/2024\/05\/Encuentro-de-Salud-y-Seguridad-Ocupacional-8-696x464.jpg 696w, \/wp-content\/uploads\/sites\/5\/2024\/05\/Encuentro-de-Salud-y-Seguridad-Ocupacional-8-1068x712.jpg 1068w, \/wp-content\/uploads\/sites\/5\/2024\/05\/Encuentro-de-Salud-y-Seguridad-Ocupacional-8-534x356.jpg 534w\" sizes=\"auto, (max-width: 1280px) 100vw, 1280px\" \/><\/a><figcaption id=\"caption-attachment-42309\" class=\"wp-caption-text\">El doctor Mynor Mej\u00eda, jefe de la Secci\u00f3n de Seguridad e Higiene y Prevenci\u00f3n de Accidentes, duranete la apertura de la actividad.<\/figcaption><\/figure>\n<p><strong>\u201cLa afiliaci\u00f3n es fundamental tanto por los servicios que se presta al trabajador como a su familia, generando un entorno de calidad de vida de forma integral\u201d<\/strong>, explic\u00f3.<\/p>\n<p>Los expositores que participaron en la fecha inaugural fueron el doctor Roberto Arias, de la Organizaci\u00f3n Iberoamericana de Seguridad Social (OISS)-Costa Rica; el ingeniero Arcenio David Figueroa Arias, representante de la Universidad de San Carlos de Guatemala; magister Cynthia P\u00e9rez, de la Universidad -ENAE- Murcia, Espa\u00f1a-Guatemala; la doctora Ana Claudia Gastal Fassa, de la Organizaci\u00f3n Panamericana de la Salud (OPS-Washington D.C., virtual); y la licenciada Loyda Sandoval, psicol\u00f3ga de la Universidad Mariano G\u00e1lvez (UMG). Los temas que se abordaron fueron:<\/p>\n<ul>\n<li>Los objetivos de desarrollo sostenible y la salud y seguridad en el trabajo.<\/li>\n<li>Importancia del liderazgo en Salud y Seguridad Ocupacional para la reducci\u00f3n de accidentes laborales.<\/li>\n<li>Impacto econ\u00f3mico de los accidentes laborales para la empresa.<\/li>\n<li>Estrategias para evitar el estr\u00e9s laboral y enfermedades del trabajo.<\/li>\n<li>Impacto psicol\u00f3gico de los accidentes laborales en los trabajadores y familiares.<\/li>\n<\/ul>\n<figure id=\"attachment_42308\" aria-describedby=\"caption-attachment-42308\" style=\"width: 1280px\" class=\"wp-caption alignnone\"><a href=\"\/wp-content\/uploads\/sites\/5\/2024\/05\/Encuentro-de-Salud-y-Seguridad-Ocupacional-9.jpg\" target=\"_blank\" rel=\"noopener\"><img loading=\"lazy\" decoding=\"async\" class=\"wp-image-42308 size-full\" src=\"\/wp-content\/uploads\/sites\/5\/2024\/05\/Encuentro-de-Salud-y-Seguridad-Ocupacional-9.jpg\" alt=\"\" width=\"1280\" height=\"853\" srcset=\"\/wp-content\/uploads\/sites\/5\/2024\/05\/Encuentro-de-Salud-y-Seguridad-Ocupacional-9.jpg 1280w, \/wp-content\/uploads\/sites\/5\/2024\/05\/Encuentro-de-Salud-y-Seguridad-Ocupacional-9-300x200.jpg 300w, \/wp-content\/uploads\/sites\/5\/2024\/05\/Encuentro-de-Salud-y-Seguridad-Ocupacional-9-1024x682.jpg 1024w, \/wp-content\/uploads\/sites\/5\/2024\/05\/Encuentro-de-Salud-y-Seguridad-Ocupacional-9-768x512.jpg 768w, \/wp-content\/uploads\/sites\/5\/2024\/05\/Encuentro-de-Salud-y-Seguridad-Ocupacional-9-630x420.jpg 630w, \/wp-content\/uploads\/sites\/5\/2024\/05\/Encuentro-de-Salud-y-Seguridad-Ocupacional-9-696x464.jpg 696w, \/wp-content\/uploads\/sites\/5\/2024\/05\/Encuentro-de-Salud-y-Seguridad-Ocupacional-9-1068x712.jpg 1068w, \/wp-content\/uploads\/sites\/5\/2024\/05\/Encuentro-de-Salud-y-Seguridad-Ocupacional-9-534x356.jpg 534w\" sizes=\"auto, (max-width: 1280px) 100vw, 1280px\" \/><\/a><figcaption id=\"caption-attachment-42308\" class=\"wp-caption-text\">El evento inauguaral cont\u00f3 con la presencia de de m\u00e1s de 200 personas de forma presencial y m\u00e1s de mil por la v\u00eda virtual.<\/figcaption><\/figure>\n<p>Dentro de la agenda, Seguro Social tambi\u00e9n reconoci\u00f3 a empresas que destacaron por su labor en la implementaci\u00f3n de medidas para crear espacios laborales seguros y saludables, estas fueron Innovacicle Guatemala S.A. y Cooperativa Integral de Ahorro y Cr\u00e9dito Santa Cruz, R.L.<\/p>\n<p><strong>\u201cAgradecemos al Seguro Social por este reconocimiento y por el apoyo invaluable que nos han brindado. Motivamos a las empresas a que se sumen a estos esfuerzos\u201d<\/strong>, indic\u00f3 la licenciada Xiomara P\u00e9rez, de Cooperativa Santa Cruz.<\/p>\n\r\n                <style type=\"text\/css\">\r\n                    \r\n                    #tdi_1  .td-doubleSlider-2 .td-item1 {\r\n                        background: url(\/wp-content\/uploads\/sites\/5\/2024\/05\/Encuentro-de-Salud-y-Seguridad-Ocupacional-6-80x60.jpg) 0 0 no-repeat;\r\n                    }\r\n                    #tdi_1  .td-doubleSlider-2 .td-item2 {\r\n                        background: url(\/wp-content\/uploads\/sites\/5\/2024\/05\/Encuentro-de-Salud-y-Seguridad-Ocupacional-5-80x60.jpg) 0 0 no-repeat;\r\n                    }\r\n                    #tdi_1  .td-doubleSlider-2 .td-item3 {\r\n                        background: url(\/wp-content\/uploads\/sites\/5\/2024\/05\/Encuentro-de-Salud-y-Seguridad-Ocupacional-3-80x60.jpg) 0 0 no-repeat;\r\n                    }\r\n                    #tdi_1  .td-doubleSlider-2 .td-item4 {\r\n                        background: url(\/wp-content\/uploads\/sites\/5\/2024\/05\/Encuentro-de-Salud-y-Seguridad-Ocupacional-2-80x60.jpg) 0 0 no-repeat;\r\n                    }\r\n                    #tdi_1  .td-doubleSlider-2 .td-item5 {\r\n                        background: url(\/wp-content\/uploads\/sites\/5\/2024\/05\/Encuentro-de-Salud-y-Seguridad-Ocupacional-1-80x60.jpg) 0 0 no-repeat;\r\n                    }\r\n                <\/style>\r\n\r\n                <div id=\"tdi_1\" class=\"td-gallery td-slide-on-2-columns\">\r\n                    <div class=\"post_td_gallery\">\r\n                        <div class=\"td-gallery-slide-top\">\r\n                           <div class=\"td-gallery-title\"><\/div>\r\n\r\n                            <div class=\"td-gallery-controls-wrapper\">\r\n                                <div class=\"td-gallery-slide-count\"><span class=\"td-gallery-slide-item-focus\">1<\/span> de 5<\/div>\r\n                                <div class=\"td-gallery-slide-prev-next-but\">\r\n                                    <i class = \"td-icon-left doubleSliderPrevButton\"><\/i>\r\n                                    <i class = \"td-icon-right doubleSliderNextButton\"><\/i>\r\n                                <\/div>\r\n                            <\/div>\r\n                        <\/div>\r\n\r\n                        <div class = \"td-doubleSlider-1 \">\r\n                            <div class = \"td-slider\">\r\n                                \r\n                    <div class = \"td-slide-item td-item1\">\r\n                        <figure class=\"td-slide-galery-figure td-slide-popup-gallery\">\r\n                            <a class=\"slide-gallery-image-link\" href=\"\/wp-content\/uploads\/sites\/5\/2024\/05\/Encuentro-de-Salud-y-Seguridad-Ocupacional-6.jpg\" title=\"Encuentro de Salud y Seguridad Ocupacional-6\"  data-caption=\"\"  data-description=\"\">\r\n                                <img decoding=\"async\" src=\"\/wp-content\/uploads\/sites\/5\/2024\/05\/Encuentro-de-Salud-y-Seguridad-Ocupacional-6-630x420.jpg\" srcset=\"\/wp-content\/uploads\/sites\/5\/2024\/05\/Encuentro-de-Salud-y-Seguridad-Ocupacional-6-630x420.jpg 630w, \/wp-content\/uploads\/sites\/5\/2024\/05\/Encuentro-de-Salud-y-Seguridad-Ocupacional-6-300x200.jpg 300w, \/wp-content\/uploads\/sites\/5\/2024\/05\/Encuentro-de-Salud-y-Seguridad-Ocupacional-6-1024x682.jpg 1024w, \/wp-content\/uploads\/sites\/5\/2024\/05\/Encuentro-de-Salud-y-Seguridad-Ocupacional-6-768x512.jpg 768w, \/wp-content\/uploads\/sites\/5\/2024\/05\/Encuentro-de-Salud-y-Seguridad-Ocupacional-6-696x464.jpg 696w, \/wp-content\/uploads\/sites\/5\/2024\/05\/Encuentro-de-Salud-y-Seguridad-Ocupacional-6-1068x712.jpg 1068w, \/wp-content\/uploads\/sites\/5\/2024\/05\/Encuentro-de-Salud-y-Seguridad-Ocupacional-6-534x356.jpg 534w, \/wp-content\/uploads\/sites\/5\/2024\/05\/Encuentro-de-Salud-y-Seguridad-Ocupacional-6.jpg 1280w\" sizes=\"(max-width: 630px) 100vw, 630px\" alt=\"\">\r\n                            <\/a>\r\n                            \r\n                        <\/figure>\r\n                    <\/div>\r\n                    <div class = \"td-slide-item td-item2\">\r\n                        <figure class=\"td-slide-galery-figure td-slide-popup-gallery\">\r\n                            <a class=\"slide-gallery-image-link\" href=\"\/wp-content\/uploads\/sites\/5\/2024\/05\/Encuentro-de-Salud-y-Seguridad-Ocupacional-5.jpg\" title=\"Encuentro de Salud y Seguridad Ocupacional-5\"  data-caption=\"\"  data-description=\"\">\r\n                                <img decoding=\"async\" src=\"\/wp-content\/uploads\/sites\/5\/2024\/05\/Encuentro-de-Salud-y-Seguridad-Ocupacional-5-630x420.jpg\" srcset=\"\/wp-content\/uploads\/sites\/5\/2024\/05\/Encuentro-de-Salud-y-Seguridad-Ocupacional-5-630x420.jpg 630w, \/wp-content\/uploads\/sites\/5\/2024\/05\/Encuentro-de-Salud-y-Seguridad-Ocupacional-5-300x200.jpg 300w, \/wp-content\/uploads\/sites\/5\/2024\/05\/Encuentro-de-Salud-y-Seguridad-Ocupacional-5-1024x683.jpg 1024w, \/wp-content\/uploads\/sites\/5\/2024\/05\/Encuentro-de-Salud-y-Seguridad-Ocupacional-5-768x512.jpg 768w, \/wp-content\/uploads\/sites\/5\/2024\/05\/Encuentro-de-Salud-y-Seguridad-Ocupacional-5-1536x1024.jpg 1536w, \/wp-content\/uploads\/sites\/5\/2024\/05\/Encuentro-de-Salud-y-Seguridad-Ocupacional-5-696x464.jpg 696w, \/wp-content\/uploads\/sites\/5\/2024\/05\/Encuentro-de-Salud-y-Seguridad-Ocupacional-5-1068x712.jpg 1068w, \/wp-content\/uploads\/sites\/5\/2024\/05\/Encuentro-de-Salud-y-Seguridad-Ocupacional-5-534x356.jpg 534w, \/wp-content\/uploads\/sites\/5\/2024\/05\/Encuentro-de-Salud-y-Seguridad-Ocupacional-5.jpg 1599w\" sizes=\"(max-width: 630px) 100vw, 630px\" alt=\"\">\r\n                            <\/a>\r\n                            \r\n                        <\/figure>\r\n                    <\/div>\r\n                    <div class = \"td-slide-item td-item3\">\r\n                        <figure class=\"td-slide-galery-figure td-slide-popup-gallery\">\r\n                            <a class=\"slide-gallery-image-link\" href=\"\/wp-content\/uploads\/sites\/5\/2024\/05\/Encuentro-de-Salud-y-Seguridad-Ocupacional-3.jpg\" title=\"Encuentro de Salud y Seguridad Ocupacional-3\"  data-caption=\"\"  data-description=\"\">\r\n                                <img decoding=\"async\" src=\"\/wp-content\/uploads\/sites\/5\/2024\/05\/Encuentro-de-Salud-y-Seguridad-Ocupacional-3-630x420.jpg\" srcset=\"\/wp-content\/uploads\/sites\/5\/2024\/05\/Encuentro-de-Salud-y-Seguridad-Ocupacional-3-630x420.jpg 630w, \/wp-content\/uploads\/sites\/5\/2024\/05\/Encuentro-de-Salud-y-Seguridad-Ocupacional-3-300x200.jpg 300w, \/wp-content\/uploads\/sites\/5\/2024\/05\/Encuentro-de-Salud-y-Seguridad-Ocupacional-3-1024x682.jpg 1024w, \/wp-content\/uploads\/sites\/5\/2024\/05\/Encuentro-de-Salud-y-Seguridad-Ocupacional-3-768x512.jpg 768w, \/wp-content\/uploads\/sites\/5\/2024\/05\/Encuentro-de-Salud-y-Seguridad-Ocupacional-3-696x464.jpg 696w, \/wp-content\/uploads\/sites\/5\/2024\/05\/Encuentro-de-Salud-y-Seguridad-Ocupacional-3-1068x712.jpg 1068w, \/wp-content\/uploads\/sites\/5\/2024\/05\/Encuentro-de-Salud-y-Seguridad-Ocupacional-3-534x356.jpg 534w, \/wp-content\/uploads\/sites\/5\/2024\/05\/Encuentro-de-Salud-y-Seguridad-Ocupacional-3.jpg 1280w\" sizes=\"(max-width: 630px) 100vw, 630px\" alt=\"\">\r\n                            <\/a>\r\n                            \r\n                        <\/figure>\r\n                    <\/div>\r\n                    <div class = \"td-slide-item td-item4\">\r\n                        <figure class=\"td-slide-galery-figure td-slide-popup-gallery\">\r\n                            <a class=\"slide-gallery-image-link\" href=\"\/wp-content\/uploads\/sites\/5\/2024\/05\/Encuentro-de-Salud-y-Seguridad-Ocupacional-2.jpg\" title=\"Encuentro de Salud y Seguridad Ocupacional-2\"  data-caption=\"\"  data-description=\"\">\r\n                                <img decoding=\"async\" src=\"\/wp-content\/uploads\/sites\/5\/2024\/05\/Encuentro-de-Salud-y-Seguridad-Ocupacional-2-630x420.jpg\" srcset=\"\/wp-content\/uploads\/sites\/5\/2024\/05\/Encuentro-de-Salud-y-Seguridad-Ocupacional-2-630x420.jpg 630w, \/wp-content\/uploads\/sites\/5\/2024\/05\/Encuentro-de-Salud-y-Seguridad-Ocupacional-2-300x200.jpg 300w, \/wp-content\/uploads\/sites\/5\/2024\/05\/Encuentro-de-Salud-y-Seguridad-Ocupacional-2-1024x683.jpg 1024w, \/wp-content\/uploads\/sites\/5\/2024\/05\/Encuentro-de-Salud-y-Seguridad-Ocupacional-2-768x512.jpg 768w, \/wp-content\/uploads\/sites\/5\/2024\/05\/Encuentro-de-Salud-y-Seguridad-Ocupacional-2-1536x1024.jpg 1536w, \/wp-content\/uploads\/sites\/5\/2024\/05\/Encuentro-de-Salud-y-Seguridad-Ocupacional-2-696x464.jpg 696w, \/wp-content\/uploads\/sites\/5\/2024\/05\/Encuentro-de-Salud-y-Seguridad-Ocupacional-2-1068x712.jpg 1068w, \/wp-content\/uploads\/sites\/5\/2024\/05\/Encuentro-de-Salud-y-Seguridad-Ocupacional-2-534x356.jpg 534w, \/wp-content\/uploads\/sites\/5\/2024\/05\/Encuentro-de-Salud-y-Seguridad-Ocupacional-2.jpg 1599w\" sizes=\"(max-width: 630px) 100vw, 630px\" alt=\"\">\r\n                            <\/a>\r\n                            \r\n                        <\/figure>\r\n                    <\/div>\r\n                    <div class = \"td-slide-item td-item5\">\r\n                        <figure class=\"td-slide-galery-figure td-slide-popup-gallery\">\r\n                            <a class=\"slide-gallery-image-link\" href=\"\/wp-content\/uploads\/sites\/5\/2024\/05\/Encuentro-de-Salud-y-Seguridad-Ocupacional-1.jpg\" title=\"Encuentro de Salud y Seguridad Ocupacional-1\"  data-caption=\"\"  data-description=\"\">\r\n                                <img decoding=\"async\" src=\"\/wp-content\/uploads\/sites\/5\/2024\/05\/Encuentro-de-Salud-y-Seguridad-Ocupacional-1-630x420.jpg\" srcset=\"\/wp-content\/uploads\/sites\/5\/2024\/05\/Encuentro-de-Salud-y-Seguridad-Ocupacional-1-630x420.jpg 630w, \/wp-content\/uploads\/sites\/5\/2024\/05\/Encuentro-de-Salud-y-Seguridad-Ocupacional-1-300x200.jpg 300w, \/wp-content\/uploads\/sites\/5\/2024\/05\/Encuentro-de-Salud-y-Seguridad-Ocupacional-1-1024x682.jpg 1024w, \/wp-content\/uploads\/sites\/5\/2024\/05\/Encuentro-de-Salud-y-Seguridad-Ocupacional-1-768x512.jpg 768w, \/wp-content\/uploads\/sites\/5\/2024\/05\/Encuentro-de-Salud-y-Seguridad-Ocupacional-1-696x464.jpg 696w, \/wp-content\/uploads\/sites\/5\/2024\/05\/Encuentro-de-Salud-y-Seguridad-Ocupacional-1-1068x712.jpg 1068w, \/wp-content\/uploads\/sites\/5\/2024\/05\/Encuentro-de-Salud-y-Seguridad-Ocupacional-1-534x356.jpg 534w, \/wp-content\/uploads\/sites\/5\/2024\/05\/Encuentro-de-Salud-y-Seguridad-Ocupacional-1.jpg 1280w\" sizes=\"(max-width: 630px) 100vw, 630px\" alt=\"\">\r\n                            <\/a>\r\n                            \r\n                        <\/figure>\r\n                    <\/div>\r\n                            <\/div>\r\n                        <\/div>\r\n\r\n                        <div class = \"td-doubleSlider-2\">\r\n                            <div class = \"td-slider\">\r\n                                \r\n                    <div class = \"td-button td-item1\">\r\n                        <div class = \"td-border\"><\/div>\r\n                    <\/div>\r\n                    <div class = \"td-button td-item2\">\r\n                        <div class = \"td-border\"><\/div>\r\n                    <\/div>\r\n                    <div class = \"td-button td-item3\">\r\n                        <div class = \"td-border\"><\/div>\r\n                    <\/div>\r\n                    <div class = \"td-button td-item4\">\r\n                        <div class = \"td-border\"><\/div>\r\n                    <\/div>\r\n                    <div class = \"td-button td-item5\">\r\n                        <div class = \"td-border\"><\/div>\r\n                    <\/div>\r\n                            <\/div>\r\n                        <\/div>\r\n\r\n                    <\/div>\r\n\r\n                <\/div>\r\n                ","protected":false},"excerpt":{"rendered":"<p>Consciente de que la prevenci\u00f3n en los entornos laborales favorece el bienestar de los trabajadores y la productividad de las empresas afiliadas, el Instituto Guatemalteco de Seguridad Social (IGSS) celebr\u00f3 la primera de dos jornadas del VII Encuentro de Salud y Seguridad Ocupacional -SSO-: Desaf\u00edos Accidentes Laborales y Enfermedades del Trabajo. El magno evento tiene [&hellip;]<\/p>\n","protected":false},"author":1961,"featured_media":42306,"comment_status":"closed","ping_status":"closed","sticky":false,"template":"","format":"standard","meta":{"footnotes":""},"categories":[3,1551,17],"tags":[117,964,1909],"coauthors":[],"class_list":{"0":"post-42299","1":"post","2":"type-post","3":"status-publish","4":"format-standard","5":"has-post-thumbnail","7":"category-actualidad","8":"category-eventos-igss","9":"category-formacion-y-desarrollo","10":"tag-antigua-guatemala","11":"tag-formacion-y-desarrollo","12":"tag-vii-encuentro-de-salud-y-seguridad-ocupacional"},"_links":{"self":[{"href":"https:\/\/www.igssgt.org\/noticias\/wp-json\/wp\/v2\/posts\/42299","targetHints":{"allow":["GET"]}}],"collection":[{"href":"https:\/\/www.igssgt.org\/noticias\/wp-json\/wp\/v2\/posts"}],"about":[{"href":"https:\/\/www.igssgt.org\/noticias\/wp-json\/wp\/v2\/types\/post"}],"author":[{"embeddable":true,"href":"https:\/\/www.igssgt.org\/noticias\/wp-json\/wp\/v2\/users\/1961"}],"replies":[{"embeddable":true,"href":"https:\/\/www.igssgt.org\/noticias\/wp-json\/wp\/v2\/comments?post=42299"}],"version-history":[{"count":3,"href":"https:\/\/www.igssgt.org\/noticias\/wp-json\/wp\/v2\/posts\/42299\/revisions"}],"predecessor-version":[{"id":42311,"href":"https:\/\/www.igssgt.org\/noticias\/wp-json\/wp\/v2\/posts\/42299\/revisions\/42311"}],"wp:featuredmedia":[{"embeddable":true,"href":"https:\/\/www.igssgt.org\/noticias\/wp-json\/wp\/v2\/media\/42306"}],"wp:attachment":[{"href":"https:\/\/www.igssgt.org\/noticias\/wp-json\/wp\/v2\/media?parent=42299"}],"wp:term":[{"taxonomy":"category","embeddable":true,"href":"https:\/\/www.igssgt.org\/noticias\/wp-json\/wp\/v2\/categories?post=42299"},{"taxonomy":"post_tag","embeddable":true,"href":"https:\/\/www.igssgt.org\/noticias\/wp-json\/wp\/v2\/tags?post=42299"},{"taxonomy":"author","embeddable":true,"href":"https:\/\/www.igssgt.org\/noticias\/wp-json\/wp\/v2\/coauthors?post=42299"}],"curies":[{"name":"wp","href":"https:\/\/api.w.org\/{rel}","templated":true}]}}