{"id":4234,"date":"2018-03-12T16:05:39","date_gmt":"2018-03-12T22:05:39","guid":{"rendered":"http:\/\/noticias.igssgt.org\/?p=4234"},"modified":"2018-03-12T16:05:39","modified_gmt":"2018-03-12T22:05:39","slug":"soy502-guatemala-asume-presidencia-pro-tempore-del-cisscad","status":"publish","type":"post","link":"https:\/\/www.igssgt.org\/noticias\/2018\/03\/12\/soy502-guatemala-asume-presidencia-pro-tempore-del-cisscad\/","title":{"rendered":"Soy502: Guatemala asume Presidencia Pro T\u00e9mpore del CISSCAD"},"content":{"rendered":"<p><a href=\"\/noticias\/wp-content\/uploads\/sites\/5\/2018\/03\/Soy502-Guatemala-asume-presidencia-pro-tempore-CISSCAD-1.jpg\"><img loading=\"lazy\" decoding=\"async\" class=\"alignnone size-full wp-image-4236\" src=\"\/noticias\/wp-content\/uploads\/sites\/5\/2018\/03\/Soy502-Guatemala-asume-presidencia-pro-tempore-CISSCAD-1.jpg\" alt=\"\" width=\"1079\" height=\"720\" srcset=\"\/wp-content\/uploads\/sites\/5\/2018\/03\/Soy502-Guatemala-asume-presidencia-pro-tempore-CISSCAD-1.jpg 1079w, \/wp-content\/uploads\/sites\/5\/2018\/03\/Soy502-Guatemala-asume-presidencia-pro-tempore-CISSCAD-1-300x200.jpg 300w, \/wp-content\/uploads\/sites\/5\/2018\/03\/Soy502-Guatemala-asume-presidencia-pro-tempore-CISSCAD-1-768x512.jpg 768w, \/wp-content\/uploads\/sites\/5\/2018\/03\/Soy502-Guatemala-asume-presidencia-pro-tempore-CISSCAD-1-1024x683.jpg 1024w, \/wp-content\/uploads\/sites\/5\/2018\/03\/Soy502-Guatemala-asume-presidencia-pro-tempore-CISSCAD-1-629x420.jpg 629w, \/wp-content\/uploads\/sites\/5\/2018\/03\/Soy502-Guatemala-asume-presidencia-pro-tempore-CISSCAD-1-696x464.jpg 696w, \/wp-content\/uploads\/sites\/5\/2018\/03\/Soy502-Guatemala-asume-presidencia-pro-tempore-CISSCAD-1-1068x713.jpg 1068w, \/wp-content\/uploads\/sites\/5\/2018\/03\/Soy502-Guatemala-asume-presidencia-pro-tempore-CISSCAD-1-534x356.jpg 534w\" sizes=\"auto, (max-width: 1079px) 100vw, 1079px\" \/><\/a><\/p>\n<p>Carlos Contreras,\u00a0presidente de la\u00a0Junta Directiva del Instituto Guatemalteco de Seguridad Social (IGSS)\u00a0asumi\u00f3 la presidencia Pro T\u00e9mpore del Consejo de Instituciones de Seguridad Social de Centro Am\u00e9rica y Rep\u00fablica Dominicana (CISSCAD), en el marco de\u00a0la XXXIX Asamblea Ordinaria.<\/p>\n<blockquote><p>\u00abLa gesti\u00f3n de la Presidencia Pro T\u00e9mpore que asume el Instituto Guatemalteco de Seguridad Social (IGSS) deber\u00e1 enfocarse con claridad en las contribuci\u00f3n para avanzar en el alcance de las metas\u00bb -Carlos Contreras, presidente de la Junta Directiva del IGSS.<\/p><\/blockquote>\n<p>Entre los grandes desaf\u00edos que ahora tiene el CISSCAD, se destacan:<\/p>\n<ul>\n<li>Ampliaci\u00f3n de cobertura.<\/li>\n<li>La sostenibilidad financiera de las instituciones de la salud.<\/li>\n<li>Y los sistemas de informaci\u00f3n y de control.<\/li>\n<\/ul>\n<p>El traspaso de la\u00a0Presidencia Pro T\u00e9mpore del CISSCAD\u00a0estuvo a cargo del\u00a0Doctor Fernando Llorca,\u00a0presidente ejecutivo de la CCSS, quien expres\u00f3 su satisfacci\u00f3n por el trabajo realizado al frente de la CISSCAD durante cuatro a\u00f1os, deseando\u00a0\u00e9xito al nuevo presidente 2018-2019 y a todo el equipo de trabajo.<\/p>\n<hr \/>\n<p>&nbsp;<\/p>\n","protected":false},"excerpt":{"rendered":"<p>Carlos Contreras,\u00a0presidente de la\u00a0Junta Directiva del Instituto Guatemalteco de Seguridad Social (IGSS)\u00a0asumi\u00f3 la presidencia Pro T\u00e9mpore del Consejo de Instituciones de Seguridad Social de Centro Am\u00e9rica y Rep\u00fablica Dominicana (CISSCAD), en el marco de\u00a0la XXXIX Asamblea Ordinaria. \u00abLa gesti\u00f3n de la Presidencia Pro T\u00e9mpore que asume el Instituto Guatemalteco de Seguridad Social (IGSS) deber\u00e1 enfocarse [&hellip;]<\/p>\n","protected":false},"author":4,"featured_media":4235,"comment_status":"open","ping_status":"open","sticky":false,"template":"","format":"standard","meta":{"footnotes":""},"categories":[3,11,15,41,29],"tags":[178,564,806],"coauthors":[],"class_list":{"0":"post-4234","1":"post","2":"type-post","3":"status-publish","4":"format-standard","5":"has-post-thumbnail","7":"category-actualidad","8":"category-cisscad","9":"category-destacado","10":"category-igss-en-los-medios","11":"category-publicaciones","12":"tag-cisscad","13":"tag-lic-carlos-contreras","14":"tag-soy502"},"_links":{"self":[{"href":"https:\/\/www.igssgt.org\/noticias\/wp-json\/wp\/v2\/posts\/4234","targetHints":{"allow":["GET"]}}],"collection":[{"href":"https:\/\/www.igssgt.org\/noticias\/wp-json\/wp\/v2\/posts"}],"about":[{"href":"https:\/\/www.igssgt.org\/noticias\/wp-json\/wp\/v2\/types\/post"}],"author":[{"embeddable":true,"href":"https:\/\/www.igssgt.org\/noticias\/wp-json\/wp\/v2\/users\/4"}],"replies":[{"embeddable":true,"href":"https:\/\/www.igssgt.org\/noticias\/wp-json\/wp\/v2\/comments?post=4234"}],"version-history":[{"count":0,"href":"https:\/\/www.igssgt.org\/noticias\/wp-json\/wp\/v2\/posts\/4234\/revisions"}],"wp:featuredmedia":[{"embeddable":true,"href":"https:\/\/www.igssgt.org\/noticias\/wp-json\/wp\/v2\/media\/4235"}],"wp:attachment":[{"href":"https:\/\/www.igssgt.org\/noticias\/wp-json\/wp\/v2\/media?parent=4234"}],"wp:term":[{"taxonomy":"category","embeddable":true,"href":"https:\/\/www.igssgt.org\/noticias\/wp-json\/wp\/v2\/categories?post=4234"},{"taxonomy":"post_tag","embeddable":true,"href":"https:\/\/www.igssgt.org\/noticias\/wp-json\/wp\/v2\/tags?post=4234"},{"taxonomy":"author","embeddable":true,"href":"https:\/\/www.igssgt.org\/noticias\/wp-json\/wp\/v2\/coauthors?post=4234"}],"curies":[{"name":"wp","href":"https:\/\/api.w.org\/{rel}","templated":true}]}}