{"id":4243,"date":"2018-03-13T14:00:55","date_gmt":"2018-03-13T20:00:55","guid":{"rendered":"http:\/\/noticias.igssgt.org\/?p=4243"},"modified":"2018-03-13T14:00:55","modified_gmt":"2018-03-13T20:00:55","slug":"se-inicia-escuela-para-padres-de-ninos-con-fibrosis-quistica","status":"publish","type":"post","link":"https:\/\/www.igssgt.org\/noticias\/2018\/03\/13\/se-inicia-escuela-para-padres-de-ninos-con-fibrosis-quistica\/","title":{"rendered":"Se inicia escuela para padres de ni\u00f1os con fibrosis qu\u00edstica"},"content":{"rendered":"<p><a href=\"\/noticias\/wp-content\/uploads\/sites\/5\/2018\/03\/Escuela-para-padres-de-ninos-con-fibrosis-quistica-2.jpg\"><img loading=\"lazy\" decoding=\"async\" class=\"alignnone size-full wp-image-4245\" src=\"\/noticias\/wp-content\/uploads\/sites\/5\/2018\/03\/Escuela-para-padres-de-ninos-con-fibrosis-quistica-2.jpg\" alt=\"\" width=\"960\" height=\"640\" srcset=\"\/wp-content\/uploads\/sites\/5\/2018\/03\/Escuela-para-padres-de-ninos-con-fibrosis-quistica-2.jpg 960w, \/wp-content\/uploads\/sites\/5\/2018\/03\/Escuela-para-padres-de-ninos-con-fibrosis-quistica-2-300x200.jpg 300w, \/wp-content\/uploads\/sites\/5\/2018\/03\/Escuela-para-padres-de-ninos-con-fibrosis-quistica-2-768x512.jpg 768w, \/wp-content\/uploads\/sites\/5\/2018\/03\/Escuela-para-padres-de-ninos-con-fibrosis-quistica-2-630x420.jpg 630w, \/wp-content\/uploads\/sites\/5\/2018\/03\/Escuela-para-padres-de-ninos-con-fibrosis-quistica-2-696x464.jpg 696w, \/wp-content\/uploads\/sites\/5\/2018\/03\/Escuela-para-padres-de-ninos-con-fibrosis-quistica-2-534x356.jpg 534w\" sizes=\"auto, (max-width: 960px) 100vw, 960px\" \/><\/a><\/p>\n<p>Este d\u00eda se inici\u00f3 la Escuela para Padres de Ni\u00f1os con Fibrosis Qu\u00edstica FQ, en beneficio de menores que son pacientes del Departamento de Pediatr\u00eda del Hospital General de Enfermedades del IGSS de la zona 9. Sus progenitores ser\u00e1n capacitados por un equipo multidisciplinario, con el objetivo de brindar una mejor calidad de vida a sus hijos, inform\u00f3 la licenciada Cecilia Hern\u00e1ndez, jefe de la Secci\u00f3n de Fisioterapia Pulmonar de ese departamento.<\/p>\n<p>Este equipo multidisciplinario est\u00e1 integrado por neum\u00f3logos, fisioterapistas, gastroenter\u00f3logos, nutricionistas y psic\u00f3logos, quienes durante cinco sesiones expondr\u00e1n los m\u00e9todos y t\u00e9cnicas necesarias para el bienestar de los menores.<\/p>\n<p>Esta escuela se inici\u00f3 con la exposici\u00f3n de las profesionales en nutrici\u00f3n Andrea Contreras y Alejandra Figueroa, quienes explicaron las ventajas de comer distintos nutrientes, as\u00ed como la forma de preparaci\u00f3n de cada uno de estos.<\/p>\n<p>\u201cEn Guatemala los ni\u00f1os que nacen con esta afecci\u00f3n tienen un par\u00e1metro de vida muy corto, pues pueden alcanzar entre los 15 y 21 a\u00f1os. Seg\u00fan la Organizaci\u00f3n Mundial de la Salud, el promedio de vida para estos ni\u00f1os en Europa es de 21 a\u00f1os, pero nosotros en un esfuerzo conjunto de profesionales de distintas \u00e1reas queremos superar esos par\u00e1metros\u201d, dijo la licenciada Hern\u00e1ndez.<\/p>\n<p>La fibrosis qu\u00edstica es una enfermedad gen\u00e9tica recesiva, la cual afecta los pulmones y el sistema digestivo. En este departamento atendemos a 40 personas, cuyos padres fueron invitados a participar en esta escuela en la que ser\u00e1n capacitados en conocer qu\u00e9 es la enfermedad y para que tengan las bases en educaci\u00f3n en salud, fisioterapia, nutrici\u00f3n, salud emocional y gastroenterolog\u00eda, puntualiz\u00f3 la profesional.<\/p>\n<p>\u201cPara m\u00ed la apertura de esta escuela para padres es muy beneficiosa, pues en la mayor\u00eda de los casos nosotros no sabemos qu\u00e9 darle o c\u00f3mo alimentar a nuestros hijos, pues ellos necesitan m\u00e1s prote\u00ednas y carbohidratos, porque a ellos les cuesta un poco m\u00e1s subir de peso en comparaci\u00f3n con otros ni\u00f1os, lo cual nos motiva a seguir adelante con ellos\u201d, expres\u00f3 Mariela Recinos, quien llev\u00f3 a su ni\u00f1a de dos a\u00f1os.<\/p>\n\r\n                <style type=\"text\/css\">\r\n                    \r\n                    #tdi_1  .td-doubleSlider-2 .td-item1 {\r\n                        background: url(\/wp-content\/uploads\/sites\/5\/2018\/03\/Escuela-para-padres-de-ninos-con-fibrosis-quistica-4-80x60.jpg) 0 0 no-repeat;\r\n                    }\r\n                    #tdi_1  .td-doubleSlider-2 .td-item2 {\r\n                        background: url(\/wp-content\/uploads\/sites\/5\/2018\/03\/Escuela-para-padres-de-ninos-con-fibrosis-quistica-2-80x60.jpg) 0 0 no-repeat;\r\n                    }\r\n                    #tdi_1  .td-doubleSlider-2 .td-item3 {\r\n                        background: url(\/wp-content\/uploads\/sites\/5\/2018\/03\/Escuela-para-padres-de-ninos-con-fibrosis-quistica-1-80x60.jpg) 0 0 no-repeat;\r\n                    }\r\n                    #tdi_1  .td-doubleSlider-2 .td-item4 {\r\n                        background: url(\/wp-content\/uploads\/sites\/5\/2018\/03\/Escuela-para-padres-de-ninos-con-fibrosis-quistica-3-80x60.jpg) 0 0 no-repeat;\r\n                    }\r\n                    #tdi_1  .td-doubleSlider-2 .td-item5 {\r\n                        background: url(\/wp-content\/uploads\/sites\/5\/2018\/03\/Escuela-para-padres-de-ninos-con-fibrosis-quistica-5-80x60.jpg) 0 0 no-repeat;\r\n                    }\r\n                    #tdi_1  .td-doubleSlider-2 .td-item6 {\r\n                        background: url(\/wp-content\/uploads\/sites\/5\/2018\/03\/Escuela-para-padres-de-ninos-con-fibrosis-quistica-6-80x60.jpg) 0 0 no-repeat;\r\n                    }\r\n                    #tdi_1  .td-doubleSlider-2 .td-item7 {\r\n                        background: url(\/wp-content\/uploads\/sites\/5\/2018\/03\/Escuela-para-padres-de-ninos-con-fibrosis-quistica-7-80x60.jpg) 0 0 no-repeat;\r\n                    }\r\n                    #tdi_1  .td-doubleSlider-2 .td-item8 {\r\n                        background: url(\/wp-content\/uploads\/sites\/5\/2018\/03\/Escuela-para-padres-de-ninos-con-fibrosis-quistica-8-80x60.jpg) 0 0 no-repeat;\r\n                    }\r\n                    #tdi_1  .td-doubleSlider-2 .td-item9 {\r\n                        background: url(\/wp-content\/uploads\/sites\/5\/2018\/03\/Escuela-para-padres-de-ninos-con-fibrosis-quistica-9-80x60.jpg) 0 0 no-repeat;\r\n                    }\r\n                <\/style>\r\n\r\n                <div id=\"tdi_1\" class=\"td-gallery td-slide-on-2-columns\">\r\n                    <div class=\"post_td_gallery\">\r\n                        <div class=\"td-gallery-slide-top\">\r\n                           <div class=\"td-gallery-title\"><\/div>\r\n\r\n                            <div class=\"td-gallery-controls-wrapper\">\r\n                                <div class=\"td-gallery-slide-count\"><span class=\"td-gallery-slide-item-focus\">1<\/span> de 9<\/div>\r\n                                <div class=\"td-gallery-slide-prev-next-but\">\r\n                                    <i class = \"td-icon-left doubleSliderPrevButton\"><\/i>\r\n                                    <i class = \"td-icon-right doubleSliderNextButton\"><\/i>\r\n                                <\/div>\r\n                            <\/div>\r\n                        <\/div>\r\n\r\n                        <div class = \"td-doubleSlider-1 \">\r\n                            <div class = \"td-slider\">\r\n                                \r\n                    <div class = \"td-slide-item td-item1\">\r\n                        <figure class=\"td-slide-galery-figure td-slide-popup-gallery\">\r\n                            <a class=\"slide-gallery-image-link\" href=\"\/wp-content\/uploads\/sites\/5\/2018\/03\/Escuela-para-padres-de-ninos-con-fibrosis-quistica-4.jpg\" title=\"Escuela para padres de ninos con fibrosis quistica-4\"  data-caption=\"\"  data-description=\"\">\r\n                                <img decoding=\"async\" src=\"\/wp-content\/uploads\/sites\/5\/2018\/03\/Escuela-para-padres-de-ninos-con-fibrosis-quistica-4-630x420.jpg\" srcset=\"\/wp-content\/uploads\/sites\/5\/2018\/03\/Escuela-para-padres-de-ninos-con-fibrosis-quistica-4-630x420.jpg 630w, \/wp-content\/uploads\/sites\/5\/2018\/03\/Escuela-para-padres-de-ninos-con-fibrosis-quistica-4-300x200.jpg 300w, \/wp-content\/uploads\/sites\/5\/2018\/03\/Escuela-para-padres-de-ninos-con-fibrosis-quistica-4-768x512.jpg 768w, \/wp-content\/uploads\/sites\/5\/2018\/03\/Escuela-para-padres-de-ninos-con-fibrosis-quistica-4-696x464.jpg 696w, \/wp-content\/uploads\/sites\/5\/2018\/03\/Escuela-para-padres-de-ninos-con-fibrosis-quistica-4-534x356.jpg 534w, \/wp-content\/uploads\/sites\/5\/2018\/03\/Escuela-para-padres-de-ninos-con-fibrosis-quistica-4.jpg 960w\" sizes=\"(max-width: 630px) 100vw, 630px\" alt=\"\">\r\n                            <\/a>\r\n                            \r\n                        <\/figure>\r\n                    <\/div>\r\n                    <div class = \"td-slide-item td-item2\">\r\n                        <figure class=\"td-slide-galery-figure td-slide-popup-gallery\">\r\n                            <a class=\"slide-gallery-image-link\" href=\"\/wp-content\/uploads\/sites\/5\/2018\/03\/Escuela-para-padres-de-ninos-con-fibrosis-quistica-2.jpg\" title=\"Escuela para padres de ninos con fibrosis quistica-2\"  data-caption=\"\"  data-description=\"\">\r\n                                <img decoding=\"async\" src=\"\/wp-content\/uploads\/sites\/5\/2018\/03\/Escuela-para-padres-de-ninos-con-fibrosis-quistica-2-630x420.jpg\" srcset=\"\/wp-content\/uploads\/sites\/5\/2018\/03\/Escuela-para-padres-de-ninos-con-fibrosis-quistica-2-630x420.jpg 630w, \/wp-content\/uploads\/sites\/5\/2018\/03\/Escuela-para-padres-de-ninos-con-fibrosis-quistica-2-300x200.jpg 300w, \/wp-content\/uploads\/sites\/5\/2018\/03\/Escuela-para-padres-de-ninos-con-fibrosis-quistica-2-768x512.jpg 768w, \/wp-content\/uploads\/sites\/5\/2018\/03\/Escuela-para-padres-de-ninos-con-fibrosis-quistica-2-696x464.jpg 696w, \/wp-content\/uploads\/sites\/5\/2018\/03\/Escuela-para-padres-de-ninos-con-fibrosis-quistica-2-534x356.jpg 534w, \/wp-content\/uploads\/sites\/5\/2018\/03\/Escuela-para-padres-de-ninos-con-fibrosis-quistica-2.jpg 960w\" sizes=\"(max-width: 630px) 100vw, 630px\" alt=\"\">\r\n                            <\/a>\r\n                            \r\n                        <\/figure>\r\n                    <\/div>\r\n                    <div class = \"td-slide-item td-item3\">\r\n                        <figure class=\"td-slide-galery-figure td-slide-popup-gallery\">\r\n                            <a class=\"slide-gallery-image-link\" href=\"\/wp-content\/uploads\/sites\/5\/2018\/03\/Escuela-para-padres-de-ninos-con-fibrosis-quistica-1.jpg\" title=\"Escuela para padres de ninos con fibrosis quistica-1\"  data-caption=\"\"  data-description=\"\">\r\n                                <img decoding=\"async\" src=\"\/wp-content\/uploads\/sites\/5\/2018\/03\/Escuela-para-padres-de-ninos-con-fibrosis-quistica-1-630x420.jpg\" srcset=\"\/wp-content\/uploads\/sites\/5\/2018\/03\/Escuela-para-padres-de-ninos-con-fibrosis-quistica-1-630x420.jpg 630w, \/wp-content\/uploads\/sites\/5\/2018\/03\/Escuela-para-padres-de-ninos-con-fibrosis-quistica-1-300x200.jpg 300w, \/wp-content\/uploads\/sites\/5\/2018\/03\/Escuela-para-padres-de-ninos-con-fibrosis-quistica-1-768x512.jpg 768w, \/wp-content\/uploads\/sites\/5\/2018\/03\/Escuela-para-padres-de-ninos-con-fibrosis-quistica-1-696x464.jpg 696w, \/wp-content\/uploads\/sites\/5\/2018\/03\/Escuela-para-padres-de-ninos-con-fibrosis-quistica-1-534x356.jpg 534w, \/wp-content\/uploads\/sites\/5\/2018\/03\/Escuela-para-padres-de-ninos-con-fibrosis-quistica-1.jpg 960w\" sizes=\"(max-width: 630px) 100vw, 630px\" alt=\"\">\r\n                            <\/a>\r\n                            \r\n                        <\/figure>\r\n                    <\/div>\r\n                    <div class = \"td-slide-item td-item4\">\r\n                        <figure class=\"td-slide-galery-figure td-slide-popup-gallery\">\r\n                            <a class=\"slide-gallery-image-link\" href=\"\/wp-content\/uploads\/sites\/5\/2018\/03\/Escuela-para-padres-de-ninos-con-fibrosis-quistica-3.jpg\" title=\"Escuela para padres de ninos con fibrosis quistica-3\"  data-caption=\"\"  data-description=\"\">\r\n                                <img decoding=\"async\" src=\"\/wp-content\/uploads\/sites\/5\/2018\/03\/Escuela-para-padres-de-ninos-con-fibrosis-quistica-3-630x420.jpg\" srcset=\"\/wp-content\/uploads\/sites\/5\/2018\/03\/Escuela-para-padres-de-ninos-con-fibrosis-quistica-3-630x420.jpg 630w, \/wp-content\/uploads\/sites\/5\/2018\/03\/Escuela-para-padres-de-ninos-con-fibrosis-quistica-3-300x200.jpg 300w, \/wp-content\/uploads\/sites\/5\/2018\/03\/Escuela-para-padres-de-ninos-con-fibrosis-quistica-3-768x512.jpg 768w, \/wp-content\/uploads\/sites\/5\/2018\/03\/Escuela-para-padres-de-ninos-con-fibrosis-quistica-3-696x464.jpg 696w, \/wp-content\/uploads\/sites\/5\/2018\/03\/Escuela-para-padres-de-ninos-con-fibrosis-quistica-3-534x356.jpg 534w, \/wp-content\/uploads\/sites\/5\/2018\/03\/Escuela-para-padres-de-ninos-con-fibrosis-quistica-3.jpg 960w\" sizes=\"(max-width: 630px) 100vw, 630px\" alt=\"\">\r\n                            <\/a>\r\n                            \r\n                        <\/figure>\r\n                    <\/div>\r\n                    <div class = \"td-slide-item td-item5\">\r\n                        <figure class=\"td-slide-galery-figure td-slide-popup-gallery\">\r\n                            <a class=\"slide-gallery-image-link\" href=\"\/wp-content\/uploads\/sites\/5\/2018\/03\/Escuela-para-padres-de-ninos-con-fibrosis-quistica-5.jpg\" title=\"Escuela para padres de ninos con fibrosis quistica-5\"  data-caption=\"\"  data-description=\"\">\r\n                                <img decoding=\"async\" src=\"\/wp-content\/uploads\/sites\/5\/2018\/03\/Escuela-para-padres-de-ninos-con-fibrosis-quistica-5-598x420.jpg\" srcset=\"\/wp-content\/uploads\/sites\/5\/2018\/03\/Escuela-para-padres-de-ninos-con-fibrosis-quistica-5-598x420.jpg 598w, \/wp-content\/uploads\/sites\/5\/2018\/03\/Escuela-para-padres-de-ninos-con-fibrosis-quistica-5-300x211.jpg 300w, \/wp-content\/uploads\/sites\/5\/2018\/03\/Escuela-para-padres-de-ninos-con-fibrosis-quistica-5-768x539.jpg 768w, \/wp-content\/uploads\/sites\/5\/2018\/03\/Escuela-para-padres-de-ninos-con-fibrosis-quistica-5-696x489.jpg 696w, \/wp-content\/uploads\/sites\/5\/2018\/03\/Escuela-para-padres-de-ninos-con-fibrosis-quistica-5-100x70.jpg 100w, \/wp-content\/uploads\/sites\/5\/2018\/03\/Escuela-para-padres-de-ninos-con-fibrosis-quistica-5-534x375.jpg 534w, \/wp-content\/uploads\/sites\/5\/2018\/03\/Escuela-para-padres-de-ninos-con-fibrosis-quistica-5.jpg 960w\" sizes=\"(max-width: 598px) 100vw, 598px\" alt=\"\">\r\n                            <\/a>\r\n                            \r\n                        <\/figure>\r\n                    <\/div>\r\n                    <div class = \"td-slide-item td-item6\">\r\n                        <figure class=\"td-slide-galery-figure td-slide-popup-gallery\">\r\n                            <a class=\"slide-gallery-image-link\" href=\"\/wp-content\/uploads\/sites\/5\/2018\/03\/Escuela-para-padres-de-ninos-con-fibrosis-quistica-6.jpg\" title=\"Escuela para padres de ninos con fibrosis quistica-6\"  data-caption=\"\"  data-description=\"\">\r\n                                <img decoding=\"async\" src=\"\/wp-content\/uploads\/sites\/5\/2018\/03\/Escuela-para-padres-de-ninos-con-fibrosis-quistica-6-623x420.jpg\" srcset=\"\/wp-content\/uploads\/sites\/5\/2018\/03\/Escuela-para-padres-de-ninos-con-fibrosis-quistica-6-623x420.jpg 623w, \/wp-content\/uploads\/sites\/5\/2018\/03\/Escuela-para-padres-de-ninos-con-fibrosis-quistica-6-300x202.jpg 300w, \/wp-content\/uploads\/sites\/5\/2018\/03\/Escuela-para-padres-de-ninos-con-fibrosis-quistica-6-768x518.jpg 768w, \/wp-content\/uploads\/sites\/5\/2018\/03\/Escuela-para-padres-de-ninos-con-fibrosis-quistica-6-696x469.jpg 696w, \/wp-content\/uploads\/sites\/5\/2018\/03\/Escuela-para-padres-de-ninos-con-fibrosis-quistica-6-534x360.jpg 534w, \/wp-content\/uploads\/sites\/5\/2018\/03\/Escuela-para-padres-de-ninos-con-fibrosis-quistica-6.jpg 960w\" sizes=\"(max-width: 623px) 100vw, 623px\" alt=\"\">\r\n                            <\/a>\r\n                            \r\n                        <\/figure>\r\n                    <\/div>\r\n                    <div class = \"td-slide-item td-item7\">\r\n                        <figure class=\"td-slide-galery-figure td-slide-popup-gallery\">\r\n                            <a class=\"slide-gallery-image-link\" href=\"\/wp-content\/uploads\/sites\/5\/2018\/03\/Escuela-para-padres-de-ninos-con-fibrosis-quistica-7.jpg\" title=\"Escuela para padres de ninos con fibrosis quistica-7\"  data-caption=\"\"  data-description=\"\">\r\n                                <img decoding=\"async\" src=\"\/wp-content\/uploads\/sites\/5\/2018\/03\/Escuela-para-padres-de-ninos-con-fibrosis-quistica-7-630x420.jpg\" srcset=\"\/wp-content\/uploads\/sites\/5\/2018\/03\/Escuela-para-padres-de-ninos-con-fibrosis-quistica-7-630x420.jpg 630w, \/wp-content\/uploads\/sites\/5\/2018\/03\/Escuela-para-padres-de-ninos-con-fibrosis-quistica-7-300x200.jpg 300w, \/wp-content\/uploads\/sites\/5\/2018\/03\/Escuela-para-padres-de-ninos-con-fibrosis-quistica-7-768x512.jpg 768w, \/wp-content\/uploads\/sites\/5\/2018\/03\/Escuela-para-padres-de-ninos-con-fibrosis-quistica-7-696x464.jpg 696w, \/wp-content\/uploads\/sites\/5\/2018\/03\/Escuela-para-padres-de-ninos-con-fibrosis-quistica-7-534x356.jpg 534w, \/wp-content\/uploads\/sites\/5\/2018\/03\/Escuela-para-padres-de-ninos-con-fibrosis-quistica-7.jpg 960w\" sizes=\"(max-width: 630px) 100vw, 630px\" alt=\"\">\r\n                            <\/a>\r\n                            \r\n                        <\/figure>\r\n                    <\/div>\r\n                    <div class = \"td-slide-item td-item8\">\r\n                        <figure class=\"td-slide-galery-figure td-slide-popup-gallery\">\r\n                            <a class=\"slide-gallery-image-link\" href=\"\/wp-content\/uploads\/sites\/5\/2018\/03\/Escuela-para-padres-de-ninos-con-fibrosis-quistica-8.jpg\" title=\"Escuela para padres de ninos con fibrosis quistica-8\"  data-caption=\"\"  data-description=\"\">\r\n                                <img decoding=\"async\" src=\"\/wp-content\/uploads\/sites\/5\/2018\/03\/Escuela-para-padres-de-ninos-con-fibrosis-quistica-8-630x420.jpg\" srcset=\"\/wp-content\/uploads\/sites\/5\/2018\/03\/Escuela-para-padres-de-ninos-con-fibrosis-quistica-8-630x420.jpg 630w, \/wp-content\/uploads\/sites\/5\/2018\/03\/Escuela-para-padres-de-ninos-con-fibrosis-quistica-8-300x200.jpg 300w, \/wp-content\/uploads\/sites\/5\/2018\/03\/Escuela-para-padres-de-ninos-con-fibrosis-quistica-8-768x512.jpg 768w, \/wp-content\/uploads\/sites\/5\/2018\/03\/Escuela-para-padres-de-ninos-con-fibrosis-quistica-8-696x464.jpg 696w, \/wp-content\/uploads\/sites\/5\/2018\/03\/Escuela-para-padres-de-ninos-con-fibrosis-quistica-8-534x356.jpg 534w, \/wp-content\/uploads\/sites\/5\/2018\/03\/Escuela-para-padres-de-ninos-con-fibrosis-quistica-8.jpg 960w\" sizes=\"(max-width: 630px) 100vw, 630px\" alt=\"\">\r\n                            <\/a>\r\n                            \r\n                        <\/figure>\r\n                    <\/div>\r\n                    <div class = \"td-slide-item td-item9\">\r\n                        <figure class=\"td-slide-galery-figure td-slide-popup-gallery\">\r\n                            <a class=\"slide-gallery-image-link\" href=\"\/wp-content\/uploads\/sites\/5\/2018\/03\/Escuela-para-padres-de-ninos-con-fibrosis-quistica-9.jpg\" title=\"Escuela para padres de ninos con fibrosis quistica-9\"  data-caption=\"\"  data-description=\"\">\r\n                                <img decoding=\"async\" src=\"\/wp-content\/uploads\/sites\/5\/2018\/03\/Escuela-para-padres-de-ninos-con-fibrosis-quistica-9-630x420.jpg\" srcset=\"\/wp-content\/uploads\/sites\/5\/2018\/03\/Escuela-para-padres-de-ninos-con-fibrosis-quistica-9-630x420.jpg 630w, \/wp-content\/uploads\/sites\/5\/2018\/03\/Escuela-para-padres-de-ninos-con-fibrosis-quistica-9-300x200.jpg 300w, \/wp-content\/uploads\/sites\/5\/2018\/03\/Escuela-para-padres-de-ninos-con-fibrosis-quistica-9-768x512.jpg 768w, \/wp-content\/uploads\/sites\/5\/2018\/03\/Escuela-para-padres-de-ninos-con-fibrosis-quistica-9-696x464.jpg 696w, \/wp-content\/uploads\/sites\/5\/2018\/03\/Escuela-para-padres-de-ninos-con-fibrosis-quistica-9-534x356.jpg 534w, \/wp-content\/uploads\/sites\/5\/2018\/03\/Escuela-para-padres-de-ninos-con-fibrosis-quistica-9.jpg 960w\" sizes=\"(max-width: 630px) 100vw, 630px\" alt=\"\">\r\n                            <\/a>\r\n                            \r\n                        <\/figure>\r\n                    <\/div>\r\n                            <\/div>\r\n                        <\/div>\r\n\r\n                        <div class = \"td-doubleSlider-2\">\r\n                            <div class = \"td-slider\">\r\n                                \r\n                    <div class = \"td-button td-item1\">\r\n                        <div class = \"td-border\"><\/div>\r\n                    <\/div>\r\n                    <div class = \"td-button td-item2\">\r\n                        <div class = \"td-border\"><\/div>\r\n                    <\/div>\r\n                    <div class = \"td-button td-item3\">\r\n                        <div class = \"td-border\"><\/div>\r\n                    <\/div>\r\n                    <div class = \"td-button td-item4\">\r\n                        <div class = \"td-border\"><\/div>\r\n                    <\/div>\r\n                    <div class = \"td-button td-item5\">\r\n                        <div class = \"td-border\"><\/div>\r\n                    <\/div>\r\n                    <div class = \"td-button td-item6\">\r\n                        <div class = \"td-border\"><\/div>\r\n                    <\/div>\r\n                    <div class = \"td-button td-item7\">\r\n                        <div class = \"td-border\"><\/div>\r\n                    <\/div>\r\n                    <div class = \"td-button td-item8\">\r\n                        <div class = \"td-border\"><\/div>\r\n                    <\/div>\r\n                    <div class = \"td-button td-item9\">\r\n                        <div class = \"td-border\"><\/div>\r\n                    <\/div>\r\n                            <\/div>\r\n                        <\/div>\r\n\r\n                    <\/div>\r\n\r\n                <\/div>\r\n                \n<hr \/>\n<p>&nbsp;<\/p>\n","protected":false},"excerpt":{"rendered":"<p>Este d\u00eda se inici\u00f3 la Escuela para Padres de Ni\u00f1os con Fibrosis Qu\u00edstica FQ, en beneficio de menores que son pacientes del Departamento de Pediatr\u00eda del Hospital General de Enfermedades del IGSS de la zona 9. Sus progenitores ser\u00e1n capacitados por un equipo multidisciplinario, con el objetivo de brindar una mejor calidad de vida a [&hellip;]<\/p>\n","protected":false},"author":4,"featured_media":4244,"comment_status":"open","ping_status":"open","sticky":false,"template":"","format":"standard","meta":{"footnotes":""},"categories":[3,17,24,29,36],"tags":[420,435,481,490,582],"coauthors":[],"class_list":{"0":"post-4243","1":"post","2":"type-post","3":"status-publish","4":"format-standard","5":"has-post-thumbnail","7":"category-actualidad","8":"category-formacion-y-desarrollo","9":"category-pediatria","10":"category-publicaciones","11":"category-unidades-medicas","12":"tag-escuela-para-padres","13":"tag-fibrosis-quistica","14":"tag-hospital-general-de-enfermedades","15":"tag-igss","16":"tag-licda-cecilia-hernandez"},"_links":{"self":[{"href":"https:\/\/www.igssgt.org\/noticias\/wp-json\/wp\/v2\/posts\/4243","targetHints":{"allow":["GET"]}}],"collection":[{"href":"https:\/\/www.igssgt.org\/noticias\/wp-json\/wp\/v2\/posts"}],"about":[{"href":"https:\/\/www.igssgt.org\/noticias\/wp-json\/wp\/v2\/types\/post"}],"author":[{"embeddable":true,"href":"https:\/\/www.igssgt.org\/noticias\/wp-json\/wp\/v2\/users\/4"}],"replies":[{"embeddable":true,"href":"https:\/\/www.igssgt.org\/noticias\/wp-json\/wp\/v2\/comments?post=4243"}],"version-history":[{"count":0,"href":"https:\/\/www.igssgt.org\/noticias\/wp-json\/wp\/v2\/posts\/4243\/revisions"}],"wp:featuredmedia":[{"embeddable":true,"href":"https:\/\/www.igssgt.org\/noticias\/wp-json\/wp\/v2\/media\/4244"}],"wp:attachment":[{"href":"https:\/\/www.igssgt.org\/noticias\/wp-json\/wp\/v2\/media?parent=4243"}],"wp:term":[{"taxonomy":"category","embeddable":true,"href":"https:\/\/www.igssgt.org\/noticias\/wp-json\/wp\/v2\/categories?post=4243"},{"taxonomy":"post_tag","embeddable":true,"href":"https:\/\/www.igssgt.org\/noticias\/wp-json\/wp\/v2\/tags?post=4243"},{"taxonomy":"author","embeddable":true,"href":"https:\/\/www.igssgt.org\/noticias\/wp-json\/wp\/v2\/coauthors?post=4243"}],"curies":[{"name":"wp","href":"https:\/\/api.w.org\/{rel}","templated":true}]}}