{"id":42520,"date":"2024-05-28T08:58:35","date_gmt":"2024-05-28T14:58:35","guid":{"rendered":"https:\/\/www.igssgt.org\/noticias\/?p=42520"},"modified":"2024-05-28T09:00:05","modified_gmt":"2024-05-28T15:00:05","slug":"el-uso-de-hisopos-puede-causar-sordera-advierte-especialista-del-igss","status":"publish","type":"post","link":"https:\/\/www.igssgt.org\/noticias\/2024\/05\/28\/el-uso-de-hisopos-puede-causar-sordera-advierte-especialista-del-igss\/","title":{"rendered":"El uso de hisopos puede causar sordera, advierte especialista del IGSS"},"content":{"rendered":"\n<p class=\"has-drop-cap\">El Dr. V\u00edctor Manuel Calder\u00f3n, Otorrinolaring\u00f3logo de la Unidad de Consulta Externa de Enfermedades del IGSS, alerta sobre los peligros de utilizar hisopos para la limpieza de los o\u00eddos, destacando que esta pr\u00e1ctica puede causar severas lesiones, incluida la sordera.<\/p>\n\n\n<p>Los o\u00eddos, \u00f3rganos vitales para la comunicaci\u00f3n y la percepci\u00f3n del entorno, son esenciales para la supervivencia y la satisfacci\u00f3n de necesidades b\u00e1sicas. <strong>\u00abEl paciente que no escucha est\u00e1 m\u00e1s perdido que el que no ve\u00bb<\/strong>, enfatiza el Dr. Calder\u00f3n.<\/p>\n<figure id=\"attachment_42524\" aria-describedby=\"caption-attachment-42524\" style=\"width: 1280px\" class=\"wp-caption alignnone\"><a href=\"\/wp-content\/uploads\/sites\/5\/2024\/05\/oido-3.jpg\" target=\"_blank\" rel=\"noopener\"><img loading=\"lazy\" decoding=\"async\" class=\"wp-image-42524 size-full\" src=\"\/wp-content\/uploads\/sites\/5\/2024\/05\/oido-3.jpg\" alt=\"\" width=\"1280\" height=\"960\" srcset=\"\/wp-content\/uploads\/sites\/5\/2024\/05\/oido-3.jpg 1280w, \/wp-content\/uploads\/sites\/5\/2024\/05\/oido-3-300x225.jpg 300w, \/wp-content\/uploads\/sites\/5\/2024\/05\/oido-3-1024x768.jpg 1024w, \/wp-content\/uploads\/sites\/5\/2024\/05\/oido-3-768x576.jpg 768w, \/wp-content\/uploads\/sites\/5\/2024\/05\/oido-3-560x420.jpg 560w, \/wp-content\/uploads\/sites\/5\/2024\/05\/oido-3-80x60.jpg 80w, \/wp-content\/uploads\/sites\/5\/2024\/05\/oido-3-696x522.jpg 696w, \/wp-content\/uploads\/sites\/5\/2024\/05\/oido-3-1068x801.jpg 1068w, \/wp-content\/uploads\/sites\/5\/2024\/05\/oido-3-265x198.jpg 265w, \/wp-content\/uploads\/sites\/5\/2024\/05\/oido-3-534x401.jpg 534w\" sizes=\"auto, (max-width: 1280px) 100vw, 1280px\" \/><\/a><figcaption id=\"caption-attachment-42524\" class=\"wp-caption-text\">El Dr. V\u00edctor Manuel Calder\u00f3n, Otorrinolaring\u00f3logo de la Unidad de Consulta Externa de Enfermedades del IGSS, da recomendaciones para cuidar el o\u00eddo de manera correcta.<\/figcaption><\/figure>\n<p>El o\u00eddo se divide en tres partes: externo, medio e interno. El o\u00eddo externo, que se extiende hasta la membrana timp\u00e1nica, mide alrededor de 2.5 cent\u00edmetros de largo y tiene una forma de S, lo que ayuda a proteger el t\u00edmpano. Las gl\u00e1ndulas en la entrada del conducto auditivo producen cerumen, una sustancia esencial para el buen funcionamiento del o\u00eddo.<\/p>\n<p>El cerumen tiene tres funciones principales: lubricar la piel del o\u00eddo, impedir el crecimiento de bacterias y proteger la membrana timp\u00e1nica de cuerpos extra\u00f1os, como insectos.<\/p>\n<blockquote>\n<p>\u00abEl cerumen es la primera l\u00ednea de defensa del o\u00eddo externo\u00bb<\/p>\n<\/blockquote>\n<p><strong>\u00abEl cerumen es la primera l\u00ednea de defensa del o\u00eddo externo\u00bb<\/strong>, explica el especialista. <strong>\u00abLos cilios en el o\u00eddo funcionan como escobitas que sacan el cerumen en forma de peque\u00f1as pelotitas, por lo que no es necesario insertar objetos como hisopos o ganchos para limpiarlos.\u00bb<\/strong><\/p>\n<p>El uso de hisopos es responsable de al menos el 30 % de las lesiones en el o\u00eddo, que van desde picaz\u00f3n por falta de cerumen hasta la perforaci\u00f3n del t\u00edmpano. <strong>\u00abTodos los d\u00edas atendemos casos de lesiones causadas por el uso de hisopos\u00bb<\/strong>, se\u00f1ala el especialista. <strong>\u00abRepetimos a los pacientes hasta la saciedad: no usen hisopos ni ning\u00fan objeto para limpiarse los o\u00eddos. A modo de broma, decimos que el o\u00eddo derecho debe limpiarse con el codo izquierdo y el o\u00eddo izquierdo con el codo derecho.\u00bb<\/strong><\/p>\n<figure id=\"attachment_42525\" aria-describedby=\"caption-attachment-42525\" style=\"width: 1220px\" class=\"wp-caption alignnone\"><a href=\"\/wp-content\/uploads\/sites\/5\/2024\/05\/oido-5.jpg\" target=\"_blank\" rel=\"noopener\"><img loading=\"lazy\" decoding=\"async\" class=\"wp-image-42525 size-full\" src=\"\/wp-content\/uploads\/sites\/5\/2024\/05\/oido-5.jpg\" alt=\"\" width=\"1220\" height=\"675\" srcset=\"\/wp-content\/uploads\/sites\/5\/2024\/05\/oido-5.jpg 1220w, \/wp-content\/uploads\/sites\/5\/2024\/05\/oido-5-300x166.jpg 300w, \/wp-content\/uploads\/sites\/5\/2024\/05\/oido-5-1024x567.jpg 1024w, \/wp-content\/uploads\/sites\/5\/2024\/05\/oido-5-768x425.jpg 768w, \/wp-content\/uploads\/sites\/5\/2024\/05\/oido-5-759x420.jpg 759w, \/wp-content\/uploads\/sites\/5\/2024\/05\/oido-5-696x385.jpg 696w, \/wp-content\/uploads\/sites\/5\/2024\/05\/oido-5-1068x591.jpg 1068w, \/wp-content\/uploads\/sites\/5\/2024\/05\/oido-5-534x295.jpg 534w\" sizes=\"auto, (max-width: 1220px) 100vw, 1220px\" \/><\/a><figcaption id=\"caption-attachment-42525\" class=\"wp-caption-text\">Las partes del aparato auditivo son muy sensibles.<\/figcaption><\/figure>\n<p>El profesional identifica dos grupos de personas que sufren de taponamiento por cerumen: aquellos con un conducto auditivo muy estrecho, que requieren lavados de o\u00eddo cada tres o cuatro meses y el uso de gotas de glicerina una vez al mes, y aquellos que utilizan hisopos u otros objetos para la limpieza del o\u00eddo.<\/p>\n<p>Adem\u00e1s, el especialista destaca que los problemas de audici\u00f3n en personas mayores de 60 a\u00f1os, conocidos como presbiacusia, pueden ser el resultado de una vida de exposici\u00f3n a ruidos fuertes, infecciones severas de o\u00eddo y el uso indebido de hisopos.<\/p>\n<figure id=\"attachment_42527\" aria-describedby=\"caption-attachment-42527\" style=\"width: 1177px\" class=\"wp-caption alignnone\"><a href=\"\/wp-content\/uploads\/sites\/5\/2024\/05\/oido-7.jpg\" target=\"_blank\" rel=\"noopener\"><img loading=\"lazy\" decoding=\"async\" class=\"wp-image-42527 size-full\" src=\"\/wp-content\/uploads\/sites\/5\/2024\/05\/oido-7.jpg\" alt=\"\" width=\"1177\" height=\"703\" srcset=\"\/wp-content\/uploads\/sites\/5\/2024\/05\/oido-7.jpg 1177w, \/wp-content\/uploads\/sites\/5\/2024\/05\/oido-7-300x179.jpg 300w, \/wp-content\/uploads\/sites\/5\/2024\/05\/oido-7-1024x612.jpg 1024w, \/wp-content\/uploads\/sites\/5\/2024\/05\/oido-7-768x459.jpg 768w, \/wp-content\/uploads\/sites\/5\/2024\/05\/oido-7-703x420.jpg 703w, \/wp-content\/uploads\/sites\/5\/2024\/05\/oido-7-696x416.jpg 696w, \/wp-content\/uploads\/sites\/5\/2024\/05\/oido-7-1068x638.jpg 1068w, \/wp-content\/uploads\/sites\/5\/2024\/05\/oido-7-534x319.jpg 534w\" sizes=\"auto, (max-width: 1177px) 100vw, 1177px\" \/><\/a><figcaption id=\"caption-attachment-42527\" class=\"wp-caption-text\">Los o\u00eddos son un sentido de vital importancia.<\/figcaption><\/figure>\n<p>Para mantener una buena salud auditiva, el Dr. Calder\u00f3n sugiere realizar un examen de o\u00eddo anual, especialmente en personas mayores de 60 a\u00f1os y en aquellos con problemas auditivos previos. <strong>\u00abEs crucial seguir las instrucciones de los especialistas para prevenir da\u00f1os mayores\u00bb<\/strong>, concluye.<\/p>\n<p>Esta advertencia subraya la importancia de evitar el uso de hisopos y optar por m\u00e9todos seguros y recomendados por profesionales para el cuidado de los o\u00eddos.<\/p>\n<p><a href=\"\/wp-content\/uploads\/sites\/5\/2024\/05\/oido-2.jpg\" target=\"_blank\" rel=\"noopener\"><img loading=\"lazy\" decoding=\"async\" class=\"alignnone wp-image-42523 size-full\" src=\"\/wp-content\/uploads\/sites\/5\/2024\/05\/oido-2.jpg\" alt=\"\" width=\"1280\" height=\"960\" srcset=\"\/wp-content\/uploads\/sites\/5\/2024\/05\/oido-2.jpg 1280w, \/wp-content\/uploads\/sites\/5\/2024\/05\/oido-2-300x225.jpg 300w, \/wp-content\/uploads\/sites\/5\/2024\/05\/oido-2-1024x768.jpg 1024w, \/wp-content\/uploads\/sites\/5\/2024\/05\/oido-2-768x576.jpg 768w, \/wp-content\/uploads\/sites\/5\/2024\/05\/oido-2-560x420.jpg 560w, \/wp-content\/uploads\/sites\/5\/2024\/05\/oido-2-80x60.jpg 80w, \/wp-content\/uploads\/sites\/5\/2024\/05\/oido-2-696x522.jpg 696w, \/wp-content\/uploads\/sites\/5\/2024\/05\/oido-2-1068x801.jpg 1068w, \/wp-content\/uploads\/sites\/5\/2024\/05\/oido-2-265x198.jpg 265w, \/wp-content\/uploads\/sites\/5\/2024\/05\/oido-2-534x401.jpg 534w\" sizes=\"auto, (max-width: 1280px) 100vw, 1280px\" \/><\/a><\/p>","protected":false},"excerpt":{"rendered":"<p>El Dr. V\u00edctor Manuel Calder\u00f3n, Otorrinolaring\u00f3logo de la Unidad de Consulta Externa de Enfermedades del IGSS, alerta sobre los peligros de utilizar hisopos para la limpieza de los o\u00eddos, destacando que esta pr\u00e1ctica puede causar severas lesiones, incluida la sordera. Los o\u00eddos, \u00f3rganos vitales para la comunicaci\u00f3n y la percepci\u00f3n del entorno, son esenciales para [&hellip;]<\/p>\n","protected":false},"author":1961,"featured_media":42526,"comment_status":"closed","ping_status":"closed","sticky":false,"template":"","format":"standard","meta":{"footnotes":""},"categories":[3],"tags":[687,1918],"coauthors":[],"class_list":{"0":"post-42520","1":"post","2":"type-post","3":"status-publish","4":"format-standard","5":"has-post-thumbnail","7":"category-actualidad","8":"tag-otorrinolaringologia","9":"tag-unidad-de-consulta-externa-de-enfermedades"},"_links":{"self":[{"href":"https:\/\/www.igssgt.org\/noticias\/wp-json\/wp\/v2\/posts\/42520","targetHints":{"allow":["GET"]}}],"collection":[{"href":"https:\/\/www.igssgt.org\/noticias\/wp-json\/wp\/v2\/posts"}],"about":[{"href":"https:\/\/www.igssgt.org\/noticias\/wp-json\/wp\/v2\/types\/post"}],"author":[{"embeddable":true,"href":"https:\/\/www.igssgt.org\/noticias\/wp-json\/wp\/v2\/users\/1961"}],"replies":[{"embeddable":true,"href":"https:\/\/www.igssgt.org\/noticias\/wp-json\/wp\/v2\/comments?post=42520"}],"version-history":[{"count":4,"href":"https:\/\/www.igssgt.org\/noticias\/wp-json\/wp\/v2\/posts\/42520\/revisions"}],"predecessor-version":[{"id":42531,"href":"https:\/\/www.igssgt.org\/noticias\/wp-json\/wp\/v2\/posts\/42520\/revisions\/42531"}],"wp:featuredmedia":[{"embeddable":true,"href":"https:\/\/www.igssgt.org\/noticias\/wp-json\/wp\/v2\/media\/42526"}],"wp:attachment":[{"href":"https:\/\/www.igssgt.org\/noticias\/wp-json\/wp\/v2\/media?parent=42520"}],"wp:term":[{"taxonomy":"category","embeddable":true,"href":"https:\/\/www.igssgt.org\/noticias\/wp-json\/wp\/v2\/categories?post=42520"},{"taxonomy":"post_tag","embeddable":true,"href":"https:\/\/www.igssgt.org\/noticias\/wp-json\/wp\/v2\/tags?post=42520"},{"taxonomy":"author","embeddable":true,"href":"https:\/\/www.igssgt.org\/noticias\/wp-json\/wp\/v2\/coauthors?post=42520"}],"curies":[{"name":"wp","href":"https:\/\/api.w.org\/{rel}","templated":true}]}}