{"id":42650,"date":"2024-06-04T09:11:57","date_gmt":"2024-06-04T15:11:57","guid":{"rendered":"https:\/\/www.igssgt.org\/noticias\/?p=42650"},"modified":"2024-06-04T09:14:23","modified_gmt":"2024-06-04T15:14:23","slug":"el-cancer-de-piel-puede-ser-evitado-siguiendo-estos-consejos","status":"publish","type":"post","link":"https:\/\/www.igssgt.org\/noticias\/2024\/06\/04\/el-cancer-de-piel-puede-ser-evitado-siguiendo-estos-consejos\/","title":{"rendered":"El c\u00e1ncer de piel puede ser evitado siguiendo estos consejos"},"content":{"rendered":"\n<p class=\"has-drop-cap\">El c\u00e1ncer de piel es un tumor que se origina en los melanocitos, estos son las c\u00e9lulas que le dan la coloraci\u00f3n a la piel a trav\u00e9s del pigmento marr\u00f3n llamado melanina, indica la doctora Johana Bendfelt, onc\u00f3loga de la Unidad de Consulta Externa de Enfermedades del IGSS.<\/p>\n\n\n<figure id=\"attachment_42655\" aria-describedby=\"caption-attachment-42655\" style=\"width: 1600px\" class=\"wp-caption alignnone\"><a href=\"\/wp-content\/uploads\/sites\/5\/2024\/06\/cancer-4.jpg\" target=\"_blank\" rel=\"noopener\"><img loading=\"lazy\" decoding=\"async\" class=\"wp-image-42655 size-full\" src=\"\/wp-content\/uploads\/sites\/5\/2024\/06\/cancer-4.jpg\" alt=\"\" width=\"1600\" height=\"1066\" srcset=\"\/wp-content\/uploads\/sites\/5\/2024\/06\/cancer-4.jpg 1600w, \/wp-content\/uploads\/sites\/5\/2024\/06\/cancer-4-300x200.jpg 300w, \/wp-content\/uploads\/sites\/5\/2024\/06\/cancer-4-1024x682.jpg 1024w, \/wp-content\/uploads\/sites\/5\/2024\/06\/cancer-4-768x512.jpg 768w, \/wp-content\/uploads\/sites\/5\/2024\/06\/cancer-4-1536x1023.jpg 1536w, \/wp-content\/uploads\/sites\/5\/2024\/06\/cancer-4-630x420.jpg 630w, \/wp-content\/uploads\/sites\/5\/2024\/06\/cancer-4-696x464.jpg 696w, \/wp-content\/uploads\/sites\/5\/2024\/06\/cancer-4-1068x712.jpg 1068w, \/wp-content\/uploads\/sites\/5\/2024\/06\/cancer-4-534x356.jpg 534w\" sizes=\"auto, (max-width: 1600px) 100vw, 1600px\" \/><\/a><figcaption id=\"caption-attachment-42655\" class=\"wp-caption-text\">El uso de bloqueador solar es muy recomendado por los expertos.<\/figcaption><\/figure>\n<h3><strong>Factores de riesgo:<\/strong><\/h3>\n<p>\u2022 Piel clara<br \/>\u2022 Antecedentes de quemaduras por el sol<br \/>\u2022 Exposici\u00f3n excesiva al sol<br \/>\u2022 Climas soleados o en grades altitudes<br \/>\u2022 Lunares<br \/>\u2022 Lesiones cut\u00e1neas precancerosas<br \/>\u2022 Antecedentes familiares de c\u00e1ncer de piel<\/p>\n<p>La mayor radiaci\u00f3n solar se da entre las 12:00 y las 16:00 horas, aunque est\u00e9 nublado, indica la doctora Bendfelt.<br \/><strong>\u201cLas nubes aten\u00faan el calor, pero no la exposici\u00f3n solar. El protector solar debe usarse todos los d\u00edas porque, aunque est\u00e9 nublado el 80 % de los rayos UV puede atravesar la capa de las nubes y llegar a la piel, por ello es importante que se cuiden cubri\u00e9ndose adecuadamente y usando bloqueador solar varias veces al d\u00eda\u201d<\/strong>, resalt\u00f3.<\/p>\n<figure id=\"attachment_42653\" aria-describedby=\"caption-attachment-42653\" style=\"width: 1600px\" class=\"wp-caption alignnone\"><a href=\"\/wp-content\/uploads\/sites\/5\/2024\/06\/cancer-2.jpg\" target=\"_blank\" rel=\"noopener\"><img loading=\"lazy\" decoding=\"async\" class=\"wp-image-42653 size-full\" src=\"\/wp-content\/uploads\/sites\/5\/2024\/06\/cancer-2.jpg\" alt=\"\" width=\"1600\" height=\"1200\" srcset=\"\/wp-content\/uploads\/sites\/5\/2024\/06\/cancer-2.jpg 1600w, \/wp-content\/uploads\/sites\/5\/2024\/06\/cancer-2-300x225.jpg 300w, \/wp-content\/uploads\/sites\/5\/2024\/06\/cancer-2-1024x768.jpg 1024w, \/wp-content\/uploads\/sites\/5\/2024\/06\/cancer-2-768x576.jpg 768w, \/wp-content\/uploads\/sites\/5\/2024\/06\/cancer-2-1536x1152.jpg 1536w, \/wp-content\/uploads\/sites\/5\/2024\/06\/cancer-2-560x420.jpg 560w, \/wp-content\/uploads\/sites\/5\/2024\/06\/cancer-2-80x60.jpg 80w, \/wp-content\/uploads\/sites\/5\/2024\/06\/cancer-2-696x522.jpg 696w, \/wp-content\/uploads\/sites\/5\/2024\/06\/cancer-2-1068x801.jpg 1068w, \/wp-content\/uploads\/sites\/5\/2024\/06\/cancer-2-265x198.jpg 265w, \/wp-content\/uploads\/sites\/5\/2024\/06\/cancer-2-534x401.jpg 534w\" sizes=\"auto, (max-width: 1600px) 100vw, 1600px\" \/><\/a><figcaption id=\"caption-attachment-42653\" class=\"wp-caption-text\">La doctora Johana Bendfelt, onc\u00f3loga de la Unidad de Consulta Externa de Enfermedades del IGSS.<\/figcaption><\/figure>\n<h3><strong>C\u00f3mo evitar exposici\u00f3n a los rayos ultravioleta:<\/strong><\/h3>\n<p>\u2022 Usar ropa adecuada y sombrero<br \/>\u2022 Protector solar<br \/>\u2022 No se queme con el sol<br \/>\u2022 Evite broncearse al sol o en camas de bronceado<br \/>\u2022 Apl\u00edquese generosamente la crema protectora solar<br \/>\u2022 Use ropa protectora<br \/>\u2022 Busque la sombra<\/p>\n<p>Actualmente se han creado campa\u00f1as de concientizaci\u00f3n para evitar el c\u00e1ncer en general, sin embargo a\u00fan falta que las personas sean conscientes del cuidado que deben tener de s\u00ed mismas, por ello es necesario, en el caso de c\u00e1ncer de piel, que por lo menos una vez al mes nos revisarnos todo el cuerpo y si se detecta alguna mancha, lunar o lesi\u00f3n en la piel acudir al m\u00e9dico dermat\u00f3logo quien har\u00e1 una an\u00e1lisis de la situaci\u00f3n y de ser necesario le trasladar\u00e1n al onc\u00f3logo.<\/p>\n<p><a href=\"\/wp-content\/uploads\/sites\/5\/2024\/06\/cancer-5.jpg\" target=\"_blank\" rel=\"noopener\"><img loading=\"lazy\" decoding=\"async\" class=\"alignnone wp-image-42656 size-full\" src=\"\/wp-content\/uploads\/sites\/5\/2024\/06\/cancer-5.jpg\" alt=\"\" width=\"1600\" height=\"1066\" srcset=\"\/wp-content\/uploads\/sites\/5\/2024\/06\/cancer-5.jpg 1600w, \/wp-content\/uploads\/sites\/5\/2024\/06\/cancer-5-300x200.jpg 300w, \/wp-content\/uploads\/sites\/5\/2024\/06\/cancer-5-1024x682.jpg 1024w, \/wp-content\/uploads\/sites\/5\/2024\/06\/cancer-5-768x512.jpg 768w, \/wp-content\/uploads\/sites\/5\/2024\/06\/cancer-5-1536x1023.jpg 1536w, \/wp-content\/uploads\/sites\/5\/2024\/06\/cancer-5-630x420.jpg 630w, \/wp-content\/uploads\/sites\/5\/2024\/06\/cancer-5-696x464.jpg 696w, \/wp-content\/uploads\/sites\/5\/2024\/06\/cancer-5-1068x712.jpg 1068w, \/wp-content\/uploads\/sites\/5\/2024\/06\/cancer-5-534x356.jpg 534w\" sizes=\"auto, (max-width: 1600px) 100vw, 1600px\" \/><\/a><\/p>\n<p>El c\u00e1ncer de piel puede iniciar a cualquier edad pero es m\u00e1s com\u00fan en personas mayores de 50 a\u00f1os y aunque la mayor parte de consultas m\u00e9dicas por este padecimiento se da en mujeres, cuando se presenta en hombres es m\u00e1s agresivo, esto en algunos casos es porque los hombres son renuentes a visitar al m\u00e9dico, lo cual provoca que el c\u00e1ncer emigre a otros \u00f3rganos o est\u00e9 en etapa m\u00e1s avanzada.<\/p>\n<p>El c\u00e1ncer de piel tipo melanoma, ocupa el puesto 22 dentro de las atenciones por c\u00e1ncer en nuestro pa\u00eds, y va en crecimiento, esto se debe, en buena medida, al cambio clim\u00e1tico. A pesar de las medidas preventivas creadas, se sabe que hay un sub registro sobre las personas que padecen esta enfermedad, y se debe a la falta de conocimiento y asistencia m\u00e9dica, finaliz\u00f3 la experta.<\/p>\n<p><a href=\"\/wp-content\/uploads\/sites\/5\/2024\/06\/cancer-1.jpg\" target=\"_blank\" rel=\"noopener\"><img loading=\"lazy\" decoding=\"async\" class=\"alignnone wp-image-42652 size-full\" src=\"\/wp-content\/uploads\/sites\/5\/2024\/06\/cancer-1.jpg\" alt=\"\" width=\"1600\" height=\"1066\" srcset=\"\/wp-content\/uploads\/sites\/5\/2024\/06\/cancer-1.jpg 1600w, \/wp-content\/uploads\/sites\/5\/2024\/06\/cancer-1-300x200.jpg 300w, \/wp-content\/uploads\/sites\/5\/2024\/06\/cancer-1-1024x682.jpg 1024w, \/wp-content\/uploads\/sites\/5\/2024\/06\/cancer-1-768x512.jpg 768w, \/wp-content\/uploads\/sites\/5\/2024\/06\/cancer-1-1536x1023.jpg 1536w, \/wp-content\/uploads\/sites\/5\/2024\/06\/cancer-1-630x420.jpg 630w, \/wp-content\/uploads\/sites\/5\/2024\/06\/cancer-1-696x464.jpg 696w, \/wp-content\/uploads\/sites\/5\/2024\/06\/cancer-1-1068x712.jpg 1068w, \/wp-content\/uploads\/sites\/5\/2024\/06\/cancer-1-534x356.jpg 534w\" sizes=\"auto, (max-width: 1600px) 100vw, 1600px\" \/><\/a><\/p>","protected":false},"excerpt":{"rendered":"<p>El c\u00e1ncer de piel es un tumor que se origina en los melanocitos, estos son las c\u00e9lulas que le dan la coloraci\u00f3n a la piel a trav\u00e9s del pigmento marr\u00f3n llamado melanina, indica la doctora Johana Bendfelt, onc\u00f3loga de la Unidad de Consulta Externa de Enfermedades del IGSS. Factores de riesgo: \u2022 Piel clara\u2022 Antecedentes [&hellip;]<\/p>\n","protected":false},"author":1961,"featured_media":42654,"comment_status":"closed","ping_status":"closed","sticky":false,"template":"","format":"standard","meta":{"footnotes":""},"categories":[3],"tags":[156,676,727],"coauthors":[],"class_list":{"0":"post-42650","1":"post","2":"type-post","3":"status-publish","4":"format-standard","5":"has-post-thumbnail","7":"category-actualidad","8":"tag-cancer-de-la-piel","9":"tag-oncologia","10":"tag-prevencion-igss"},"_links":{"self":[{"href":"https:\/\/www.igssgt.org\/noticias\/wp-json\/wp\/v2\/posts\/42650","targetHints":{"allow":["GET"]}}],"collection":[{"href":"https:\/\/www.igssgt.org\/noticias\/wp-json\/wp\/v2\/posts"}],"about":[{"href":"https:\/\/www.igssgt.org\/noticias\/wp-json\/wp\/v2\/types\/post"}],"author":[{"embeddable":true,"href":"https:\/\/www.igssgt.org\/noticias\/wp-json\/wp\/v2\/users\/1961"}],"replies":[{"embeddable":true,"href":"https:\/\/www.igssgt.org\/noticias\/wp-json\/wp\/v2\/comments?post=42650"}],"version-history":[{"count":2,"href":"https:\/\/www.igssgt.org\/noticias\/wp-json\/wp\/v2\/posts\/42650\/revisions"}],"predecessor-version":[{"id":42657,"href":"https:\/\/www.igssgt.org\/noticias\/wp-json\/wp\/v2\/posts\/42650\/revisions\/42657"}],"wp:featuredmedia":[{"embeddable":true,"href":"https:\/\/www.igssgt.org\/noticias\/wp-json\/wp\/v2\/media\/42654"}],"wp:attachment":[{"href":"https:\/\/www.igssgt.org\/noticias\/wp-json\/wp\/v2\/media?parent=42650"}],"wp:term":[{"taxonomy":"category","embeddable":true,"href":"https:\/\/www.igssgt.org\/noticias\/wp-json\/wp\/v2\/categories?post=42650"},{"taxonomy":"post_tag","embeddable":true,"href":"https:\/\/www.igssgt.org\/noticias\/wp-json\/wp\/v2\/tags?post=42650"},{"taxonomy":"author","embeddable":true,"href":"https:\/\/www.igssgt.org\/noticias\/wp-json\/wp\/v2\/coauthors?post=42650"}],"curies":[{"name":"wp","href":"https:\/\/api.w.org\/{rel}","templated":true}]}}