{"id":42678,"date":"2024-06-05T11:01:08","date_gmt":"2024-06-05T17:01:08","guid":{"rendered":"https:\/\/www.igssgt.org\/noticias\/?p=42678"},"modified":"2024-08-23T11:48:11","modified_gmt":"2024-08-23T17:48:11","slug":"la-subgerencia-de-prestaciones-pecuniarias-capacita-a-su-personal-con-el-taller-hablemos-de-discapacidad","status":"publish","type":"post","link":"https:\/\/www.igssgt.org\/noticias\/2024\/06\/05\/la-subgerencia-de-prestaciones-pecuniarias-capacita-a-su-personal-con-el-taller-hablemos-de-discapacidad\/","title":{"rendered":"Personal del Centro de Atenci\u00f3n al Afiliado -CATAFI- atiende a personas con discapacidad y adultos mayores con calidad y calidez"},"content":{"rendered":"\n<p class=\"has-drop-cap\">Diariamente el Centro de Atenci\u00f3n al Afiliado -CATAFI- atiende a usuarios, afiliados, pensionados y derechohabientes que llegan a efectuar sus tr\u00e1mites relacionados al programa de Invalidez, Vejez y Sobrevivencia ya sea para solicitar una pensi\u00f3n, cuota mortuoria de pensionados, actualizaci\u00f3n de datos, comprobaci\u00f3n de supervivencia y persistencia de derechos, atenci\u00f3n para informaci\u00f3n de pagos de pensi\u00f3n, entre otros tr\u00e1mites.<\/p>\n\n\n<figure id=\"attachment_42683\" aria-describedby=\"caption-attachment-42683\" style=\"width: 1565px\" class=\"wp-caption alignnone\"><a href=\"\/wp-content\/uploads\/sites\/5\/2024\/06\/prestaciones-4.jpg\"><img loading=\"lazy\" decoding=\"async\" class=\"wp-image-42683 size-full\" src=\"\/wp-content\/uploads\/sites\/5\/2024\/06\/prestaciones-4.jpg\" alt=\"\" width=\"1565\" height=\"1100\" srcset=\"\/wp-content\/uploads\/sites\/5\/2024\/06\/prestaciones-4.jpg 1565w, \/wp-content\/uploads\/sites\/5\/2024\/06\/prestaciones-4-300x211.jpg 300w, \/wp-content\/uploads\/sites\/5\/2024\/06\/prestaciones-4-1024x720.jpg 1024w, \/wp-content\/uploads\/sites\/5\/2024\/06\/prestaciones-4-768x540.jpg 768w, \/wp-content\/uploads\/sites\/5\/2024\/06\/prestaciones-4-1536x1080.jpg 1536w, \/wp-content\/uploads\/sites\/5\/2024\/06\/prestaciones-4-598x420.jpg 598w, \/wp-content\/uploads\/sites\/5\/2024\/06\/prestaciones-4-696x489.jpg 696w, \/wp-content\/uploads\/sites\/5\/2024\/06\/prestaciones-4-1068x751.jpg 1068w, \/wp-content\/uploads\/sites\/5\/2024\/06\/prestaciones-4-100x70.jpg 100w, \/wp-content\/uploads\/sites\/5\/2024\/06\/prestaciones-4-534x375.jpg 534w\" sizes=\"auto, (max-width: 1565px) 100vw, 1565px\" \/><\/a><figcaption id=\"caption-attachment-42683\" class=\"wp-caption-text\">Personal de CATAFI atiende a persona usuaria de silla de ruedas. Personas con discapacidad acuden diariamente al Instituto a efectuar tr\u00e1mites.<\/figcaption><\/figure>\n<p>La atenci\u00f3n para las personas con discapacidad o adultos mayores es personalizada, ya que el personal de CATAFI, desde el momento en que un usuario lo requiere sale del edificio de Oficinas Centrales para ingresarlos en silla de ruedas, si as\u00ed lo desean las personas para posteriormente llevarlos hasta la ventanilla correspondiente.<\/p>\n<blockquote>\n<p>Es importante que el personal conozca los t\u00e9rminos correctos para dirigirse a las personas con discapacidad<\/p>\n<\/blockquote>\n<p>Es de mencionar que la Subgerencia de Prestaciones Pecuniarias a la cual pertenece -CATAFI- capacita constantemente a su personal a trav\u00e9s de talleres en los que se fortalecen las competencias del recurso humano para dar un mejor servicio a los afiliados y usuarios con esta condici\u00f3n.<\/p>\n<figure id=\"attachment_42684\" aria-describedby=\"caption-attachment-42684\" style=\"width: 1600px\" class=\"wp-caption alignnone\"><a href=\"\/wp-content\/uploads\/sites\/5\/2024\/06\/prestaciones-5.jpg\" target=\"_blank\" rel=\"noopener\"><img loading=\"lazy\" decoding=\"async\" class=\"wp-image-42684 size-full\" src=\"\/wp-content\/uploads\/sites\/5\/2024\/06\/prestaciones-5.jpg\" alt=\"\" width=\"1600\" height=\"1200\" srcset=\"\/wp-content\/uploads\/sites\/5\/2024\/06\/prestaciones-5.jpg 1600w, \/wp-content\/uploads\/sites\/5\/2024\/06\/prestaciones-5-300x225.jpg 300w, \/wp-content\/uploads\/sites\/5\/2024\/06\/prestaciones-5-1024x768.jpg 1024w, \/wp-content\/uploads\/sites\/5\/2024\/06\/prestaciones-5-768x576.jpg 768w, \/wp-content\/uploads\/sites\/5\/2024\/06\/prestaciones-5-1536x1152.jpg 1536w, \/wp-content\/uploads\/sites\/5\/2024\/06\/prestaciones-5-560x420.jpg 560w, \/wp-content\/uploads\/sites\/5\/2024\/06\/prestaciones-5-80x60.jpg 80w, \/wp-content\/uploads\/sites\/5\/2024\/06\/prestaciones-5-696x522.jpg 696w, \/wp-content\/uploads\/sites\/5\/2024\/06\/prestaciones-5-1068x801.jpg 1068w, \/wp-content\/uploads\/sites\/5\/2024\/06\/prestaciones-5-265x198.jpg 265w, \/wp-content\/uploads\/sites\/5\/2024\/06\/prestaciones-5-534x401.jpg 534w\" sizes=\"auto, (max-width: 1600px) 100vw, 1600px\" \/><\/a><figcaption id=\"caption-attachment-42684\" class=\"wp-caption-text\">Tanto anfitriones como personal de ventanilla, atienden con calidad, calidez y respeto a personas con discapacidad.<\/figcaption><\/figure>\n<p>Es importante que el personal conozca los t\u00e9rminos correctos para dirigirse a las personas con discapacidad, por ejemplo con una persona ciega, la regla b\u00e1sica es preguntarle primero si necesita apoyo.<\/p>\n\r\n                <style type=\"text\/css\">\r\n                    \r\n                    #tdi_1  .td-doubleSlider-2 .td-item1 {\r\n                        background: url(\/wp-content\/uploads\/sites\/5\/2024\/06\/prestaciones-3-80x60.jpg) 0 0 no-repeat;\r\n                    }\r\n                    #tdi_1  .td-doubleSlider-2 .td-item2 {\r\n                        background: url(\/wp-content\/uploads\/sites\/5\/2024\/06\/prestaciones-7-80x60.jpg) 0 0 no-repeat;\r\n                    }\r\n                    #tdi_1  .td-doubleSlider-2 .td-item3 {\r\n                        background: url(\/wp-content\/uploads\/sites\/5\/2024\/06\/prestaciones-2-80x60.jpg) 0 0 no-repeat;\r\n                    }\r\n                    #tdi_1  .td-doubleSlider-2 .td-item4 {\r\n                        background: url(\/wp-content\/uploads\/sites\/5\/2024\/06\/prestaciones-1-80x60.jpg) 0 0 no-repeat;\r\n                    }\r\n                <\/style>\r\n\r\n                <div id=\"tdi_1\" class=\"td-gallery td-slide-on-2-columns\">\r\n                    <div class=\"post_td_gallery\">\r\n                        <div class=\"td-gallery-slide-top\">\r\n                           <div class=\"td-gallery-title\"><\/div>\r\n\r\n                            <div class=\"td-gallery-controls-wrapper\">\r\n                                <div class=\"td-gallery-slide-count\"><span class=\"td-gallery-slide-item-focus\">1<\/span> de 4<\/div>\r\n                                <div class=\"td-gallery-slide-prev-next-but\">\r\n                                    <i class = \"td-icon-left doubleSliderPrevButton\"><\/i>\r\n                                    <i class = \"td-icon-right doubleSliderNextButton\"><\/i>\r\n                                <\/div>\r\n                            <\/div>\r\n                        <\/div>\r\n\r\n                        <div class = \"td-doubleSlider-1 \">\r\n                            <div class = \"td-slider\">\r\n                                \r\n                    <div class = \"td-slide-item td-item1\">\r\n                        <figure class=\"td-slide-galery-figure td-slide-popup-gallery\">\r\n                            <a class=\"slide-gallery-image-link\" href=\"\/wp-content\/uploads\/sites\/5\/2024\/06\/prestaciones-3.jpg\" title=\"prestaciones-3\"  data-caption=\"Adultos mayores tambi\u00e9n son orientados sobre los tr\u00e1mites que llegan a efectuar a CATAFI.\"  data-description=\"\">\r\n                                <img decoding=\"async\" src=\"\/wp-content\/uploads\/sites\/5\/2024\/06\/prestaciones-3-560x420.jpg\" srcset=\"\/wp-content\/uploads\/sites\/5\/2024\/06\/prestaciones-3-560x420.jpg 560w, \/wp-content\/uploads\/sites\/5\/2024\/06\/prestaciones-3-300x225.jpg 300w, \/wp-content\/uploads\/sites\/5\/2024\/06\/prestaciones-3-1024x768.jpg 1024w, \/wp-content\/uploads\/sites\/5\/2024\/06\/prestaciones-3-768x576.jpg 768w, \/wp-content\/uploads\/sites\/5\/2024\/06\/prestaciones-3-1536x1152.jpg 1536w, \/wp-content\/uploads\/sites\/5\/2024\/06\/prestaciones-3-80x60.jpg 80w, \/wp-content\/uploads\/sites\/5\/2024\/06\/prestaciones-3-696x522.jpg 696w, \/wp-content\/uploads\/sites\/5\/2024\/06\/prestaciones-3-1068x801.jpg 1068w, \/wp-content\/uploads\/sites\/5\/2024\/06\/prestaciones-3-265x198.jpg 265w, \/wp-content\/uploads\/sites\/5\/2024\/06\/prestaciones-3-534x401.jpg 534w, \/wp-content\/uploads\/sites\/5\/2024\/06\/prestaciones-3.jpg 1600w\" sizes=\"(max-width: 560px) 100vw, 560px\" alt=\"\">\r\n                            <\/a>\r\n                            <figcaption class = \"td-slide-caption td-gallery-slide-content\"><div class = \"td-gallery-slide-copywrite\">Adultos mayores tambi\u00e9n son orientados sobre los tr\u00e1mites que llegan a efectuar a CATAFI.<\/div><\/figcaption>\r\n                        <\/figure>\r\n                    <\/div>\r\n                    <div class = \"td-slide-item td-item2\">\r\n                        <figure class=\"td-slide-galery-figure td-slide-popup-gallery\">\r\n                            <a class=\"slide-gallery-image-link\" href=\"\/wp-content\/uploads\/sites\/5\/2024\/06\/prestaciones-7.jpg\" title=\"prestaciones-7\"  data-caption=\"La Subgerencia de Prestaciones Pecuniarias capacita a su personal con el taller \u201chablemos de discapacidad\u201d.\"  data-description=\"\">\r\n                                <img decoding=\"async\" src=\"\/wp-content\/uploads\/sites\/5\/2024\/06\/prestaciones-7-560x420.jpg\" srcset=\"\/wp-content\/uploads\/sites\/5\/2024\/06\/prestaciones-7-560x420.jpg 560w, \/wp-content\/uploads\/sites\/5\/2024\/06\/prestaciones-7-300x225.jpg 300w, \/wp-content\/uploads\/sites\/5\/2024\/06\/prestaciones-7-768x576.jpg 768w, \/wp-content\/uploads\/sites\/5\/2024\/06\/prestaciones-7-80x60.jpg 80w, \/wp-content\/uploads\/sites\/5\/2024\/06\/prestaciones-7-696x522.jpg 696w, \/wp-content\/uploads\/sites\/5\/2024\/06\/prestaciones-7-265x198.jpg 265w, \/wp-content\/uploads\/sites\/5\/2024\/06\/prestaciones-7-534x401.jpg 534w, \/wp-content\/uploads\/sites\/5\/2024\/06\/prestaciones-7.jpg 944w\" sizes=\"(max-width: 560px) 100vw, 560px\" alt=\"\">\r\n                            <\/a>\r\n                            <figcaption class = \"td-slide-caption td-gallery-slide-content\"><div class = \"td-gallery-slide-copywrite\">La Subgerencia de Prestaciones Pecuniarias capacita a su personal con el taller \u201chablemos de discapacidad\u201d.<\/div><\/figcaption>\r\n                        <\/figure>\r\n                    <\/div>\r\n                    <div class = \"td-slide-item td-item3\">\r\n                        <figure class=\"td-slide-galery-figure td-slide-popup-gallery\">\r\n                            <a class=\"slide-gallery-image-link\" href=\"\/wp-content\/uploads\/sites\/5\/2024\/06\/prestaciones-2.jpg\" title=\"prestaciones-2\"  data-caption=\"\"  data-description=\"\">\r\n                                <img decoding=\"async\" src=\"\/wp-content\/uploads\/sites\/5\/2024\/06\/prestaciones-2-560x420.jpg\" srcset=\"\/wp-content\/uploads\/sites\/5\/2024\/06\/prestaciones-2-560x420.jpg 560w, \/wp-content\/uploads\/sites\/5\/2024\/06\/prestaciones-2-300x225.jpg 300w, \/wp-content\/uploads\/sites\/5\/2024\/06\/prestaciones-2-768x576.jpg 768w, \/wp-content\/uploads\/sites\/5\/2024\/06\/prestaciones-2-80x60.jpg 80w, \/wp-content\/uploads\/sites\/5\/2024\/06\/prestaciones-2-696x522.jpg 696w, \/wp-content\/uploads\/sites\/5\/2024\/06\/prestaciones-2-265x198.jpg 265w, \/wp-content\/uploads\/sites\/5\/2024\/06\/prestaciones-2-534x400.jpg 534w, \/wp-content\/uploads\/sites\/5\/2024\/06\/prestaciones-2.jpg 938w\" sizes=\"(max-width: 560px) 100vw, 560px\" alt=\"\">\r\n                            <\/a>\r\n                            \r\n                        <\/figure>\r\n                    <\/div>\r\n                    <div class = \"td-slide-item td-item4\">\r\n                        <figure class=\"td-slide-galery-figure td-slide-popup-gallery\">\r\n                            <a class=\"slide-gallery-image-link\" href=\"\/wp-content\/uploads\/sites\/5\/2024\/06\/prestaciones-1.jpg\" title=\"prestaciones-1\"  data-caption=\"\"  data-description=\"\">\r\n                                <img decoding=\"async\" src=\"\/wp-content\/uploads\/sites\/5\/2024\/06\/prestaciones-1-587x420.jpg\" srcset=\"\/wp-content\/uploads\/sites\/5\/2024\/06\/prestaciones-1-587x420.jpg 587w, \/wp-content\/uploads\/sites\/5\/2024\/06\/prestaciones-1-300x214.jpg 300w, \/wp-content\/uploads\/sites\/5\/2024\/06\/prestaciones-1-1024x732.jpg 1024w, \/wp-content\/uploads\/sites\/5\/2024\/06\/prestaciones-1-768x549.jpg 768w, \/wp-content\/uploads\/sites\/5\/2024\/06\/prestaciones-1-696x498.jpg 696w, \/wp-content\/uploads\/sites\/5\/2024\/06\/prestaciones-1-1068x764.jpg 1068w, \/wp-content\/uploads\/sites\/5\/2024\/06\/prestaciones-1-534x382.jpg 534w, \/wp-content\/uploads\/sites\/5\/2024\/06\/prestaciones-1.jpg 1249w\" sizes=\"(max-width: 587px) 100vw, 587px\" alt=\"\">\r\n                            <\/a>\r\n                            \r\n                        <\/figure>\r\n                    <\/div>\r\n                            <\/div>\r\n                        <\/div>\r\n\r\n                        <div class = \"td-doubleSlider-2\">\r\n                            <div class = \"td-slider\">\r\n                                \r\n                    <div class = \"td-button td-item1\">\r\n                        <div class = \"td-border\"><\/div>\r\n                    <\/div>\r\n                    <div class = \"td-button td-item2\">\r\n                        <div class = \"td-border\"><\/div>\r\n                    <\/div>\r\n                    <div class = \"td-button td-item3\">\r\n                        <div class = \"td-border\"><\/div>\r\n                    <\/div>\r\n                    <div class = \"td-button td-item4\">\r\n                        <div class = \"td-border\"><\/div>\r\n                    <\/div>\r\n                            <\/div>\r\n                        <\/div>\r\n\r\n                    <\/div>\r\n\r\n                <\/div>\r\n                ","protected":false},"excerpt":{"rendered":"<p>Diariamente el Centro de Atenci\u00f3n al Afiliado -CATAFI- atiende a usuarios, afiliados, pensionados y derechohabientes que llegan a efectuar sus tr\u00e1mites relacionados al programa de Invalidez, Vejez y Sobrevivencia ya sea para solicitar una pensi\u00f3n, cuota mortuoria de pensionados, actualizaci\u00f3n de datos, comprobaci\u00f3n de supervivencia y persistencia de derechos, atenci\u00f3n para informaci\u00f3n de pagos de [&hellip;]<\/p>\n","protected":false},"author":1961,"featured_media":42685,"comment_status":"closed","ping_status":"closed","sticky":false,"template":"","format":"standard","meta":{"footnotes":""},"categories":[3,1290],"tags":[168,524,1296,1923],"coauthors":[],"class_list":{"0":"post-42678","1":"post","2":"type-post","3":"status-publish","4":"format-standard","5":"has-post-thumbnail","7":"category-actualidad","8":"category-prestaciones-economicas","9":"tag-catafi","10":"tag-ivs","11":"tag-prestaciones-economicas","12":"tag-subgerencia-de-prestaciones-pecuniarias"},"_links":{"self":[{"href":"https:\/\/www.igssgt.org\/noticias\/wp-json\/wp\/v2\/posts\/42678","targetHints":{"allow":["GET"]}}],"collection":[{"href":"https:\/\/www.igssgt.org\/noticias\/wp-json\/wp\/v2\/posts"}],"about":[{"href":"https:\/\/www.igssgt.org\/noticias\/wp-json\/wp\/v2\/types\/post"}],"author":[{"embeddable":true,"href":"https:\/\/www.igssgt.org\/noticias\/wp-json\/wp\/v2\/users\/1961"}],"replies":[{"embeddable":true,"href":"https:\/\/www.igssgt.org\/noticias\/wp-json\/wp\/v2\/comments?post=42678"}],"version-history":[{"count":5,"href":"https:\/\/www.igssgt.org\/noticias\/wp-json\/wp\/v2\/posts\/42678\/revisions"}],"predecessor-version":[{"id":43983,"href":"https:\/\/www.igssgt.org\/noticias\/wp-json\/wp\/v2\/posts\/42678\/revisions\/43983"}],"wp:featuredmedia":[{"embeddable":true,"href":"https:\/\/www.igssgt.org\/noticias\/wp-json\/wp\/v2\/media\/42685"}],"wp:attachment":[{"href":"https:\/\/www.igssgt.org\/noticias\/wp-json\/wp\/v2\/media?parent=42678"}],"wp:term":[{"taxonomy":"category","embeddable":true,"href":"https:\/\/www.igssgt.org\/noticias\/wp-json\/wp\/v2\/categories?post=42678"},{"taxonomy":"post_tag","embeddable":true,"href":"https:\/\/www.igssgt.org\/noticias\/wp-json\/wp\/v2\/tags?post=42678"},{"taxonomy":"author","embeddable":true,"href":"https:\/\/www.igssgt.org\/noticias\/wp-json\/wp\/v2\/coauthors?post=42678"}],"curies":[{"name":"wp","href":"https:\/\/api.w.org\/{rel}","templated":true}]}}