{"id":4283,"date":"2018-03-15T14:00:06","date_gmt":"2018-03-15T20:00:06","guid":{"rendered":"http:\/\/noticias.igssgt.org\/?p=4283"},"modified":"2018-03-15T14:00:06","modified_gmt":"2018-03-15T20:00:06","slug":"inauguran-espacio-de-lactancia-materna-para-trabajadoras-del-hospital-general-de-enfermedades","status":"publish","type":"post","link":"https:\/\/www.igssgt.org\/noticias\/2018\/03\/15\/inauguran-espacio-de-lactancia-materna-para-trabajadoras-del-hospital-general-de-enfermedades\/","title":{"rendered":"Inauguran espacio de lactancia materna para trabajadoras del Hospital General de Enfermedades"},"content":{"rendered":"<p><a href=\"\/noticias\/wp-content\/uploads\/sites\/5\/2018\/03\/Espacio-Amigo-de-la-Lactancia-Materna-IGSS-3.jpg\"><img loading=\"lazy\" decoding=\"async\" class=\"alignnone size-full wp-image-4286\" src=\"\/noticias\/wp-content\/uploads\/sites\/5\/2018\/03\/Espacio-Amigo-de-la-Lactancia-Materna-IGSS-3.jpg\" alt=\"\" width=\"2048\" height=\"1365\" srcset=\"\/wp-content\/uploads\/sites\/5\/2018\/03\/Espacio-Amigo-de-la-Lactancia-Materna-IGSS-3.jpg 2048w, \/wp-content\/uploads\/sites\/5\/2018\/03\/Espacio-Amigo-de-la-Lactancia-Materna-IGSS-3-1536x1024.jpg 1536w, \/wp-content\/uploads\/sites\/5\/2018\/03\/Espacio-Amigo-de-la-Lactancia-Materna-IGSS-3-300x200.jpg 300w, \/wp-content\/uploads\/sites\/5\/2018\/03\/Espacio-Amigo-de-la-Lactancia-Materna-IGSS-3-768x512.jpg 768w, \/wp-content\/uploads\/sites\/5\/2018\/03\/Espacio-Amigo-de-la-Lactancia-Materna-IGSS-3-1024x683.jpg 1024w, \/wp-content\/uploads\/sites\/5\/2018\/03\/Espacio-Amigo-de-la-Lactancia-Materna-IGSS-3-630x420.jpg 630w, \/wp-content\/uploads\/sites\/5\/2018\/03\/Espacio-Amigo-de-la-Lactancia-Materna-IGSS-3-696x464.jpg 696w, \/wp-content\/uploads\/sites\/5\/2018\/03\/Espacio-Amigo-de-la-Lactancia-Materna-IGSS-3-1068x712.jpg 1068w, \/wp-content\/uploads\/sites\/5\/2018\/03\/Espacio-Amigo-de-la-Lactancia-Materna-IGSS-3-534x356.jpg 534w, \/wp-content\/uploads\/sites\/5\/2018\/03\/Espacio-Amigo-de-la-Lactancia-Materna-IGSS-3-1920x1280.jpg 1920w\" sizes=\"auto, (max-width: 2048px) 100vw, 2048px\" \/><\/a><\/p>\n<p>La lactancia materna es el alimento ideal para el reci\u00e9n nacido y por ello el Instituto Guatemalteco de Seguridad Social (IGSS) en apoyo a las madres trabajadoras de la instituci\u00f3n tom\u00f3 la iniciativa de implementar el \u201cEspacio Amigo de la Lactancia Materna\u201d, inform\u00f3 la doctora Varinia Pinto, encargada de la Secci\u00f3n de Higiene Materno Infantil.<\/p>\n<p>El primer espacio fue inaugurado en el Hospital General de Enfermedades, zona 9, por parte de las autoridades de la Subgerencia de Prestaciones en Salud y de esa unidad hospitalaria.<\/p>\n<p>Al referirse al nuevo servicio la doctora Pinto resalto que \u00abEsta \u00e1rea es c\u00f3moda, higi\u00e9nica y privada, para que las madres puedan extraer la leche materna y conservarla de una manera sana durante la jornada laboral\u00bb.<\/p>\n<p>La doctora Marilyn Ortiz, directora del centro, inform\u00f3 que para alcanzar el objetivo se cont\u00f3 con el apoyo del Comit\u00e9 de Lactancia Materna, que est\u00e1 conformado por un equipo multidisciplinario de nutrici\u00f3n pedi\u00e1trica, servicio de neonatos, la subadministraci\u00f3n, enfermer\u00eda y trabajo social.<\/p>\n<p>\u201cEsta \u00e1rea es parte de un proyecto integral, a futuro se contempla tener un banco y un hospital de leche materna dentro del Instituto\u201d, concluy\u00f3 la profesional.<\/p>\n\r\n                <style type=\"text\/css\">\r\n                    \r\n                    #tdi_1  .td-doubleSlider-2 .td-item1 {\r\n                        background: url(\/wp-content\/uploads\/sites\/5\/2018\/03\/Espacio-Amigo-de-la-Lactancia-Materna-IGSS-10-80x60.jpg) 0 0 no-repeat;\r\n                    }\r\n                    #tdi_1  .td-doubleSlider-2 .td-item2 {\r\n                        background: url(\/wp-content\/uploads\/sites\/5\/2018\/03\/Espacio-Amigo-de-la-Lactancia-Materna-IGSS-9-80x60.jpg) 0 0 no-repeat;\r\n                    }\r\n                    #tdi_1  .td-doubleSlider-2 .td-item3 {\r\n                        background: url(\/wp-content\/uploads\/sites\/5\/2018\/03\/Espacio-Amigo-de-la-Lactancia-Materna-IGSS-1-80x60.jpg) 0 0 no-repeat;\r\n                    }\r\n                    #tdi_1  .td-doubleSlider-2 .td-item4 {\r\n                        background: url(\/wp-content\/uploads\/sites\/5\/2018\/03\/Espacio-Amigo-de-la-Lactancia-Materna-IGSS-2-80x60.jpg) 0 0 no-repeat;\r\n                    }\r\n                    #tdi_1  .td-doubleSlider-2 .td-item5 {\r\n                        background: url(\/wp-content\/uploads\/sites\/5\/2018\/03\/Espacio-Amigo-de-la-Lactancia-Materna-IGSS-3-80x60.jpg) 0 0 no-repeat;\r\n                    }\r\n                    #tdi_1  .td-doubleSlider-2 .td-item6 {\r\n                        background: url(\/wp-content\/uploads\/sites\/5\/2018\/03\/Espacio-Amigo-de-la-Lactancia-Materna-IGSS-4-80x60.jpg) 0 0 no-repeat;\r\n                    }\r\n                    #tdi_1  .td-doubleSlider-2 .td-item7 {\r\n                        background: url(\/wp-content\/uploads\/sites\/5\/2018\/03\/Espacio-Amigo-de-la-Lactancia-Materna-IGSS-5-80x60.jpg) 0 0 no-repeat;\r\n                    }\r\n                    #tdi_1  .td-doubleSlider-2 .td-item8 {\r\n                        background: url(\/wp-content\/uploads\/sites\/5\/2018\/03\/Espacio-Amigo-de-la-Lactancia-Materna-IGSS-6-80x60.jpg) 0 0 no-repeat;\r\n                    }\r\n                    #tdi_1  .td-doubleSlider-2 .td-item9 {\r\n                        background: url(\/wp-content\/uploads\/sites\/5\/2018\/03\/Espacio-Amigo-de-la-Lactancia-Materna-IGSS-7-80x60.jpg) 0 0 no-repeat;\r\n                    }\r\n                    #tdi_1  .td-doubleSlider-2 .td-item10 {\r\n                        background: url(\/wp-content\/uploads\/sites\/5\/2018\/03\/Espacio-Amigo-de-la-Lactancia-Materna-IGSS-8-80x60.jpg) 0 0 no-repeat;\r\n                    }\r\n                    #tdi_1  .td-doubleSlider-2 .td-item11 {\r\n                        background: url(\/wp-content\/uploads\/sites\/5\/2018\/03\/Espacio-Amigo-de-la-Lactancia-Materna-IGSS-11-80x60.jpg) 0 0 no-repeat;\r\n                    }\r\n                <\/style>\r\n\r\n                <div id=\"tdi_1\" class=\"td-gallery td-slide-on-2-columns\">\r\n                    <div class=\"post_td_gallery\">\r\n                        <div class=\"td-gallery-slide-top\">\r\n                           <div class=\"td-gallery-title\"><\/div>\r\n\r\n                            <div class=\"td-gallery-controls-wrapper\">\r\n                                <div class=\"td-gallery-slide-count\"><span class=\"td-gallery-slide-item-focus\">1<\/span> de 11<\/div>\r\n                                <div class=\"td-gallery-slide-prev-next-but\">\r\n                                    <i class = \"td-icon-left doubleSliderPrevButton\"><\/i>\r\n                                    <i class = \"td-icon-right doubleSliderNextButton\"><\/i>\r\n                                <\/div>\r\n                            <\/div>\r\n                        <\/div>\r\n\r\n                        <div class = \"td-doubleSlider-1 \">\r\n                            <div class = \"td-slider\">\r\n                                \r\n                    <div class = \"td-slide-item td-item1\">\r\n                        <figure class=\"td-slide-galery-figure td-slide-popup-gallery\">\r\n                            <a class=\"slide-gallery-image-link\" href=\"\/wp-content\/uploads\/sites\/5\/2018\/03\/Espacio-Amigo-de-la-Lactancia-Materna-IGSS-10.jpg\" title=\"Espacio Amigo de la Lactancia Materna IGSS-10\"  data-caption=\"\"  data-description=\"\">\r\n                                <img decoding=\"async\" src=\"\/wp-content\/uploads\/sites\/5\/2018\/03\/Espacio-Amigo-de-la-Lactancia-Materna-IGSS-10-630x420.jpg\" srcset=\"\/wp-content\/uploads\/sites\/5\/2018\/03\/Espacio-Amigo-de-la-Lactancia-Materna-IGSS-10-630x420.jpg 630w, \/wp-content\/uploads\/sites\/5\/2018\/03\/Espacio-Amigo-de-la-Lactancia-Materna-IGSS-10-1536x1024.jpg 1536w, \/wp-content\/uploads\/sites\/5\/2018\/03\/Espacio-Amigo-de-la-Lactancia-Materna-IGSS-10-300x200.jpg 300w, \/wp-content\/uploads\/sites\/5\/2018\/03\/Espacio-Amigo-de-la-Lactancia-Materna-IGSS-10-768x512.jpg 768w, \/wp-content\/uploads\/sites\/5\/2018\/03\/Espacio-Amigo-de-la-Lactancia-Materna-IGSS-10-1024x683.jpg 1024w, \/wp-content\/uploads\/sites\/5\/2018\/03\/Espacio-Amigo-de-la-Lactancia-Materna-IGSS-10-696x464.jpg 696w, \/wp-content\/uploads\/sites\/5\/2018\/03\/Espacio-Amigo-de-la-Lactancia-Materna-IGSS-10-1068x712.jpg 1068w, \/wp-content\/uploads\/sites\/5\/2018\/03\/Espacio-Amigo-de-la-Lactancia-Materna-IGSS-10-534x356.jpg 534w, \/wp-content\/uploads\/sites\/5\/2018\/03\/Espacio-Amigo-de-la-Lactancia-Materna-IGSS-10-1920x1280.jpg 1920w, \/wp-content\/uploads\/sites\/5\/2018\/03\/Espacio-Amigo-de-la-Lactancia-Materna-IGSS-10.jpg 2048w\" sizes=\"(max-width: 630px) 100vw, 630px\" alt=\"\">\r\n                            <\/a>\r\n                            \r\n                        <\/figure>\r\n                    <\/div>\r\n                    <div class = \"td-slide-item td-item2\">\r\n                        <figure class=\"td-slide-galery-figure td-slide-popup-gallery\">\r\n                            <a class=\"slide-gallery-image-link\" href=\"\/wp-content\/uploads\/sites\/5\/2018\/03\/Espacio-Amigo-de-la-Lactancia-Materna-IGSS-9.jpg\" title=\"Espacio Amigo de la Lactancia Materna IGSS-9\"  data-caption=\"\"  data-description=\"\">\r\n                                <img decoding=\"async\" src=\"\/wp-content\/uploads\/sites\/5\/2018\/03\/Espacio-Amigo-de-la-Lactancia-Materna-IGSS-9-630x420.jpg\" srcset=\"\/wp-content\/uploads\/sites\/5\/2018\/03\/Espacio-Amigo-de-la-Lactancia-Materna-IGSS-9-630x420.jpg 630w, \/wp-content\/uploads\/sites\/5\/2018\/03\/Espacio-Amigo-de-la-Lactancia-Materna-IGSS-9-1536x1024.jpg 1536w, \/wp-content\/uploads\/sites\/5\/2018\/03\/Espacio-Amigo-de-la-Lactancia-Materna-IGSS-9-300x200.jpg 300w, \/wp-content\/uploads\/sites\/5\/2018\/03\/Espacio-Amigo-de-la-Lactancia-Materna-IGSS-9-768x512.jpg 768w, \/wp-content\/uploads\/sites\/5\/2018\/03\/Espacio-Amigo-de-la-Lactancia-Materna-IGSS-9-1024x683.jpg 1024w, \/wp-content\/uploads\/sites\/5\/2018\/03\/Espacio-Amigo-de-la-Lactancia-Materna-IGSS-9-696x464.jpg 696w, \/wp-content\/uploads\/sites\/5\/2018\/03\/Espacio-Amigo-de-la-Lactancia-Materna-IGSS-9-1068x712.jpg 1068w, \/wp-content\/uploads\/sites\/5\/2018\/03\/Espacio-Amigo-de-la-Lactancia-Materna-IGSS-9-534x356.jpg 534w, \/wp-content\/uploads\/sites\/5\/2018\/03\/Espacio-Amigo-de-la-Lactancia-Materna-IGSS-9-1920x1280.jpg 1920w, \/wp-content\/uploads\/sites\/5\/2018\/03\/Espacio-Amigo-de-la-Lactancia-Materna-IGSS-9.jpg 2048w\" sizes=\"(max-width: 630px) 100vw, 630px\" alt=\"\">\r\n                            <\/a>\r\n                            \r\n                        <\/figure>\r\n                    <\/div>\r\n                    <div class = \"td-slide-item td-item3\">\r\n                        <figure class=\"td-slide-galery-figure td-slide-popup-gallery\">\r\n                            <a class=\"slide-gallery-image-link\" href=\"\/wp-content\/uploads\/sites\/5\/2018\/03\/Espacio-Amigo-de-la-Lactancia-Materna-IGSS-1.jpg\" title=\"Espacio Amigo de la Lactancia Materna IGSS-1\"  data-caption=\"\"  data-description=\"\">\r\n                                <img decoding=\"async\" src=\"\/wp-content\/uploads\/sites\/5\/2018\/03\/Espacio-Amigo-de-la-Lactancia-Materna-IGSS-1-630x420.jpg\" srcset=\"\/wp-content\/uploads\/sites\/5\/2018\/03\/Espacio-Amigo-de-la-Lactancia-Materna-IGSS-1-630x420.jpg 630w, \/wp-content\/uploads\/sites\/5\/2018\/03\/Espacio-Amigo-de-la-Lactancia-Materna-IGSS-1-1536x1024.jpg 1536w, \/wp-content\/uploads\/sites\/5\/2018\/03\/Espacio-Amigo-de-la-Lactancia-Materna-IGSS-1-300x200.jpg 300w, \/wp-content\/uploads\/sites\/5\/2018\/03\/Espacio-Amigo-de-la-Lactancia-Materna-IGSS-1-768x512.jpg 768w, \/wp-content\/uploads\/sites\/5\/2018\/03\/Espacio-Amigo-de-la-Lactancia-Materna-IGSS-1-1024x683.jpg 1024w, \/wp-content\/uploads\/sites\/5\/2018\/03\/Espacio-Amigo-de-la-Lactancia-Materna-IGSS-1-696x464.jpg 696w, \/wp-content\/uploads\/sites\/5\/2018\/03\/Espacio-Amigo-de-la-Lactancia-Materna-IGSS-1-1068x712.jpg 1068w, \/wp-content\/uploads\/sites\/5\/2018\/03\/Espacio-Amigo-de-la-Lactancia-Materna-IGSS-1-534x356.jpg 534w, \/wp-content\/uploads\/sites\/5\/2018\/03\/Espacio-Amigo-de-la-Lactancia-Materna-IGSS-1-1920x1280.jpg 1920w, \/wp-content\/uploads\/sites\/5\/2018\/03\/Espacio-Amigo-de-la-Lactancia-Materna-IGSS-1.jpg 2048w\" sizes=\"(max-width: 630px) 100vw, 630px\" alt=\"\">\r\n                            <\/a>\r\n                            \r\n                        <\/figure>\r\n                    <\/div>\r\n                    <div class = \"td-slide-item td-item4\">\r\n                        <figure class=\"td-slide-galery-figure td-slide-popup-gallery\">\r\n                            <a class=\"slide-gallery-image-link\" href=\"\/wp-content\/uploads\/sites\/5\/2018\/03\/Espacio-Amigo-de-la-Lactancia-Materna-IGSS-2.jpg\" title=\"Espacio Amigo de la Lactancia Materna IGSS-2\"  data-caption=\"\"  data-description=\"\">\r\n                                <img decoding=\"async\" src=\"\/wp-content\/uploads\/sites\/5\/2018\/03\/Espacio-Amigo-de-la-Lactancia-Materna-IGSS-2-630x420.jpg\" srcset=\"\/wp-content\/uploads\/sites\/5\/2018\/03\/Espacio-Amigo-de-la-Lactancia-Materna-IGSS-2-630x420.jpg 630w, \/wp-content\/uploads\/sites\/5\/2018\/03\/Espacio-Amigo-de-la-Lactancia-Materna-IGSS-2-1536x1024.jpg 1536w, \/wp-content\/uploads\/sites\/5\/2018\/03\/Espacio-Amigo-de-la-Lactancia-Materna-IGSS-2-300x200.jpg 300w, \/wp-content\/uploads\/sites\/5\/2018\/03\/Espacio-Amigo-de-la-Lactancia-Materna-IGSS-2-768x512.jpg 768w, \/wp-content\/uploads\/sites\/5\/2018\/03\/Espacio-Amigo-de-la-Lactancia-Materna-IGSS-2-1024x683.jpg 1024w, \/wp-content\/uploads\/sites\/5\/2018\/03\/Espacio-Amigo-de-la-Lactancia-Materna-IGSS-2-696x464.jpg 696w, \/wp-content\/uploads\/sites\/5\/2018\/03\/Espacio-Amigo-de-la-Lactancia-Materna-IGSS-2-1068x712.jpg 1068w, \/wp-content\/uploads\/sites\/5\/2018\/03\/Espacio-Amigo-de-la-Lactancia-Materna-IGSS-2-534x356.jpg 534w, \/wp-content\/uploads\/sites\/5\/2018\/03\/Espacio-Amigo-de-la-Lactancia-Materna-IGSS-2-1920x1280.jpg 1920w, \/wp-content\/uploads\/sites\/5\/2018\/03\/Espacio-Amigo-de-la-Lactancia-Materna-IGSS-2.jpg 2048w\" sizes=\"(max-width: 630px) 100vw, 630px\" alt=\"\">\r\n                            <\/a>\r\n                            \r\n                        <\/figure>\r\n                    <\/div>\r\n                    <div class = \"td-slide-item td-item5\">\r\n                        <figure class=\"td-slide-galery-figure td-slide-popup-gallery\">\r\n                            <a class=\"slide-gallery-image-link\" href=\"\/wp-content\/uploads\/sites\/5\/2018\/03\/Espacio-Amigo-de-la-Lactancia-Materna-IGSS-3.jpg\" title=\"Espacio Amigo de la Lactancia Materna IGSS-3\"  data-caption=\"\"  data-description=\"\">\r\n                                <img decoding=\"async\" src=\"\/wp-content\/uploads\/sites\/5\/2018\/03\/Espacio-Amigo-de-la-Lactancia-Materna-IGSS-3-630x420.jpg\" srcset=\"\/wp-content\/uploads\/sites\/5\/2018\/03\/Espacio-Amigo-de-la-Lactancia-Materna-IGSS-3-630x420.jpg 630w, \/wp-content\/uploads\/sites\/5\/2018\/03\/Espacio-Amigo-de-la-Lactancia-Materna-IGSS-3-1536x1024.jpg 1536w, \/wp-content\/uploads\/sites\/5\/2018\/03\/Espacio-Amigo-de-la-Lactancia-Materna-IGSS-3-300x200.jpg 300w, \/wp-content\/uploads\/sites\/5\/2018\/03\/Espacio-Amigo-de-la-Lactancia-Materna-IGSS-3-768x512.jpg 768w, \/wp-content\/uploads\/sites\/5\/2018\/03\/Espacio-Amigo-de-la-Lactancia-Materna-IGSS-3-1024x683.jpg 1024w, \/wp-content\/uploads\/sites\/5\/2018\/03\/Espacio-Amigo-de-la-Lactancia-Materna-IGSS-3-696x464.jpg 696w, \/wp-content\/uploads\/sites\/5\/2018\/03\/Espacio-Amigo-de-la-Lactancia-Materna-IGSS-3-1068x712.jpg 1068w, \/wp-content\/uploads\/sites\/5\/2018\/03\/Espacio-Amigo-de-la-Lactancia-Materna-IGSS-3-534x356.jpg 534w, \/wp-content\/uploads\/sites\/5\/2018\/03\/Espacio-Amigo-de-la-Lactancia-Materna-IGSS-3-1920x1280.jpg 1920w, \/wp-content\/uploads\/sites\/5\/2018\/03\/Espacio-Amigo-de-la-Lactancia-Materna-IGSS-3.jpg 2048w\" sizes=\"(max-width: 630px) 100vw, 630px\" alt=\"\">\r\n                            <\/a>\r\n                            \r\n                        <\/figure>\r\n                    <\/div>\r\n                    <div class = \"td-slide-item td-item6\">\r\n                        <figure class=\"td-slide-galery-figure td-slide-popup-gallery\">\r\n                            <a class=\"slide-gallery-image-link\" href=\"\/wp-content\/uploads\/sites\/5\/2018\/03\/Espacio-Amigo-de-la-Lactancia-Materna-IGSS-4.jpg\" title=\"Espacio Amigo de la Lactancia Materna IGSS-4\"  data-caption=\"\"  data-description=\"\">\r\n                                <img decoding=\"async\" src=\"\/wp-content\/uploads\/sites\/5\/2018\/03\/Espacio-Amigo-de-la-Lactancia-Materna-IGSS-4-630x420.jpg\" srcset=\"\/wp-content\/uploads\/sites\/5\/2018\/03\/Espacio-Amigo-de-la-Lactancia-Materna-IGSS-4-630x420.jpg 630w, \/wp-content\/uploads\/sites\/5\/2018\/03\/Espacio-Amigo-de-la-Lactancia-Materna-IGSS-4-1536x1024.jpg 1536w, \/wp-content\/uploads\/sites\/5\/2018\/03\/Espacio-Amigo-de-la-Lactancia-Materna-IGSS-4-300x200.jpg 300w, \/wp-content\/uploads\/sites\/5\/2018\/03\/Espacio-Amigo-de-la-Lactancia-Materna-IGSS-4-768x512.jpg 768w, \/wp-content\/uploads\/sites\/5\/2018\/03\/Espacio-Amigo-de-la-Lactancia-Materna-IGSS-4-1024x683.jpg 1024w, \/wp-content\/uploads\/sites\/5\/2018\/03\/Espacio-Amigo-de-la-Lactancia-Materna-IGSS-4-696x464.jpg 696w, \/wp-content\/uploads\/sites\/5\/2018\/03\/Espacio-Amigo-de-la-Lactancia-Materna-IGSS-4-1068x712.jpg 1068w, \/wp-content\/uploads\/sites\/5\/2018\/03\/Espacio-Amigo-de-la-Lactancia-Materna-IGSS-4-534x356.jpg 534w, \/wp-content\/uploads\/sites\/5\/2018\/03\/Espacio-Amigo-de-la-Lactancia-Materna-IGSS-4-1920x1280.jpg 1920w, \/wp-content\/uploads\/sites\/5\/2018\/03\/Espacio-Amigo-de-la-Lactancia-Materna-IGSS-4.jpg 2048w\" sizes=\"(max-width: 630px) 100vw, 630px\" alt=\"\">\r\n                            <\/a>\r\n                            \r\n                        <\/figure>\r\n                    <\/div>\r\n                    <div class = \"td-slide-item td-item7\">\r\n                        <figure class=\"td-slide-galery-figure td-slide-popup-gallery\">\r\n                            <a class=\"slide-gallery-image-link\" href=\"\/wp-content\/uploads\/sites\/5\/2018\/03\/Espacio-Amigo-de-la-Lactancia-Materna-IGSS-5.jpg\" title=\"Espacio Amigo de la Lactancia Materna IGSS-5\"  data-caption=\"\"  data-description=\"\">\r\n                                <img decoding=\"async\" src=\"\/wp-content\/uploads\/sites\/5\/2018\/03\/Espacio-Amigo-de-la-Lactancia-Materna-IGSS-5-630x420.jpg\" srcset=\"\/wp-content\/uploads\/sites\/5\/2018\/03\/Espacio-Amigo-de-la-Lactancia-Materna-IGSS-5-630x420.jpg 630w, \/wp-content\/uploads\/sites\/5\/2018\/03\/Espacio-Amigo-de-la-Lactancia-Materna-IGSS-5-1536x1024.jpg 1536w, \/wp-content\/uploads\/sites\/5\/2018\/03\/Espacio-Amigo-de-la-Lactancia-Materna-IGSS-5-300x200.jpg 300w, \/wp-content\/uploads\/sites\/5\/2018\/03\/Espacio-Amigo-de-la-Lactancia-Materna-IGSS-5-768x512.jpg 768w, \/wp-content\/uploads\/sites\/5\/2018\/03\/Espacio-Amigo-de-la-Lactancia-Materna-IGSS-5-1024x683.jpg 1024w, \/wp-content\/uploads\/sites\/5\/2018\/03\/Espacio-Amigo-de-la-Lactancia-Materna-IGSS-5-696x464.jpg 696w, \/wp-content\/uploads\/sites\/5\/2018\/03\/Espacio-Amigo-de-la-Lactancia-Materna-IGSS-5-1068x712.jpg 1068w, \/wp-content\/uploads\/sites\/5\/2018\/03\/Espacio-Amigo-de-la-Lactancia-Materna-IGSS-5-534x356.jpg 534w, \/wp-content\/uploads\/sites\/5\/2018\/03\/Espacio-Amigo-de-la-Lactancia-Materna-IGSS-5.jpg 2048w\" sizes=\"(max-width: 630px) 100vw, 630px\" alt=\"\">\r\n                            <\/a>\r\n                            \r\n                        <\/figure>\r\n                    <\/div>\r\n                    <div class = \"td-slide-item td-item8\">\r\n                        <figure class=\"td-slide-galery-figure td-slide-popup-gallery\">\r\n                            <a class=\"slide-gallery-image-link\" href=\"\/wp-content\/uploads\/sites\/5\/2018\/03\/Espacio-Amigo-de-la-Lactancia-Materna-IGSS-6.jpg\" title=\"Espacio Amigo de la Lactancia Materna IGSS-6\"  data-caption=\"\"  data-description=\"\">\r\n                                <img decoding=\"async\" src=\"\/wp-content\/uploads\/sites\/5\/2018\/03\/Espacio-Amigo-de-la-Lactancia-Materna-IGSS-6-630x420.jpg\" srcset=\"\/wp-content\/uploads\/sites\/5\/2018\/03\/Espacio-Amigo-de-la-Lactancia-Materna-IGSS-6-630x420.jpg 630w, \/wp-content\/uploads\/sites\/5\/2018\/03\/Espacio-Amigo-de-la-Lactancia-Materna-IGSS-6-1536x1024.jpg 1536w, \/wp-content\/uploads\/sites\/5\/2018\/03\/Espacio-Amigo-de-la-Lactancia-Materna-IGSS-6-300x200.jpg 300w, \/wp-content\/uploads\/sites\/5\/2018\/03\/Espacio-Amigo-de-la-Lactancia-Materna-IGSS-6-768x512.jpg 768w, \/wp-content\/uploads\/sites\/5\/2018\/03\/Espacio-Amigo-de-la-Lactancia-Materna-IGSS-6-1024x683.jpg 1024w, \/wp-content\/uploads\/sites\/5\/2018\/03\/Espacio-Amigo-de-la-Lactancia-Materna-IGSS-6-696x464.jpg 696w, \/wp-content\/uploads\/sites\/5\/2018\/03\/Espacio-Amigo-de-la-Lactancia-Materna-IGSS-6-1068x712.jpg 1068w, \/wp-content\/uploads\/sites\/5\/2018\/03\/Espacio-Amigo-de-la-Lactancia-Materna-IGSS-6-534x356.jpg 534w, \/wp-content\/uploads\/sites\/5\/2018\/03\/Espacio-Amigo-de-la-Lactancia-Materna-IGSS-6-1920x1280.jpg 1920w, \/wp-content\/uploads\/sites\/5\/2018\/03\/Espacio-Amigo-de-la-Lactancia-Materna-IGSS-6.jpg 2048w\" sizes=\"(max-width: 630px) 100vw, 630px\" alt=\"\">\r\n                            <\/a>\r\n                            \r\n                        <\/figure>\r\n                    <\/div>\r\n                    <div class = \"td-slide-item td-item9\">\r\n                        <figure class=\"td-slide-galery-figure td-slide-popup-gallery\">\r\n                            <a class=\"slide-gallery-image-link\" href=\"\/wp-content\/uploads\/sites\/5\/2018\/03\/Espacio-Amigo-de-la-Lactancia-Materna-IGSS-7.jpg\" title=\"Espacio Amigo de la Lactancia Materna IGSS-7\"  data-caption=\"\"  data-description=\"\">\r\n                                <img decoding=\"async\" src=\"\/wp-content\/uploads\/sites\/5\/2018\/03\/Espacio-Amigo-de-la-Lactancia-Materna-IGSS-7-630x420.jpg\" srcset=\"\/wp-content\/uploads\/sites\/5\/2018\/03\/Espacio-Amigo-de-la-Lactancia-Materna-IGSS-7-630x420.jpg 630w, \/wp-content\/uploads\/sites\/5\/2018\/03\/Espacio-Amigo-de-la-Lactancia-Materna-IGSS-7-1536x1024.jpg 1536w, \/wp-content\/uploads\/sites\/5\/2018\/03\/Espacio-Amigo-de-la-Lactancia-Materna-IGSS-7-300x200.jpg 300w, \/wp-content\/uploads\/sites\/5\/2018\/03\/Espacio-Amigo-de-la-Lactancia-Materna-IGSS-7-768x512.jpg 768w, \/wp-content\/uploads\/sites\/5\/2018\/03\/Espacio-Amigo-de-la-Lactancia-Materna-IGSS-7-1024x683.jpg 1024w, \/wp-content\/uploads\/sites\/5\/2018\/03\/Espacio-Amigo-de-la-Lactancia-Materna-IGSS-7-696x464.jpg 696w, \/wp-content\/uploads\/sites\/5\/2018\/03\/Espacio-Amigo-de-la-Lactancia-Materna-IGSS-7-1068x712.jpg 1068w, \/wp-content\/uploads\/sites\/5\/2018\/03\/Espacio-Amigo-de-la-Lactancia-Materna-IGSS-7-534x356.jpg 534w, \/wp-content\/uploads\/sites\/5\/2018\/03\/Espacio-Amigo-de-la-Lactancia-Materna-IGSS-7-1920x1280.jpg 1920w, \/wp-content\/uploads\/sites\/5\/2018\/03\/Espacio-Amigo-de-la-Lactancia-Materna-IGSS-7.jpg 2048w\" sizes=\"(max-width: 630px) 100vw, 630px\" alt=\"\">\r\n                            <\/a>\r\n                            \r\n                        <\/figure>\r\n                    <\/div>\r\n                    <div class = \"td-slide-item td-item10\">\r\n                        <figure class=\"td-slide-galery-figure td-slide-popup-gallery\">\r\n                            <a class=\"slide-gallery-image-link\" href=\"\/wp-content\/uploads\/sites\/5\/2018\/03\/Espacio-Amigo-de-la-Lactancia-Materna-IGSS-8.jpg\" title=\"Espacio Amigo de la Lactancia Materna IGSS-8\"  data-caption=\"\"  data-description=\"\">\r\n                                <img decoding=\"async\" src=\"\/wp-content\/uploads\/sites\/5\/2018\/03\/Espacio-Amigo-de-la-Lactancia-Materna-IGSS-8-630x420.jpg\" srcset=\"\/wp-content\/uploads\/sites\/5\/2018\/03\/Espacio-Amigo-de-la-Lactancia-Materna-IGSS-8-630x420.jpg 630w, \/wp-content\/uploads\/sites\/5\/2018\/03\/Espacio-Amigo-de-la-Lactancia-Materna-IGSS-8-1536x1024.jpg 1536w, \/wp-content\/uploads\/sites\/5\/2018\/03\/Espacio-Amigo-de-la-Lactancia-Materna-IGSS-8-300x200.jpg 300w, \/wp-content\/uploads\/sites\/5\/2018\/03\/Espacio-Amigo-de-la-Lactancia-Materna-IGSS-8-768x512.jpg 768w, \/wp-content\/uploads\/sites\/5\/2018\/03\/Espacio-Amigo-de-la-Lactancia-Materna-IGSS-8-1024x683.jpg 1024w, \/wp-content\/uploads\/sites\/5\/2018\/03\/Espacio-Amigo-de-la-Lactancia-Materna-IGSS-8-696x464.jpg 696w, \/wp-content\/uploads\/sites\/5\/2018\/03\/Espacio-Amigo-de-la-Lactancia-Materna-IGSS-8-1068x712.jpg 1068w, \/wp-content\/uploads\/sites\/5\/2018\/03\/Espacio-Amigo-de-la-Lactancia-Materna-IGSS-8-534x356.jpg 534w, \/wp-content\/uploads\/sites\/5\/2018\/03\/Espacio-Amigo-de-la-Lactancia-Materna-IGSS-8-1920x1280.jpg 1920w, \/wp-content\/uploads\/sites\/5\/2018\/03\/Espacio-Amigo-de-la-Lactancia-Materna-IGSS-8.jpg 2048w\" sizes=\"(max-width: 630px) 100vw, 630px\" alt=\"\">\r\n                            <\/a>\r\n                            \r\n                        <\/figure>\r\n                    <\/div>\r\n                    <div class = \"td-slide-item td-item11\">\r\n                        <figure class=\"td-slide-galery-figure td-slide-popup-gallery\">\r\n                            <a class=\"slide-gallery-image-link\" href=\"\/wp-content\/uploads\/sites\/5\/2018\/03\/Espacio-Amigo-de-la-Lactancia-Materna-IGSS-11.jpg\" title=\"Espacio Amigo de la Lactancia Materna IGSS-11\"  data-caption=\"\"  data-description=\"\">\r\n                                <img decoding=\"async\" src=\"\/wp-content\/uploads\/sites\/5\/2018\/03\/Espacio-Amigo-de-la-Lactancia-Materna-IGSS-11-630x420.jpg\" srcset=\"\/wp-content\/uploads\/sites\/5\/2018\/03\/Espacio-Amigo-de-la-Lactancia-Materna-IGSS-11-630x420.jpg 630w, \/wp-content\/uploads\/sites\/5\/2018\/03\/Espacio-Amigo-de-la-Lactancia-Materna-IGSS-11-1536x1024.jpg 1536w, \/wp-content\/uploads\/sites\/5\/2018\/03\/Espacio-Amigo-de-la-Lactancia-Materna-IGSS-11-300x200.jpg 300w, \/wp-content\/uploads\/sites\/5\/2018\/03\/Espacio-Amigo-de-la-Lactancia-Materna-IGSS-11-768x512.jpg 768w, \/wp-content\/uploads\/sites\/5\/2018\/03\/Espacio-Amigo-de-la-Lactancia-Materna-IGSS-11-1024x683.jpg 1024w, \/wp-content\/uploads\/sites\/5\/2018\/03\/Espacio-Amigo-de-la-Lactancia-Materna-IGSS-11-696x464.jpg 696w, \/wp-content\/uploads\/sites\/5\/2018\/03\/Espacio-Amigo-de-la-Lactancia-Materna-IGSS-11-1068x712.jpg 1068w, \/wp-content\/uploads\/sites\/5\/2018\/03\/Espacio-Amigo-de-la-Lactancia-Materna-IGSS-11-534x356.jpg 534w, \/wp-content\/uploads\/sites\/5\/2018\/03\/Espacio-Amigo-de-la-Lactancia-Materna-IGSS-11-1920x1280.jpg 1920w, \/wp-content\/uploads\/sites\/5\/2018\/03\/Espacio-Amigo-de-la-Lactancia-Materna-IGSS-11.jpg 2048w\" sizes=\"(max-width: 630px) 100vw, 630px\" alt=\"\">\r\n                            <\/a>\r\n                            \r\n                        <\/figure>\r\n                    <\/div>\r\n                            <\/div>\r\n                        <\/div>\r\n\r\n                        <div class = \"td-doubleSlider-2\">\r\n                            <div class = \"td-slider\">\r\n                                \r\n                    <div class = \"td-button td-item1\">\r\n                        <div class = \"td-border\"><\/div>\r\n                    <\/div>\r\n                    <div class = \"td-button td-item2\">\r\n                        <div class = \"td-border\"><\/div>\r\n                    <\/div>\r\n                    <div class = \"td-button td-item3\">\r\n                        <div class = \"td-border\"><\/div>\r\n                    <\/div>\r\n                    <div class = \"td-button td-item4\">\r\n                        <div class = \"td-border\"><\/div>\r\n                    <\/div>\r\n                    <div class = \"td-button td-item5\">\r\n                        <div class = \"td-border\"><\/div>\r\n                    <\/div>\r\n                    <div class = \"td-button td-item6\">\r\n                        <div class = \"td-border\"><\/div>\r\n                    <\/div>\r\n                    <div class = \"td-button td-item7\">\r\n                        <div class = \"td-border\"><\/div>\r\n                    <\/div>\r\n                    <div class = \"td-button td-item8\">\r\n                        <div class = \"td-border\"><\/div>\r\n                    <\/div>\r\n                    <div class = \"td-button td-item9\">\r\n                        <div class = \"td-border\"><\/div>\r\n                    <\/div>\r\n                    <div class = \"td-button td-item10\">\r\n                        <div class = \"td-border\"><\/div>\r\n                    <\/div>\r\n                    <div class = \"td-button td-item11\">\r\n                        <div class = \"td-border\"><\/div>\r\n                    <\/div>\r\n                            <\/div>\r\n                        <\/div>\r\n\r\n                    <\/div>\r\n\r\n                <\/div>\r\n                \n<hr \/>\n<p>&nbsp;<\/p>\n","protected":false},"excerpt":{"rendered":"<p>La lactancia materna es el alimento ideal para el reci\u00e9n nacido y por ello el Instituto Guatemalteco de Seguridad Social (IGSS) en apoyo a las madres trabajadoras de la instituci\u00f3n tom\u00f3 la iniciativa de implementar el \u201cEspacio Amigo de la Lactancia Materna\u201d, inform\u00f3 la doctora Varinia Pinto, encargada de la Secci\u00f3n de Higiene Materno Infantil. [&hellip;]<\/p>\n","protected":false},"author":4,"featured_media":4288,"comment_status":"open","ping_status":"open","sticky":false,"template":"","format":"standard","meta":{"footnotes":""},"categories":[3,24,29,36],"tags":[481,490,555],"coauthors":[],"class_list":{"0":"post-4283","1":"post","2":"type-post","3":"status-publish","4":"format-standard","5":"has-post-thumbnail","7":"category-actualidad","8":"category-pediatria","9":"category-publicaciones","10":"category-unidades-medicas","11":"tag-hospital-general-de-enfermedades","12":"tag-igss","13":"tag-lactancia-materna"},"_links":{"self":[{"href":"https:\/\/www.igssgt.org\/noticias\/wp-json\/wp\/v2\/posts\/4283","targetHints":{"allow":["GET"]}}],"collection":[{"href":"https:\/\/www.igssgt.org\/noticias\/wp-json\/wp\/v2\/posts"}],"about":[{"href":"https:\/\/www.igssgt.org\/noticias\/wp-json\/wp\/v2\/types\/post"}],"author":[{"embeddable":true,"href":"https:\/\/www.igssgt.org\/noticias\/wp-json\/wp\/v2\/users\/4"}],"replies":[{"embeddable":true,"href":"https:\/\/www.igssgt.org\/noticias\/wp-json\/wp\/v2\/comments?post=4283"}],"version-history":[{"count":0,"href":"https:\/\/www.igssgt.org\/noticias\/wp-json\/wp\/v2\/posts\/4283\/revisions"}],"wp:featuredmedia":[{"embeddable":true,"href":"https:\/\/www.igssgt.org\/noticias\/wp-json\/wp\/v2\/media\/4288"}],"wp:attachment":[{"href":"https:\/\/www.igssgt.org\/noticias\/wp-json\/wp\/v2\/media?parent=4283"}],"wp:term":[{"taxonomy":"category","embeddable":true,"href":"https:\/\/www.igssgt.org\/noticias\/wp-json\/wp\/v2\/categories?post=4283"},{"taxonomy":"post_tag","embeddable":true,"href":"https:\/\/www.igssgt.org\/noticias\/wp-json\/wp\/v2\/tags?post=4283"},{"taxonomy":"author","embeddable":true,"href":"https:\/\/www.igssgt.org\/noticias\/wp-json\/wp\/v2\/coauthors?post=4283"}],"curies":[{"name":"wp","href":"https:\/\/api.w.org\/{rel}","templated":true}]}}