{"id":42930,"date":"2024-06-13T15:51:39","date_gmt":"2024-06-13T21:51:39","guid":{"rendered":"https:\/\/www.igssgt.org\/noticias\/?p=42930"},"modified":"2024-06-13T15:51:40","modified_gmt":"2024-06-13T21:51:40","slug":"el-igss-es-anfitrion-regional-de-la-seguridad-social","status":"publish","type":"post","link":"https:\/\/www.igssgt.org\/noticias\/2024\/06\/13\/el-igss-es-anfitrion-regional-de-la-seguridad-social\/","title":{"rendered":"El IGSS es anfitri\u00f3n regional de la seguridad social"},"content":{"rendered":"\n<p class=\"has-drop-cap\">Con palabras de bienvenida del licenciado Jos\u00e9 Adolfo Flamenco Jau, presidente de Junta Directiva del IGSS, inici\u00f3 el Encuentro Regional de Instituciones de la Seguridad Social que, durante el 13 y 14 de junio, contar\u00e1 con la participaci\u00f3n de destacados profesionales nacionales e internacionales, quienes compartir\u00e1n experiencias y estrategias enfocadas en la ampliaci\u00f3n de cobertura para grupos de dif\u00edcil acceso.<\/p>\n\n\n<figure id=\"attachment_42935\" aria-describedby=\"caption-attachment-42935\" style=\"width: 1599px\" class=\"wp-caption alignnone\"><a href=\"\/wp-content\/uploads\/sites\/5\/2024\/06\/seguridad-social-5.jpg\" target=\"_blank\" rel=\"noopener\"><img loading=\"lazy\" decoding=\"async\" class=\"wp-image-42935 size-full\" src=\"\/wp-content\/uploads\/sites\/5\/2024\/06\/seguridad-social-5.jpg\" alt=\"\" width=\"1599\" height=\"1066\" srcset=\"\/wp-content\/uploads\/sites\/5\/2024\/06\/seguridad-social-5.jpg 1599w, \/wp-content\/uploads\/sites\/5\/2024\/06\/seguridad-social-5-300x200.jpg 300w, \/wp-content\/uploads\/sites\/5\/2024\/06\/seguridad-social-5-1024x683.jpg 1024w, \/wp-content\/uploads\/sites\/5\/2024\/06\/seguridad-social-5-768x512.jpg 768w, \/wp-content\/uploads\/sites\/5\/2024\/06\/seguridad-social-5-1536x1024.jpg 1536w, \/wp-content\/uploads\/sites\/5\/2024\/06\/seguridad-social-5-630x420.jpg 630w, \/wp-content\/uploads\/sites\/5\/2024\/06\/seguridad-social-5-696x464.jpg 696w, \/wp-content\/uploads\/sites\/5\/2024\/06\/seguridad-social-5-1068x712.jpg 1068w, \/wp-content\/uploads\/sites\/5\/2024\/06\/seguridad-social-5-534x356.jpg 534w\" sizes=\"auto, (max-width: 1599px) 100vw, 1599px\" \/><\/a><figcaption id=\"caption-attachment-42935\" class=\"wp-caption-text\">M\u00e1s de 120 participantes se dieron cita en el evento.<\/figcaption><\/figure>\n<p><strong>\u00abTenemos la m\u00e1s alta de las expectativas de cada una de las intervenciones, pues este encuentro sirve como un espacio de di\u00e1logo y reflexi\u00f3n en funci\u00f3n de la necesidad de ampliar los mecanismos de cobertura\u00bb<\/strong>, expres\u00f3 Flamenco Jau.<\/p>\n<p>Con la exposici\u00f3n inaugural, a cargo del doctor Fabio Dur\u00e1n, especialista en protecci\u00f3n social y desarrollo econ\u00f3mico de la Organizaci\u00f3n Internacional del Trabajo (OIT), arranc\u00f3 una serie de m\u00e1s de 15 ponencias y conversatorios sobre modernizaci\u00f3n, retos, oportunidades y tendencias en materia de seguridad social en Am\u00e9rica Latina.<\/p>\n<figure id=\"attachment_42931\" aria-describedby=\"caption-attachment-42931\" style=\"width: 1599px\" class=\"wp-caption alignnone\"><a href=\"\/wp-content\/uploads\/sites\/5\/2024\/06\/seguridad-social-1.jpg\" target=\"_blank\" rel=\"noopener\"><img loading=\"lazy\" decoding=\"async\" class=\"wp-image-42931 size-full\" src=\"\/wp-content\/uploads\/sites\/5\/2024\/06\/seguridad-social-1.jpg\" alt=\"\" width=\"1599\" height=\"1066\" srcset=\"\/wp-content\/uploads\/sites\/5\/2024\/06\/seguridad-social-1.jpg 1599w, \/wp-content\/uploads\/sites\/5\/2024\/06\/seguridad-social-1-300x200.jpg 300w, \/wp-content\/uploads\/sites\/5\/2024\/06\/seguridad-social-1-1024x683.jpg 1024w, \/wp-content\/uploads\/sites\/5\/2024\/06\/seguridad-social-1-768x512.jpg 768w, \/wp-content\/uploads\/sites\/5\/2024\/06\/seguridad-social-1-1536x1024.jpg 1536w, \/wp-content\/uploads\/sites\/5\/2024\/06\/seguridad-social-1-630x420.jpg 630w, \/wp-content\/uploads\/sites\/5\/2024\/06\/seguridad-social-1-696x464.jpg 696w, \/wp-content\/uploads\/sites\/5\/2024\/06\/seguridad-social-1-1068x712.jpg 1068w, \/wp-content\/uploads\/sites\/5\/2024\/06\/seguridad-social-1-534x356.jpg 534w\" sizes=\"auto, (max-width: 1599px) 100vw, 1599px\" \/><\/a><figcaption id=\"caption-attachment-42931\" class=\"wp-caption-text\">El licenciado Jos\u00e9 Adolfo Flamenco Jau, presidente de Junta Directiva del IGSS, expres\u00f3 su satisfacci\u00f3n por la buena recepci\u00f3n que tuvo el Encuentro Regional de Instituciones de la Seguridad Social.<\/figcaption><\/figure>\n<p>A continuaci\u00f3n, ante un marco de 120 distinguidos invitados, entre los que figuraron autoridades del IGSS y representantes del Instituto Mexicano de Seguridad Social (IMSS), Banco de Previsi\u00f3n Social (BPS) de Uruguay, Comisi\u00f3n Econ\u00f3mica para Am\u00e9rica Latina y el Caribe (CEPAL) , entre otros, se profundiz\u00f3 en el contexto econ\u00f3mico guatemalteco, en especial en la informalidad laboral, contribuci\u00f3n voluntaria, cobertura para trabajadoras dom\u00e9sticas y adhesi\u00f3n para empresas de menos de tres empleados.<\/p>\n<figure id=\"attachment_42932\" aria-describedby=\"caption-attachment-42932\" style=\"width: 1280px\" class=\"wp-caption alignnone\"><a href=\"\/wp-content\/uploads\/sites\/5\/2024\/06\/seguridad-social-2.jpg\" target=\"_blank\" rel=\"noopener\"><img loading=\"lazy\" decoding=\"async\" class=\"wp-image-42932 size-full\" src=\"\/wp-content\/uploads\/sites\/5\/2024\/06\/seguridad-social-2.jpg\" alt=\"\" width=\"1280\" height=\"853\" srcset=\"\/wp-content\/uploads\/sites\/5\/2024\/06\/seguridad-social-2.jpg 1280w, \/wp-content\/uploads\/sites\/5\/2024\/06\/seguridad-social-2-300x200.jpg 300w, \/wp-content\/uploads\/sites\/5\/2024\/06\/seguridad-social-2-1024x682.jpg 1024w, \/wp-content\/uploads\/sites\/5\/2024\/06\/seguridad-social-2-768x512.jpg 768w, \/wp-content\/uploads\/sites\/5\/2024\/06\/seguridad-social-2-630x420.jpg 630w, \/wp-content\/uploads\/sites\/5\/2024\/06\/seguridad-social-2-696x464.jpg 696w, \/wp-content\/uploads\/sites\/5\/2024\/06\/seguridad-social-2-1068x712.jpg 1068w, \/wp-content\/uploads\/sites\/5\/2024\/06\/seguridad-social-2-534x356.jpg 534w\" sizes=\"auto, (max-width: 1280px) 100vw, 1280px\" \/><\/a><figcaption id=\"caption-attachment-42932\" class=\"wp-caption-text\">Durante su disertacio, el Lic. Edson Javier Rivera M\u00e9ndez, gerente del Seguro Social, se refiri\u00f3 a las bondades de los Acuerdos del IGSS que propician la ampliaci\u00f3n de cobertura para grupos de dif\u00edcil acceso.<\/figcaption><\/figure>\n<p>Al respecto, el doctor Fabio Dur\u00e1n manifest\u00f3 que estos proyectos son pasos importantes y que se tiene que seguir trabajando en esa l\u00ednea para buscar alternativas para los diferentes grupos: <strong>\u201cEs evidente el deseo de la instituci\u00f3n de superar una situaci\u00f3n de cobertura que hist\u00f3ricamente ha afectado el sistema\u201d<\/strong>, dijo.<\/p>\n<figure id=\"attachment_42933\" aria-describedby=\"caption-attachment-42933\" style=\"width: 1599px\" class=\"wp-caption alignnone\"><a href=\"\/wp-content\/uploads\/sites\/5\/2024\/06\/seguridad-social-3.jpg\" target=\"_blank\" rel=\"noopener\"><img loading=\"lazy\" decoding=\"async\" class=\"wp-image-42933 size-full\" src=\"\/wp-content\/uploads\/sites\/5\/2024\/06\/seguridad-social-3.jpg\" alt=\"\" width=\"1599\" height=\"1066\" srcset=\"\/wp-content\/uploads\/sites\/5\/2024\/06\/seguridad-social-3.jpg 1599w, \/wp-content\/uploads\/sites\/5\/2024\/06\/seguridad-social-3-300x200.jpg 300w, \/wp-content\/uploads\/sites\/5\/2024\/06\/seguridad-social-3-1024x683.jpg 1024w, \/wp-content\/uploads\/sites\/5\/2024\/06\/seguridad-social-3-768x512.jpg 768w, \/wp-content\/uploads\/sites\/5\/2024\/06\/seguridad-social-3-1536x1024.jpg 1536w, \/wp-content\/uploads\/sites\/5\/2024\/06\/seguridad-social-3-630x420.jpg 630w, \/wp-content\/uploads\/sites\/5\/2024\/06\/seguridad-social-3-696x464.jpg 696w, \/wp-content\/uploads\/sites\/5\/2024\/06\/seguridad-social-3-1068x712.jpg 1068w, \/wp-content\/uploads\/sites\/5\/2024\/06\/seguridad-social-3-534x356.jpg 534w\" sizes=\"auto, (max-width: 1599px) 100vw, 1599px\" \/><\/a><figcaption id=\"caption-attachment-42933\" class=\"wp-caption-text\">El doctor Fabio Dur\u00e1n, especialista en protecci\u00f3n social y desarrollo econ\u00f3mico de la Organizaci\u00f3n Internacional del Trabajo (OIT), fue el encargado de la exposici\u00f3n inaugural.<\/figcaption><\/figure>\n<p>Por su parte, el M.Sc. Lic. Edson Javier Rivera M\u00e9ndez, gerente del Seguro Social, en ocasi\u00f3n de la disertaci\u00f3n sobre el programa para los trabajadores independientes, implementando por el IMSS, hizo una s\u00edntesis de los Acuerdos 1529 y 1543, que integran a empresas desde un trabajador y a migrantes guatemaltecos al R\u00e9gimen de la Seguridad Social, respectivamente.<\/p>\n<p>La actividad, que se desarrolla en la ciudad de La Antigua Guatemala, continuar\u00e1 ma\u00f1ana con la participaci\u00f3n de m\u00e1s expertos.<\/p>\n\r\n                <style type=\"text\/css\">\r\n                    \r\n                    #tdi_1  .td-doubleSlider-2 .td-item1 {\r\n                        background: url(\/wp-content\/uploads\/sites\/5\/2024\/06\/seguridad-social-7-80x60.jpg) 0 0 no-repeat;\r\n                    }\r\n                    #tdi_1  .td-doubleSlider-2 .td-item2 {\r\n                        background: url(\/wp-content\/uploads\/sites\/5\/2024\/06\/seguridad-social-4-80x60.jpg) 0 0 no-repeat;\r\n                    }\r\n                    #tdi_1  .td-doubleSlider-2 .td-item3 {\r\n                        background: url(\/wp-content\/uploads\/sites\/5\/2024\/06\/seguridad-social-8-80x60.jpg) 0 0 no-repeat;\r\n                    }\r\n                    #tdi_1  .td-doubleSlider-2 .td-item4 {\r\n                        background: url(\/wp-content\/uploads\/sites\/5\/2024\/06\/seguridad-social-9-80x60.jpg) 0 0 no-repeat;\r\n                    }\r\n                <\/style>\r\n\r\n                <div id=\"tdi_1\" class=\"td-gallery td-slide-on-2-columns\">\r\n                    <div class=\"post_td_gallery\">\r\n                        <div class=\"td-gallery-slide-top\">\r\n                           <div class=\"td-gallery-title\"><\/div>\r\n\r\n                            <div class=\"td-gallery-controls-wrapper\">\r\n                                <div class=\"td-gallery-slide-count\"><span class=\"td-gallery-slide-item-focus\">1<\/span> de 4<\/div>\r\n                                <div class=\"td-gallery-slide-prev-next-but\">\r\n                                    <i class = \"td-icon-left doubleSliderPrevButton\"><\/i>\r\n                                    <i class = \"td-icon-right doubleSliderNextButton\"><\/i>\r\n                                <\/div>\r\n                            <\/div>\r\n                        <\/div>\r\n\r\n                        <div class = \"td-doubleSlider-1 \">\r\n                            <div class = \"td-slider\">\r\n                                \r\n                    <div class = \"td-slide-item td-item1\">\r\n                        <figure class=\"td-slide-galery-figure td-slide-popup-gallery\">\r\n                            <a class=\"slide-gallery-image-link\" href=\"\/wp-content\/uploads\/sites\/5\/2024\/06\/seguridad-social-7.jpg\" title=\"seguridad social-7\"  data-caption=\"\"  data-description=\"\">\r\n                                <img decoding=\"async\" src=\"\/wp-content\/uploads\/sites\/5\/2024\/06\/seguridad-social-7-630x420.jpg\" srcset=\"\/wp-content\/uploads\/sites\/5\/2024\/06\/seguridad-social-7-630x420.jpg 630w, \/wp-content\/uploads\/sites\/5\/2024\/06\/seguridad-social-7-300x200.jpg 300w, \/wp-content\/uploads\/sites\/5\/2024\/06\/seguridad-social-7-1024x683.jpg 1024w, \/wp-content\/uploads\/sites\/5\/2024\/06\/seguridad-social-7-768x512.jpg 768w, \/wp-content\/uploads\/sites\/5\/2024\/06\/seguridad-social-7-1536x1024.jpg 1536w, \/wp-content\/uploads\/sites\/5\/2024\/06\/seguridad-social-7-696x464.jpg 696w, \/wp-content\/uploads\/sites\/5\/2024\/06\/seguridad-social-7-1068x712.jpg 1068w, \/wp-content\/uploads\/sites\/5\/2024\/06\/seguridad-social-7-534x356.jpg 534w, \/wp-content\/uploads\/sites\/5\/2024\/06\/seguridad-social-7.jpg 1599w\" sizes=\"(max-width: 630px) 100vw, 630px\" alt=\"\">\r\n                            <\/a>\r\n                            \r\n                        <\/figure>\r\n                    <\/div>\r\n                    <div class = \"td-slide-item td-item2\">\r\n                        <figure class=\"td-slide-galery-figure td-slide-popup-gallery\">\r\n                            <a class=\"slide-gallery-image-link\" href=\"\/wp-content\/uploads\/sites\/5\/2024\/06\/seguridad-social-4.jpg\" title=\"seguridad social-4\"  data-caption=\"\"  data-description=\"\">\r\n                                <img decoding=\"async\" src=\"\/wp-content\/uploads\/sites\/5\/2024\/06\/seguridad-social-4-630x420.jpg\" srcset=\"\/wp-content\/uploads\/sites\/5\/2024\/06\/seguridad-social-4-630x420.jpg 630w, \/wp-content\/uploads\/sites\/5\/2024\/06\/seguridad-social-4-300x200.jpg 300w, \/wp-content\/uploads\/sites\/5\/2024\/06\/seguridad-social-4-1024x683.jpg 1024w, \/wp-content\/uploads\/sites\/5\/2024\/06\/seguridad-social-4-768x512.jpg 768w, \/wp-content\/uploads\/sites\/5\/2024\/06\/seguridad-social-4-1536x1024.jpg 1536w, \/wp-content\/uploads\/sites\/5\/2024\/06\/seguridad-social-4-696x464.jpg 696w, \/wp-content\/uploads\/sites\/5\/2024\/06\/seguridad-social-4-1068x712.jpg 1068w, \/wp-content\/uploads\/sites\/5\/2024\/06\/seguridad-social-4-534x356.jpg 534w, \/wp-content\/uploads\/sites\/5\/2024\/06\/seguridad-social-4.jpg 1599w\" sizes=\"(max-width: 630px) 100vw, 630px\" alt=\"\">\r\n                            <\/a>\r\n                            \r\n                        <\/figure>\r\n                    <\/div>\r\n                    <div class = \"td-slide-item td-item3\">\r\n                        <figure class=\"td-slide-galery-figure td-slide-popup-gallery\">\r\n                            <a class=\"slide-gallery-image-link\" href=\"\/wp-content\/uploads\/sites\/5\/2024\/06\/seguridad-social-8.jpg\" title=\"seguridad social-8\"  data-caption=\"\"  data-description=\"\">\r\n                                <img decoding=\"async\" src=\"\/wp-content\/uploads\/sites\/5\/2024\/06\/seguridad-social-8-630x420.jpg\" srcset=\"\/wp-content\/uploads\/sites\/5\/2024\/06\/seguridad-social-8-630x420.jpg 630w, \/wp-content\/uploads\/sites\/5\/2024\/06\/seguridad-social-8-300x200.jpg 300w, \/wp-content\/uploads\/sites\/5\/2024\/06\/seguridad-social-8-1024x683.jpg 1024w, \/wp-content\/uploads\/sites\/5\/2024\/06\/seguridad-social-8-768x512.jpg 768w, \/wp-content\/uploads\/sites\/5\/2024\/06\/seguridad-social-8-1536x1024.jpg 1536w, \/wp-content\/uploads\/sites\/5\/2024\/06\/seguridad-social-8-696x464.jpg 696w, \/wp-content\/uploads\/sites\/5\/2024\/06\/seguridad-social-8-1068x712.jpg 1068w, \/wp-content\/uploads\/sites\/5\/2024\/06\/seguridad-social-8-534x356.jpg 534w, \/wp-content\/uploads\/sites\/5\/2024\/06\/seguridad-social-8.jpg 1599w\" sizes=\"(max-width: 630px) 100vw, 630px\" alt=\"\">\r\n                            <\/a>\r\n                            \r\n                        <\/figure>\r\n                    <\/div>\r\n                    <div class = \"td-slide-item td-item4\">\r\n                        <figure class=\"td-slide-galery-figure td-slide-popup-gallery\">\r\n                            <a class=\"slide-gallery-image-link\" href=\"\/wp-content\/uploads\/sites\/5\/2024\/06\/seguridad-social-9.jpg\" title=\"seguridad social-9\"  data-caption=\"\"  data-description=\"\">\r\n                                <img decoding=\"async\" src=\"\/wp-content\/uploads\/sites\/5\/2024\/06\/seguridad-social-9-626x420.jpg\" srcset=\"\/wp-content\/uploads\/sites\/5\/2024\/06\/seguridad-social-9-626x420.jpg 626w, \/wp-content\/uploads\/sites\/5\/2024\/06\/seguridad-social-9-300x201.jpg 300w, \/wp-content\/uploads\/sites\/5\/2024\/06\/seguridad-social-9-1024x687.jpg 1024w, \/wp-content\/uploads\/sites\/5\/2024\/06\/seguridad-social-9-768x515.jpg 768w, \/wp-content\/uploads\/sites\/5\/2024\/06\/seguridad-social-9-696x467.jpg 696w, \/wp-content\/uploads\/sites\/5\/2024\/06\/seguridad-social-9-1068x717.jpg 1068w, \/wp-content\/uploads\/sites\/5\/2024\/06\/seguridad-social-9-534x358.jpg 534w, \/wp-content\/uploads\/sites\/5\/2024\/06\/seguridad-social-9.jpg 1517w\" sizes=\"(max-width: 626px) 100vw, 626px\" alt=\"\">\r\n                            <\/a>\r\n                            \r\n                        <\/figure>\r\n                    <\/div>\r\n                            <\/div>\r\n                        <\/div>\r\n\r\n                        <div class = \"td-doubleSlider-2\">\r\n                            <div class = \"td-slider\">\r\n                                \r\n                    <div class = \"td-button td-item1\">\r\n                        <div class = \"td-border\"><\/div>\r\n                    <\/div>\r\n                    <div class = \"td-button td-item2\">\r\n                        <div class = \"td-border\"><\/div>\r\n                    <\/div>\r\n                    <div class = \"td-button td-item3\">\r\n                        <div class = \"td-border\"><\/div>\r\n                    <\/div>\r\n                    <div class = \"td-button td-item4\">\r\n                        <div class = \"td-border\"><\/div>\r\n                    <\/div>\r\n                            <\/div>\r\n                        <\/div>\r\n\r\n                    <\/div>\r\n\r\n                <\/div>\r\n                ","protected":false},"excerpt":{"rendered":"<p>Con palabras de bienvenida del licenciado Jos\u00e9 Adolfo Flamenco Jau, presidente de Junta Directiva del IGSS, inici\u00f3 el Encuentro Regional de Instituciones de la Seguridad Social que, durante el 13 y 14 de junio, contar\u00e1 con la participaci\u00f3n de destacados profesionales nacionales e internacionales, quienes compartir\u00e1n experiencias y estrategias enfocadas en la ampliaci\u00f3n de cobertura [&hellip;]<\/p>\n","protected":false},"author":1961,"featured_media":42936,"comment_status":"closed","ping_status":"closed","sticky":false,"template":"","format":"standard","meta":{"footnotes":""},"categories":[3],"tags":[117,777],"coauthors":[],"class_list":{"0":"post-42930","1":"post","2":"type-post","3":"status-publish","4":"format-standard","5":"has-post-thumbnail","7":"category-actualidad","8":"tag-antigua-guatemala","9":"tag-seguridad-social"},"_links":{"self":[{"href":"https:\/\/www.igssgt.org\/noticias\/wp-json\/wp\/v2\/posts\/42930","targetHints":{"allow":["GET"]}}],"collection":[{"href":"https:\/\/www.igssgt.org\/noticias\/wp-json\/wp\/v2\/posts"}],"about":[{"href":"https:\/\/www.igssgt.org\/noticias\/wp-json\/wp\/v2\/types\/post"}],"author":[{"embeddable":true,"href":"https:\/\/www.igssgt.org\/noticias\/wp-json\/wp\/v2\/users\/1961"}],"replies":[{"embeddable":true,"href":"https:\/\/www.igssgt.org\/noticias\/wp-json\/wp\/v2\/comments?post=42930"}],"version-history":[{"count":1,"href":"https:\/\/www.igssgt.org\/noticias\/wp-json\/wp\/v2\/posts\/42930\/revisions"}],"predecessor-version":[{"id":42940,"href":"https:\/\/www.igssgt.org\/noticias\/wp-json\/wp\/v2\/posts\/42930\/revisions\/42940"}],"wp:featuredmedia":[{"embeddable":true,"href":"https:\/\/www.igssgt.org\/noticias\/wp-json\/wp\/v2\/media\/42936"}],"wp:attachment":[{"href":"https:\/\/www.igssgt.org\/noticias\/wp-json\/wp\/v2\/media?parent=42930"}],"wp:term":[{"taxonomy":"category","embeddable":true,"href":"https:\/\/www.igssgt.org\/noticias\/wp-json\/wp\/v2\/categories?post=42930"},{"taxonomy":"post_tag","embeddable":true,"href":"https:\/\/www.igssgt.org\/noticias\/wp-json\/wp\/v2\/tags?post=42930"},{"taxonomy":"author","embeddable":true,"href":"https:\/\/www.igssgt.org\/noticias\/wp-json\/wp\/v2\/coauthors?post=42930"}],"curies":[{"name":"wp","href":"https:\/\/api.w.org\/{rel}","templated":true}]}}