{"id":4296,"date":"2018-03-15T16:32:10","date_gmt":"2018-03-15T22:32:10","guid":{"rendered":"http:\/\/noticias.igssgt.org\/?p=4296"},"modified":"2018-03-15T16:32:10","modified_gmt":"2018-03-15T22:32:10","slug":"autoridades-del-igss-participan-en-foro-iberoamericano-sobre-seguridad-vial","status":"publish","type":"post","link":"https:\/\/www.igssgt.org\/noticias\/2018\/03\/15\/autoridades-del-igss-participan-en-foro-iberoamericano-sobre-seguridad-vial\/","title":{"rendered":"Autoridades del IGSS participan en Foro Iberoamericano sobre seguridad vial"},"content":{"rendered":"<p><a href=\"\/noticias\/wp-content\/uploads\/sites\/5\/2018\/03\/Autoridades-del-IGSS-participan-en-Foro-Iberoamericano-sobre-seguridad-vial-FICVI-3.jpg\"><img loading=\"lazy\" decoding=\"async\" class=\"alignnone size-full wp-image-4299\" src=\"\/noticias\/wp-content\/uploads\/sites\/5\/2018\/03\/Autoridades-del-IGSS-participan-en-Foro-Iberoamericano-sobre-seguridad-vial-FICVI-3.jpg\" alt=\"\" width=\"2048\" height=\"1365\" srcset=\"\/wp-content\/uploads\/sites\/5\/2018\/03\/Autoridades-del-IGSS-participan-en-Foro-Iberoamericano-sobre-seguridad-vial-FICVI-3.jpg 2048w, \/wp-content\/uploads\/sites\/5\/2018\/03\/Autoridades-del-IGSS-participan-en-Foro-Iberoamericano-sobre-seguridad-vial-FICVI-3-1536x1024.jpg 1536w, \/wp-content\/uploads\/sites\/5\/2018\/03\/Autoridades-del-IGSS-participan-en-Foro-Iberoamericano-sobre-seguridad-vial-FICVI-3-300x200.jpg 300w, \/wp-content\/uploads\/sites\/5\/2018\/03\/Autoridades-del-IGSS-participan-en-Foro-Iberoamericano-sobre-seguridad-vial-FICVI-3-768x512.jpg 768w, \/wp-content\/uploads\/sites\/5\/2018\/03\/Autoridades-del-IGSS-participan-en-Foro-Iberoamericano-sobre-seguridad-vial-FICVI-3-1024x683.jpg 1024w, \/wp-content\/uploads\/sites\/5\/2018\/03\/Autoridades-del-IGSS-participan-en-Foro-Iberoamericano-sobre-seguridad-vial-FICVI-3-630x420.jpg 630w, \/wp-content\/uploads\/sites\/5\/2018\/03\/Autoridades-del-IGSS-participan-en-Foro-Iberoamericano-sobre-seguridad-vial-FICVI-3-696x464.jpg 696w, \/wp-content\/uploads\/sites\/5\/2018\/03\/Autoridades-del-IGSS-participan-en-Foro-Iberoamericano-sobre-seguridad-vial-FICVI-3-1068x712.jpg 1068w, \/wp-content\/uploads\/sites\/5\/2018\/03\/Autoridades-del-IGSS-participan-en-Foro-Iberoamericano-sobre-seguridad-vial-FICVI-3-534x356.jpg 534w, \/wp-content\/uploads\/sites\/5\/2018\/03\/Autoridades-del-IGSS-participan-en-Foro-Iberoamericano-sobre-seguridad-vial-FICVI-3-1920x1280.jpg 1920w\" sizes=\"auto, (max-width: 2048px) 100vw, 2048px\" \/><\/a><\/p>\n<p>Autoridades del IGSS participaron en el foro \u201cLa Seguridad Vial es una Responsabilidad de Todos\u201d organizado por la Federaci\u00f3n Iberoamericana de Asociaciones de V\u00edctimas Contra la Violencia Vial (FICVI), en el que plante\u00f3 la problem\u00e1tica que generan estos percances, as\u00ed como la importancia de frenar esta situaci\u00f3n la cual ha venido en constante aumento.<\/p>\n<p>El doctor Oscar Palma, jefe de la Emergencia del Hospital General de Accidentes Ceibal, expuso acerca del alarmante incremento que han tenido los hechos viales, pues para ejemplificarlo dijo que en el a\u00f1o 2011 mensualmente este centro asistencial atend\u00eda a un promedio de 2 mil pacientes pero de 2016 en adelante se atiende a 7,600 cada mes, equivalente a 450 diarios.<\/p>\n<p>En el a\u00f1o 2017 el hospital atendi\u00f3 a 86,285 personas v\u00edctimas de accidentes, de los cuales 71,585 fueron hechos de tr\u00e1nsito, cifra que representa el 82%, mientras que los 14,700 restantes fueron por otras causas.<\/p>\n<p>El profesional explic\u00f3 que de los 71,585 pacientes v\u00edctimas de accidentes de tr\u00e1nsito atendidos el a\u00f1o pasado, se estableci\u00f3 que 13,612 se conduc\u00edan en motocicletas, mientras que de los 55,722 \u00fanicamente se tuvo la referencia de los bomberos que fue por percance vial sin especificar el tipo de automotor. Del total de v\u00edctimas, 47,894 fueron hombres.<\/p>\n<p><strong>Alto costo<\/strong><\/p>\n<p>\u201cSi las v\u00edctimas de hechos viales no contaran con los servicios del IGSS no podr\u00edan tener un adecuado restablecimiento de su salud, pues no cuentan con los recursos econ\u00f3micos para pagar sumas exorbitantes y se quedar\u00edan en condiciones muy precarias\u201d, dijo el licenciado Carlos Contreras, presidente de la Junta Directiva del Instituto.<\/p>\n<p>La atenci\u00f3n a los pacientes v\u00edctimas de accidentes en motocicleta represent\u00f3 el a\u00f1o pasado para el Instituto un gasto de m\u00e1s de Q400 millones. No obstante que se les brinda todos los servicios m\u00e9dicos que se necesiten, hay personas que quedan en condiciones que los marcan para toda la vida, pues pierden alg\u00fan miembro, o se quedan sin trabajo, dejando en precarias condiciones a su familia, puntualiz\u00f3 el licenciado Contreras.<\/p>\n<p>En el foro participaron representantes de 14 pa\u00edses que integran 20 asociaciones de v\u00edctimas y afectados por percances viales, que conforman la FICVI. Esta organizaci\u00f3n revela que a nivel Latinoamericano en los \u00faltimos cinco a\u00f1os m\u00e1s muerto m\u00e1s de 700 mil personas y 30 millones ha resultado heridas en hechos viales.<strong>\u00a0<\/strong><\/p>\n\r\n                <style type=\"text\/css\">\r\n                    \r\n                    #tdi_1  .td-doubleSlider-2 .td-item1 {\r\n                        background: url(\/wp-content\/uploads\/sites\/5\/2018\/03\/Autoridades-del-IGSS-participan-en-Foro-Iberoamericano-sobre-seguridad-vial-FICVI-1-80x60.jpg) 0 0 no-repeat;\r\n                    }\r\n                    #tdi_1  .td-doubleSlider-2 .td-item2 {\r\n                        background: url(\/wp-content\/uploads\/sites\/5\/2018\/03\/Autoridades-del-IGSS-participan-en-Foro-Iberoamericano-sobre-seguridad-vial-FICVI-2-80x60.jpg) 0 0 no-repeat;\r\n                    }\r\n                    #tdi_1  .td-doubleSlider-2 .td-item3 {\r\n                        background: url(\/wp-content\/uploads\/sites\/5\/2018\/03\/Autoridades-del-IGSS-participan-en-Foro-Iberoamericano-sobre-seguridad-vial-FICVI-3-80x60.jpg) 0 0 no-repeat;\r\n                    }\r\n                    #tdi_1  .td-doubleSlider-2 .td-item4 {\r\n                        background: url(\/wp-content\/uploads\/sites\/5\/2018\/03\/Autoridades-del-IGSS-participan-en-Foro-Iberoamericano-sobre-seguridad-vial-FICVI-4-80x60.jpg) 0 0 no-repeat;\r\n                    }\r\n                    #tdi_1  .td-doubleSlider-2 .td-item5 {\r\n                        background: url(\/wp-content\/uploads\/sites\/5\/2018\/03\/Autoridades-del-IGSS-participan-en-Foro-Iberoamericano-sobre-seguridad-vial-FICVI-5-80x60.jpg) 0 0 no-repeat;\r\n                    }\r\n                    #tdi_1  .td-doubleSlider-2 .td-item6 {\r\n                        background: url(\/wp-content\/uploads\/sites\/5\/2018\/03\/Autoridades-del-IGSS-participan-en-Foro-Iberoamericano-sobre-seguridad-vial-FICVI-6-80x60.jpg) 0 0 no-repeat;\r\n                    }\r\n                    #tdi_1  .td-doubleSlider-2 .td-item7 {\r\n                        background: url(\/wp-content\/uploads\/sites\/5\/2018\/03\/Autoridades-del-IGSS-participan-en-Foro-Iberoamericano-sobre-seguridad-vial-FICVI-7-80x60.jpg) 0 0 no-repeat;\r\n                    }\r\n                    #tdi_1  .td-doubleSlider-2 .td-item8 {\r\n                        background: url(\/wp-content\/uploads\/sites\/5\/2018\/03\/Autoridades-del-IGSS-participan-en-Foro-Iberoamericano-sobre-seguridad-vial-FICVI-8-80x60.jpg) 0 0 no-repeat;\r\n                    }\r\n                <\/style>\r\n\r\n                <div id=\"tdi_1\" class=\"td-gallery td-slide-on-2-columns\">\r\n                    <div class=\"post_td_gallery\">\r\n                        <div class=\"td-gallery-slide-top\">\r\n                           <div class=\"td-gallery-title\"><\/div>\r\n\r\n                            <div class=\"td-gallery-controls-wrapper\">\r\n                                <div class=\"td-gallery-slide-count\"><span class=\"td-gallery-slide-item-focus\">1<\/span> de 8<\/div>\r\n                                <div class=\"td-gallery-slide-prev-next-but\">\r\n                                    <i class = \"td-icon-left doubleSliderPrevButton\"><\/i>\r\n                                    <i class = \"td-icon-right doubleSliderNextButton\"><\/i>\r\n                                <\/div>\r\n                            <\/div>\r\n                        <\/div>\r\n\r\n                        <div class = \"td-doubleSlider-1 \">\r\n                            <div class = \"td-slider\">\r\n                                \r\n                    <div class = \"td-slide-item td-item1\">\r\n                        <figure class=\"td-slide-galery-figure td-slide-popup-gallery\">\r\n                            <a class=\"slide-gallery-image-link\" href=\"\/wp-content\/uploads\/sites\/5\/2018\/03\/Autoridades-del-IGSS-participan-en-Foro-Iberoamericano-sobre-seguridad-vial-FICVI-1.jpg\" title=\"Autoridades del IGSS participan en Foro Iberoamericano sobre seguridad vial FICVI-1\"  data-caption=\"\"  data-description=\"\">\r\n                                <img decoding=\"async\" src=\"\/wp-content\/uploads\/sites\/5\/2018\/03\/Autoridades-del-IGSS-participan-en-Foro-Iberoamericano-sobre-seguridad-vial-FICVI-1-575x420.jpg\" srcset=\"\/wp-content\/uploads\/sites\/5\/2018\/03\/Autoridades-del-IGSS-participan-en-Foro-Iberoamericano-sobre-seguridad-vial-FICVI-1-575x420.jpg 575w, \/wp-content\/uploads\/sites\/5\/2018\/03\/Autoridades-del-IGSS-participan-en-Foro-Iberoamericano-sobre-seguridad-vial-FICVI-1-1536x1121.jpg 1536w, \/wp-content\/uploads\/sites\/5\/2018\/03\/Autoridades-del-IGSS-participan-en-Foro-Iberoamericano-sobre-seguridad-vial-FICVI-1-300x219.jpg 300w, \/wp-content\/uploads\/sites\/5\/2018\/03\/Autoridades-del-IGSS-participan-en-Foro-Iberoamericano-sobre-seguridad-vial-FICVI-1-768x561.jpg 768w, \/wp-content\/uploads\/sites\/5\/2018\/03\/Autoridades-del-IGSS-participan-en-Foro-Iberoamericano-sobre-seguridad-vial-FICVI-1-1024x748.jpg 1024w, \/wp-content\/uploads\/sites\/5\/2018\/03\/Autoridades-del-IGSS-participan-en-Foro-Iberoamericano-sobre-seguridad-vial-FICVI-1-696x508.jpg 696w, \/wp-content\/uploads\/sites\/5\/2018\/03\/Autoridades-del-IGSS-participan-en-Foro-Iberoamericano-sobre-seguridad-vial-FICVI-1-1068x780.jpg 1068w, \/wp-content\/uploads\/sites\/5\/2018\/03\/Autoridades-del-IGSS-participan-en-Foro-Iberoamericano-sobre-seguridad-vial-FICVI-1-534x390.jpg 534w, \/wp-content\/uploads\/sites\/5\/2018\/03\/Autoridades-del-IGSS-participan-en-Foro-Iberoamericano-sobre-seguridad-vial-FICVI-1-1920x1402.jpg 1920w, \/wp-content\/uploads\/sites\/5\/2018\/03\/Autoridades-del-IGSS-participan-en-Foro-Iberoamericano-sobre-seguridad-vial-FICVI-1.jpg 2048w\" sizes=\"(max-width: 575px) 100vw, 575px\" alt=\"\">\r\n                            <\/a>\r\n                            \r\n                        <\/figure>\r\n                    <\/div>\r\n                    <div class = \"td-slide-item td-item2\">\r\n                        <figure class=\"td-slide-galery-figure td-slide-popup-gallery\">\r\n                            <a class=\"slide-gallery-image-link\" href=\"\/wp-content\/uploads\/sites\/5\/2018\/03\/Autoridades-del-IGSS-participan-en-Foro-Iberoamericano-sobre-seguridad-vial-FICVI-2.jpg\" title=\"Autoridades del IGSS participan en Foro Iberoamericano sobre seguridad vial FICVI-2\"  data-caption=\"\"  data-description=\"\">\r\n                                <img decoding=\"async\" src=\"\/wp-content\/uploads\/sites\/5\/2018\/03\/Autoridades-del-IGSS-participan-en-Foro-Iberoamericano-sobre-seguridad-vial-FICVI-2-630x420.jpg\" srcset=\"\/wp-content\/uploads\/sites\/5\/2018\/03\/Autoridades-del-IGSS-participan-en-Foro-Iberoamericano-sobre-seguridad-vial-FICVI-2-630x420.jpg 630w, \/wp-content\/uploads\/sites\/5\/2018\/03\/Autoridades-del-IGSS-participan-en-Foro-Iberoamericano-sobre-seguridad-vial-FICVI-2-1536x1024.jpg 1536w, \/wp-content\/uploads\/sites\/5\/2018\/03\/Autoridades-del-IGSS-participan-en-Foro-Iberoamericano-sobre-seguridad-vial-FICVI-2-300x200.jpg 300w, \/wp-content\/uploads\/sites\/5\/2018\/03\/Autoridades-del-IGSS-participan-en-Foro-Iberoamericano-sobre-seguridad-vial-FICVI-2-768x512.jpg 768w, \/wp-content\/uploads\/sites\/5\/2018\/03\/Autoridades-del-IGSS-participan-en-Foro-Iberoamericano-sobre-seguridad-vial-FICVI-2-1024x683.jpg 1024w, \/wp-content\/uploads\/sites\/5\/2018\/03\/Autoridades-del-IGSS-participan-en-Foro-Iberoamericano-sobre-seguridad-vial-FICVI-2-696x464.jpg 696w, \/wp-content\/uploads\/sites\/5\/2018\/03\/Autoridades-del-IGSS-participan-en-Foro-Iberoamericano-sobre-seguridad-vial-FICVI-2-1068x712.jpg 1068w, \/wp-content\/uploads\/sites\/5\/2018\/03\/Autoridades-del-IGSS-participan-en-Foro-Iberoamericano-sobre-seguridad-vial-FICVI-2-534x356.jpg 534w, \/wp-content\/uploads\/sites\/5\/2018\/03\/Autoridades-del-IGSS-participan-en-Foro-Iberoamericano-sobre-seguridad-vial-FICVI-2-1920x1280.jpg 1920w, \/wp-content\/uploads\/sites\/5\/2018\/03\/Autoridades-del-IGSS-participan-en-Foro-Iberoamericano-sobre-seguridad-vial-FICVI-2.jpg 2048w\" sizes=\"(max-width: 630px) 100vw, 630px\" alt=\"\">\r\n                            <\/a>\r\n                            \r\n                        <\/figure>\r\n                    <\/div>\r\n                    <div class = \"td-slide-item td-item3\">\r\n                        <figure class=\"td-slide-galery-figure td-slide-popup-gallery\">\r\n                            <a class=\"slide-gallery-image-link\" href=\"\/wp-content\/uploads\/sites\/5\/2018\/03\/Autoridades-del-IGSS-participan-en-Foro-Iberoamericano-sobre-seguridad-vial-FICVI-3.jpg\" title=\"Autoridades del IGSS participan en Foro Iberoamericano sobre seguridad vial FICVI-3\"  data-caption=\"\"  data-description=\"\">\r\n                                <img decoding=\"async\" src=\"\/wp-content\/uploads\/sites\/5\/2018\/03\/Autoridades-del-IGSS-participan-en-Foro-Iberoamericano-sobre-seguridad-vial-FICVI-3-630x420.jpg\" srcset=\"\/wp-content\/uploads\/sites\/5\/2018\/03\/Autoridades-del-IGSS-participan-en-Foro-Iberoamericano-sobre-seguridad-vial-FICVI-3-630x420.jpg 630w, \/wp-content\/uploads\/sites\/5\/2018\/03\/Autoridades-del-IGSS-participan-en-Foro-Iberoamericano-sobre-seguridad-vial-FICVI-3-1536x1024.jpg 1536w, \/wp-content\/uploads\/sites\/5\/2018\/03\/Autoridades-del-IGSS-participan-en-Foro-Iberoamericano-sobre-seguridad-vial-FICVI-3-300x200.jpg 300w, \/wp-content\/uploads\/sites\/5\/2018\/03\/Autoridades-del-IGSS-participan-en-Foro-Iberoamericano-sobre-seguridad-vial-FICVI-3-768x512.jpg 768w, \/wp-content\/uploads\/sites\/5\/2018\/03\/Autoridades-del-IGSS-participan-en-Foro-Iberoamericano-sobre-seguridad-vial-FICVI-3-1024x683.jpg 1024w, \/wp-content\/uploads\/sites\/5\/2018\/03\/Autoridades-del-IGSS-participan-en-Foro-Iberoamericano-sobre-seguridad-vial-FICVI-3-696x464.jpg 696w, \/wp-content\/uploads\/sites\/5\/2018\/03\/Autoridades-del-IGSS-participan-en-Foro-Iberoamericano-sobre-seguridad-vial-FICVI-3-1068x712.jpg 1068w, \/wp-content\/uploads\/sites\/5\/2018\/03\/Autoridades-del-IGSS-participan-en-Foro-Iberoamericano-sobre-seguridad-vial-FICVI-3-534x356.jpg 534w, \/wp-content\/uploads\/sites\/5\/2018\/03\/Autoridades-del-IGSS-participan-en-Foro-Iberoamericano-sobre-seguridad-vial-FICVI-3-1920x1280.jpg 1920w, \/wp-content\/uploads\/sites\/5\/2018\/03\/Autoridades-del-IGSS-participan-en-Foro-Iberoamericano-sobre-seguridad-vial-FICVI-3.jpg 2048w\" sizes=\"(max-width: 630px) 100vw, 630px\" alt=\"\">\r\n                            <\/a>\r\n                            \r\n                        <\/figure>\r\n                    <\/div>\r\n                    <div class = \"td-slide-item td-item4\">\r\n                        <figure class=\"td-slide-galery-figure td-slide-popup-gallery\">\r\n                            <a class=\"slide-gallery-image-link\" href=\"\/wp-content\/uploads\/sites\/5\/2018\/03\/Autoridades-del-IGSS-participan-en-Foro-Iberoamericano-sobre-seguridad-vial-FICVI-4.jpg\" title=\"Autoridades del IGSS participan en Foro Iberoamericano sobre seguridad vial FICVI-4\"  data-caption=\"\"  data-description=\"\">\r\n                                <img decoding=\"async\" src=\"\/wp-content\/uploads\/sites\/5\/2018\/03\/Autoridades-del-IGSS-participan-en-Foro-Iberoamericano-sobre-seguridad-vial-FICVI-4-539x420.jpg\" srcset=\"\/wp-content\/uploads\/sites\/5\/2018\/03\/Autoridades-del-IGSS-participan-en-Foro-Iberoamericano-sobre-seguridad-vial-FICVI-4-539x420.jpg 539w, \/wp-content\/uploads\/sites\/5\/2018\/03\/Autoridades-del-IGSS-participan-en-Foro-Iberoamericano-sobre-seguridad-vial-FICVI-4-1536x1198.jpg 1536w, \/wp-content\/uploads\/sites\/5\/2018\/03\/Autoridades-del-IGSS-participan-en-Foro-Iberoamericano-sobre-seguridad-vial-FICVI-4-300x234.jpg 300w, \/wp-content\/uploads\/sites\/5\/2018\/03\/Autoridades-del-IGSS-participan-en-Foro-Iberoamericano-sobre-seguridad-vial-FICVI-4-768x599.jpg 768w, \/wp-content\/uploads\/sites\/5\/2018\/03\/Autoridades-del-IGSS-participan-en-Foro-Iberoamericano-sobre-seguridad-vial-FICVI-4-1024x798.jpg 1024w, \/wp-content\/uploads\/sites\/5\/2018\/03\/Autoridades-del-IGSS-participan-en-Foro-Iberoamericano-sobre-seguridad-vial-FICVI-4-696x543.jpg 696w, \/wp-content\/uploads\/sites\/5\/2018\/03\/Autoridades-del-IGSS-participan-en-Foro-Iberoamericano-sobre-seguridad-vial-FICVI-4-1068x833.jpg 1068w, \/wp-content\/uploads\/sites\/5\/2018\/03\/Autoridades-del-IGSS-participan-en-Foro-Iberoamericano-sobre-seguridad-vial-FICVI-4-534x416.jpg 534w, \/wp-content\/uploads\/sites\/5\/2018\/03\/Autoridades-del-IGSS-participan-en-Foro-Iberoamericano-sobre-seguridad-vial-FICVI-4.jpg 1761w\" sizes=\"(max-width: 539px) 100vw, 539px\" alt=\"\">\r\n                            <\/a>\r\n                            \r\n                        <\/figure>\r\n                    <\/div>\r\n                    <div class = \"td-slide-item td-item5\">\r\n                        <figure class=\"td-slide-galery-figure td-slide-popup-gallery\">\r\n                            <a class=\"slide-gallery-image-link\" href=\"\/wp-content\/uploads\/sites\/5\/2018\/03\/Autoridades-del-IGSS-participan-en-Foro-Iberoamericano-sobre-seguridad-vial-FICVI-5.jpg\" title=\"Autoridades del IGSS participan en Foro Iberoamericano sobre seguridad vial FICVI-5\"  data-caption=\"\"  data-description=\"\">\r\n                                <img decoding=\"async\" src=\"\/wp-content\/uploads\/sites\/5\/2018\/03\/Autoridades-del-IGSS-participan-en-Foro-Iberoamericano-sobre-seguridad-vial-FICVI-5-630x420.jpg\" srcset=\"\/wp-content\/uploads\/sites\/5\/2018\/03\/Autoridades-del-IGSS-participan-en-Foro-Iberoamericano-sobre-seguridad-vial-FICVI-5-630x420.jpg 630w, \/wp-content\/uploads\/sites\/5\/2018\/03\/Autoridades-del-IGSS-participan-en-Foro-Iberoamericano-sobre-seguridad-vial-FICVI-5-1536x1024.jpg 1536w, \/wp-content\/uploads\/sites\/5\/2018\/03\/Autoridades-del-IGSS-participan-en-Foro-Iberoamericano-sobre-seguridad-vial-FICVI-5-300x200.jpg 300w, \/wp-content\/uploads\/sites\/5\/2018\/03\/Autoridades-del-IGSS-participan-en-Foro-Iberoamericano-sobre-seguridad-vial-FICVI-5-768x512.jpg 768w, \/wp-content\/uploads\/sites\/5\/2018\/03\/Autoridades-del-IGSS-participan-en-Foro-Iberoamericano-sobre-seguridad-vial-FICVI-5-1024x683.jpg 1024w, \/wp-content\/uploads\/sites\/5\/2018\/03\/Autoridades-del-IGSS-participan-en-Foro-Iberoamericano-sobre-seguridad-vial-FICVI-5-696x464.jpg 696w, \/wp-content\/uploads\/sites\/5\/2018\/03\/Autoridades-del-IGSS-participan-en-Foro-Iberoamericano-sobre-seguridad-vial-FICVI-5-1068x712.jpg 1068w, \/wp-content\/uploads\/sites\/5\/2018\/03\/Autoridades-del-IGSS-participan-en-Foro-Iberoamericano-sobre-seguridad-vial-FICVI-5-534x356.jpg 534w, \/wp-content\/uploads\/sites\/5\/2018\/03\/Autoridades-del-IGSS-participan-en-Foro-Iberoamericano-sobre-seguridad-vial-FICVI-5.jpg 2048w\" sizes=\"(max-width: 630px) 100vw, 630px\" alt=\"\">\r\n                            <\/a>\r\n                            \r\n                        <\/figure>\r\n                    <\/div>\r\n                    <div class = \"td-slide-item td-item6\">\r\n                        <figure class=\"td-slide-galery-figure td-slide-popup-gallery\">\r\n                            <a class=\"slide-gallery-image-link\" href=\"\/wp-content\/uploads\/sites\/5\/2018\/03\/Autoridades-del-IGSS-participan-en-Foro-Iberoamericano-sobre-seguridad-vial-FICVI-6.jpg\" title=\"Autoridades del IGSS participan en Foro Iberoamericano sobre seguridad vial FICVI-6\"  data-caption=\"\"  data-description=\"\">\r\n                                <img decoding=\"async\" src=\"\/wp-content\/uploads\/sites\/5\/2018\/03\/Autoridades-del-IGSS-participan-en-Foro-Iberoamericano-sobre-seguridad-vial-FICVI-6-630x420.jpg\" srcset=\"\/wp-content\/uploads\/sites\/5\/2018\/03\/Autoridades-del-IGSS-participan-en-Foro-Iberoamericano-sobre-seguridad-vial-FICVI-6-630x420.jpg 630w, \/wp-content\/uploads\/sites\/5\/2018\/03\/Autoridades-del-IGSS-participan-en-Foro-Iberoamericano-sobre-seguridad-vial-FICVI-6-1536x1024.jpg 1536w, \/wp-content\/uploads\/sites\/5\/2018\/03\/Autoridades-del-IGSS-participan-en-Foro-Iberoamericano-sobre-seguridad-vial-FICVI-6-300x200.jpg 300w, \/wp-content\/uploads\/sites\/5\/2018\/03\/Autoridades-del-IGSS-participan-en-Foro-Iberoamericano-sobre-seguridad-vial-FICVI-6-768x512.jpg 768w, \/wp-content\/uploads\/sites\/5\/2018\/03\/Autoridades-del-IGSS-participan-en-Foro-Iberoamericano-sobre-seguridad-vial-FICVI-6-1024x683.jpg 1024w, \/wp-content\/uploads\/sites\/5\/2018\/03\/Autoridades-del-IGSS-participan-en-Foro-Iberoamericano-sobre-seguridad-vial-FICVI-6-696x464.jpg 696w, \/wp-content\/uploads\/sites\/5\/2018\/03\/Autoridades-del-IGSS-participan-en-Foro-Iberoamericano-sobre-seguridad-vial-FICVI-6-1068x712.jpg 1068w, \/wp-content\/uploads\/sites\/5\/2018\/03\/Autoridades-del-IGSS-participan-en-Foro-Iberoamericano-sobre-seguridad-vial-FICVI-6-534x356.jpg 534w, \/wp-content\/uploads\/sites\/5\/2018\/03\/Autoridades-del-IGSS-participan-en-Foro-Iberoamericano-sobre-seguridad-vial-FICVI-6-1920x1280.jpg 1920w, \/wp-content\/uploads\/sites\/5\/2018\/03\/Autoridades-del-IGSS-participan-en-Foro-Iberoamericano-sobre-seguridad-vial-FICVI-6.jpg 2048w\" sizes=\"(max-width: 630px) 100vw, 630px\" alt=\"\">\r\n                            <\/a>\r\n                            \r\n                        <\/figure>\r\n                    <\/div>\r\n                    <div class = \"td-slide-item td-item7\">\r\n                        <figure class=\"td-slide-galery-figure td-slide-popup-gallery\">\r\n                            <a class=\"slide-gallery-image-link\" href=\"\/wp-content\/uploads\/sites\/5\/2018\/03\/Autoridades-del-IGSS-participan-en-Foro-Iberoamericano-sobre-seguridad-vial-FICVI-7.jpg\" title=\"Autoridades del IGSS participan en Foro Iberoamericano sobre seguridad vial FICVI-7\"  data-caption=\"\"  data-description=\"\">\r\n                                <img decoding=\"async\" src=\"\/wp-content\/uploads\/sites\/5\/2018\/03\/Autoridades-del-IGSS-participan-en-Foro-Iberoamericano-sobre-seguridad-vial-FICVI-7-630x420.jpg\" srcset=\"\/wp-content\/uploads\/sites\/5\/2018\/03\/Autoridades-del-IGSS-participan-en-Foro-Iberoamericano-sobre-seguridad-vial-FICVI-7-630x420.jpg 630w, \/wp-content\/uploads\/sites\/5\/2018\/03\/Autoridades-del-IGSS-participan-en-Foro-Iberoamericano-sobre-seguridad-vial-FICVI-7-1536x1024.jpg 1536w, \/wp-content\/uploads\/sites\/5\/2018\/03\/Autoridades-del-IGSS-participan-en-Foro-Iberoamericano-sobre-seguridad-vial-FICVI-7-300x200.jpg 300w, \/wp-content\/uploads\/sites\/5\/2018\/03\/Autoridades-del-IGSS-participan-en-Foro-Iberoamericano-sobre-seguridad-vial-FICVI-7-768x512.jpg 768w, \/wp-content\/uploads\/sites\/5\/2018\/03\/Autoridades-del-IGSS-participan-en-Foro-Iberoamericano-sobre-seguridad-vial-FICVI-7-1024x683.jpg 1024w, \/wp-content\/uploads\/sites\/5\/2018\/03\/Autoridades-del-IGSS-participan-en-Foro-Iberoamericano-sobre-seguridad-vial-FICVI-7-696x464.jpg 696w, \/wp-content\/uploads\/sites\/5\/2018\/03\/Autoridades-del-IGSS-participan-en-Foro-Iberoamericano-sobre-seguridad-vial-FICVI-7-1068x712.jpg 1068w, \/wp-content\/uploads\/sites\/5\/2018\/03\/Autoridades-del-IGSS-participan-en-Foro-Iberoamericano-sobre-seguridad-vial-FICVI-7-534x356.jpg 534w, \/wp-content\/uploads\/sites\/5\/2018\/03\/Autoridades-del-IGSS-participan-en-Foro-Iberoamericano-sobre-seguridad-vial-FICVI-7-1920x1280.jpg 1920w, \/wp-content\/uploads\/sites\/5\/2018\/03\/Autoridades-del-IGSS-participan-en-Foro-Iberoamericano-sobre-seguridad-vial-FICVI-7.jpg 2048w\" sizes=\"(max-width: 630px) 100vw, 630px\" alt=\"\">\r\n                            <\/a>\r\n                            \r\n                        <\/figure>\r\n                    <\/div>\r\n                    <div class = \"td-slide-item td-item8\">\r\n                        <figure class=\"td-slide-galery-figure td-slide-popup-gallery\">\r\n                            <a class=\"slide-gallery-image-link\" href=\"\/wp-content\/uploads\/sites\/5\/2018\/03\/Autoridades-del-IGSS-participan-en-Foro-Iberoamericano-sobre-seguridad-vial-FICVI-8.jpg\" title=\"Autoridades del IGSS participan en Foro Iberoamericano sobre seguridad vial FICVI-8\"  data-caption=\"\"  data-description=\"\">\r\n                                <img decoding=\"async\" src=\"\/wp-content\/uploads\/sites\/5\/2018\/03\/Autoridades-del-IGSS-participan-en-Foro-Iberoamericano-sobre-seguridad-vial-FICVI-8-469x420.jpg\" srcset=\"\/wp-content\/uploads\/sites\/5\/2018\/03\/Autoridades-del-IGSS-participan-en-Foro-Iberoamericano-sobre-seguridad-vial-FICVI-8-469x420.jpg 469w, \/wp-content\/uploads\/sites\/5\/2018\/03\/Autoridades-del-IGSS-participan-en-Foro-Iberoamericano-sobre-seguridad-vial-FICVI-8-1536x1376.jpg 1536w, \/wp-content\/uploads\/sites\/5\/2018\/03\/Autoridades-del-IGSS-participan-en-Foro-Iberoamericano-sobre-seguridad-vial-FICVI-8-300x269.jpg 300w, \/wp-content\/uploads\/sites\/5\/2018\/03\/Autoridades-del-IGSS-participan-en-Foro-Iberoamericano-sobre-seguridad-vial-FICVI-8-768x688.jpg 768w, \/wp-content\/uploads\/sites\/5\/2018\/03\/Autoridades-del-IGSS-participan-en-Foro-Iberoamericano-sobre-seguridad-vial-FICVI-8-1024x917.jpg 1024w, \/wp-content\/uploads\/sites\/5\/2018\/03\/Autoridades-del-IGSS-participan-en-Foro-Iberoamericano-sobre-seguridad-vial-FICVI-8-696x623.jpg 696w, \/wp-content\/uploads\/sites\/5\/2018\/03\/Autoridades-del-IGSS-participan-en-Foro-Iberoamericano-sobre-seguridad-vial-FICVI-8-1068x957.jpg 1068w, \/wp-content\/uploads\/sites\/5\/2018\/03\/Autoridades-del-IGSS-participan-en-Foro-Iberoamericano-sobre-seguridad-vial-FICVI-8-516x462.jpg 516w, \/wp-content\/uploads\/sites\/5\/2018\/03\/Autoridades-del-IGSS-participan-en-Foro-Iberoamericano-sobre-seguridad-vial-FICVI-8-1920x1720.jpg 1920w, \/wp-content\/uploads\/sites\/5\/2018\/03\/Autoridades-del-IGSS-participan-en-Foro-Iberoamericano-sobre-seguridad-vial-FICVI-8.jpg 2015w\" sizes=\"(max-width: 469px) 100vw, 469px\" alt=\"\">\r\n                            <\/a>\r\n                            \r\n                        <\/figure>\r\n                    <\/div>\r\n                            <\/div>\r\n                        <\/div>\r\n\r\n                        <div class = \"td-doubleSlider-2\">\r\n                            <div class = \"td-slider\">\r\n                                \r\n                    <div class = \"td-button td-item1\">\r\n                        <div class = \"td-border\"><\/div>\r\n                    <\/div>\r\n                    <div class = \"td-button td-item2\">\r\n                        <div class = \"td-border\"><\/div>\r\n                    <\/div>\r\n                    <div class = \"td-button td-item3\">\r\n                        <div class = \"td-border\"><\/div>\r\n                    <\/div>\r\n                    <div class = \"td-button td-item4\">\r\n                        <div class = \"td-border\"><\/div>\r\n                    <\/div>\r\n                    <div class = \"td-button td-item5\">\r\n                        <div class = \"td-border\"><\/div>\r\n                    <\/div>\r\n                    <div class = \"td-button td-item6\">\r\n                        <div class = \"td-border\"><\/div>\r\n                    <\/div>\r\n                    <div class = \"td-button td-item7\">\r\n                        <div class = \"td-border\"><\/div>\r\n                    <\/div>\r\n                    <div class = \"td-button td-item8\">\r\n                        <div class = \"td-border\"><\/div>\r\n                    <\/div>\r\n                            <\/div>\r\n                        <\/div>\r\n\r\n                    <\/div>\r\n\r\n                <\/div>\r\n                \n<hr \/>\n<p>&nbsp;<\/p>\n","protected":false},"excerpt":{"rendered":"<p>Autoridades del IGSS participaron en el foro \u201cLa Seguridad Vial es una Responsabilidad de Todos\u201d organizado por la Federaci\u00f3n Iberoamericana de Asociaciones de V\u00edctimas Contra la Violencia Vial (FICVI), en el que plante\u00f3 la problem\u00e1tica que generan estos percances, as\u00ed como la importancia de frenar esta situaci\u00f3n la cual ha venido en constante aumento. El [&hellip;]<\/p>\n","protected":false},"author":4,"featured_media":4301,"comment_status":"open","ping_status":"open","sticky":false,"template":"","format":"standard","meta":{"footnotes":""},"categories":[3,4,29],"tags":[326,436,480,564],"coauthors":[],"class_list":{"0":"post-4296","1":"post","2":"type-post","3":"status-publish","4":"format-standard","5":"has-post-thumbnail","7":"category-actualidad","8":"category-afiliados","9":"category-publicaciones","10":"tag-dr-oscar-palma","11":"tag-ficvi","12":"tag-hospital-general-de-accidentes-ceibal","13":"tag-lic-carlos-contreras"},"_links":{"self":[{"href":"https:\/\/www.igssgt.org\/noticias\/wp-json\/wp\/v2\/posts\/4296","targetHints":{"allow":["GET"]}}],"collection":[{"href":"https:\/\/www.igssgt.org\/noticias\/wp-json\/wp\/v2\/posts"}],"about":[{"href":"https:\/\/www.igssgt.org\/noticias\/wp-json\/wp\/v2\/types\/post"}],"author":[{"embeddable":true,"href":"https:\/\/www.igssgt.org\/noticias\/wp-json\/wp\/v2\/users\/4"}],"replies":[{"embeddable":true,"href":"https:\/\/www.igssgt.org\/noticias\/wp-json\/wp\/v2\/comments?post=4296"}],"version-history":[{"count":0,"href":"https:\/\/www.igssgt.org\/noticias\/wp-json\/wp\/v2\/posts\/4296\/revisions"}],"wp:featuredmedia":[{"embeddable":true,"href":"https:\/\/www.igssgt.org\/noticias\/wp-json\/wp\/v2\/media\/4301"}],"wp:attachment":[{"href":"https:\/\/www.igssgt.org\/noticias\/wp-json\/wp\/v2\/media?parent=4296"}],"wp:term":[{"taxonomy":"category","embeddable":true,"href":"https:\/\/www.igssgt.org\/noticias\/wp-json\/wp\/v2\/categories?post=4296"},{"taxonomy":"post_tag","embeddable":true,"href":"https:\/\/www.igssgt.org\/noticias\/wp-json\/wp\/v2\/tags?post=4296"},{"taxonomy":"author","embeddable":true,"href":"https:\/\/www.igssgt.org\/noticias\/wp-json\/wp\/v2\/coauthors?post=4296"}],"curies":[{"name":"wp","href":"https:\/\/api.w.org\/{rel}","templated":true}]}}