{"id":43056,"date":"2024-06-20T12:05:36","date_gmt":"2024-06-20T18:05:36","guid":{"rendered":"https:\/\/www.igssgt.org\/noticias\/?p=43056"},"modified":"2024-06-20T12:05:37","modified_gmt":"2024-06-20T18:05:37","slug":"subgerencia-de-prestaciones-pecuniarias-es-certificada-por-la-asociacion-internacional-de-la-seguridad-social","status":"publish","type":"post","link":"https:\/\/www.igssgt.org\/noticias\/2024\/06\/20\/subgerencia-de-prestaciones-pecuniarias-es-certificada-por-la-asociacion-internacional-de-la-seguridad-social\/","title":{"rendered":"Subgerencia de Prestaciones Pecuniarias es certificada por la Asociaci\u00f3n Internacional de la Seguridad Social"},"content":{"rendered":"\n<p class=\"has-drop-cap\">Cada tres a\u00f1os se celebra el concurso Buenas Pr\u00e1cticas para las Am\u00e9ricas, organizado por la Asociaci\u00f3n Internacional de la Seguridad Social (AISS), con el prop\u00f3sito de identificar e intercambiar las buenas pr\u00e1cticas implementadas por organizaciones e instituciones de seguridad social del mundo, y que ayudan a mejorar su eficacia operativa y administrativa.<\/p>\n\n\n<p>En 2023, el Seguro Social compiti\u00f3 junto a 17 pa\u00edses y obtuvo nueve certificaciones para los proyectos que presentaron la Subgerencia de Prestaciones Pecuniarias, Subgerencia de Prestaciones en Salud y la Subgerencia de Planificaci\u00f3n y Desarrollo.<\/p>\n<figure id=\"attachment_43061\" aria-describedby=\"caption-attachment-43061\" style=\"width: 1600px\" class=\"wp-caption alignnone\"><a href=\"\/wp-content\/uploads\/sites\/5\/2024\/06\/buenas-practicas-4.jpg\" target=\"_blank\" rel=\"noopener\"><img loading=\"lazy\" decoding=\"async\" class=\"wp-image-43061 size-full\" src=\"\/wp-content\/uploads\/sites\/5\/2024\/06\/buenas-practicas-4.jpg\" alt=\"\" width=\"1600\" height=\"1066\" srcset=\"\/wp-content\/uploads\/sites\/5\/2024\/06\/buenas-practicas-4.jpg 1600w, \/wp-content\/uploads\/sites\/5\/2024\/06\/buenas-practicas-4-300x200.jpg 300w, \/wp-content\/uploads\/sites\/5\/2024\/06\/buenas-practicas-4-1024x682.jpg 1024w, \/wp-content\/uploads\/sites\/5\/2024\/06\/buenas-practicas-4-768x512.jpg 768w, \/wp-content\/uploads\/sites\/5\/2024\/06\/buenas-practicas-4-1536x1023.jpg 1536w, \/wp-content\/uploads\/sites\/5\/2024\/06\/buenas-practicas-4-630x420.jpg 630w, \/wp-content\/uploads\/sites\/5\/2024\/06\/buenas-practicas-4-696x464.jpg 696w, \/wp-content\/uploads\/sites\/5\/2024\/06\/buenas-practicas-4-1068x712.jpg 1068w, \/wp-content\/uploads\/sites\/5\/2024\/06\/buenas-practicas-4-534x356.jpg 534w\" sizes=\"auto, (max-width: 1600px) 100vw, 1600px\" \/><\/a><figcaption id=\"caption-attachment-43061\" class=\"wp-caption-text\">Las Buenas Pr\u00e1cticas ser\u00e1n traducidas al franc\u00e9s, ingl\u00e9s y alem\u00e1n.<\/figcaption><\/figure>\n<p>Al respecto, el licenciado Jos\u00e9 Domingo Argueta, Subgerente de la primera mencionada, expres\u00f3 su orgullo porque con su equipo de trabajo est\u00e1n dejando huella en el instituto.<\/p>\n<p><strong>\u201cEstoy muy contento y agradecido con mi gente. Hace 38 a\u00f1os comenc\u00e9 a laborar en el IGSS, en el Departamento de Izabal. Se necesita buena voluntad y experiencia para hacer bien las cosas. Es importante que estas buenas pr\u00e1cticas se traduzcan a tres idiomas y se compartan con todo el mundo\u201d<\/strong>, destac\u00f3.<\/p>\n<figure id=\"attachment_43060\" aria-describedby=\"caption-attachment-43060\" style=\"width: 1599px\" class=\"wp-caption alignnone\"><a href=\"\/wp-content\/uploads\/sites\/5\/2024\/06\/buenas-practicas-3.jpg\" target=\"_blank\" rel=\"noopener\"><img loading=\"lazy\" decoding=\"async\" class=\"wp-image-43060 size-full\" src=\"\/wp-content\/uploads\/sites\/5\/2024\/06\/buenas-practicas-3.jpg\" alt=\"\" width=\"1599\" height=\"1066\" srcset=\"\/wp-content\/uploads\/sites\/5\/2024\/06\/buenas-practicas-3.jpg 1599w, \/wp-content\/uploads\/sites\/5\/2024\/06\/buenas-practicas-3-300x200.jpg 300w, \/wp-content\/uploads\/sites\/5\/2024\/06\/buenas-practicas-3-1024x683.jpg 1024w, \/wp-content\/uploads\/sites\/5\/2024\/06\/buenas-practicas-3-768x512.jpg 768w, \/wp-content\/uploads\/sites\/5\/2024\/06\/buenas-practicas-3-1536x1024.jpg 1536w, \/wp-content\/uploads\/sites\/5\/2024\/06\/buenas-practicas-3-630x420.jpg 630w, \/wp-content\/uploads\/sites\/5\/2024\/06\/buenas-practicas-3-696x464.jpg 696w, \/wp-content\/uploads\/sites\/5\/2024\/06\/buenas-practicas-3-1068x712.jpg 1068w, \/wp-content\/uploads\/sites\/5\/2024\/06\/buenas-practicas-3-534x356.jpg 534w\" sizes=\"auto, (max-width: 1599px) 100vw, 1599px\" \/><\/a><figcaption id=\"caption-attachment-43060\" class=\"wp-caption-text\">La subgerencia, con todos sus departamentos, tiene de 1 mil 500 a 1 mil 600 trabajadores a nivel nacional.<\/figcaption><\/figure>\n<p><strong>Los proyectos descritos a continuaci\u00f3n obtuvieron Certificados de M\u00e9rito:<\/strong><\/p>\n<p><strong>1.<\/strong> Tecnolog\u00eda para el desarrollo: modificaci\u00f3n a la normativa y tecnolog\u00eda que permiti\u00f3 vincular los sistemas de pago de subsidio -SIPED- y el de suspensiones m\u00e9dicas -MEDIIGSS-.<\/p>\n<p><strong>2.<\/strong> Tecnolog\u00eda para el desarrollo: modificaci\u00f3n a la normativa y tecnolog\u00eda, permiti\u00f3 que, en el conteo del plazo m\u00e1ximo de semanas para el pago de subsidio, no se incluye el periodo de pago de subsidio por COVID-19.<\/p>\n<p><strong>3.<\/strong> Tecnolog\u00eda para el desarrollo: sistematizaci\u00f3n del proceso de resoluci\u00f3n de solicitudes de contribuci\u00f3n voluntaria, por medio del Sistema de Contribuci\u00f3n Voluntaria -SICV-.<\/p>\n<figure id=\"attachment_43059\" aria-describedby=\"caption-attachment-43059\" style=\"width: 1600px\" class=\"wp-caption alignnone\"><a href=\"\/wp-content\/uploads\/sites\/5\/2024\/06\/buenas-practicas-2.jpg\" target=\"_blank\" rel=\"noopener\"><img loading=\"lazy\" decoding=\"async\" class=\"wp-image-43059 size-full\" src=\"\/wp-content\/uploads\/sites\/5\/2024\/06\/buenas-practicas-2.jpg\" alt=\"\" width=\"1600\" height=\"1066\" srcset=\"\/wp-content\/uploads\/sites\/5\/2024\/06\/buenas-practicas-2.jpg 1600w, \/wp-content\/uploads\/sites\/5\/2024\/06\/buenas-practicas-2-300x200.jpg 300w, \/wp-content\/uploads\/sites\/5\/2024\/06\/buenas-practicas-2-1024x682.jpg 1024w, \/wp-content\/uploads\/sites\/5\/2024\/06\/buenas-practicas-2-768x512.jpg 768w, \/wp-content\/uploads\/sites\/5\/2024\/06\/buenas-practicas-2-1536x1023.jpg 1536w, \/wp-content\/uploads\/sites\/5\/2024\/06\/buenas-practicas-2-630x420.jpg 630w, \/wp-content\/uploads\/sites\/5\/2024\/06\/buenas-practicas-2-696x464.jpg 696w, \/wp-content\/uploads\/sites\/5\/2024\/06\/buenas-practicas-2-1068x712.jpg 1068w, \/wp-content\/uploads\/sites\/5\/2024\/06\/buenas-practicas-2-534x356.jpg 534w\" sizes=\"auto, (max-width: 1600px) 100vw, 1600px\" \/><\/a><figcaption id=\"caption-attachment-43059\" class=\"wp-caption-text\">En total 162 buenas pr\u00e1cticas de 33 instituciones fueron presentadas al concurso<\/figcaption><\/figure>\n<p><strong>Los proyectos nombrados en este espacio son ganadores de Certificados:<\/strong><\/p>\n<p><strong>4.<\/strong> Tecnolog\u00eda para el desarrollo: implementaci\u00f3n de manera eficiente y con calidad del servicio de Tele llamada para la evaluaci\u00f3n de pacientes en el Departamento de Medicina Legal y Evaluaci\u00f3n de Incapacidades para los siguientes casos: Reevaluaciones, Persistencias (a considerar) y Casos Especiales de IVS Nuevos, Beneficiarios.<\/p>\n<p><strong>5.<\/strong> Tecnolog\u00eda para el desarrollo: modificaci\u00f3n a la normativa y Tecnolog\u00eda para registrar la firma electr\u00f3nica a trav\u00e9s de un bot\u00f3n de visto bueno en las etapas de Resoluci\u00f3n de IVS.<\/p>\n<p>El licenciado Argueta a\u00f1adi\u00f3 que las buenas pr\u00e1cticas de su subgerencia fueron calificadas por un jurado compuesto por expertos en la materia, cuya experiencia es de talla mundial y regional. <strong>\u201cEstamos en Guatemala para servirles. Hoy estamos m\u00e1s cerca de ustedes\u201d<\/strong>, concluy\u00f3.<\/p>\n<p><a href=\"\/wp-content\/uploads\/sites\/5\/2024\/06\/buenas-practicas-5.jpg\" target=\"_blank\" rel=\"noopener\"><img loading=\"lazy\" decoding=\"async\" class=\"alignnone wp-image-43062 size-full\" src=\"\/wp-content\/uploads\/sites\/5\/2024\/06\/buenas-practicas-5.jpg\" alt=\"\" width=\"1600\" height=\"1086\" srcset=\"\/wp-content\/uploads\/sites\/5\/2024\/06\/buenas-practicas-5.jpg 1600w, \/wp-content\/uploads\/sites\/5\/2024\/06\/buenas-practicas-5-300x204.jpg 300w, \/wp-content\/uploads\/sites\/5\/2024\/06\/buenas-practicas-5-1024x695.jpg 1024w, \/wp-content\/uploads\/sites\/5\/2024\/06\/buenas-practicas-5-768x521.jpg 768w, \/wp-content\/uploads\/sites\/5\/2024\/06\/buenas-practicas-5-1536x1043.jpg 1536w, \/wp-content\/uploads\/sites\/5\/2024\/06\/buenas-practicas-5-619x420.jpg 619w, \/wp-content\/uploads\/sites\/5\/2024\/06\/buenas-practicas-5-696x472.jpg 696w, \/wp-content\/uploads\/sites\/5\/2024\/06\/buenas-practicas-5-1068x725.jpg 1068w, \/wp-content\/uploads\/sites\/5\/2024\/06\/buenas-practicas-5-534x362.jpg 534w\" sizes=\"auto, (max-width: 1600px) 100vw, 1600px\" \/><\/a><\/p>","protected":false},"excerpt":{"rendered":"<p>Cada tres a\u00f1os se celebra el concurso Buenas Pr\u00e1cticas para las Am\u00e9ricas, organizado por la Asociaci\u00f3n Internacional de la Seguridad Social (AISS), con el prop\u00f3sito de identificar e intercambiar las buenas pr\u00e1cticas implementadas por organizaciones e instituciones de seguridad social del mundo, y que ayudan a mejorar su eficacia operativa y administrativa. En 2023, el [&hellip;]<\/p>\n","protected":false},"author":1961,"featured_media":43058,"comment_status":"closed","ping_status":"closed","sticky":false,"template":"","format":"standard","meta":{"footnotes":""},"categories":[3],"tags":[94,1932,904],"coauthors":[],"class_list":{"0":"post-43056","1":"post","2":"type-post","3":"status-publish","4":"format-standard","5":"has-post-thumbnail","7":"category-actualidad","8":"tag-aiss","9":"tag-buenas-practicas","10":"tag-prestaciones-pecuniarias"},"_links":{"self":[{"href":"https:\/\/www.igssgt.org\/noticias\/wp-json\/wp\/v2\/posts\/43056","targetHints":{"allow":["GET"]}}],"collection":[{"href":"https:\/\/www.igssgt.org\/noticias\/wp-json\/wp\/v2\/posts"}],"about":[{"href":"https:\/\/www.igssgt.org\/noticias\/wp-json\/wp\/v2\/types\/post"}],"author":[{"embeddable":true,"href":"https:\/\/www.igssgt.org\/noticias\/wp-json\/wp\/v2\/users\/1961"}],"replies":[{"embeddable":true,"href":"https:\/\/www.igssgt.org\/noticias\/wp-json\/wp\/v2\/comments?post=43056"}],"version-history":[{"count":4,"href":"https:\/\/www.igssgt.org\/noticias\/wp-json\/wp\/v2\/posts\/43056\/revisions"}],"predecessor-version":[{"id":43065,"href":"https:\/\/www.igssgt.org\/noticias\/wp-json\/wp\/v2\/posts\/43056\/revisions\/43065"}],"wp:featuredmedia":[{"embeddable":true,"href":"https:\/\/www.igssgt.org\/noticias\/wp-json\/wp\/v2\/media\/43058"}],"wp:attachment":[{"href":"https:\/\/www.igssgt.org\/noticias\/wp-json\/wp\/v2\/media?parent=43056"}],"wp:term":[{"taxonomy":"category","embeddable":true,"href":"https:\/\/www.igssgt.org\/noticias\/wp-json\/wp\/v2\/categories?post=43056"},{"taxonomy":"post_tag","embeddable":true,"href":"https:\/\/www.igssgt.org\/noticias\/wp-json\/wp\/v2\/tags?post=43056"},{"taxonomy":"author","embeddable":true,"href":"https:\/\/www.igssgt.org\/noticias\/wp-json\/wp\/v2\/coauthors?post=43056"}],"curies":[{"name":"wp","href":"https:\/\/api.w.org\/{rel}","templated":true}]}}