{"id":43117,"date":"2024-06-26T08:54:59","date_gmt":"2024-06-26T14:54:59","guid":{"rendered":"https:\/\/www.igssgt.org\/noticias\/?p=43117"},"modified":"2024-06-26T08:59:28","modified_gmt":"2024-06-26T14:59:28","slug":"el-enfermero-artistas-al-servicio-de-los-afiliados","status":"publish","type":"post","link":"https:\/\/www.igssgt.org\/noticias\/2024\/06\/26\/el-enfermero-artistas-al-servicio-de-los-afiliados\/","title":{"rendered":"El enfermero-artista al servicio de los afiliados"},"content":{"rendered":"\n<p class=\"has-drop-cap\">Edwin Alexander Saquiquel es auxiliar de enfermer\u00eda en el IGSS Cl\u00ednicas Panchoy, en Antigua Guatemala, con cinco a\u00f1os de trayectoria en la instituci\u00f3n. Paralelo a su profesi\u00f3n relacionada con la salud, es un destacado pintor.<\/p>\n\n\n<figure id=\"attachment_43122\" aria-describedby=\"caption-attachment-43122\" style=\"width: 204px\" class=\"wp-caption alignright\"><a href=\"\/wp-content\/uploads\/sites\/5\/2024\/06\/antigua-4.jpg\" target=\"_blank\" rel=\"noopener\"><img loading=\"lazy\" decoding=\"async\" class=\"wp-image-43122\" src=\"\/wp-content\/uploads\/sites\/5\/2024\/06\/antigua-4.jpg\" alt=\"\" width=\"204\" height=\"300\" srcset=\"\/wp-content\/uploads\/sites\/5\/2024\/06\/antigua-4.jpg 927w, \/wp-content\/uploads\/sites\/5\/2024\/06\/antigua-4-204x300.jpg 204w, \/wp-content\/uploads\/sites\/5\/2024\/06\/antigua-4-697x1024.jpg 697w, \/wp-content\/uploads\/sites\/5\/2024\/06\/antigua-4-768x1128.jpg 768w, \/wp-content\/uploads\/sites\/5\/2024\/06\/antigua-4-286x420.jpg 286w, \/wp-content\/uploads\/sites\/5\/2024\/06\/antigua-4-696x1023.jpg 696w, \/wp-content\/uploads\/sites\/5\/2024\/06\/antigua-4-314x462.jpg 314w\" sizes=\"auto, (max-width: 204px) 100vw, 204px\" \/><\/a><figcaption id=\"caption-attachment-43122\" class=\"wp-caption-text\">Su experiencia como tripulante de ambulancia lo llev\u00f3 a plasmar parte del Seguro Social en su trabajo.<\/figcaption><\/figure>\n<p><strong>\u201cRecuerdo que gan\u00e9 el primer concurso de dibujo en primero primaria\u201d<\/strong>, relat\u00f3 Saquiquel. A medida que descubr\u00eda m\u00e1s facetas como artista, comenz\u00f3 a pintar al \u00f3leo y con acr\u00edlico.<\/p>\n<p>Reci\u00e9n inici\u00f3 en la pintura textil y estudia un t\u00e9cnico en Gesti\u00f3n Cultural y Expresi\u00f3n Art\u00edstica, cuyo aprendizaje se ramifica en el laminado con oro y plata, adem\u00e1s de la textura con yeso.<\/p>\n<p>Desde el 2022 participa en exposiciones y este a\u00f1o estuvo en el V Festival de Arte Chixot de San Juan Comalapa, su lugar de nacimiento. Adem\u00e1s, en el Consultorio de Antigua expone sus obras en septiembre, durante la celebraci\u00f3n de la Independencia, y en octubre para el aniversario del Instituto.<\/p>\n<figure id=\"attachment_43121\" aria-describedby=\"caption-attachment-43121\" style=\"width: 230px\" class=\"wp-caption alignleft\"><a href=\"\/wp-content\/uploads\/sites\/5\/2024\/06\/antigua-3.jpg\" target=\"_blank\" rel=\"noopener\"><img loading=\"lazy\" decoding=\"async\" class=\"wp-image-43121\" src=\"\/wp-content\/uploads\/sites\/5\/2024\/06\/antigua-3.jpg\" alt=\"\" width=\"230\" height=\"300\" srcset=\"\/wp-content\/uploads\/sites\/5\/2024\/06\/antigua-3.jpg 1066w, \/wp-content\/uploads\/sites\/5\/2024\/06\/antigua-3-230x300.jpg 230w, \/wp-content\/uploads\/sites\/5\/2024\/06\/antigua-3-784x1024.jpg 784w, \/wp-content\/uploads\/sites\/5\/2024\/06\/antigua-3-768x1003.jpg 768w, \/wp-content\/uploads\/sites\/5\/2024\/06\/antigua-3-322x420.jpg 322w, \/wp-content\/uploads\/sites\/5\/2024\/06\/antigua-3-696x909.jpg 696w, \/wp-content\/uploads\/sites\/5\/2024\/06\/antigua-3-354x462.jpg 354w\" sizes=\"auto, (max-width: 230px) 100vw, 230px\" \/><\/a><figcaption id=\"caption-attachment-43121\" class=\"wp-caption-text\">Saquiquel retrata juegos de la infancia y la rutina diaria.<\/figcaption><\/figure>\n<p>Su trabajo se enfoca en plasmar recuerdos de infancia y la cotidianidad diaria. <strong>\u201cEn mis trabajos plasmo los sentimientos, crear un v\u00ednculo de empat\u00eda con las personas\u201d<\/strong>, expres\u00f3 Saquiquel.<\/p>\n<p>Esto \u00faltimo lo inspir\u00f3 a ilustrar las ambulancias del Seguro Social en uno de sus lienzos, entre enero y julio del a\u00f1o pasado. Esta experiencia le hizo vivir momentos tensos cuando iba con un paciente, pero sent\u00eda alivio una vez lo entregaba a la unidad m\u00e9dica de la capital.<\/p>\n<p><strong>\u201cMe siento bien aqu\u00ed, con el personal y trabajando para los afiliados. Necesitamos de mucha empat\u00eda, porque quienes vienen buscan una soluci\u00f3n. Acuden a nosotros por enfermedad o una dolencia y quieren regresar sanos a casa\u201d<\/strong>, expres\u00f3.<a href=\"\/wp-content\/uploads\/sites\/5\/2024\/06\/antigua-1.jpg\" target=\"_blank\" rel=\"noopener\"><img loading=\"lazy\" decoding=\"async\" class=\"alignright wp-image-43119\" src=\"\/wp-content\/uploads\/sites\/5\/2024\/06\/antigua-1.jpg\" alt=\"\" width=\"216\" height=\"300\" srcset=\"\/wp-content\/uploads\/sites\/5\/2024\/06\/antigua-1.jpg 935w, \/wp-content\/uploads\/sites\/5\/2024\/06\/antigua-1-216x300.jpg 216w, \/wp-content\/uploads\/sites\/5\/2024\/06\/antigua-1-739x1024.jpg 739w, \/wp-content\/uploads\/sites\/5\/2024\/06\/antigua-1-768x1065.jpg 768w, \/wp-content\/uploads\/sites\/5\/2024\/06\/antigua-1-303x420.jpg 303w, \/wp-content\/uploads\/sites\/5\/2024\/06\/antigua-1-696x965.jpg 696w, \/wp-content\/uploads\/sites\/5\/2024\/06\/antigua-1-333x462.jpg 333w\" sizes=\"auto, (max-width: 216px) 100vw, 216px\" \/><\/a><\/p>\n<p>La licenciada Silvia Celada, supervisora de Enfermer\u00eda de la unidad antig\u00fce\u00f1a, describi\u00f3 a Saquiquel como una persona honesta, responsable y respetuosa. Para ella y el equipo, destac\u00f3, <strong>\u201ces un orgullo tenerlo como compa\u00f1ero de labores y que sea un artista\u201d<\/strong>.<\/p>\n<p><strong>\u201cQuiero compartir mi historia con los afiliados, pues vienen a la instituci\u00f3n y nos ven trabajando, pero hay m\u00e1s de nosotros. En el IGSS hay personas talentosas, como cantantes, m\u00fasicos y m\u00e1s pintores. Eso nos vuelve m\u00e1s humanos, nos inspira a ser amables y a luchar todos los d\u00edas por brindar una buena atenci\u00f3n\u201d<\/strong>, resalt\u00f3.<\/p>\n<p><a href=\"\/wp-content\/uploads\/sites\/5\/2024\/06\/antigua-2.jpg\" target=\"_blank\" rel=\"noopener\"><img loading=\"lazy\" decoding=\"async\" class=\"alignnone wp-image-43120 size-full\" src=\"\/wp-content\/uploads\/sites\/5\/2024\/06\/antigua-2.jpg\" alt=\"\" width=\"1557\" height=\"998\" srcset=\"\/wp-content\/uploads\/sites\/5\/2024\/06\/antigua-2.jpg 1557w, \/wp-content\/uploads\/sites\/5\/2024\/06\/antigua-2-300x192.jpg 300w, \/wp-content\/uploads\/sites\/5\/2024\/06\/antigua-2-1024x656.jpg 1024w, \/wp-content\/uploads\/sites\/5\/2024\/06\/antigua-2-768x492.jpg 768w, \/wp-content\/uploads\/sites\/5\/2024\/06\/antigua-2-1536x985.jpg 1536w, \/wp-content\/uploads\/sites\/5\/2024\/06\/antigua-2-655x420.jpg 655w, \/wp-content\/uploads\/sites\/5\/2024\/06\/antigua-2-696x446.jpg 696w, \/wp-content\/uploads\/sites\/5\/2024\/06\/antigua-2-1068x685.jpg 1068w, \/wp-content\/uploads\/sites\/5\/2024\/06\/antigua-2-534x342.jpg 534w\" sizes=\"auto, (max-width: 1557px) 100vw, 1557px\" \/><\/a><\/p>","protected":false},"excerpt":{"rendered":"<p>Edwin Alexander Saquiquel es auxiliar de enfermer\u00eda en el IGSS Cl\u00ednicas Panchoy, en Antigua Guatemala, con cinco a\u00f1os de trayectoria en la instituci\u00f3n. Paralelo a su profesi\u00f3n relacionada con la salud, es un destacado pintor. \u201cRecuerdo que gan\u00e9 el primer concurso de dibujo en primero primaria\u201d, relat\u00f3 Saquiquel. A medida que descubr\u00eda m\u00e1s facetas como [&hellip;]<\/p>\n","protected":false},"author":1961,"featured_media":43123,"comment_status":"closed","ping_status":"closed","sticky":false,"template":"","format":"standard","meta":{"footnotes":""},"categories":[3],"tags":[117,1934],"coauthors":[],"class_list":{"0":"post-43117","1":"post","2":"type-post","3":"status-publish","4":"format-standard","5":"has-post-thumbnail","7":"category-actualidad","8":"tag-antigua-guatemala","9":"tag-orgullosamente-igss"},"_links":{"self":[{"href":"https:\/\/www.igssgt.org\/noticias\/wp-json\/wp\/v2\/posts\/43117","targetHints":{"allow":["GET"]}}],"collection":[{"href":"https:\/\/www.igssgt.org\/noticias\/wp-json\/wp\/v2\/posts"}],"about":[{"href":"https:\/\/www.igssgt.org\/noticias\/wp-json\/wp\/v2\/types\/post"}],"author":[{"embeddable":true,"href":"https:\/\/www.igssgt.org\/noticias\/wp-json\/wp\/v2\/users\/1961"}],"replies":[{"embeddable":true,"href":"https:\/\/www.igssgt.org\/noticias\/wp-json\/wp\/v2\/comments?post=43117"}],"version-history":[{"count":10,"href":"https:\/\/www.igssgt.org\/noticias\/wp-json\/wp\/v2\/posts\/43117\/revisions"}],"predecessor-version":[{"id":43132,"href":"https:\/\/www.igssgt.org\/noticias\/wp-json\/wp\/v2\/posts\/43117\/revisions\/43132"}],"wp:featuredmedia":[{"embeddable":true,"href":"https:\/\/www.igssgt.org\/noticias\/wp-json\/wp\/v2\/media\/43123"}],"wp:attachment":[{"href":"https:\/\/www.igssgt.org\/noticias\/wp-json\/wp\/v2\/media?parent=43117"}],"wp:term":[{"taxonomy":"category","embeddable":true,"href":"https:\/\/www.igssgt.org\/noticias\/wp-json\/wp\/v2\/categories?post=43117"},{"taxonomy":"post_tag","embeddable":true,"href":"https:\/\/www.igssgt.org\/noticias\/wp-json\/wp\/v2\/tags?post=43117"},{"taxonomy":"author","embeddable":true,"href":"https:\/\/www.igssgt.org\/noticias\/wp-json\/wp\/v2\/coauthors?post=43117"}],"curies":[{"name":"wp","href":"https:\/\/api.w.org\/{rel}","templated":true}]}}