{"id":43142,"date":"2024-06-28T08:57:40","date_gmt":"2024-06-28T14:57:40","guid":{"rendered":"https:\/\/www.igssgt.org\/noticias\/?p=43142"},"modified":"2024-06-28T08:57:42","modified_gmt":"2024-06-28T14:57:42","slug":"el-cuerpo-de-salvamento-del-seguro-social-estara-en-apresto-durante-el-fin-de-semana-largo","status":"publish","type":"post","link":"https:\/\/www.igssgt.org\/noticias\/2024\/06\/28\/el-cuerpo-de-salvamento-del-seguro-social-estara-en-apresto-durante-el-fin-de-semana-largo\/","title":{"rendered":"El Cuerpo de Salvamento del Seguro Social estar\u00e1 en apresto durante el fin de semana largo"},"content":{"rendered":"\n<p class=\"has-drop-cap\">El doctor Mynor Mej\u00eda, jefe de la Secci\u00f3n de Seguridad e Higiene y Prevenci\u00f3n de Accidentes del IGSS, explic\u00f3 que son 59 los elementos que resguardar\u00e1n playas y balnearios en el asueto del D\u00eda del Ej\u00e9rcito, que este a\u00f1o se gozar\u00e1 el 1 de julio.<\/p>\n\n\n<p>El servicio estar\u00e1 disponible desde el s\u00e1bado hasta el lunes, de 6 de la ma\u00f1ana a 6 de la tarde, por lo que se aconseja ba\u00f1arse en estos horarios, indic\u00f3 el profesional.<\/p>\n<figure id=\"attachment_43148\" aria-describedby=\"caption-attachment-43148\" style=\"width: 1600px\" class=\"wp-caption alignnone\"><a href=\"\/wp-content\/uploads\/sites\/5\/2024\/06\/salvavidas-2.jpg\" target=\"_blank\" rel=\"noopener\"><img loading=\"lazy\" decoding=\"async\" class=\"wp-image-43148 size-full\" src=\"\/wp-content\/uploads\/sites\/5\/2024\/06\/salvavidas-2.jpg\" alt=\"\" width=\"1600\" height=\"1066\" srcset=\"\/wp-content\/uploads\/sites\/5\/2024\/06\/salvavidas-2.jpg 1600w, \/wp-content\/uploads\/sites\/5\/2024\/06\/salvavidas-2-300x200.jpg 300w, \/wp-content\/uploads\/sites\/5\/2024\/06\/salvavidas-2-1024x682.jpg 1024w, \/wp-content\/uploads\/sites\/5\/2024\/06\/salvavidas-2-768x512.jpg 768w, \/wp-content\/uploads\/sites\/5\/2024\/06\/salvavidas-2-1536x1023.jpg 1536w, \/wp-content\/uploads\/sites\/5\/2024\/06\/salvavidas-2-630x420.jpg 630w, \/wp-content\/uploads\/sites\/5\/2024\/06\/salvavidas-2-696x464.jpg 696w, \/wp-content\/uploads\/sites\/5\/2024\/06\/salvavidas-2-1068x712.jpg 1068w, \/wp-content\/uploads\/sites\/5\/2024\/06\/salvavidas-2-534x356.jpg 534w\" sizes=\"auto, (max-width: 1600px) 100vw, 1600px\" \/><\/a><figcaption id=\"caption-attachment-43148\" class=\"wp-caption-text\">Los salvavidas del IGSS est\u00e1n entrenados para brindar asistencia inmediata.<\/figcaption><\/figure>\n<p>De acuerdo con Mej\u00eda, los riesgos aumentan durante la temporada de lluvia, por lo que recomend\u00f3 seguir las instrucciones de los salvavidas y atender los colores de las banderas:<\/p>\n<h2 style=\"text-align: center\"><span style=\"background-color: #008000;color: #ffffff\">\u00a0 Verde: apto para ba\u00f1arse\u00a0\u00a0<\/span><br \/><span style=\"background-color: #ffcc00;color: #ffffff\">\u00a0<span style=\"color: #000000\"> Amarillo: precauci\u00f3n\u00a0<\/span>\u00a0<\/span><br \/><span style=\"background-color: #ff0000;color: #ffffff\">\u00a0 Rojo: no apto para ba\u00f1arse\u00a0\u00a0<\/span><\/h2>\n<p><strong>\u201cLos riesgos aumentan por las condiciones alrededor del mar, es decir, inundaciones, tempestades, lluvias fuertes y descargas el\u00e9ctricas\u201d<\/strong>, explic\u00f3 Mej\u00eda.<\/p>\n<figure id=\"attachment_43150\" aria-describedby=\"caption-attachment-43150\" style=\"width: 1600px\" class=\"wp-caption alignnone\"><a href=\"\/wp-content\/uploads\/sites\/5\/2024\/06\/salvavidas-4.jpg\" target=\"_blank\" rel=\"noopener\"><img loading=\"lazy\" decoding=\"async\" class=\"wp-image-43150 size-full\" src=\"\/wp-content\/uploads\/sites\/5\/2024\/06\/salvavidas-4.jpg\" alt=\"\" width=\"1600\" height=\"1066\" srcset=\"\/wp-content\/uploads\/sites\/5\/2024\/06\/salvavidas-4.jpg 1600w, \/wp-content\/uploads\/sites\/5\/2024\/06\/salvavidas-4-300x200.jpg 300w, \/wp-content\/uploads\/sites\/5\/2024\/06\/salvavidas-4-1024x682.jpg 1024w, \/wp-content\/uploads\/sites\/5\/2024\/06\/salvavidas-4-768x512.jpg 768w, \/wp-content\/uploads\/sites\/5\/2024\/06\/salvavidas-4-1536x1023.jpg 1536w, \/wp-content\/uploads\/sites\/5\/2024\/06\/salvavidas-4-630x420.jpg 630w, \/wp-content\/uploads\/sites\/5\/2024\/06\/salvavidas-4-696x464.jpg 696w, \/wp-content\/uploads\/sites\/5\/2024\/06\/salvavidas-4-1068x712.jpg 1068w, \/wp-content\/uploads\/sites\/5\/2024\/06\/salvavidas-4-534x356.jpg 534w\" sizes=\"auto, (max-width: 1600px) 100vw, 1600px\" \/><\/a><figcaption id=\"caption-attachment-43150\" class=\"wp-caption-text\">Las playas est\u00e1n entre los destinos m\u00e1s frecuentados durante el descanso, por lo que est\u00e1n bajo la vigilancia del personal del Seguro Social.<\/figcaption><\/figure>\n<p>El especialista llam\u00f3 a tener sentido com\u00fan porque los temporales se est\u00e1n haciendo presentes. <strong>\u201cDesde que se sale de casa hay que tener precauciones en cuanto a la seguridad vial. Es muy importante evitar el consumo de alcohol y tener un lugar seguro en donde resguardarse si es necesario salir r\u00e1pido de la playa\u201d<\/strong>, agreg\u00f3 Mej\u00eda.<\/p>\n\r\n                <style type=\"text\/css\">\r\n                    \r\n                    #tdi_1  .td-doubleSlider-2 .td-item1 {\r\n                        background: url(\/wp-content\/uploads\/sites\/5\/2024\/06\/salvavidas-5-80x60.jpg) 0 0 no-repeat;\r\n                    }\r\n                    #tdi_1  .td-doubleSlider-2 .td-item2 {\r\n                        background: url(\/wp-content\/uploads\/sites\/5\/2024\/06\/salvavidas-7-80x60.jpg) 0 0 no-repeat;\r\n                    }\r\n                    #tdi_1  .td-doubleSlider-2 .td-item3 {\r\n                        background: url(\/wp-content\/uploads\/sites\/5\/2024\/06\/salvavidas-1-80x60.jpg) 0 0 no-repeat;\r\n                    }\r\n                    #tdi_1  .td-doubleSlider-2 .td-item4 {\r\n                        background: url(\/wp-content\/uploads\/sites\/5\/2024\/06\/salvavidas-6-80x60.jpg) 0 0 no-repeat;\r\n                    }\r\n                    #tdi_1  .td-doubleSlider-2 .td-item5 {\r\n                        background: url(\/wp-content\/uploads\/sites\/5\/2024\/06\/salvavidas-3-80x60.jpg) 0 0 no-repeat;\r\n                    }\r\n                    #tdi_1  .td-doubleSlider-2 .td-item6 {\r\n                        background: url(\/wp-content\/uploads\/sites\/5\/2024\/03\/Salvavidas-Guatemala-IGSS-02-Puerto-San-Jose-80x60.jpeg) 0 0 no-repeat;\r\n                    }\r\n                    #tdi_1  .td-doubleSlider-2 .td-item7 {\r\n                        background: url(\/wp-content\/uploads\/sites\/5\/2024\/03\/salvavidas-5-80x60.jpeg) 0 0 no-repeat;\r\n                    }\r\n                    #tdi_1  .td-doubleSlider-2 .td-item8 {\r\n                        background: url(\/wp-content\/uploads\/sites\/5\/2024\/02\/salvavidas-1-80x60.jpeg) 0 0 no-repeat;\r\n                    }\r\n                    #tdi_1  .td-doubleSlider-2 .td-item9 {\r\n                        background: url(\/wp-content\/uploads\/sites\/5\/2024\/03\/Salvaidas-IGSS-Guatemala-Semana-Santa-2024-2-80x60.jpg) 0 0 no-repeat;\r\n                    }\r\n                <\/style>\r\n\r\n                <div id=\"tdi_1\" class=\"td-gallery td-slide-on-2-columns\">\r\n                    <div class=\"post_td_gallery\">\r\n                        <div class=\"td-gallery-slide-top\">\r\n                           <div class=\"td-gallery-title\"><\/div>\r\n\r\n                            <div class=\"td-gallery-controls-wrapper\">\r\n                                <div class=\"td-gallery-slide-count\"><span class=\"td-gallery-slide-item-focus\">1<\/span> de 9<\/div>\r\n                                <div class=\"td-gallery-slide-prev-next-but\">\r\n                                    <i class = \"td-icon-left doubleSliderPrevButton\"><\/i>\r\n                                    <i class = \"td-icon-right doubleSliderNextButton\"><\/i>\r\n                                <\/div>\r\n                            <\/div>\r\n                        <\/div>\r\n\r\n                        <div class = \"td-doubleSlider-1 \">\r\n                            <div class = \"td-slider\">\r\n                                \r\n                    <div class = \"td-slide-item td-item1\">\r\n                        <figure class=\"td-slide-galery-figure td-slide-popup-gallery\">\r\n                            <a class=\"slide-gallery-image-link\" href=\"\/wp-content\/uploads\/sites\/5\/2024\/06\/salvavidas-5.jpg\" title=\"salvavidas-5\"  data-caption=\"\"  data-description=\"\">\r\n                                <img decoding=\"async\" src=\"\/wp-content\/uploads\/sites\/5\/2024\/06\/salvavidas-5-630x420.jpg\" srcset=\"\/wp-content\/uploads\/sites\/5\/2024\/06\/salvavidas-5-630x420.jpg 630w, \/wp-content\/uploads\/sites\/5\/2024\/06\/salvavidas-5-300x200.jpg 300w, \/wp-content\/uploads\/sites\/5\/2024\/06\/salvavidas-5-1024x682.jpg 1024w, \/wp-content\/uploads\/sites\/5\/2024\/06\/salvavidas-5-768x512.jpg 768w, \/wp-content\/uploads\/sites\/5\/2024\/06\/salvavidas-5-1536x1023.jpg 1536w, \/wp-content\/uploads\/sites\/5\/2024\/06\/salvavidas-5-696x464.jpg 696w, \/wp-content\/uploads\/sites\/5\/2024\/06\/salvavidas-5-1068x712.jpg 1068w, \/wp-content\/uploads\/sites\/5\/2024\/06\/salvavidas-5-534x356.jpg 534w, \/wp-content\/uploads\/sites\/5\/2024\/06\/salvavidas-5.jpg 1600w\" sizes=\"(max-width: 630px) 100vw, 630px\" alt=\"\">\r\n                            <\/a>\r\n                            \r\n                        <\/figure>\r\n                    <\/div>\r\n                    <div class = \"td-slide-item td-item2\">\r\n                        <figure class=\"td-slide-galery-figure td-slide-popup-gallery\">\r\n                            <a class=\"slide-gallery-image-link\" href=\"\/wp-content\/uploads\/sites\/5\/2024\/06\/salvavidas-7.jpg\" title=\"salvavidas-7\"  data-caption=\"\"  data-description=\"\">\r\n                                <img decoding=\"async\" src=\"\/wp-content\/uploads\/sites\/5\/2024\/06\/salvavidas-7-604x420.jpg\" srcset=\"\/wp-content\/uploads\/sites\/5\/2024\/06\/salvavidas-7-604x420.jpg 604w, \/wp-content\/uploads\/sites\/5\/2024\/06\/salvavidas-7-300x209.jpg 300w, \/wp-content\/uploads\/sites\/5\/2024\/06\/salvavidas-7-1024x713.jpg 1024w, \/wp-content\/uploads\/sites\/5\/2024\/06\/salvavidas-7-768x534.jpg 768w, \/wp-content\/uploads\/sites\/5\/2024\/06\/salvavidas-7-696x484.jpg 696w, \/wp-content\/uploads\/sites\/5\/2024\/06\/salvavidas-7-1068x743.jpg 1068w, \/wp-content\/uploads\/sites\/5\/2024\/06\/salvavidas-7-100x70.jpg 100w, \/wp-content\/uploads\/sites\/5\/2024\/06\/salvavidas-7-534x372.jpg 534w, \/wp-content\/uploads\/sites\/5\/2024\/06\/salvavidas-7.jpg 1532w\" sizes=\"(max-width: 604px) 100vw, 604px\" alt=\"\">\r\n                            <\/a>\r\n                            \r\n                        <\/figure>\r\n                    <\/div>\r\n                    <div class = \"td-slide-item td-item3\">\r\n                        <figure class=\"td-slide-galery-figure td-slide-popup-gallery\">\r\n                            <a class=\"slide-gallery-image-link\" href=\"\/wp-content\/uploads\/sites\/5\/2024\/06\/salvavidas-1.jpg\" title=\"salvavidas-1\"  data-caption=\"\"  data-description=\"\">\r\n                                <img decoding=\"async\" src=\"\/wp-content\/uploads\/sites\/5\/2024\/06\/salvavidas-1-630x420.jpg\" srcset=\"\/wp-content\/uploads\/sites\/5\/2024\/06\/salvavidas-1-630x420.jpg 630w, \/wp-content\/uploads\/sites\/5\/2024\/06\/salvavidas-1-300x200.jpg 300w, \/wp-content\/uploads\/sites\/5\/2024\/06\/salvavidas-1-1024x682.jpg 1024w, \/wp-content\/uploads\/sites\/5\/2024\/06\/salvavidas-1-768x512.jpg 768w, \/wp-content\/uploads\/sites\/5\/2024\/06\/salvavidas-1-1536x1023.jpg 1536w, \/wp-content\/uploads\/sites\/5\/2024\/06\/salvavidas-1-696x464.jpg 696w, \/wp-content\/uploads\/sites\/5\/2024\/06\/salvavidas-1-1068x712.jpg 1068w, \/wp-content\/uploads\/sites\/5\/2024\/06\/salvavidas-1-534x356.jpg 534w, \/wp-content\/uploads\/sites\/5\/2024\/06\/salvavidas-1.jpg 1600w\" sizes=\"(max-width: 630px) 100vw, 630px\" alt=\"\">\r\n                            <\/a>\r\n                            \r\n                        <\/figure>\r\n                    <\/div>\r\n                    <div class = \"td-slide-item td-item4\">\r\n                        <figure class=\"td-slide-galery-figure td-slide-popup-gallery\">\r\n                            <a class=\"slide-gallery-image-link\" href=\"\/wp-content\/uploads\/sites\/5\/2024\/06\/salvavidas-6.jpg\" title=\"salvavidas-6\"  data-caption=\"\"  data-description=\"\">\r\n                                <img decoding=\"async\" src=\"\/wp-content\/uploads\/sites\/5\/2024\/06\/salvavidas-6-291x420.jpg\" srcset=\"\/wp-content\/uploads\/sites\/5\/2024\/06\/salvavidas-6-291x420.jpg 291w, \/wp-content\/uploads\/sites\/5\/2024\/06\/salvavidas-6-208x300.jpg 208w, \/wp-content\/uploads\/sites\/5\/2024\/06\/salvavidas-6-710x1024.jpg 710w, \/wp-content\/uploads\/sites\/5\/2024\/06\/salvavidas-6-768x1108.jpg 768w, \/wp-content\/uploads\/sites\/5\/2024\/06\/salvavidas-6-696x1004.jpg 696w, \/wp-content\/uploads\/sites\/5\/2024\/06\/salvavidas-6-320x462.jpg 320w, \/wp-content\/uploads\/sites\/5\/2024\/06\/salvavidas-6.jpg 1031w\" sizes=\"(max-width: 291px) 100vw, 291px\" alt=\"\">\r\n                            <\/a>\r\n                            \r\n                        <\/figure>\r\n                    <\/div>\r\n                    <div class = \"td-slide-item td-item5\">\r\n                        <figure class=\"td-slide-galery-figure td-slide-popup-gallery\">\r\n                            <a class=\"slide-gallery-image-link\" href=\"\/wp-content\/uploads\/sites\/5\/2024\/06\/salvavidas-3.jpg\" title=\"salvavidas-3\"  data-caption=\"\"  data-description=\"\">\r\n                                <img decoding=\"async\" src=\"\/wp-content\/uploads\/sites\/5\/2024\/06\/salvavidas-3-630x420.jpg\" srcset=\"\/wp-content\/uploads\/sites\/5\/2024\/06\/salvavidas-3-630x420.jpg 630w, \/wp-content\/uploads\/sites\/5\/2024\/06\/salvavidas-3-300x200.jpg 300w, \/wp-content\/uploads\/sites\/5\/2024\/06\/salvavidas-3-1024x682.jpg 1024w, \/wp-content\/uploads\/sites\/5\/2024\/06\/salvavidas-3-768x512.jpg 768w, \/wp-content\/uploads\/sites\/5\/2024\/06\/salvavidas-3-1536x1023.jpg 1536w, \/wp-content\/uploads\/sites\/5\/2024\/06\/salvavidas-3-696x464.jpg 696w, \/wp-content\/uploads\/sites\/5\/2024\/06\/salvavidas-3-1068x712.jpg 1068w, \/wp-content\/uploads\/sites\/5\/2024\/06\/salvavidas-3-534x356.jpg 534w, \/wp-content\/uploads\/sites\/5\/2024\/06\/salvavidas-3.jpg 1600w\" sizes=\"(max-width: 630px) 100vw, 630px\" alt=\"\">\r\n                            <\/a>\r\n                            \r\n                        <\/figure>\r\n                    <\/div>\r\n                    <div class = \"td-slide-item td-item6\">\r\n                        <figure class=\"td-slide-galery-figure td-slide-popup-gallery\">\r\n                            <a class=\"slide-gallery-image-link\" href=\"\/wp-content\/uploads\/sites\/5\/2024\/03\/Salvavidas-Guatemala-IGSS-02-Puerto-San-Jose.jpeg\" title=\"Salvavidas Guatemala IGSS 02 Puerto San Jose\"  data-caption=\"\"  data-description=\"\">\r\n                                <img decoding=\"async\" src=\"\/wp-content\/uploads\/sites\/5\/2024\/03\/Salvavidas-Guatemala-IGSS-02-Puerto-San-Jose-630x420.jpeg\" srcset=\"\/wp-content\/uploads\/sites\/5\/2024\/03\/Salvavidas-Guatemala-IGSS-02-Puerto-San-Jose-630x420.jpeg 630w, \/wp-content\/uploads\/sites\/5\/2024\/03\/Salvavidas-Guatemala-IGSS-02-Puerto-San-Jose-300x200.jpeg 300w, \/wp-content\/uploads\/sites\/5\/2024\/03\/Salvavidas-Guatemala-IGSS-02-Puerto-San-Jose-768x512.jpeg 768w, \/wp-content\/uploads\/sites\/5\/2024\/03\/Salvavidas-Guatemala-IGSS-02-Puerto-San-Jose-696x464.jpeg 696w, \/wp-content\/uploads\/sites\/5\/2024\/03\/Salvavidas-Guatemala-IGSS-02-Puerto-San-Jose-534x356.jpeg 534w, \/wp-content\/uploads\/sites\/5\/2024\/03\/Salvavidas-Guatemala-IGSS-02-Puerto-San-Jose.jpeg 1024w\" sizes=\"(max-width: 630px) 100vw, 630px\" alt=\"\">\r\n                            <\/a>\r\n                            \r\n                        <\/figure>\r\n                    <\/div>\r\n                    <div class = \"td-slide-item td-item7\">\r\n                        <figure class=\"td-slide-galery-figure td-slide-popup-gallery\">\r\n                            <a class=\"slide-gallery-image-link\" href=\"\/wp-content\/uploads\/sites\/5\/2024\/03\/salvavidas-5.jpeg\" title=\"salvavidas-5\"  data-caption=\"\"  data-description=\"\">\r\n                                <img decoding=\"async\" src=\"\/wp-content\/uploads\/sites\/5\/2024\/03\/salvavidas-5-629x420.jpeg\" srcset=\"\/wp-content\/uploads\/sites\/5\/2024\/03\/salvavidas-5-629x420.jpeg 629w, \/wp-content\/uploads\/sites\/5\/2024\/03\/salvavidas-5-300x200.jpeg 300w, \/wp-content\/uploads\/sites\/5\/2024\/03\/salvavidas-5-768x513.jpeg 768w, \/wp-content\/uploads\/sites\/5\/2024\/03\/salvavidas-5-1024x684.jpeg 1024w, \/wp-content\/uploads\/sites\/5\/2024\/03\/salvavidas-5-696x465.jpeg 696w, \/wp-content\/uploads\/sites\/5\/2024\/03\/salvavidas-5-1068x713.jpeg 1068w, \/wp-content\/uploads\/sites\/5\/2024\/03\/salvavidas-5-534x357.jpeg 534w, \/wp-content\/uploads\/sites\/5\/2024\/03\/salvavidas-5.jpeg 1479w\" sizes=\"(max-width: 629px) 100vw, 629px\" alt=\"\">\r\n                            <\/a>\r\n                            \r\n                        <\/figure>\r\n                    <\/div>\r\n                    <div class = \"td-slide-item td-item8\">\r\n                        <figure class=\"td-slide-galery-figure td-slide-popup-gallery\">\r\n                            <a class=\"slide-gallery-image-link\" href=\"\/wp-content\/uploads\/sites\/5\/2024\/02\/salvavidas-1.jpeg\" title=\"salvavidas-1\"  data-caption=\"\"  data-description=\"\">\r\n                                <img decoding=\"async\" src=\"\/wp-content\/uploads\/sites\/5\/2024\/02\/salvavidas-1-630x420.jpeg\" srcset=\"\/wp-content\/uploads\/sites\/5\/2024\/02\/salvavidas-1-630x420.jpeg 630w, \/wp-content\/uploads\/sites\/5\/2024\/02\/salvavidas-1-300x200.jpeg 300w, \/wp-content\/uploads\/sites\/5\/2024\/02\/salvavidas-1-768x512.jpeg 768w, \/wp-content\/uploads\/sites\/5\/2024\/02\/salvavidas-1-1024x682.jpeg 1024w, \/wp-content\/uploads\/sites\/5\/2024\/02\/salvavidas-1-696x464.jpeg 696w, \/wp-content\/uploads\/sites\/5\/2024\/02\/salvavidas-1-1068x712.jpeg 1068w, \/wp-content\/uploads\/sites\/5\/2024\/02\/salvavidas-1-534x356.jpeg 534w, \/wp-content\/uploads\/sites\/5\/2024\/02\/salvavidas-1.jpeg 1280w\" sizes=\"(max-width: 630px) 100vw, 630px\" alt=\"\">\r\n                            <\/a>\r\n                            \r\n                        <\/figure>\r\n                    <\/div>\r\n                    <div class = \"td-slide-item td-item9\">\r\n                        <figure class=\"td-slide-galery-figure td-slide-popup-gallery\">\r\n                            <a class=\"slide-gallery-image-link\" href=\"\/wp-content\/uploads\/sites\/5\/2024\/03\/Salvaidas-IGSS-Guatemala-Semana-Santa-2024-2-scaled.jpg\" title=\"Salvaidas IGSS Guatemala Semana Santa 2024-2\"  data-caption=\"\"  data-description=\"\">\r\n                                <img decoding=\"async\" src=\"\/wp-content\/uploads\/sites\/5\/2024\/03\/Salvaidas-IGSS-Guatemala-Semana-Santa-2024-2-630x420.jpg\" srcset=\"\/wp-content\/uploads\/sites\/5\/2024\/03\/Salvaidas-IGSS-Guatemala-Semana-Santa-2024-2-630x420.jpg 630w, \/wp-content\/uploads\/sites\/5\/2024\/03\/Salvaidas-IGSS-Guatemala-Semana-Santa-2024-2-300x200.jpg 300w, \/wp-content\/uploads\/sites\/5\/2024\/03\/Salvaidas-IGSS-Guatemala-Semana-Santa-2024-2-1024x682.jpg 1024w, \/wp-content\/uploads\/sites\/5\/2024\/03\/Salvaidas-IGSS-Guatemala-Semana-Santa-2024-2-768x512.jpg 768w, \/wp-content\/uploads\/sites\/5\/2024\/03\/Salvaidas-IGSS-Guatemala-Semana-Santa-2024-2-1536x1023.jpg 1536w, \/wp-content\/uploads\/sites\/5\/2024\/03\/Salvaidas-IGSS-Guatemala-Semana-Santa-2024-2-2048x1364.jpg 2048w, \/wp-content\/uploads\/sites\/5\/2024\/03\/Salvaidas-IGSS-Guatemala-Semana-Santa-2024-2-696x464.jpg 696w, \/wp-content\/uploads\/sites\/5\/2024\/03\/Salvaidas-IGSS-Guatemala-Semana-Santa-2024-2-1068x712.jpg 1068w, \/wp-content\/uploads\/sites\/5\/2024\/03\/Salvaidas-IGSS-Guatemala-Semana-Santa-2024-2-1920x1279.jpg 1920w, \/wp-content\/uploads\/sites\/5\/2024\/03\/Salvaidas-IGSS-Guatemala-Semana-Santa-2024-2-534x356.jpg 534w\" sizes=\"(max-width: 630px) 100vw, 630px\" alt=\"\">\r\n                            <\/a>\r\n                            \r\n                        <\/figure>\r\n                    <\/div>\r\n                            <\/div>\r\n                        <\/div>\r\n\r\n                        <div class = \"td-doubleSlider-2\">\r\n                            <div class = \"td-slider\">\r\n                                \r\n                    <div class = \"td-button td-item1\">\r\n                        <div class = \"td-border\"><\/div>\r\n                    <\/div>\r\n                    <div class = \"td-button td-item2\">\r\n                        <div class = \"td-border\"><\/div>\r\n                    <\/div>\r\n                    <div class = \"td-button td-item3\">\r\n                        <div class = \"td-border\"><\/div>\r\n                    <\/div>\r\n                    <div class = \"td-button td-item4\">\r\n                        <div class = \"td-border\"><\/div>\r\n                    <\/div>\r\n                    <div class = \"td-button td-item5\">\r\n                        <div class = \"td-border\"><\/div>\r\n                    <\/div>\r\n                    <div class = \"td-button td-item6\">\r\n                        <div class = \"td-border\"><\/div>\r\n                    <\/div>\r\n                    <div class = \"td-button td-item7\">\r\n                        <div class = \"td-border\"><\/div>\r\n                    <\/div>\r\n                    <div class = \"td-button td-item8\">\r\n                        <div class = \"td-border\"><\/div>\r\n                    <\/div>\r\n                    <div class = \"td-button td-item9\">\r\n                        <div class = \"td-border\"><\/div>\r\n                    <\/div>\r\n                            <\/div>\r\n                        <\/div>\r\n\r\n                    <\/div>\r\n\r\n                <\/div>\r\n                ","protected":false},"excerpt":{"rendered":"<p>El doctor Mynor Mej\u00eda, jefe de la Secci\u00f3n de Seguridad e Higiene y Prevenci\u00f3n de Accidentes del IGSS, explic\u00f3 que son 59 los elementos que resguardar\u00e1n playas y balnearios en el asueto del D\u00eda del Ej\u00e9rcito, que este a\u00f1o se gozar\u00e1 el 1 de julio. El servicio estar\u00e1 disponible desde el s\u00e1bado hasta el lunes, [&hellip;]<\/p>\n","protected":false},"author":1961,"featured_media":43154,"comment_status":"closed","ping_status":"closed","sticky":false,"template":"","format":"standard","meta":{"footnotes":""},"categories":[3],"tags":[216,1490,770],"coauthors":[],"class_list":{"0":"post-43142","1":"post","2":"type-post","3":"status-publish","4":"format-standard","5":"has-post-thumbnail","7":"category-actualidad","8":"tag-cuerpo-de-salvamento-del-igss","9":"tag-dia-del-ejercito","10":"tag-salvavidas-igss"},"_links":{"self":[{"href":"https:\/\/www.igssgt.org\/noticias\/wp-json\/wp\/v2\/posts\/43142","targetHints":{"allow":["GET"]}}],"collection":[{"href":"https:\/\/www.igssgt.org\/noticias\/wp-json\/wp\/v2\/posts"}],"about":[{"href":"https:\/\/www.igssgt.org\/noticias\/wp-json\/wp\/v2\/types\/post"}],"author":[{"embeddable":true,"href":"https:\/\/www.igssgt.org\/noticias\/wp-json\/wp\/v2\/users\/1961"}],"replies":[{"embeddable":true,"href":"https:\/\/www.igssgt.org\/noticias\/wp-json\/wp\/v2\/comments?post=43142"}],"version-history":[{"count":5,"href":"https:\/\/www.igssgt.org\/noticias\/wp-json\/wp\/v2\/posts\/43142\/revisions"}],"predecessor-version":[{"id":43156,"href":"https:\/\/www.igssgt.org\/noticias\/wp-json\/wp\/v2\/posts\/43142\/revisions\/43156"}],"wp:featuredmedia":[{"embeddable":true,"href":"https:\/\/www.igssgt.org\/noticias\/wp-json\/wp\/v2\/media\/43154"}],"wp:attachment":[{"href":"https:\/\/www.igssgt.org\/noticias\/wp-json\/wp\/v2\/media?parent=43142"}],"wp:term":[{"taxonomy":"category","embeddable":true,"href":"https:\/\/www.igssgt.org\/noticias\/wp-json\/wp\/v2\/categories?post=43142"},{"taxonomy":"post_tag","embeddable":true,"href":"https:\/\/www.igssgt.org\/noticias\/wp-json\/wp\/v2\/tags?post=43142"},{"taxonomy":"author","embeddable":true,"href":"https:\/\/www.igssgt.org\/noticias\/wp-json\/wp\/v2\/coauthors?post=43142"}],"curies":[{"name":"wp","href":"https:\/\/api.w.org\/{rel}","templated":true}]}}