{"id":43383,"date":"2024-07-23T09:27:38","date_gmt":"2024-07-23T15:27:38","guid":{"rendered":"https:\/\/www.igssgt.org\/noticias\/?p=43383"},"modified":"2024-08-23T10:55:09","modified_gmt":"2024-08-23T16:55:09","slug":"personal-de-enfermeria-del-igss-se-alista-para-campana-nacional-de-vacunacion","status":"publish","type":"post","link":"https:\/\/www.igssgt.org\/noticias\/2024\/07\/23\/personal-de-enfermeria-del-igss-se-alista-para-campana-nacional-de-vacunacion\/","title":{"rendered":"Personal de enfermer\u00eda del IGSS se alista para campa\u00f1a nacional de vacunaci\u00f3n"},"content":{"rendered":"\n<p class=\"has-drop-cap\">Como parte de la alianza entre el Seguro Social y el Ministerio de Salud P\u00fablica y Asistencia Social (MSPAS) en pro de la poblaci\u00f3n, delegados de esta cartera potenciaron capacidades de jefes de Enfermer\u00eda para su participaci\u00f3n que tendr\u00e1n en la Campa\u00f1a Nacional contra el Sarampi\u00f3n, Paperas, Rubeola y Poliomielitis 2024, que se desarrollar\u00e1 del 3 de agosto al 5 de octubre.<\/p>\n\n\n<figure id=\"attachment_43391\" aria-describedby=\"caption-attachment-43391\" style=\"width: 1600px\" class=\"wp-caption alignnone\"><a href=\"\/wp-content\/uploads\/sites\/5\/2024\/07\/vacunacion-7.jpg\" target=\"_blank\" rel=\"noopener\"><img loading=\"lazy\" decoding=\"async\" class=\"wp-image-43391 size-full\" src=\"\/wp-content\/uploads\/sites\/5\/2024\/07\/vacunacion-7.jpg\" alt=\"\" width=\"1600\" height=\"1066\" srcset=\"\/wp-content\/uploads\/sites\/5\/2024\/07\/vacunacion-7.jpg 1600w, \/wp-content\/uploads\/sites\/5\/2024\/07\/vacunacion-7-300x200.jpg 300w, \/wp-content\/uploads\/sites\/5\/2024\/07\/vacunacion-7-1024x682.jpg 1024w, \/wp-content\/uploads\/sites\/5\/2024\/07\/vacunacion-7-768x512.jpg 768w, \/wp-content\/uploads\/sites\/5\/2024\/07\/vacunacion-7-1536x1023.jpg 1536w, \/wp-content\/uploads\/sites\/5\/2024\/07\/vacunacion-7-630x420.jpg 630w, \/wp-content\/uploads\/sites\/5\/2024\/07\/vacunacion-7-696x464.jpg 696w, \/wp-content\/uploads\/sites\/5\/2024\/07\/vacunacion-7-1068x712.jpg 1068w, \/wp-content\/uploads\/sites\/5\/2024\/07\/vacunacion-7-534x356.jpg 534w\" sizes=\"auto, (max-width: 1600px) 100vw, 1600px\" \/><\/a><figcaption id=\"caption-attachment-43391\" class=\"wp-caption-text\">Los 70 jefes de Enfermer\u00eda del IGSS a nivel nacional acudieron a la capacitaci\u00f3n impartida por profesionales del MSPAS.<\/figcaption><\/figure>\n<p>De esa cuenta, el IGSS pondr\u00e1 a disposici\u00f3n sus unidades m\u00e9dicas a nivel nacional para el desarrollo de esta gran actividad. <strong>\u201cPara nosotros ha sido vital esta reuni\u00f3n, porque nos permite crear v\u00ednculos estrat\u00e9gicos y de coordinaci\u00f3n durante las 9 semanas de la campa\u00f1a\u201d<\/strong>, coment\u00f3 la doctora Walesska Zece\u00f1a, coordinadora del Programa Nacional de Inmunizaciones del MSPAS.<\/p>\n<blockquote>\n<p>Los invitamos a estar pendientes de las redes sociales e informarse sobre los servicios de vacunaci\u00f3n que brindar\u00e1n el MSPAS y el IGSS<\/p>\n<\/blockquote>\n<p>Durante el taller, los encargados de Enfermer\u00eda recibieron los lineamientos de la campa\u00f1a, cuyo objetivo es fortalecer la cobertura de vacunaci\u00f3n y as\u00ed proteger a la poblaci\u00f3n contra estas enfermedades.<\/p>\n<figure id=\"attachment_43389\" aria-describedby=\"caption-attachment-43389\" style=\"width: 1600px\" class=\"wp-caption alignnone\"><a href=\"\/wp-content\/uploads\/sites\/5\/2024\/07\/vacunacion-5.jpg\" target=\"_blank\" rel=\"noopener\"><img loading=\"lazy\" decoding=\"async\" class=\"wp-image-43389 size-full\" src=\"\/wp-content\/uploads\/sites\/5\/2024\/07\/vacunacion-5.jpg\" alt=\"\" width=\"1600\" height=\"1066\" srcset=\"\/wp-content\/uploads\/sites\/5\/2024\/07\/vacunacion-5.jpg 1600w, \/wp-content\/uploads\/sites\/5\/2024\/07\/vacunacion-5-300x200.jpg 300w, \/wp-content\/uploads\/sites\/5\/2024\/07\/vacunacion-5-1024x682.jpg 1024w, \/wp-content\/uploads\/sites\/5\/2024\/07\/vacunacion-5-768x512.jpg 768w, \/wp-content\/uploads\/sites\/5\/2024\/07\/vacunacion-5-1536x1023.jpg 1536w, \/wp-content\/uploads\/sites\/5\/2024\/07\/vacunacion-5-630x420.jpg 630w, \/wp-content\/uploads\/sites\/5\/2024\/07\/vacunacion-5-696x464.jpg 696w, \/wp-content\/uploads\/sites\/5\/2024\/07\/vacunacion-5-1068x712.jpg 1068w, \/wp-content\/uploads\/sites\/5\/2024\/07\/vacunacion-5-534x356.jpg 534w\" sizes=\"auto, (max-width: 1600px) 100vw, 1600px\" \/><\/a><figcaption id=\"caption-attachment-43389\" class=\"wp-caption-text\">La Campa\u00f1a Nacional contra El Sarampi\u00f3n, Paperas y Rubeola y Poliomielitis 2024 se realizar\u00e1 del 3 de agosto al 5 de octubre.<\/figcaption><\/figure>\n<p>Al respecto, la M.A. licenciada Elsa Figueroa de Mus, jefe de la Secci\u00f3n de Enfermer\u00eda, se\u00f1al\u00f3 que los profesionales de esta rama han ejercido un papel hist\u00f3rico en el IGSS, puesto que su funci\u00f3n operativa posibilita la aplicaci\u00f3n del esquema de inmunizaciones. <strong>\u201cEs muy importante mantenernos actualizados y capacitados\u201d<\/strong>, subray\u00f3.<\/p>\n<figure id=\"attachment_43387\" aria-describedby=\"caption-attachment-43387\" style=\"width: 1600px\" class=\"wp-caption alignnone\"><a href=\"\/wp-content\/uploads\/sites\/5\/2024\/07\/vacunacion-3.jpg\" target=\"_blank\" rel=\"noopener\"><img loading=\"lazy\" decoding=\"async\" class=\"wp-image-43387 size-full\" src=\"\/wp-content\/uploads\/sites\/5\/2024\/07\/vacunacion-3.jpg\" alt=\"\" width=\"1600\" height=\"1066\" srcset=\"\/wp-content\/uploads\/sites\/5\/2024\/07\/vacunacion-3.jpg 1600w, \/wp-content\/uploads\/sites\/5\/2024\/07\/vacunacion-3-300x200.jpg 300w, \/wp-content\/uploads\/sites\/5\/2024\/07\/vacunacion-3-1024x682.jpg 1024w, \/wp-content\/uploads\/sites\/5\/2024\/07\/vacunacion-3-768x512.jpg 768w, \/wp-content\/uploads\/sites\/5\/2024\/07\/vacunacion-3-1536x1023.jpg 1536w, \/wp-content\/uploads\/sites\/5\/2024\/07\/vacunacion-3-630x420.jpg 630w, \/wp-content\/uploads\/sites\/5\/2024\/07\/vacunacion-3-696x464.jpg 696w, \/wp-content\/uploads\/sites\/5\/2024\/07\/vacunacion-3-1068x712.jpg 1068w, \/wp-content\/uploads\/sites\/5\/2024\/07\/vacunacion-3-534x356.jpg 534w\" sizes=\"auto, (max-width: 1600px) 100vw, 1600px\" \/><\/a><figcaption id=\"caption-attachment-43387\" class=\"wp-caption-text\">El IGSS pondr\u00e1 sus unidades m\u00e9dicas a disposici\u00f3n del MSPAS para que instale sus puestos de vacunaci\u00f3n.<\/figcaption><\/figure>\n<p>Por su parte, la doctora M\u00f3nica Rodr\u00edguez, jefe de la Secci\u00f3n de Higiene Materno Infantil de la Subgerencia de Prestaciones en Salud, reconoci\u00f3 que la vacunaci\u00f3n es una de las mejores estrategias para prevenir estas afecciones y que la poblaci\u00f3n podr\u00e1 llegar a los centros de vacunaci\u00f3n para su dosis de campa\u00f1a o continuar con su programa regular de inmunizaci\u00f3n.<\/p>\n<p><strong>\u201cLos invitamos a que est\u00e9n pendientes de las redes sociales e informarse sobre los servicios de vacunaci\u00f3n que brindar\u00e1n el MSPAS y el IGSS\u201d<\/strong>, refiri\u00f3 Rodr\u00edguez.<\/p>\n\r\n                <style type=\"text\/css\">\r\n                    \r\n                    #tdi_1  .td-doubleSlider-2 .td-item1 {\r\n                        background: url(\/wp-content\/uploads\/sites\/5\/2024\/07\/vacunacion-2-80x60.jpg) 0 0 no-repeat;\r\n                    }\r\n                    #tdi_1  .td-doubleSlider-2 .td-item2 {\r\n                        background: url(\/wp-content\/uploads\/sites\/5\/2024\/07\/vacunacion-1-80x60.jpg) 0 0 no-repeat;\r\n                    }\r\n                    #tdi_1  .td-doubleSlider-2 .td-item3 {\r\n                        background: url(\/wp-content\/uploads\/sites\/5\/2024\/07\/vacunacion-9-80x60.jpg) 0 0 no-repeat;\r\n                    }\r\n                    #tdi_1  .td-doubleSlider-2 .td-item4 {\r\n                        background: url(\/wp-content\/uploads\/sites\/5\/2024\/07\/vacunacion-6-80x60.jpg) 0 0 no-repeat;\r\n                    }\r\n                    #tdi_1  .td-doubleSlider-2 .td-item5 {\r\n                        background: url(\/wp-content\/uploads\/sites\/5\/2024\/07\/vacunacion-4-80x60.jpg) 0 0 no-repeat;\r\n                    }\r\n                <\/style>\r\n\r\n                <div id=\"tdi_1\" class=\"td-gallery td-slide-on-2-columns\">\r\n                    <div class=\"post_td_gallery\">\r\n                        <div class=\"td-gallery-slide-top\">\r\n                           <div class=\"td-gallery-title\"><\/div>\r\n\r\n                            <div class=\"td-gallery-controls-wrapper\">\r\n                                <div class=\"td-gallery-slide-count\"><span class=\"td-gallery-slide-item-focus\">1<\/span> de 5<\/div>\r\n                                <div class=\"td-gallery-slide-prev-next-but\">\r\n                                    <i class = \"td-icon-left doubleSliderPrevButton\"><\/i>\r\n                                    <i class = \"td-icon-right doubleSliderNextButton\"><\/i>\r\n                                <\/div>\r\n                            <\/div>\r\n                        <\/div>\r\n\r\n                        <div class = \"td-doubleSlider-1 \">\r\n                            <div class = \"td-slider\">\r\n                                \r\n                    <div class = \"td-slide-item td-item1\">\r\n                        <figure class=\"td-slide-galery-figure td-slide-popup-gallery\">\r\n                            <a class=\"slide-gallery-image-link\" href=\"\/wp-content\/uploads\/sites\/5\/2024\/07\/vacunacion-2.jpg\" title=\"vacunacion-2\"  data-caption=\"\"  data-description=\"\">\r\n                                <img decoding=\"async\" src=\"\/wp-content\/uploads\/sites\/5\/2024\/07\/vacunacion-2-630x420.jpg\" srcset=\"\/wp-content\/uploads\/sites\/5\/2024\/07\/vacunacion-2-630x420.jpg 630w, \/wp-content\/uploads\/sites\/5\/2024\/07\/vacunacion-2-300x200.jpg 300w, \/wp-content\/uploads\/sites\/5\/2024\/07\/vacunacion-2-1024x682.jpg 1024w, \/wp-content\/uploads\/sites\/5\/2024\/07\/vacunacion-2-768x512.jpg 768w, \/wp-content\/uploads\/sites\/5\/2024\/07\/vacunacion-2-1536x1023.jpg 1536w, \/wp-content\/uploads\/sites\/5\/2024\/07\/vacunacion-2-696x464.jpg 696w, \/wp-content\/uploads\/sites\/5\/2024\/07\/vacunacion-2-1068x712.jpg 1068w, \/wp-content\/uploads\/sites\/5\/2024\/07\/vacunacion-2-534x356.jpg 534w, \/wp-content\/uploads\/sites\/5\/2024\/07\/vacunacion-2.jpg 1600w\" sizes=\"(max-width: 630px) 100vw, 630px\" alt=\"\">\r\n                            <\/a>\r\n                            \r\n                        <\/figure>\r\n                    <\/div>\r\n                    <div class = \"td-slide-item td-item2\">\r\n                        <figure class=\"td-slide-galery-figure td-slide-popup-gallery\">\r\n                            <a class=\"slide-gallery-image-link\" href=\"\/wp-content\/uploads\/sites\/5\/2024\/07\/vacunacion-1.jpg\" title=\"vacunacion-1\"  data-caption=\"\"  data-description=\"\">\r\n                                <img decoding=\"async\" src=\"\/wp-content\/uploads\/sites\/5\/2024\/07\/vacunacion-1-630x420.jpg\" srcset=\"\/wp-content\/uploads\/sites\/5\/2024\/07\/vacunacion-1-630x420.jpg 630w, \/wp-content\/uploads\/sites\/5\/2024\/07\/vacunacion-1-300x200.jpg 300w, \/wp-content\/uploads\/sites\/5\/2024\/07\/vacunacion-1-1024x682.jpg 1024w, \/wp-content\/uploads\/sites\/5\/2024\/07\/vacunacion-1-768x512.jpg 768w, \/wp-content\/uploads\/sites\/5\/2024\/07\/vacunacion-1-1536x1023.jpg 1536w, \/wp-content\/uploads\/sites\/5\/2024\/07\/vacunacion-1-696x464.jpg 696w, \/wp-content\/uploads\/sites\/5\/2024\/07\/vacunacion-1-1068x712.jpg 1068w, \/wp-content\/uploads\/sites\/5\/2024\/07\/vacunacion-1-534x356.jpg 534w, \/wp-content\/uploads\/sites\/5\/2024\/07\/vacunacion-1.jpg 1600w\" sizes=\"(max-width: 630px) 100vw, 630px\" alt=\"\">\r\n                            <\/a>\r\n                            \r\n                        <\/figure>\r\n                    <\/div>\r\n                    <div class = \"td-slide-item td-item3\">\r\n                        <figure class=\"td-slide-galery-figure td-slide-popup-gallery\">\r\n                            <a class=\"slide-gallery-image-link\" href=\"\/wp-content\/uploads\/sites\/5\/2024\/07\/vacunacion-9.jpg\" title=\"vacunacion-9\"  data-caption=\"\"  data-description=\"\">\r\n                                <img decoding=\"async\" src=\"\/wp-content\/uploads\/sites\/5\/2024\/07\/vacunacion-9-630x420.jpg\" srcset=\"\/wp-content\/uploads\/sites\/5\/2024\/07\/vacunacion-9-630x420.jpg 630w, \/wp-content\/uploads\/sites\/5\/2024\/07\/vacunacion-9-300x200.jpg 300w, \/wp-content\/uploads\/sites\/5\/2024\/07\/vacunacion-9-1024x682.jpg 1024w, \/wp-content\/uploads\/sites\/5\/2024\/07\/vacunacion-9-768x512.jpg 768w, \/wp-content\/uploads\/sites\/5\/2024\/07\/vacunacion-9-1536x1023.jpg 1536w, \/wp-content\/uploads\/sites\/5\/2024\/07\/vacunacion-9-696x464.jpg 696w, \/wp-content\/uploads\/sites\/5\/2024\/07\/vacunacion-9-1068x712.jpg 1068w, \/wp-content\/uploads\/sites\/5\/2024\/07\/vacunacion-9-534x356.jpg 534w, \/wp-content\/uploads\/sites\/5\/2024\/07\/vacunacion-9.jpg 1600w\" sizes=\"(max-width: 630px) 100vw, 630px\" alt=\"\">\r\n                            <\/a>\r\n                            \r\n                        <\/figure>\r\n                    <\/div>\r\n                    <div class = \"td-slide-item td-item4\">\r\n                        <figure class=\"td-slide-galery-figure td-slide-popup-gallery\">\r\n                            <a class=\"slide-gallery-image-link\" href=\"\/wp-content\/uploads\/sites\/5\/2024\/07\/vacunacion-6.jpg\" title=\"vacunacion-6\"  data-caption=\"\"  data-description=\"\">\r\n                                <img decoding=\"async\" src=\"\/wp-content\/uploads\/sites\/5\/2024\/07\/vacunacion-6-630x420.jpg\" srcset=\"\/wp-content\/uploads\/sites\/5\/2024\/07\/vacunacion-6-630x420.jpg 630w, \/wp-content\/uploads\/sites\/5\/2024\/07\/vacunacion-6-300x200.jpg 300w, \/wp-content\/uploads\/sites\/5\/2024\/07\/vacunacion-6-1024x682.jpg 1024w, \/wp-content\/uploads\/sites\/5\/2024\/07\/vacunacion-6-768x512.jpg 768w, \/wp-content\/uploads\/sites\/5\/2024\/07\/vacunacion-6-1536x1023.jpg 1536w, \/wp-content\/uploads\/sites\/5\/2024\/07\/vacunacion-6-696x464.jpg 696w, \/wp-content\/uploads\/sites\/5\/2024\/07\/vacunacion-6-1068x712.jpg 1068w, \/wp-content\/uploads\/sites\/5\/2024\/07\/vacunacion-6-534x356.jpg 534w, \/wp-content\/uploads\/sites\/5\/2024\/07\/vacunacion-6.jpg 1600w\" sizes=\"(max-width: 630px) 100vw, 630px\" alt=\"\">\r\n                            <\/a>\r\n                            \r\n                        <\/figure>\r\n                    <\/div>\r\n                    <div class = \"td-slide-item td-item5\">\r\n                        <figure class=\"td-slide-galery-figure td-slide-popup-gallery\">\r\n                            <a class=\"slide-gallery-image-link\" href=\"\/wp-content\/uploads\/sites\/5\/2024\/07\/vacunacion-4.jpg\" title=\"vacunacion-4\"  data-caption=\"\"  data-description=\"\">\r\n                                <img decoding=\"async\" src=\"\/wp-content\/uploads\/sites\/5\/2024\/07\/vacunacion-4-630x420.jpg\" srcset=\"\/wp-content\/uploads\/sites\/5\/2024\/07\/vacunacion-4-630x420.jpg 630w, \/wp-content\/uploads\/sites\/5\/2024\/07\/vacunacion-4-300x200.jpg 300w, \/wp-content\/uploads\/sites\/5\/2024\/07\/vacunacion-4-1024x682.jpg 1024w, \/wp-content\/uploads\/sites\/5\/2024\/07\/vacunacion-4-768x512.jpg 768w, \/wp-content\/uploads\/sites\/5\/2024\/07\/vacunacion-4-1536x1023.jpg 1536w, \/wp-content\/uploads\/sites\/5\/2024\/07\/vacunacion-4-696x464.jpg 696w, \/wp-content\/uploads\/sites\/5\/2024\/07\/vacunacion-4-1068x712.jpg 1068w, \/wp-content\/uploads\/sites\/5\/2024\/07\/vacunacion-4-534x356.jpg 534w, \/wp-content\/uploads\/sites\/5\/2024\/07\/vacunacion-4.jpg 1600w\" sizes=\"(max-width: 630px) 100vw, 630px\" alt=\"\">\r\n                            <\/a>\r\n                            \r\n                        <\/figure>\r\n                    <\/div>\r\n                            <\/div>\r\n                        <\/div>\r\n\r\n                        <div class = \"td-doubleSlider-2\">\r\n                            <div class = \"td-slider\">\r\n                                \r\n                    <div class = \"td-button td-item1\">\r\n                        <div class = \"td-border\"><\/div>\r\n                    <\/div>\r\n                    <div class = \"td-button td-item2\">\r\n                        <div class = \"td-border\"><\/div>\r\n                    <\/div>\r\n                    <div class = \"td-button td-item3\">\r\n                        <div class = \"td-border\"><\/div>\r\n                    <\/div>\r\n                    <div class = \"td-button td-item4\">\r\n                        <div class = \"td-border\"><\/div>\r\n                    <\/div>\r\n                    <div class = \"td-button td-item5\">\r\n                        <div class = \"td-border\"><\/div>\r\n                    <\/div>\r\n                            <\/div>\r\n                        <\/div>\r\n\r\n                    <\/div>\r\n\r\n                <\/div>\r\n                ","protected":false},"excerpt":{"rendered":"<p>Como parte de la alianza entre el Seguro Social y el Ministerio de Salud P\u00fablica y Asistencia Social (MSPAS) en pro de la poblaci\u00f3n, delegados de esta cartera potenciaron capacidades de jefes de Enfermer\u00eda para su participaci\u00f3n que tendr\u00e1n en la Campa\u00f1a Nacional contra el Sarampi\u00f3n, Paperas, Rubeola y Poliomielitis 2024, que se desarrollar\u00e1 del [&hellip;]<\/p>\n","protected":false},"author":1961,"featured_media":43392,"comment_status":"closed","ping_status":"closed","sticky":false,"template":"","format":"standard","meta":{"footnotes":""},"categories":[3,17],"tags":[964,648,847,1908],"coauthors":[],"class_list":{"0":"post-43383","1":"post","2":"type-post","3":"status-publish","4":"format-standard","5":"has-post-thumbnail","7":"category-actualidad","8":"category-formacion-y-desarrollo","9":"tag-formacion-y-desarrollo","10":"tag-mspas","11":"tag-vacunacion","12":"tag-vacunas-igss"},"_links":{"self":[{"href":"https:\/\/www.igssgt.org\/noticias\/wp-json\/wp\/v2\/posts\/43383","targetHints":{"allow":["GET"]}}],"collection":[{"href":"https:\/\/www.igssgt.org\/noticias\/wp-json\/wp\/v2\/posts"}],"about":[{"href":"https:\/\/www.igssgt.org\/noticias\/wp-json\/wp\/v2\/types\/post"}],"author":[{"embeddable":true,"href":"https:\/\/www.igssgt.org\/noticias\/wp-json\/wp\/v2\/users\/1961"}],"replies":[{"embeddable":true,"href":"https:\/\/www.igssgt.org\/noticias\/wp-json\/wp\/v2\/comments?post=43383"}],"version-history":[{"count":4,"href":"https:\/\/www.igssgt.org\/noticias\/wp-json\/wp\/v2\/posts\/43383\/revisions"}],"predecessor-version":[{"id":43396,"href":"https:\/\/www.igssgt.org\/noticias\/wp-json\/wp\/v2\/posts\/43383\/revisions\/43396"}],"wp:featuredmedia":[{"embeddable":true,"href":"https:\/\/www.igssgt.org\/noticias\/wp-json\/wp\/v2\/media\/43392"}],"wp:attachment":[{"href":"https:\/\/www.igssgt.org\/noticias\/wp-json\/wp\/v2\/media?parent=43383"}],"wp:term":[{"taxonomy":"category","embeddable":true,"href":"https:\/\/www.igssgt.org\/noticias\/wp-json\/wp\/v2\/categories?post=43383"},{"taxonomy":"post_tag","embeddable":true,"href":"https:\/\/www.igssgt.org\/noticias\/wp-json\/wp\/v2\/tags?post=43383"},{"taxonomy":"author","embeddable":true,"href":"https:\/\/www.igssgt.org\/noticias\/wp-json\/wp\/v2\/coauthors?post=43383"}],"curies":[{"name":"wp","href":"https:\/\/api.w.org\/{rel}","templated":true}]}}