{"id":43506,"date":"2024-07-29T10:20:15","date_gmt":"2024-07-29T16:20:15","guid":{"rendered":"https:\/\/www.igssgt.org\/noticias\/?p=43506"},"modified":"2024-07-29T10:20:16","modified_gmt":"2024-07-29T16:20:16","slug":"displacia-de-cadera-es-detectada-con-ultrasonido","status":"publish","type":"post","link":"https:\/\/www.igssgt.org\/noticias\/2024\/07\/29\/displacia-de-cadera-es-detectada-con-ultrasonido\/","title":{"rendered":"Displacia de cadera es detectada con ultrasonido"},"content":{"rendered":"\n<p class=\"has-drop-cap\">El ultrasonido es utilizado por los especialistas de traumatolog\u00eda y ortopedia pedi\u00e1trica del Hospital General de Accidentes Ceibal para detectar y diagnosticar, de forma temprana, la displasia del desarrollo de la cadera. Este m\u00e9todo se aplica en pacientes pedi\u00e1tricos durante los primeros meses de vida.<\/p>\n\n\n<figure id=\"attachment_43510\" aria-describedby=\"caption-attachment-43510\" style=\"width: 300px\" class=\"wp-caption alignright\"><a href=\"\/wp-content\/uploads\/sites\/5\/2024\/07\/displacia-3.jpg\" target=\"_blank\" rel=\"noopener\"><img loading=\"lazy\" decoding=\"async\" class=\"wp-image-43510 size-medium\" src=\"\/wp-content\/uploads\/sites\/5\/2024\/07\/displacia-3-300x300.jpg\" alt=\"\" width=\"300\" height=\"300\" srcset=\"\/wp-content\/uploads\/sites\/5\/2024\/07\/displacia-3-300x300.jpg 300w, \/wp-content\/uploads\/sites\/5\/2024\/07\/displacia-3-1024x1024.jpg 1024w, \/wp-content\/uploads\/sites\/5\/2024\/07\/displacia-3-150x150.jpg 150w, \/wp-content\/uploads\/sites\/5\/2024\/07\/displacia-3-768x768.jpg 768w, \/wp-content\/uploads\/sites\/5\/2024\/07\/displacia-3-420x420.jpg 420w, \/wp-content\/uploads\/sites\/5\/2024\/07\/displacia-3-696x696.jpg 696w, \/wp-content\/uploads\/sites\/5\/2024\/07\/displacia-3-1068x1068.jpg 1068w, \/wp-content\/uploads\/sites\/5\/2024\/07\/displacia-3-462x462.jpg 462w, \/wp-content\/uploads\/sites\/5\/2024\/07\/displacia-3.jpg 1496w\" sizes=\"auto, (max-width: 300px) 100vw, 300px\" \/><\/a><figcaption id=\"caption-attachment-43510\" class=\"wp-caption-text\">La utilizaci\u00f3n de este equipo pone al hospital a nivel del primer mundo.<\/figcaption><\/figure>\n<p>La displasia del desarrollo de la cadera es una enfermedad ortop\u00e9dica que se caracteriza por que el acet\u00e1bulo (cuenca de la cadera donde encaja la cabeza femoral) de la cadera est\u00e1 fuera de su lugaryblos peque\u00f1os nacen con esta condici\u00f3n.<\/p>\n<p>A decir del jefe del servicio, doctor Edson Zambrano, la utilizaci\u00f3n de este equipo pone al hospital a nivel del primer mundo, facilita el diagnostico de los peque\u00f1os en tiempo real sin producir radiaci\u00f3n a su organismo.<\/p>\n<figure id=\"attachment_43509\" aria-describedby=\"caption-attachment-43509\" style=\"width: 1496px\" class=\"wp-caption alignnone\"><a href=\"\/wp-content\/uploads\/sites\/5\/2024\/07\/displacia-2.jpg\" target=\"_blank\" rel=\"noopener\"><img loading=\"lazy\" decoding=\"async\" class=\"wp-image-43509 size-full\" src=\"\/wp-content\/uploads\/sites\/5\/2024\/07\/displacia-2.jpg\" alt=\"\" width=\"1496\" height=\"1384\" srcset=\"\/wp-content\/uploads\/sites\/5\/2024\/07\/displacia-2.jpg 1496w, \/wp-content\/uploads\/sites\/5\/2024\/07\/displacia-2-300x278.jpg 300w, \/wp-content\/uploads\/sites\/5\/2024\/07\/displacia-2-1024x947.jpg 1024w, \/wp-content\/uploads\/sites\/5\/2024\/07\/displacia-2-768x711.jpg 768w, \/wp-content\/uploads\/sites\/5\/2024\/07\/displacia-2-454x420.jpg 454w, \/wp-content\/uploads\/sites\/5\/2024\/07\/displacia-2-696x644.jpg 696w, \/wp-content\/uploads\/sites\/5\/2024\/07\/displacia-2-1068x988.jpg 1068w, \/wp-content\/uploads\/sites\/5\/2024\/07\/displacia-2-499x462.jpg 499w\" sizes=\"auto, (max-width: 1496px) 100vw, 1496px\" \/><\/a><figcaption id=\"caption-attachment-43509\" class=\"wp-caption-text\">Cada a\u00f1o 120 nuevos casos son detectados en la Cl\u00ednica de Ortopedia Pedi\u00e1trica.<\/figcaption><\/figure>\n<figure id=\"attachment_43508\" aria-describedby=\"caption-attachment-43508\" style=\"width: 300px\" class=\"wp-caption alignleft\"><a href=\"\/wp-content\/uploads\/sites\/5\/2024\/07\/displacia-1.jpg\" target=\"_blank\" rel=\"noopener\"><img loading=\"lazy\" decoding=\"async\" class=\"wp-image-43508 size-medium\" src=\"\/wp-content\/uploads\/sites\/5\/2024\/07\/displacia-1-300x288.jpg\" alt=\"\" width=\"300\" height=\"288\" srcset=\"\/wp-content\/uploads\/sites\/5\/2024\/07\/displacia-1-300x288.jpg 300w, \/wp-content\/uploads\/sites\/5\/2024\/07\/displacia-1-1024x984.jpg 1024w, \/wp-content\/uploads\/sites\/5\/2024\/07\/displacia-1-768x738.jpg 768w, \/wp-content\/uploads\/sites\/5\/2024\/07\/displacia-1-437x420.jpg 437w, \/wp-content\/uploads\/sites\/5\/2024\/07\/displacia-1-696x669.jpg 696w, \/wp-content\/uploads\/sites\/5\/2024\/07\/displacia-1-1068x1026.jpg 1068w, \/wp-content\/uploads\/sites\/5\/2024\/07\/displacia-1-481x462.jpg 481w, \/wp-content\/uploads\/sites\/5\/2024\/07\/displacia-1.jpg 1414w\" sizes=\"auto, (max-width: 300px) 100vw, 300px\" \/><\/a><figcaption id=\"caption-attachment-43508\" class=\"wp-caption-text\">La displacia de cadera es una enfermedad ortop\u00e9dica de nacimiento.<\/figcaption><\/figure>\n<p>El especialista recomienda a los padres de familia realizar este estudio a partir de una semana despu\u00e9s del parto, este debe sumarse al examen f\u00edsico que el medico realiza.<\/p>\n<p>Zambrano menciona que con el diagn\u00f3stico temprano, a trav\u00e9s del ultrasonido, se logra una correcci\u00f3n de hasta el 98 por ciento de los casos de displasia del desarrollo de la cadera.<\/p>\n<p>Este \u00e9xito se logra aplicando tratamiento conservador, mismo que se realiza con el arn\u00e9s de pavlik y se elimina la necesidad de someter a los peque\u00f1os a una cirug\u00eda.<\/p>\n<figure id=\"attachment_43513\" aria-describedby=\"caption-attachment-43513\" style=\"width: 1518px\" class=\"wp-caption alignnone\"><a href=\"\/wp-content\/uploads\/sites\/5\/2024\/07\/displacia-6.jpg\" target=\"_blank\" rel=\"noopener\"><img loading=\"lazy\" decoding=\"async\" class=\"wp-image-43513 size-full\" src=\"\/wp-content\/uploads\/sites\/5\/2024\/07\/displacia-6.jpg\" alt=\"\" width=\"1518\" height=\"1119\" srcset=\"\/wp-content\/uploads\/sites\/5\/2024\/07\/displacia-6.jpg 1518w, \/wp-content\/uploads\/sites\/5\/2024\/07\/displacia-6-300x221.jpg 300w, \/wp-content\/uploads\/sites\/5\/2024\/07\/displacia-6-1024x755.jpg 1024w, \/wp-content\/uploads\/sites\/5\/2024\/07\/displacia-6-768x566.jpg 768w, \/wp-content\/uploads\/sites\/5\/2024\/07\/displacia-6-570x420.jpg 570w, \/wp-content\/uploads\/sites\/5\/2024\/07\/displacia-6-80x60.jpg 80w, \/wp-content\/uploads\/sites\/5\/2024\/07\/displacia-6-696x513.jpg 696w, \/wp-content\/uploads\/sites\/5\/2024\/07\/displacia-6-1068x787.jpg 1068w, \/wp-content\/uploads\/sites\/5\/2024\/07\/displacia-6-534x394.jpg 534w\" sizes=\"auto, (max-width: 1518px) 100vw, 1518px\" \/><\/a><figcaption id=\"caption-attachment-43513\" class=\"wp-caption-text\">El Hospital General de Accidentes Ceibal registra el \u00e9xito en el 98 por ciento de los casos diagnosticados.<\/figcaption><\/figure>\n<h3><strong>El arn\u00e9s de Pavlik<\/strong><\/h3>\n<figure id=\"attachment_43511\" aria-describedby=\"caption-attachment-43511\" style=\"width: 300px\" class=\"wp-caption alignright\"><a href=\"\/wp-content\/uploads\/sites\/5\/2024\/07\/displacia-4.jpg\" target=\"_blank\" rel=\"noopener\"><img loading=\"lazy\" decoding=\"async\" class=\"wp-image-43511 size-medium\" src=\"\/wp-content\/uploads\/sites\/5\/2024\/07\/displacia-4-300x300.jpg\" alt=\"\" width=\"300\" height=\"300\" srcset=\"\/wp-content\/uploads\/sites\/5\/2024\/07\/displacia-4-300x300.jpg 300w, \/wp-content\/uploads\/sites\/5\/2024\/07\/displacia-4-1024x1024.jpg 1024w, \/wp-content\/uploads\/sites\/5\/2024\/07\/displacia-4-150x150.jpg 150w, \/wp-content\/uploads\/sites\/5\/2024\/07\/displacia-4-768x768.jpg 768w, \/wp-content\/uploads\/sites\/5\/2024\/07\/displacia-4-420x420.jpg 420w, \/wp-content\/uploads\/sites\/5\/2024\/07\/displacia-4-696x696.jpg 696w, \/wp-content\/uploads\/sites\/5\/2024\/07\/displacia-4-1068x1068.jpg 1068w, \/wp-content\/uploads\/sites\/5\/2024\/07\/displacia-4-462x462.jpg 462w, \/wp-content\/uploads\/sites\/5\/2024\/07\/displacia-4.jpg 1496w\" sizes=\"auto, (max-width: 300px) 100vw, 300px\" \/><\/a><figcaption id=\"caption-attachment-43511\" class=\"wp-caption-text\">La peque\u00f1a Camila, recibe atenci\u00f3n para detecci\u00f3n temprana de displacia de cadera.<\/figcaption><\/figure>\n<p>El arn\u00e9s de Pavlik es una f\u00e9rula o pr\u00f3tesis que ayuda a controlar el movimiento de la cadera, al inicio se utiliza las 24 horas del d\u00eda y con el tiempo se reduce su manejo \u00fanicamente por la noche. El arn\u00e9s est\u00e1 elaborado en una forma que permite el ajuste en las piernas del paciente, sube con un soporte en el pecho y termina en los hombros.<\/p>\n<h3><strong>120 nuevos casos en Ceibal cada a\u00f1o<\/strong><\/h3>\n<p>En la cl\u00ednica de Ortopedia Pedi\u00e1trica del Hospital de Accidentes se detectan 120 nuevos casos al a\u00f1o. El jefe del servicio destaca que se mantiene la coordinaci\u00f3n interinstitucional para la referencia a Ceibal de los peque\u00f1os bajo sospecha de este padecimiento para confirmaci\u00f3n de diagn\u00f3stico e inicio temprano del tratamiento conservador.<\/p>","protected":false},"excerpt":{"rendered":"<p>El ultrasonido es utilizado por los especialistas de traumatolog\u00eda y ortopedia pedi\u00e1trica del Hospital General de Accidentes Ceibal para detectar y diagnosticar, de forma temprana, la displasia del desarrollo de la cadera. Este m\u00e9todo se aplica en pacientes pedi\u00e1tricos durante los primeros meses de vida. La displasia del desarrollo de la cadera es una enfermedad [&hellip;]<\/p>\n","protected":false},"author":1961,"featured_media":43512,"comment_status":"closed","ping_status":"closed","sticky":false,"template":"","format":"standard","meta":{"footnotes":""},"categories":[3],"tags":[],"coauthors":[],"class_list":{"0":"post-43506","1":"post","2":"type-post","3":"status-publish","4":"format-standard","5":"has-post-thumbnail","7":"category-actualidad"},"_links":{"self":[{"href":"https:\/\/www.igssgt.org\/noticias\/wp-json\/wp\/v2\/posts\/43506","targetHints":{"allow":["GET"]}}],"collection":[{"href":"https:\/\/www.igssgt.org\/noticias\/wp-json\/wp\/v2\/posts"}],"about":[{"href":"https:\/\/www.igssgt.org\/noticias\/wp-json\/wp\/v2\/types\/post"}],"author":[{"embeddable":true,"href":"https:\/\/www.igssgt.org\/noticias\/wp-json\/wp\/v2\/users\/1961"}],"replies":[{"embeddable":true,"href":"https:\/\/www.igssgt.org\/noticias\/wp-json\/wp\/v2\/comments?post=43506"}],"version-history":[{"count":6,"href":"https:\/\/www.igssgt.org\/noticias\/wp-json\/wp\/v2\/posts\/43506\/revisions"}],"predecessor-version":[{"id":43518,"href":"https:\/\/www.igssgt.org\/noticias\/wp-json\/wp\/v2\/posts\/43506\/revisions\/43518"}],"wp:featuredmedia":[{"embeddable":true,"href":"https:\/\/www.igssgt.org\/noticias\/wp-json\/wp\/v2\/media\/43512"}],"wp:attachment":[{"href":"https:\/\/www.igssgt.org\/noticias\/wp-json\/wp\/v2\/media?parent=43506"}],"wp:term":[{"taxonomy":"category","embeddable":true,"href":"https:\/\/www.igssgt.org\/noticias\/wp-json\/wp\/v2\/categories?post=43506"},{"taxonomy":"post_tag","embeddable":true,"href":"https:\/\/www.igssgt.org\/noticias\/wp-json\/wp\/v2\/tags?post=43506"},{"taxonomy":"author","embeddable":true,"href":"https:\/\/www.igssgt.org\/noticias\/wp-json\/wp\/v2\/coauthors?post=43506"}],"curies":[{"name":"wp","href":"https:\/\/api.w.org\/{rel}","templated":true}]}}