{"id":4392,"date":"2018-03-23T17:10:35","date_gmt":"2018-03-23T23:10:35","guid":{"rendered":"http:\/\/noticias.igssgt.org\/?p=4392"},"modified":"2018-03-23T17:10:35","modified_gmt":"2018-03-23T23:10:35","slug":"emisoras-unidas-igss-desplazara-150-personas-por-semana-santa-2018","status":"publish","type":"post","link":"https:\/\/www.igssgt.org\/noticias\/2018\/03\/23\/emisoras-unidas-igss-desplazara-150-personas-por-semana-santa-2018\/","title":{"rendered":"Emisoras Unidas: IGSS desplazar\u00e1 150 personas por Semana Santa 2018"},"content":{"rendered":"<p>El Instituto Guatemalteco de Seguridad Social (IGGS) decreta alerta amarilla institucional por Semana Santa 2018, para lo cual contar\u00e1n con 150 personas que forman parte del cuerpo de salvamento, confirm\u00f3 Mynor Mej\u00eda, jefe de secci\u00f3n de Seguridad e Higiene y Prevenci\u00f3n de Accidentes.<\/p>\n<p>Del personal que desplazar\u00e1 el Seguro Social, 22 salvavidas estar\u00e1n en el puerto San Jos\u00e9 en Escuintla, y en las otras playas un estimado de 10, quienes trabajar\u00e1n de 6 de la ma\u00f1ana a 18 horas.<\/p>\n<p>Mej\u00eda coment\u00f3 que tambi\u00e9n estar\u00e1n brindando asistencia en los cortejos procesionales y en temas relacionados a la seguridad vial.<\/p>\n<p>Seg\u00fan autoridades del IGSS, un promedio de 150 mil personas podr\u00eda visitar las playas del puerto de San Jos\u00e9.<\/p>\n\r\n                <style type=\"text\/css\">\r\n                    \r\n                    #tdi_1  .td-doubleSlider-2 .td-item1 {\r\n                        background: url(\/wp-content\/uploads\/sites\/5\/2018\/03\/Emisoras-Unidas-IGSS-desplazara-salvavidas-semana-santa-2018-1-80x60.jpg) 0 0 no-repeat;\r\n                    }\r\n                    #tdi_1  .td-doubleSlider-2 .td-item2 {\r\n                        background: url(\/wp-content\/uploads\/sites\/5\/2018\/03\/Emisoras-Unidas-IGSS-desplazara-salvavidas-semana-santa-2018-2-80x60.jpg) 0 0 no-repeat;\r\n                    }\r\n                    #tdi_1  .td-doubleSlider-2 .td-item3 {\r\n                        background: url(\/wp-content\/uploads\/sites\/5\/2018\/03\/Emisoras-Unidas-IGSS-desplazara-salvavidas-semana-santa-2018-3-80x60.jpg) 0 0 no-repeat;\r\n                    }\r\n                <\/style>\r\n\r\n                <div id=\"tdi_1\" class=\"td-gallery td-slide-on-2-columns\">\r\n                    <div class=\"post_td_gallery\">\r\n                        <div class=\"td-gallery-slide-top\">\r\n                           <div class=\"td-gallery-title\"><\/div>\r\n\r\n                            <div class=\"td-gallery-controls-wrapper\">\r\n                                <div class=\"td-gallery-slide-count\"><span class=\"td-gallery-slide-item-focus\">1<\/span> de 3<\/div>\r\n                                <div class=\"td-gallery-slide-prev-next-but\">\r\n                                    <i class = \"td-icon-left doubleSliderPrevButton\"><\/i>\r\n                                    <i class = \"td-icon-right doubleSliderNextButton\"><\/i>\r\n                                <\/div>\r\n                            <\/div>\r\n                        <\/div>\r\n\r\n                        <div class = \"td-doubleSlider-1 \">\r\n                            <div class = \"td-slider\">\r\n                                \r\n                    <div class = \"td-slide-item td-item1\">\r\n                        <figure class=\"td-slide-galery-figure td-slide-popup-gallery\">\r\n                            <a class=\"slide-gallery-image-link\" href=\"\/wp-content\/uploads\/sites\/5\/2018\/03\/Emisoras-Unidas-IGSS-desplazara-salvavidas-semana-santa-2018-1.jpg\" title=\"Emisoras Unidas IGSS desplazara salvavidas semana santa 2018-1\"  data-caption=\"\"  data-description=\"\">\r\n                                <img decoding=\"async\" src=\"\/wp-content\/uploads\/sites\/5\/2018\/03\/Emisoras-Unidas-IGSS-desplazara-salvavidas-semana-santa-2018-1-560x420.jpg\" srcset=\"\/wp-content\/uploads\/sites\/5\/2018\/03\/Emisoras-Unidas-IGSS-desplazara-salvavidas-semana-santa-2018-1-560x420.jpg 560w, \/wp-content\/uploads\/sites\/5\/2018\/03\/Emisoras-Unidas-IGSS-desplazara-salvavidas-semana-santa-2018-1-300x225.jpg 300w, \/wp-content\/uploads\/sites\/5\/2018\/03\/Emisoras-Unidas-IGSS-desplazara-salvavidas-semana-santa-2018-1-768x576.jpg 768w, \/wp-content\/uploads\/sites\/5\/2018\/03\/Emisoras-Unidas-IGSS-desplazara-salvavidas-semana-santa-2018-1-1024x768.jpg 1024w, \/wp-content\/uploads\/sites\/5\/2018\/03\/Emisoras-Unidas-IGSS-desplazara-salvavidas-semana-santa-2018-1-80x60.jpg 80w, \/wp-content\/uploads\/sites\/5\/2018\/03\/Emisoras-Unidas-IGSS-desplazara-salvavidas-semana-santa-2018-1-696x522.jpg 696w, \/wp-content\/uploads\/sites\/5\/2018\/03\/Emisoras-Unidas-IGSS-desplazara-salvavidas-semana-santa-2018-1-1068x801.jpg 1068w, \/wp-content\/uploads\/sites\/5\/2018\/03\/Emisoras-Unidas-IGSS-desplazara-salvavidas-semana-santa-2018-1-265x198.jpg 265w, \/wp-content\/uploads\/sites\/5\/2018\/03\/Emisoras-Unidas-IGSS-desplazara-salvavidas-semana-santa-2018-1-534x401.jpg 534w, \/wp-content\/uploads\/sites\/5\/2018\/03\/Emisoras-Unidas-IGSS-desplazara-salvavidas-semana-santa-2018-1.jpg 1280w\" sizes=\"(max-width: 560px) 100vw, 560px\" alt=\"\">\r\n                            <\/a>\r\n                            \r\n                        <\/figure>\r\n                    <\/div>\r\n                    <div class = \"td-slide-item td-item2\">\r\n                        <figure class=\"td-slide-galery-figure td-slide-popup-gallery\">\r\n                            <a class=\"slide-gallery-image-link\" href=\"\/wp-content\/uploads\/sites\/5\/2018\/03\/Emisoras-Unidas-IGSS-desplazara-salvavidas-semana-santa-2018-2.jpg\" title=\"Emisoras Unidas IGSS desplazara salvavidas semana santa 2018-2\"  data-caption=\"\"  data-description=\"\">\r\n                                <img decoding=\"async\" src=\"\/wp-content\/uploads\/sites\/5\/2018\/03\/Emisoras-Unidas-IGSS-desplazara-salvavidas-semana-santa-2018-2-560x420.jpg\" srcset=\"\/wp-content\/uploads\/sites\/5\/2018\/03\/Emisoras-Unidas-IGSS-desplazara-salvavidas-semana-santa-2018-2-560x420.jpg 560w, \/wp-content\/uploads\/sites\/5\/2018\/03\/Emisoras-Unidas-IGSS-desplazara-salvavidas-semana-santa-2018-2-300x225.jpg 300w, \/wp-content\/uploads\/sites\/5\/2018\/03\/Emisoras-Unidas-IGSS-desplazara-salvavidas-semana-santa-2018-2-768x576.jpg 768w, \/wp-content\/uploads\/sites\/5\/2018\/03\/Emisoras-Unidas-IGSS-desplazara-salvavidas-semana-santa-2018-2-1024x768.jpg 1024w, \/wp-content\/uploads\/sites\/5\/2018\/03\/Emisoras-Unidas-IGSS-desplazara-salvavidas-semana-santa-2018-2-80x60.jpg 80w, \/wp-content\/uploads\/sites\/5\/2018\/03\/Emisoras-Unidas-IGSS-desplazara-salvavidas-semana-santa-2018-2-696x522.jpg 696w, \/wp-content\/uploads\/sites\/5\/2018\/03\/Emisoras-Unidas-IGSS-desplazara-salvavidas-semana-santa-2018-2-1068x801.jpg 1068w, \/wp-content\/uploads\/sites\/5\/2018\/03\/Emisoras-Unidas-IGSS-desplazara-salvavidas-semana-santa-2018-2-265x198.jpg 265w, \/wp-content\/uploads\/sites\/5\/2018\/03\/Emisoras-Unidas-IGSS-desplazara-salvavidas-semana-santa-2018-2-534x401.jpg 534w, \/wp-content\/uploads\/sites\/5\/2018\/03\/Emisoras-Unidas-IGSS-desplazara-salvavidas-semana-santa-2018-2.jpg 1280w\" sizes=\"(max-width: 560px) 100vw, 560px\" alt=\"\">\r\n                            <\/a>\r\n                            \r\n                        <\/figure>\r\n                    <\/div>\r\n                    <div class = \"td-slide-item td-item3\">\r\n                        <figure class=\"td-slide-galery-figure td-slide-popup-gallery\">\r\n                            <a class=\"slide-gallery-image-link\" href=\"\/wp-content\/uploads\/sites\/5\/2018\/03\/Emisoras-Unidas-IGSS-desplazara-salvavidas-semana-santa-2018-3.jpg\" title=\"Emisoras Unidas IGSS desplazara salvavidas semana santa 2018-3\"  data-caption=\"\"  data-description=\"\">\r\n                                <img decoding=\"async\" src=\"\/wp-content\/uploads\/sites\/5\/2018\/03\/Emisoras-Unidas-IGSS-desplazara-salvavidas-semana-santa-2018-3-560x420.jpg\" srcset=\"\/wp-content\/uploads\/sites\/5\/2018\/03\/Emisoras-Unidas-IGSS-desplazara-salvavidas-semana-santa-2018-3-560x420.jpg 560w, \/wp-content\/uploads\/sites\/5\/2018\/03\/Emisoras-Unidas-IGSS-desplazara-salvavidas-semana-santa-2018-3-300x225.jpg 300w, \/wp-content\/uploads\/sites\/5\/2018\/03\/Emisoras-Unidas-IGSS-desplazara-salvavidas-semana-santa-2018-3-768x576.jpg 768w, \/wp-content\/uploads\/sites\/5\/2018\/03\/Emisoras-Unidas-IGSS-desplazara-salvavidas-semana-santa-2018-3-1024x768.jpg 1024w, \/wp-content\/uploads\/sites\/5\/2018\/03\/Emisoras-Unidas-IGSS-desplazara-salvavidas-semana-santa-2018-3-80x60.jpg 80w, \/wp-content\/uploads\/sites\/5\/2018\/03\/Emisoras-Unidas-IGSS-desplazara-salvavidas-semana-santa-2018-3-696x522.jpg 696w, \/wp-content\/uploads\/sites\/5\/2018\/03\/Emisoras-Unidas-IGSS-desplazara-salvavidas-semana-santa-2018-3-1068x801.jpg 1068w, \/wp-content\/uploads\/sites\/5\/2018\/03\/Emisoras-Unidas-IGSS-desplazara-salvavidas-semana-santa-2018-3-265x198.jpg 265w, \/wp-content\/uploads\/sites\/5\/2018\/03\/Emisoras-Unidas-IGSS-desplazara-salvavidas-semana-santa-2018-3-534x401.jpg 534w, \/wp-content\/uploads\/sites\/5\/2018\/03\/Emisoras-Unidas-IGSS-desplazara-salvavidas-semana-santa-2018-3.jpg 1280w\" sizes=\"(max-width: 560px) 100vw, 560px\" alt=\"\">\r\n                            <\/a>\r\n                            \r\n                        <\/figure>\r\n                    <\/div>\r\n                            <\/div>\r\n                        <\/div>\r\n\r\n                        <div class = \"td-doubleSlider-2\">\r\n                            <div class = \"td-slider\">\r\n                                \r\n                    <div class = \"td-button td-item1\">\r\n                        <div class = \"td-border\"><\/div>\r\n                    <\/div>\r\n                    <div class = \"td-button td-item2\">\r\n                        <div class = \"td-border\"><\/div>\r\n                    <\/div>\r\n                    <div class = \"td-button td-item3\">\r\n                        <div class = \"td-border\"><\/div>\r\n                    <\/div>\r\n                            <\/div>\r\n                        <\/div>\r\n\r\n                    <\/div>\r\n\r\n                <\/div>\r\n                \n<hr \/>\n<p>&nbsp;<\/p>\n","protected":false},"excerpt":{"rendered":"<p>El Instituto Guatemalteco de Seguridad Social (IGGS) decreta alerta amarilla institucional por Semana Santa 2018, para lo cual contar\u00e1n con 150 personas que forman parte del cuerpo de salvamento, confirm\u00f3 Mynor Mej\u00eda, jefe de secci\u00f3n de Seguridad e Higiene y Prevenci\u00f3n de Accidentes. Del personal que desplazar\u00e1 el Seguro Social, 22 salvavidas estar\u00e1n en el [&hellip;]<\/p>\n","protected":false},"author":4,"featured_media":4394,"comment_status":"open","ping_status":"open","sticky":false,"template":"","format":"standard","meta":{"footnotes":""},"categories":[3,41,29,32],"tags":[320,403,490,682,770,785],"coauthors":[],"class_list":{"0":"post-4392","1":"post","2":"type-post","3":"status-publish","4":"format-standard","5":"has-post-thumbnail","7":"category-actualidad","8":"category-igss-en-los-medios","9":"category-publicaciones","10":"category-salvavidas","11":"tag-dr-mynor-mejia","12":"tag-emisoras-unidas","13":"tag-igss","14":"tag-oscar-corado","15":"tag-salvavidas-igss","16":"tag-semana-santa-2018"},"_links":{"self":[{"href":"https:\/\/www.igssgt.org\/noticias\/wp-json\/wp\/v2\/posts\/4392","targetHints":{"allow":["GET"]}}],"collection":[{"href":"https:\/\/www.igssgt.org\/noticias\/wp-json\/wp\/v2\/posts"}],"about":[{"href":"https:\/\/www.igssgt.org\/noticias\/wp-json\/wp\/v2\/types\/post"}],"author":[{"embeddable":true,"href":"https:\/\/www.igssgt.org\/noticias\/wp-json\/wp\/v2\/users\/4"}],"replies":[{"embeddable":true,"href":"https:\/\/www.igssgt.org\/noticias\/wp-json\/wp\/v2\/comments?post=4392"}],"version-history":[{"count":0,"href":"https:\/\/www.igssgt.org\/noticias\/wp-json\/wp\/v2\/posts\/4392\/revisions"}],"wp:featuredmedia":[{"embeddable":true,"href":"https:\/\/www.igssgt.org\/noticias\/wp-json\/wp\/v2\/media\/4394"}],"wp:attachment":[{"href":"https:\/\/www.igssgt.org\/noticias\/wp-json\/wp\/v2\/media?parent=4392"}],"wp:term":[{"taxonomy":"category","embeddable":true,"href":"https:\/\/www.igssgt.org\/noticias\/wp-json\/wp\/v2\/categories?post=4392"},{"taxonomy":"post_tag","embeddable":true,"href":"https:\/\/www.igssgt.org\/noticias\/wp-json\/wp\/v2\/tags?post=4392"},{"taxonomy":"author","embeddable":true,"href":"https:\/\/www.igssgt.org\/noticias\/wp-json\/wp\/v2\/coauthors?post=4392"}],"curies":[{"name":"wp","href":"https:\/\/api.w.org\/{rel}","templated":true}]}}