{"id":4409,"date":"2018-03-26T13:00:45","date_gmt":"2018-03-26T19:00:45","guid":{"rendered":"http:\/\/noticias.igssgt.org\/?p=4409"},"modified":"2018-03-26T13:00:45","modified_gmt":"2018-03-26T19:00:45","slug":"con-jornadas-de-papanicolaou-se-conmemora-dia-mundial-de-prevencion-del-cancer-de-cervix","status":"publish","type":"post","link":"https:\/\/www.igssgt.org\/noticias\/2018\/03\/26\/con-jornadas-de-papanicolaou-se-conmemora-dia-mundial-de-prevencion-del-cancer-de-cervix\/","title":{"rendered":"Con jornadas de Papanicolaou se conmemora D\u00eda Mundial de Prevenci\u00f3n del C\u00e1ncer de C\u00e9rvix"},"content":{"rendered":"<p>El 26 de marzo se conmemora el D\u00eda Mundial de la Prevenci\u00f3n del C\u00e1ncer de Cuello Uterino,\u00a0por ello el Instituto Guatemalteco de Seguridad Social (IGSS) realiza jornadas de Papanicolaou e informaci\u00f3n para la detecci\u00f3n temprana y atenci\u00f3n oportuna de este padecimiento.<\/p>\n<p>El Papanicolaou es una prueba 100% segura, sencilla y r\u00e1pida, que debe realizarse anualmente, pero las mujeres al iniciar la vida sexual deben hacerse esta prueba una vez al a\u00f1o durante tres a\u00f1os consecutivos para descartar el c\u00e1ncer. El IGSS brinda este servicio en sus distintas unidades m\u00e9dicas de manera permanente, explic\u00f3 la doctora Silvia Mart\u00ednez, ginec\u00f3loga del Hospital Dr. Juan Jos\u00e9 Ar\u00e9valo Bermejo, situado en la zona 6.<\/p>\n<p>En esta fecha el Seguro Social hace mayor \u00e9nfasis en la prevenci\u00f3n de este tipo de c\u00e1ncer con charlas informativas, formaci\u00f3n, capacitaci\u00f3n e inducci\u00f3n a las personas que asisten a consulta, haci\u00e9ndoles conciencia acerca de la importancia de que toda mujer debe realizarse esta evaluaci\u00f3n ginecol\u00f3gica anualmente.<\/p>\n<p>\u201cEs un problema de salud importante en la poblaci\u00f3n femenina a nivel mundial y en Guatemala es la primera causa de muerte en mujeres de edad f\u00e9rtil y mujeres mayores, que si es detectado a tiempo es posible prevenir sus complicaciones y la muerte\u201d, explic\u00f3 la doctora Varinia Pinto Sagastume, encargada de la Secci\u00f3n de Higiene Materno Infantil del Departamento de Medicina Preventiva del IGSS.<\/p>\n<p>La doctora Andrea Sandoval, ginec\u00f3loga y obstetra del Hospital Dr. Juan Jos\u00e9 Ar\u00e9valo Bermejo, indic\u00f3 qu\u00e9 medidas deben tomarse para prevenir el c\u00e1ncer de cuello uterino:<br \/>\nPosponer las relaciones sexuales hasta despu\u00e9s de los 18 a\u00f1os o m\u00e1s, la mujer y su pareja deben realizarse pruebas para detectar infecciones de transmisi\u00f3n sexual, limitar el n\u00famero de parejas sexuales, preferiblemente solo una, siempre utilizar condones o preservativos para protegerse contra las infecciones de transmisi\u00f3n sexual, no fumar.<\/p>\n<p><strong>C\u00f3mo\u00a0presentarse a un examen de Papanicolaou<\/strong><\/p>\n<p>\u00abProgramar la prueba en fechas que est\u00e9 menstruando, no se haga lavados vaginales, no use tampones, no tenga relaciones sexuales al menos 24 horas antes del examen, no use productos anticonceptivos vaginales como espumas, cremas o geles y no aplicarse medicamentos o cremas en la vagina\u00bb, son\u00a0medidas que deben tomarse\u00a0al presentarse a un ex\u00e1men de Papnicolaou, explic\u00f3 la doctora Silvia Mart\u00ednez, ginec\u00f3loga del Hospital Dr. Juan Jos\u00e9 Ar\u00e9valo Bermejo.<\/p>\n<p>Toda mujer puede realizar esta pr\u00e1ctica de salud al asistir a su unidad m\u00e9dica en donde est\u00e1n adscritas seg\u00fan su lugar de vivienda. Las cl\u00ednicas de enfermedad com\u00fan del Instituto las remiten a gineco obstetricia para que les hagan su Papanicolaou anualmente.<\/p>\n\r\n                <style type=\"text\/css\">\r\n                    \r\n                    #tdi_1  .td-doubleSlider-2 .td-item1 {\r\n                        background: url(\/wp-content\/uploads\/sites\/5\/2018\/03\/Dia-mundial-prevencion-cancer-de-cervix-igss-guatemala-1-80x60.jpeg) 0 0 no-repeat;\r\n                    }\r\n                    #tdi_1  .td-doubleSlider-2 .td-item2 {\r\n                        background: url(\/wp-content\/uploads\/sites\/5\/2018\/03\/Dia-mundial-prevencion-cancer-de-cervix-igss-guatemala-2-80x60.jpeg) 0 0 no-repeat;\r\n                    }\r\n                    #tdi_1  .td-doubleSlider-2 .td-item3 {\r\n                        background: url(\/wp-content\/uploads\/sites\/5\/2018\/03\/Dia-mundial-prevencion-cancer-de-cervix-igss-guatemala-3-80x60.jpeg) 0 0 no-repeat;\r\n                    }\r\n                    #tdi_1  .td-doubleSlider-2 .td-item4 {\r\n                        background: url(\/wp-content\/uploads\/sites\/5\/2018\/03\/Dia-mundial-prevencion-cancer-de-cervix-igss-guatemala-4-80x60.jpeg) 0 0 no-repeat;\r\n                    }\r\n                <\/style>\r\n\r\n                <div id=\"tdi_1\" class=\"td-gallery td-slide-on-2-columns\">\r\n                    <div class=\"post_td_gallery\">\r\n                        <div class=\"td-gallery-slide-top\">\r\n                           <div class=\"td-gallery-title\"><\/div>\r\n\r\n                            <div class=\"td-gallery-controls-wrapper\">\r\n                                <div class=\"td-gallery-slide-count\"><span class=\"td-gallery-slide-item-focus\">1<\/span> de 4<\/div>\r\n                                <div class=\"td-gallery-slide-prev-next-but\">\r\n                                    <i class = \"td-icon-left doubleSliderPrevButton\"><\/i>\r\n                                    <i class = \"td-icon-right doubleSliderNextButton\"><\/i>\r\n                                <\/div>\r\n                            <\/div>\r\n                        <\/div>\r\n\r\n                        <div class = \"td-doubleSlider-1 \">\r\n                            <div class = \"td-slider\">\r\n                                \r\n                    <div class = \"td-slide-item td-item1\">\r\n                        <figure class=\"td-slide-galery-figure td-slide-popup-gallery\">\r\n                            <a class=\"slide-gallery-image-link\" href=\"\/wp-content\/uploads\/sites\/5\/2018\/03\/Dia-mundial-prevencion-cancer-de-cervix-igss-guatemala-1.jpeg\" title=\"Dia mundial prevencion cancer de cervix igss guatemala-1\"  data-caption=\"\"  data-description=\"\">\r\n                                <img decoding=\"async\" src=\"\/wp-content\/uploads\/sites\/5\/2018\/03\/Dia-mundial-prevencion-cancer-de-cervix-igss-guatemala-1-315x420.jpeg\" srcset=\"\/wp-content\/uploads\/sites\/5\/2018\/03\/Dia-mundial-prevencion-cancer-de-cervix-igss-guatemala-1-315x420.jpeg 315w, \/wp-content\/uploads\/sites\/5\/2018\/03\/Dia-mundial-prevencion-cancer-de-cervix-igss-guatemala-1-225x300.jpeg 225w, \/wp-content\/uploads\/sites\/5\/2018\/03\/Dia-mundial-prevencion-cancer-de-cervix-igss-guatemala-1-768x1024.jpeg 768w, \/wp-content\/uploads\/sites\/5\/2018\/03\/Dia-mundial-prevencion-cancer-de-cervix-igss-guatemala-1-696x928.jpeg 696w, \/wp-content\/uploads\/sites\/5\/2018\/03\/Dia-mundial-prevencion-cancer-de-cervix-igss-guatemala-1-347x462.jpeg 347w, \/wp-content\/uploads\/sites\/5\/2018\/03\/Dia-mundial-prevencion-cancer-de-cervix-igss-guatemala-1.jpeg 960w\" sizes=\"(max-width: 315px) 100vw, 315px\" alt=\"\">\r\n                            <\/a>\r\n                            \r\n                        <\/figure>\r\n                    <\/div>\r\n                    <div class = \"td-slide-item td-item2\">\r\n                        <figure class=\"td-slide-galery-figure td-slide-popup-gallery\">\r\n                            <a class=\"slide-gallery-image-link\" href=\"\/wp-content\/uploads\/sites\/5\/2018\/03\/Dia-mundial-prevencion-cancer-de-cervix-igss-guatemala-2.jpeg\" title=\"Dia mundial prevencion cancer de cervix igss guatemala-2\"  data-caption=\"\"  data-description=\"\">\r\n                                <img decoding=\"async\" src=\"\/wp-content\/uploads\/sites\/5\/2018\/03\/Dia-mundial-prevencion-cancer-de-cervix-igss-guatemala-2-560x420.jpeg\" srcset=\"\/wp-content\/uploads\/sites\/5\/2018\/03\/Dia-mundial-prevencion-cancer-de-cervix-igss-guatemala-2-560x420.jpeg 560w, \/wp-content\/uploads\/sites\/5\/2018\/03\/Dia-mundial-prevencion-cancer-de-cervix-igss-guatemala-2-300x225.jpeg 300w, \/wp-content\/uploads\/sites\/5\/2018\/03\/Dia-mundial-prevencion-cancer-de-cervix-igss-guatemala-2-768x576.jpeg 768w, \/wp-content\/uploads\/sites\/5\/2018\/03\/Dia-mundial-prevencion-cancer-de-cervix-igss-guatemala-2-1024x768.jpeg 1024w, \/wp-content\/uploads\/sites\/5\/2018\/03\/Dia-mundial-prevencion-cancer-de-cervix-igss-guatemala-2-80x60.jpeg 80w, \/wp-content\/uploads\/sites\/5\/2018\/03\/Dia-mundial-prevencion-cancer-de-cervix-igss-guatemala-2-696x522.jpeg 696w, \/wp-content\/uploads\/sites\/5\/2018\/03\/Dia-mundial-prevencion-cancer-de-cervix-igss-guatemala-2-1068x801.jpeg 1068w, \/wp-content\/uploads\/sites\/5\/2018\/03\/Dia-mundial-prevencion-cancer-de-cervix-igss-guatemala-2-265x198.jpeg 265w, \/wp-content\/uploads\/sites\/5\/2018\/03\/Dia-mundial-prevencion-cancer-de-cervix-igss-guatemala-2-534x401.jpeg 534w, \/wp-content\/uploads\/sites\/5\/2018\/03\/Dia-mundial-prevencion-cancer-de-cervix-igss-guatemala-2.jpeg 1280w\" sizes=\"(max-width: 560px) 100vw, 560px\" alt=\"\">\r\n                            <\/a>\r\n                            \r\n                        <\/figure>\r\n                    <\/div>\r\n                    <div class = \"td-slide-item td-item3\">\r\n                        <figure class=\"td-slide-galery-figure td-slide-popup-gallery\">\r\n                            <a class=\"slide-gallery-image-link\" href=\"\/wp-content\/uploads\/sites\/5\/2018\/03\/Dia-mundial-prevencion-cancer-de-cervix-igss-guatemala-3.jpeg\" title=\"Dia mundial prevencion cancer de cervix igss guatemala-3\"  data-caption=\"\"  data-description=\"\">\r\n                                <img decoding=\"async\" src=\"\/wp-content\/uploads\/sites\/5\/2018\/03\/Dia-mundial-prevencion-cancer-de-cervix-igss-guatemala-3-315x420.jpeg\" srcset=\"\/wp-content\/uploads\/sites\/5\/2018\/03\/Dia-mundial-prevencion-cancer-de-cervix-igss-guatemala-3-315x420.jpeg 315w, \/wp-content\/uploads\/sites\/5\/2018\/03\/Dia-mundial-prevencion-cancer-de-cervix-igss-guatemala-3-225x300.jpeg 225w, \/wp-content\/uploads\/sites\/5\/2018\/03\/Dia-mundial-prevencion-cancer-de-cervix-igss-guatemala-3-768x1024.jpeg 768w, \/wp-content\/uploads\/sites\/5\/2018\/03\/Dia-mundial-prevencion-cancer-de-cervix-igss-guatemala-3-696x928.jpeg 696w, \/wp-content\/uploads\/sites\/5\/2018\/03\/Dia-mundial-prevencion-cancer-de-cervix-igss-guatemala-3-347x462.jpeg 347w, \/wp-content\/uploads\/sites\/5\/2018\/03\/Dia-mundial-prevencion-cancer-de-cervix-igss-guatemala-3.jpeg 960w\" sizes=\"(max-width: 315px) 100vw, 315px\" alt=\"\">\r\n                            <\/a>\r\n                            \r\n                        <\/figure>\r\n                    <\/div>\r\n                    <div class = \"td-slide-item td-item4\">\r\n                        <figure class=\"td-slide-galery-figure td-slide-popup-gallery\">\r\n                            <a class=\"slide-gallery-image-link\" href=\"\/wp-content\/uploads\/sites\/5\/2018\/03\/Dia-mundial-prevencion-cancer-de-cervix-igss-guatemala-4.jpeg\" title=\"Dia mundial prevencion cancer de cervix igss guatemala-4\"  data-caption=\"\"  data-description=\"\">\r\n                                <img decoding=\"async\" src=\"\/wp-content\/uploads\/sites\/5\/2018\/03\/Dia-mundial-prevencion-cancer-de-cervix-igss-guatemala-4-560x420.jpeg\" srcset=\"\/wp-content\/uploads\/sites\/5\/2018\/03\/Dia-mundial-prevencion-cancer-de-cervix-igss-guatemala-4-560x420.jpeg 560w, \/wp-content\/uploads\/sites\/5\/2018\/03\/Dia-mundial-prevencion-cancer-de-cervix-igss-guatemala-4-300x225.jpeg 300w, \/wp-content\/uploads\/sites\/5\/2018\/03\/Dia-mundial-prevencion-cancer-de-cervix-igss-guatemala-4-768x576.jpeg 768w, \/wp-content\/uploads\/sites\/5\/2018\/03\/Dia-mundial-prevencion-cancer-de-cervix-igss-guatemala-4-1024x768.jpeg 1024w, \/wp-content\/uploads\/sites\/5\/2018\/03\/Dia-mundial-prevencion-cancer-de-cervix-igss-guatemala-4-80x60.jpeg 80w, \/wp-content\/uploads\/sites\/5\/2018\/03\/Dia-mundial-prevencion-cancer-de-cervix-igss-guatemala-4-696x522.jpeg 696w, \/wp-content\/uploads\/sites\/5\/2018\/03\/Dia-mundial-prevencion-cancer-de-cervix-igss-guatemala-4-1068x801.jpeg 1068w, \/wp-content\/uploads\/sites\/5\/2018\/03\/Dia-mundial-prevencion-cancer-de-cervix-igss-guatemala-4-265x198.jpeg 265w, \/wp-content\/uploads\/sites\/5\/2018\/03\/Dia-mundial-prevencion-cancer-de-cervix-igss-guatemala-4-534x401.jpeg 534w, \/wp-content\/uploads\/sites\/5\/2018\/03\/Dia-mundial-prevencion-cancer-de-cervix-igss-guatemala-4.jpeg 1280w\" sizes=\"(max-width: 560px) 100vw, 560px\" alt=\"\">\r\n                            <\/a>\r\n                            \r\n                        <\/figure>\r\n                    <\/div>\r\n                            <\/div>\r\n                        <\/div>\r\n\r\n                        <div class = \"td-doubleSlider-2\">\r\n                            <div class = \"td-slider\">\r\n                                \r\n                    <div class = \"td-button td-item1\">\r\n                        <div class = \"td-border\"><\/div>\r\n                    <\/div>\r\n                    <div class = \"td-button td-item2\">\r\n                        <div class = \"td-border\"><\/div>\r\n                    <\/div>\r\n                    <div class = \"td-button td-item3\">\r\n                        <div class = \"td-border\"><\/div>\r\n                    <\/div>\r\n                    <div class = \"td-button td-item4\">\r\n                        <div class = \"td-border\"><\/div>\r\n                    <\/div>\r\n                            <\/div>\r\n                        <\/div>\r\n\r\n                    <\/div>\r\n\r\n                <\/div>\r\n                \n<hr \/>\n<p>&nbsp;<\/p>\n","protected":false},"excerpt":{"rendered":"<p>El 26 de marzo se conmemora el D\u00eda Mundial de la Prevenci\u00f3n del C\u00e1ncer de Cuello Uterino,\u00a0por ello el Instituto Guatemalteco de Seguridad Social (IGSS) realiza jornadas de Papanicolaou e informaci\u00f3n para la detecci\u00f3n temprana y atenci\u00f3n oportuna de este padecimiento. El Papanicolaou es una prueba 100% segura, sencilla y r\u00e1pida, que debe realizarse anualmente, [&hellip;]<\/p>\n","protected":false},"author":4,"featured_media":4413,"comment_status":"open","ping_status":"open","sticky":false,"template":"","format":"standard","meta":{"footnotes":""},"categories":[3,45,27,29,36],"tags":[153,154,479,490,534],"coauthors":[],"class_list":{"0":"post-4409","1":"post","2":"type-post","3":"status-publish","4":"format-standard","5":"has-post-thumbnail","7":"category-actualidad","8":"category-jornadas-medicas","9":"category-prevencion-en-salud","10":"category-publicaciones","11":"category-unidades-medicas","12":"tag-cancer","13":"tag-cancer-de-cervix","14":"tag-hospital-dr-juan-jose-arevalo-bermejo","15":"tag-igss","16":"tag-jornada-de-papanicolaou"},"_links":{"self":[{"href":"https:\/\/www.igssgt.org\/noticias\/wp-json\/wp\/v2\/posts\/4409","targetHints":{"allow":["GET"]}}],"collection":[{"href":"https:\/\/www.igssgt.org\/noticias\/wp-json\/wp\/v2\/posts"}],"about":[{"href":"https:\/\/www.igssgt.org\/noticias\/wp-json\/wp\/v2\/types\/post"}],"author":[{"embeddable":true,"href":"https:\/\/www.igssgt.org\/noticias\/wp-json\/wp\/v2\/users\/4"}],"replies":[{"embeddable":true,"href":"https:\/\/www.igssgt.org\/noticias\/wp-json\/wp\/v2\/comments?post=4409"}],"version-history":[{"count":0,"href":"https:\/\/www.igssgt.org\/noticias\/wp-json\/wp\/v2\/posts\/4409\/revisions"}],"wp:featuredmedia":[{"embeddable":true,"href":"https:\/\/www.igssgt.org\/noticias\/wp-json\/wp\/v2\/media\/4413"}],"wp:attachment":[{"href":"https:\/\/www.igssgt.org\/noticias\/wp-json\/wp\/v2\/media?parent=4409"}],"wp:term":[{"taxonomy":"category","embeddable":true,"href":"https:\/\/www.igssgt.org\/noticias\/wp-json\/wp\/v2\/categories?post=4409"},{"taxonomy":"post_tag","embeddable":true,"href":"https:\/\/www.igssgt.org\/noticias\/wp-json\/wp\/v2\/tags?post=4409"},{"taxonomy":"author","embeddable":true,"href":"https:\/\/www.igssgt.org\/noticias\/wp-json\/wp\/v2\/coauthors?post=4409"}],"curies":[{"name":"wp","href":"https:\/\/api.w.org\/{rel}","templated":true}]}}