{"id":44111,"date":"2024-09-03T11:03:17","date_gmt":"2024-09-03T17:03:17","guid":{"rendered":"https:\/\/www.igssgt.org\/noticias\/?p=44111"},"modified":"2025-10-21T13:41:56","modified_gmt":"2025-10-21T19:41:56","slug":"salud-y-seguridad-ocupacional-que-debe-contener-el-plan-de-mi-empresa","status":"publish","type":"post","link":"https:\/\/www.igssgt.org\/noticias\/2024\/09\/03\/salud-y-seguridad-ocupacional-que-debe-contener-el-plan-de-mi-empresa\/","title":{"rendered":"Salud y Seguridad Ocupacional: \u00bfQu\u00e9 debe contener el plan de mi empresa?"},"content":{"rendered":"\n<p class=\"has-drop-cap\">M\u00e1s all\u00e1 de ser una obligaci\u00f3n legal, cumplir con los Planes de Prevenci\u00f3n de Riesgos Laborales y de Salud y Seguridad Ocupacional es proteger la vida, la salud, seguridad e integridad de los trabajadores, lo cual se traduce en mayor productividad y rendimiento para la empresa.<\/p>\n\n\n<p>De acuerdo con el Reglamento de Salud y Seguridad Ocupacional del Seguro Social, toda empresa debe contar con estos planes: de 1 a 9 trabajadores corresponden los Planes de Prevenci\u00f3n de Riesgos Laborales y de 10 empleados en adelante se debe contar con el de Salud y Seguridad Ocupacional.<\/p>\n<figure id=\"attachment_44115\" aria-describedby=\"caption-attachment-44115\" style=\"width: 1406px\" class=\"wp-caption alignnone\"><a href=\"\/wp-content\/uploads\/sites\/5\/2024\/09\/Salud-y-Seguridad-Ocupacional-IGSS-3.jpg\" target=\"_blank\" rel=\"noopener\"><img loading=\"lazy\" decoding=\"async\" class=\"wp-image-44115 size-full\" src=\"\/wp-content\/uploads\/sites\/5\/2024\/09\/Salud-y-Seguridad-Ocupacional-IGSS-3.jpg\" alt=\"\" width=\"1406\" height=\"948\" srcset=\"\/wp-content\/uploads\/sites\/5\/2024\/09\/Salud-y-Seguridad-Ocupacional-IGSS-3.jpg 1406w, \/wp-content\/uploads\/sites\/5\/2024\/09\/Salud-y-Seguridad-Ocupacional-IGSS-3-300x202.jpg 300w, \/wp-content\/uploads\/sites\/5\/2024\/09\/Salud-y-Seguridad-Ocupacional-IGSS-3-1024x690.jpg 1024w, \/wp-content\/uploads\/sites\/5\/2024\/09\/Salud-y-Seguridad-Ocupacional-IGSS-3-768x518.jpg 768w, \/wp-content\/uploads\/sites\/5\/2024\/09\/Salud-y-Seguridad-Ocupacional-IGSS-3-623x420.jpg 623w, \/wp-content\/uploads\/sites\/5\/2024\/09\/Salud-y-Seguridad-Ocupacional-IGSS-3-696x469.jpg 696w, \/wp-content\/uploads\/sites\/5\/2024\/09\/Salud-y-Seguridad-Ocupacional-IGSS-3-1068x720.jpg 1068w, \/wp-content\/uploads\/sites\/5\/2024\/09\/Salud-y-Seguridad-Ocupacional-IGSS-3-534x360.jpg 534w\" sizes=\"auto, (max-width: 1406px) 100vw, 1406px\" \/><\/a><figcaption id=\"caption-attachment-44115\" class=\"wp-caption-text\">El Seguro Social no avala ni registra empresas intermediarias para realizar estos planes.<\/figcaption><\/figure>\n<p>El doctor Mynor Mej\u00eda, jefe de la Secci\u00f3n de Seguridad e Higiene y Prevenci\u00f3n de Accidentes, indic\u00f3 que ambos tienen cuatro aspectos b\u00e1sicos: descripci\u00f3n de puestos de trabajo, vigilancia de la salud de los trabajadores, programa de formaci\u00f3n y capacitaci\u00f3n conforme a los riesgos en la empresa, as\u00ed como una matriz de riesgos.<\/p>\n<p><strong>\u201cLo m\u00e1s importante es c\u00f3mo se van a controlar estos riesgos. As\u00ed que los planes b\u00e1sicamente deben contener esto, m\u00e1s otros componentes como de evacuaci\u00f3n y programas de pausas activas, etc.\u201d<\/strong>, explic\u00f3 el especialista.<\/p>\n<figure id=\"attachment_44116\" aria-describedby=\"caption-attachment-44116\" style=\"width: 1382px\" class=\"wp-caption alignnone\"><a href=\"\/wp-content\/uploads\/sites\/5\/2024\/09\/Salud-y-Seguridad-Ocupacional-IGSS-4.jpg\" target=\"_blank\" rel=\"noopener\"><img loading=\"lazy\" decoding=\"async\" class=\"wp-image-44116 size-full\" src=\"\/wp-content\/uploads\/sites\/5\/2024\/09\/Salud-y-Seguridad-Ocupacional-IGSS-4.jpg\" alt=\"\" width=\"1382\" height=\"995\" srcset=\"\/wp-content\/uploads\/sites\/5\/2024\/09\/Salud-y-Seguridad-Ocupacional-IGSS-4.jpg 1382w, \/wp-content\/uploads\/sites\/5\/2024\/09\/Salud-y-Seguridad-Ocupacional-IGSS-4-300x216.jpg 300w, \/wp-content\/uploads\/sites\/5\/2024\/09\/Salud-y-Seguridad-Ocupacional-IGSS-4-1024x737.jpg 1024w, \/wp-content\/uploads\/sites\/5\/2024\/09\/Salud-y-Seguridad-Ocupacional-IGSS-4-768x553.jpg 768w, \/wp-content\/uploads\/sites\/5\/2024\/09\/Salud-y-Seguridad-Ocupacional-IGSS-4-583x420.jpg 583w, \/wp-content\/uploads\/sites\/5\/2024\/09\/Salud-y-Seguridad-Ocupacional-IGSS-4-696x501.jpg 696w, \/wp-content\/uploads\/sites\/5\/2024\/09\/Salud-y-Seguridad-Ocupacional-IGSS-4-1068x769.jpg 1068w, \/wp-content\/uploads\/sites\/5\/2024\/09\/Salud-y-Seguridad-Ocupacional-IGSS-4-534x384.jpg 534w\" sizes=\"auto, (max-width: 1382px) 100vw, 1382px\" \/><\/a><figcaption id=\"caption-attachment-44116\" class=\"wp-caption-text\">El Instituto imparte pl\u00e1ticas y asiste el llamado de las empresas que necesitan informaci\u00f3n al respecto.<\/figcaption><\/figure>\n<h3><strong>Diferencias y elaboraci\u00f3n<\/strong><\/h3>\n<p>Los Planes de Prevenci\u00f3n de Riesgos (de 1 a 9 trabajadores) no llevan aval de un m\u00e9dico registrado en el Ministerio de Trabajo y Previsi\u00f3n Social (MINTRAB). Mientras que los Planes de Salud y Seguridad Ocupacional (de 10 trabajadores en adelante) deben estar avalados por m\u00e9dico registrado en la referida instituci\u00f3n.<\/p>\n<p><strong>\u201cLa diferencia no es tanto el contenido de los planes sino qui\u00e9n los avala\u201d<\/strong>, detall\u00f3 Mej\u00eda.<\/p>\n<p>Su elaboraci\u00f3n debe estar a cargo de personas individuales o empresas que est\u00e9n debidamente registradas en el MINTRAB para trabajar en estos contenidos. Este registro lleva el nombre de <strong>\u201cprofesionales diversos\u201d<\/strong>.<\/p>\n<p><strong>\u201cEl Seguro Social s\u00ed registra los Planes de Salud y Seguridad Ocupacional, pero deben ir respaldados por gente certificada o registrada en el Ministerio de Trabajo\u201d<\/strong>, resalt\u00f3 el profesional.<\/p>\n<p><a href=\"\/wp-content\/uploads\/sites\/5\/2024\/09\/Salud-y-Seguridad-Ocupacional-IGSS-2.jpg\" target=\"_blank\" rel=\"noopener\"><img loading=\"lazy\" decoding=\"async\" class=\"alignnone wp-image-44114 size-full\" src=\"\/wp-content\/uploads\/sites\/5\/2024\/09\/Salud-y-Seguridad-Ocupacional-IGSS-2.jpg\" alt=\"\" width=\"1600\" height=\"1066\" srcset=\"\/wp-content\/uploads\/sites\/5\/2024\/09\/Salud-y-Seguridad-Ocupacional-IGSS-2.jpg 1600w, \/wp-content\/uploads\/sites\/5\/2024\/09\/Salud-y-Seguridad-Ocupacional-IGSS-2-300x200.jpg 300w, \/wp-content\/uploads\/sites\/5\/2024\/09\/Salud-y-Seguridad-Ocupacional-IGSS-2-1024x682.jpg 1024w, \/wp-content\/uploads\/sites\/5\/2024\/09\/Salud-y-Seguridad-Ocupacional-IGSS-2-768x512.jpg 768w, \/wp-content\/uploads\/sites\/5\/2024\/09\/Salud-y-Seguridad-Ocupacional-IGSS-2-1536x1023.jpg 1536w, \/wp-content\/uploads\/sites\/5\/2024\/09\/Salud-y-Seguridad-Ocupacional-IGSS-2-630x420.jpg 630w, \/wp-content\/uploads\/sites\/5\/2024\/09\/Salud-y-Seguridad-Ocupacional-IGSS-2-696x464.jpg 696w, \/wp-content\/uploads\/sites\/5\/2024\/09\/Salud-y-Seguridad-Ocupacional-IGSS-2-1068x712.jpg 1068w, \/wp-content\/uploads\/sites\/5\/2024\/09\/Salud-y-Seguridad-Ocupacional-IGSS-2-534x356.jpg 534w\" sizes=\"auto, (max-width: 1600px) 100vw, 1600px\" \/><\/a><\/p>\n<h3><strong>Registro en el Seguro Social<\/strong><\/h3>\n<p>Los Planes de Prevenci\u00f3n de Riesgos Laborales y de Salud y Seguridad Ocupacional deben registrarse en la Secci\u00f3n de Seguridad e Higiene y Prevenci\u00f3n de Accidentes del IGSS, en la 7\u00aa avenida 1-20 zona 4, edificio Torre Caf\u00e9, oficina 1020.<\/p>\n<p>Cualquier consulta puede realizarla al 2412-1224, en la Secci\u00f3n de Seguridad e Higiene y Prevenci\u00f3n de Accidentes. Asimismo, la empresa puede solicitar la visita de un inspector que d\u00e9 una pl\u00e1tica en el centro de trabajo sobre estos temas.<\/p>\n<p><strong>\u201cLa recomendaci\u00f3n es que traigan sus planes al Seguro Social porque aqu\u00ed los revisamos hoja por hoja y damos fe que est\u00e1n bien\u201d<\/strong>, finaliz\u00f3 Mej\u00eda.<\/p>\n\r\n                <style type=\"text\/css\">\r\n                    \r\n                    #tdi_1  .td-doubleSlider-2 .td-item1 {\r\n                        background: url(\/wp-content\/uploads\/sites\/5\/2024\/09\/Salud-y-Seguridad-Ocupacional-IGSS-7-80x60.jpg) 0 0 no-repeat;\r\n                    }\r\n                    #tdi_1  .td-doubleSlider-2 .td-item2 {\r\n                        background: url(\/wp-content\/uploads\/sites\/5\/2024\/09\/Salud-y-Seguridad-Ocupacional-IGSS-5-80x60.jpg) 0 0 no-repeat;\r\n                    }\r\n                    #tdi_1  .td-doubleSlider-2 .td-item3 {\r\n                        background: url(\/wp-content\/uploads\/sites\/5\/2024\/09\/Salud-y-Seguridad-Ocupacional-IGSS-1-80x60.jpg) 0 0 no-repeat;\r\n                    }\r\n                    #tdi_1  .td-doubleSlider-2 .td-item4 {\r\n                        background: url(\/wp-content\/uploads\/sites\/5\/2024\/08\/Seguridad-Social-trabajadores-migrantes-guatemala-IGSS-2024-5-80x60.jpg) 0 0 no-repeat;\r\n                    }\r\n                    #tdi_1  .td-doubleSlider-2 .td-item5 {\r\n                        background: url(\/wp-content\/uploads\/sites\/5\/2024\/08\/Seguridad-Social-trabajadores-migrantes-guatemaltecos-IGSS-2024-2-80x60.jpg) 0 0 no-repeat;\r\n                    }\r\n                    #tdi_1  .td-doubleSlider-2 .td-item6 {\r\n                        background: url(\/wp-content\/uploads\/sites\/5\/2024\/08\/Seguridad-Social-trabajadores-migrantes-guatemaltecos-IGSS-2024-7-80x60.jpeg) 0 0 no-repeat;\r\n                    }\r\n                <\/style>\r\n\r\n                <div id=\"tdi_1\" class=\"td-gallery td-slide-on-2-columns\">\r\n                    <div class=\"post_td_gallery\">\r\n                        <div class=\"td-gallery-slide-top\">\r\n                           <div class=\"td-gallery-title\"><\/div>\r\n\r\n                            <div class=\"td-gallery-controls-wrapper\">\r\n                                <div class=\"td-gallery-slide-count\"><span class=\"td-gallery-slide-item-focus\">1<\/span> de 6<\/div>\r\n                                <div class=\"td-gallery-slide-prev-next-but\">\r\n                                    <i class = \"td-icon-left doubleSliderPrevButton\"><\/i>\r\n                                    <i class = \"td-icon-right doubleSliderNextButton\"><\/i>\r\n                                <\/div>\r\n                            <\/div>\r\n                        <\/div>\r\n\r\n                        <div class = \"td-doubleSlider-1 \">\r\n                            <div class = \"td-slider\">\r\n                                \r\n                    <div class = \"td-slide-item td-item1\">\r\n                        <figure class=\"td-slide-galery-figure td-slide-popup-gallery\">\r\n                            <a class=\"slide-gallery-image-link\" href=\"\/wp-content\/uploads\/sites\/5\/2024\/09\/Salud-y-Seguridad-Ocupacional-IGSS-7.jpg\" title=\"Salud y Seguridad Ocupacional IGSS-7\"  data-caption=\"\"  data-description=\"\">\r\n                                <img decoding=\"async\" src=\"\/wp-content\/uploads\/sites\/5\/2024\/09\/Salud-y-Seguridad-Ocupacional-IGSS-7-634x420.jpg\" srcset=\"\/wp-content\/uploads\/sites\/5\/2024\/09\/Salud-y-Seguridad-Ocupacional-IGSS-7-634x420.jpg 634w, \/wp-content\/uploads\/sites\/5\/2024\/09\/Salud-y-Seguridad-Ocupacional-IGSS-7-300x199.jpg 300w, \/wp-content\/uploads\/sites\/5\/2024\/09\/Salud-y-Seguridad-Ocupacional-IGSS-7-1024x679.jpg 1024w, \/wp-content\/uploads\/sites\/5\/2024\/09\/Salud-y-Seguridad-Ocupacional-IGSS-7-768x509.jpg 768w, \/wp-content\/uploads\/sites\/5\/2024\/09\/Salud-y-Seguridad-Ocupacional-IGSS-7-696x461.jpg 696w, \/wp-content\/uploads\/sites\/5\/2024\/09\/Salud-y-Seguridad-Ocupacional-IGSS-7-1068x708.jpg 1068w, \/wp-content\/uploads\/sites\/5\/2024\/09\/Salud-y-Seguridad-Ocupacional-IGSS-7-534x354.jpg 534w, \/wp-content\/uploads\/sites\/5\/2024\/09\/Salud-y-Seguridad-Ocupacional-IGSS-7.jpg 1462w\" sizes=\"(max-width: 634px) 100vw, 634px\" alt=\"\">\r\n                            <\/a>\r\n                            \r\n                        <\/figure>\r\n                    <\/div>\r\n                    <div class = \"td-slide-item td-item2\">\r\n                        <figure class=\"td-slide-galery-figure td-slide-popup-gallery\">\r\n                            <a class=\"slide-gallery-image-link\" href=\"\/wp-content\/uploads\/sites\/5\/2024\/09\/Salud-y-Seguridad-Ocupacional-IGSS-5.jpg\" title=\"Salud y Seguridad Ocupacional IGSS-5\"  data-caption=\"\"  data-description=\"\">\r\n                                <img decoding=\"async\" src=\"\/wp-content\/uploads\/sites\/5\/2024\/09\/Salud-y-Seguridad-Ocupacional-IGSS-5-668x420.jpg\" srcset=\"\/wp-content\/uploads\/sites\/5\/2024\/09\/Salud-y-Seguridad-Ocupacional-IGSS-5-668x420.jpg 668w, \/wp-content\/uploads\/sites\/5\/2024\/09\/Salud-y-Seguridad-Ocupacional-IGSS-5-300x189.jpg 300w, \/wp-content\/uploads\/sites\/5\/2024\/09\/Salud-y-Seguridad-Ocupacional-IGSS-5-1024x644.jpg 1024w, \/wp-content\/uploads\/sites\/5\/2024\/09\/Salud-y-Seguridad-Ocupacional-IGSS-5-768x483.jpg 768w, \/wp-content\/uploads\/sites\/5\/2024\/09\/Salud-y-Seguridad-Ocupacional-IGSS-5-1536x966.jpg 1536w, \/wp-content\/uploads\/sites\/5\/2024\/09\/Salud-y-Seguridad-Ocupacional-IGSS-5-696x438.jpg 696w, \/wp-content\/uploads\/sites\/5\/2024\/09\/Salud-y-Seguridad-Ocupacional-IGSS-5-1068x672.jpg 1068w, \/wp-content\/uploads\/sites\/5\/2024\/09\/Salud-y-Seguridad-Ocupacional-IGSS-5-534x336.jpg 534w, \/wp-content\/uploads\/sites\/5\/2024\/09\/Salud-y-Seguridad-Ocupacional-IGSS-5.jpg 1545w\" sizes=\"(max-width: 668px) 100vw, 668px\" alt=\"\">\r\n                            <\/a>\r\n                            \r\n                        <\/figure>\r\n                    <\/div>\r\n                    <div class = \"td-slide-item td-item3\">\r\n                        <figure class=\"td-slide-galery-figure td-slide-popup-gallery\">\r\n                            <a class=\"slide-gallery-image-link\" href=\"\/wp-content\/uploads\/sites\/5\/2024\/09\/Salud-y-Seguridad-Ocupacional-IGSS-1.jpg\" title=\"Salud y Seguridad Ocupacional IGSS-1\"  data-caption=\"\"  data-description=\"\">\r\n                                <img decoding=\"async\" src=\"\/wp-content\/uploads\/sites\/5\/2024\/09\/Salud-y-Seguridad-Ocupacional-IGSS-1-551x420.jpg\" srcset=\"\/wp-content\/uploads\/sites\/5\/2024\/09\/Salud-y-Seguridad-Ocupacional-IGSS-1-551x420.jpg 551w, \/wp-content\/uploads\/sites\/5\/2024\/09\/Salud-y-Seguridad-Ocupacional-IGSS-1-300x229.jpg 300w, \/wp-content\/uploads\/sites\/5\/2024\/09\/Salud-y-Seguridad-Ocupacional-IGSS-1-1024x780.jpg 1024w, \/wp-content\/uploads\/sites\/5\/2024\/09\/Salud-y-Seguridad-Ocupacional-IGSS-1-768x585.jpg 768w, \/wp-content\/uploads\/sites\/5\/2024\/09\/Salud-y-Seguridad-Ocupacional-IGSS-1-80x60.jpg 80w, \/wp-content\/uploads\/sites\/5\/2024\/09\/Salud-y-Seguridad-Ocupacional-IGSS-1-696x530.jpg 696w, \/wp-content\/uploads\/sites\/5\/2024\/09\/Salud-y-Seguridad-Ocupacional-IGSS-1-1068x814.jpg 1068w, \/wp-content\/uploads\/sites\/5\/2024\/09\/Salud-y-Seguridad-Ocupacional-IGSS-1-534x407.jpg 534w, \/wp-content\/uploads\/sites\/5\/2024\/09\/Salud-y-Seguridad-Ocupacional-IGSS-1.jpg 1377w\" sizes=\"(max-width: 551px) 100vw, 551px\" alt=\"\">\r\n                            <\/a>\r\n                            \r\n                        <\/figure>\r\n                    <\/div>\r\n                    <div class = \"td-slide-item td-item4\">\r\n                        <figure class=\"td-slide-galery-figure td-slide-popup-gallery\">\r\n                            <a class=\"slide-gallery-image-link\" href=\"\/wp-content\/uploads\/sites\/5\/2024\/08\/Seguridad-Social-trabajadores-migrantes-guatemala-IGSS-2024-5.jpg\" title=\"Seguridad Social trabajadores migrantes guatemala IGSS 2024-5\"  data-caption=\"\"  data-description=\"\">\r\n                                <img decoding=\"async\" src=\"\/wp-content\/uploads\/sites\/5\/2024\/08\/Seguridad-Social-trabajadores-migrantes-guatemala-IGSS-2024-5-421x420.jpg\" srcset=\"\/wp-content\/uploads\/sites\/5\/2024\/08\/Seguridad-Social-trabajadores-migrantes-guatemala-IGSS-2024-5-421x420.jpg 421w, \/wp-content\/uploads\/sites\/5\/2024\/08\/Seguridad-Social-trabajadores-migrantes-guatemala-IGSS-2024-5-300x300.jpg 300w, \/wp-content\/uploads\/sites\/5\/2024\/08\/Seguridad-Social-trabajadores-migrantes-guatemala-IGSS-2024-5-150x150.jpg 150w, \/wp-content\/uploads\/sites\/5\/2024\/08\/Seguridad-Social-trabajadores-migrantes-guatemala-IGSS-2024-5-768x766.jpg 768w, \/wp-content\/uploads\/sites\/5\/2024\/08\/Seguridad-Social-trabajadores-migrantes-guatemala-IGSS-2024-5-696x694.jpg 696w, \/wp-content\/uploads\/sites\/5\/2024\/08\/Seguridad-Social-trabajadores-migrantes-guatemala-IGSS-2024-5-463x462.jpg 463w, \/wp-content\/uploads\/sites\/5\/2024\/08\/Seguridad-Social-trabajadores-migrantes-guatemala-IGSS-2024-5.jpg 960w\" sizes=\"(max-width: 421px) 100vw, 421px\" alt=\"\">\r\n                            <\/a>\r\n                            \r\n                        <\/figure>\r\n                    <\/div>\r\n                    <div class = \"td-slide-item td-item5\">\r\n                        <figure class=\"td-slide-galery-figure td-slide-popup-gallery\">\r\n                            <a class=\"slide-gallery-image-link\" href=\"\/wp-content\/uploads\/sites\/5\/2024\/08\/Seguridad-Social-trabajadores-migrantes-guatemaltecos-IGSS-2024-2.jpg\" title=\"Seguridad Social trabajadores migrantes guatemaltecos IGSS 2024-2\"  data-caption=\"\"  data-description=\"\">\r\n                                <img decoding=\"async\" src=\"\/wp-content\/uploads\/sites\/5\/2024\/08\/Seguridad-Social-trabajadores-migrantes-guatemaltecos-IGSS-2024-2-560x420.jpg\" srcset=\"\/wp-content\/uploads\/sites\/5\/2024\/08\/Seguridad-Social-trabajadores-migrantes-guatemaltecos-IGSS-2024-2-560x420.jpg 560w, \/wp-content\/uploads\/sites\/5\/2024\/08\/Seguridad-Social-trabajadores-migrantes-guatemaltecos-IGSS-2024-2-300x225.jpg 300w, \/wp-content\/uploads\/sites\/5\/2024\/08\/Seguridad-Social-trabajadores-migrantes-guatemaltecos-IGSS-2024-2-1024x768.jpg 1024w, \/wp-content\/uploads\/sites\/5\/2024\/08\/Seguridad-Social-trabajadores-migrantes-guatemaltecos-IGSS-2024-2-768x576.jpg 768w, \/wp-content\/uploads\/sites\/5\/2024\/08\/Seguridad-Social-trabajadores-migrantes-guatemaltecos-IGSS-2024-2-1536x1152.jpg 1536w, \/wp-content\/uploads\/sites\/5\/2024\/08\/Seguridad-Social-trabajadores-migrantes-guatemaltecos-IGSS-2024-2-80x60.jpg 80w, \/wp-content\/uploads\/sites\/5\/2024\/08\/Seguridad-Social-trabajadores-migrantes-guatemaltecos-IGSS-2024-2-696x522.jpg 696w, \/wp-content\/uploads\/sites\/5\/2024\/08\/Seguridad-Social-trabajadores-migrantes-guatemaltecos-IGSS-2024-2-1068x801.jpg 1068w, \/wp-content\/uploads\/sites\/5\/2024\/08\/Seguridad-Social-trabajadores-migrantes-guatemaltecos-IGSS-2024-2-265x198.jpg 265w, \/wp-content\/uploads\/sites\/5\/2024\/08\/Seguridad-Social-trabajadores-migrantes-guatemaltecos-IGSS-2024-2-534x401.jpg 534w, \/wp-content\/uploads\/sites\/5\/2024\/08\/Seguridad-Social-trabajadores-migrantes-guatemaltecos-IGSS-2024-2.jpg 1600w\" sizes=\"(max-width: 560px) 100vw, 560px\" alt=\"\">\r\n                            <\/a>\r\n                            \r\n                        <\/figure>\r\n                    <\/div>\r\n                    <div class = \"td-slide-item td-item6\">\r\n                        <figure class=\"td-slide-galery-figure td-slide-popup-gallery\">\r\n                            <a class=\"slide-gallery-image-link\" href=\"\/wp-content\/uploads\/sites\/5\/2024\/08\/Seguridad-Social-trabajadores-migrantes-guatemaltecos-IGSS-2024-7-scaled.jpeg\" title=\"Seguridad Social trabajadores migrantes guatemaltecos IGSS 2024-7\"  data-caption=\"\"  data-description=\"\">\r\n                                <img decoding=\"async\" src=\"\/wp-content\/uploads\/sites\/5\/2024\/08\/Seguridad-Social-trabajadores-migrantes-guatemaltecos-IGSS-2024-7-630x420.jpeg\" srcset=\"\/wp-content\/uploads\/sites\/5\/2024\/08\/Seguridad-Social-trabajadores-migrantes-guatemaltecos-IGSS-2024-7-630x420.jpeg 630w, \/wp-content\/uploads\/sites\/5\/2024\/08\/Seguridad-Social-trabajadores-migrantes-guatemaltecos-IGSS-2024-7-300x200.jpeg 300w, \/wp-content\/uploads\/sites\/5\/2024\/08\/Seguridad-Social-trabajadores-migrantes-guatemaltecos-IGSS-2024-7-1024x683.jpeg 1024w, \/wp-content\/uploads\/sites\/5\/2024\/08\/Seguridad-Social-trabajadores-migrantes-guatemaltecos-IGSS-2024-7-768x512.jpeg 768w, \/wp-content\/uploads\/sites\/5\/2024\/08\/Seguridad-Social-trabajadores-migrantes-guatemaltecos-IGSS-2024-7-1536x1024.jpeg 1536w, \/wp-content\/uploads\/sites\/5\/2024\/08\/Seguridad-Social-trabajadores-migrantes-guatemaltecos-IGSS-2024-7-2048x1365.jpeg 2048w, \/wp-content\/uploads\/sites\/5\/2024\/08\/Seguridad-Social-trabajadores-migrantes-guatemaltecos-IGSS-2024-7-696x464.jpeg 696w, \/wp-content\/uploads\/sites\/5\/2024\/08\/Seguridad-Social-trabajadores-migrantes-guatemaltecos-IGSS-2024-7-1068x712.jpeg 1068w, \/wp-content\/uploads\/sites\/5\/2024\/08\/Seguridad-Social-trabajadores-migrantes-guatemaltecos-IGSS-2024-7-1920x1280.jpeg 1920w, \/wp-content\/uploads\/sites\/5\/2024\/08\/Seguridad-Social-trabajadores-migrantes-guatemaltecos-IGSS-2024-7-534x356.jpeg 534w\" sizes=\"(max-width: 630px) 100vw, 630px\" alt=\"\">\r\n                            <\/a>\r\n                            \r\n                        <\/figure>\r\n                    <\/div>\r\n                            <\/div>\r\n                        <\/div>\r\n\r\n                        <div class = \"td-doubleSlider-2\">\r\n                            <div class = \"td-slider\">\r\n                                \r\n                    <div class = \"td-button td-item1\">\r\n                        <div class = \"td-border\"><\/div>\r\n                    <\/div>\r\n                    <div class = \"td-button td-item2\">\r\n                        <div class = \"td-border\"><\/div>\r\n                    <\/div>\r\n                    <div class = \"td-button td-item3\">\r\n                        <div class = \"td-border\"><\/div>\r\n                    <\/div>\r\n                    <div class = \"td-button td-item4\">\r\n                        <div class = \"td-border\"><\/div>\r\n                    <\/div>\r\n                    <div class = \"td-button td-item5\">\r\n                        <div class = \"td-border\"><\/div>\r\n                    <\/div>\r\n                    <div class = \"td-button td-item6\">\r\n                        <div class = \"td-border\"><\/div>\r\n                    <\/div>\r\n                            <\/div>\r\n                        <\/div>\r\n\r\n                    <\/div>\r\n\r\n                <\/div>\r\n                ","protected":false},"excerpt":{"rendered":"<p>M\u00e1s all\u00e1 de ser una obligaci\u00f3n legal, cumplir con los Planes de Prevenci\u00f3n de Riesgos Laborales y de Salud y Seguridad Ocupacional es proteger la vida, la salud, seguridad e integridad de los trabajadores, lo cual se traduce en mayor productividad y rendimiento para la empresa. De acuerdo con el Reglamento de Salud y Seguridad [&hellip;]<\/p>\n","protected":false},"author":1961,"featured_media":44118,"comment_status":"closed","ping_status":"closed","sticky":false,"template":"","format":"standard","meta":{"footnotes":""},"categories":[3,23,1915],"tags":[724,727,769],"coauthors":[],"class_list":{"0":"post-44111","1":"post","2":"type-post","3":"status-publish","4":"format-standard","5":"has-post-thumbnail","7":"category-actualidad","8":"category-patronos","9":"category-salud-y-seguridad-ocupacional","10":"tag-prevencion-de-accidentes","11":"tag-prevencion-igss","12":"tag-salud-y-seguridad-ocupacional"},"_links":{"self":[{"href":"https:\/\/www.igssgt.org\/noticias\/wp-json\/wp\/v2\/posts\/44111","targetHints":{"allow":["GET"]}}],"collection":[{"href":"https:\/\/www.igssgt.org\/noticias\/wp-json\/wp\/v2\/posts"}],"about":[{"href":"https:\/\/www.igssgt.org\/noticias\/wp-json\/wp\/v2\/types\/post"}],"author":[{"embeddable":true,"href":"https:\/\/www.igssgt.org\/noticias\/wp-json\/wp\/v2\/users\/1961"}],"replies":[{"embeddable":true,"href":"https:\/\/www.igssgt.org\/noticias\/wp-json\/wp\/v2\/comments?post=44111"}],"version-history":[{"count":2,"href":"https:\/\/www.igssgt.org\/noticias\/wp-json\/wp\/v2\/posts\/44111\/revisions"}],"predecessor-version":[{"id":44120,"href":"https:\/\/www.igssgt.org\/noticias\/wp-json\/wp\/v2\/posts\/44111\/revisions\/44120"}],"wp:featuredmedia":[{"embeddable":true,"href":"https:\/\/www.igssgt.org\/noticias\/wp-json\/wp\/v2\/media\/44118"}],"wp:attachment":[{"href":"https:\/\/www.igssgt.org\/noticias\/wp-json\/wp\/v2\/media?parent=44111"}],"wp:term":[{"taxonomy":"category","embeddable":true,"href":"https:\/\/www.igssgt.org\/noticias\/wp-json\/wp\/v2\/categories?post=44111"},{"taxonomy":"post_tag","embeddable":true,"href":"https:\/\/www.igssgt.org\/noticias\/wp-json\/wp\/v2\/tags?post=44111"},{"taxonomy":"author","embeddable":true,"href":"https:\/\/www.igssgt.org\/noticias\/wp-json\/wp\/v2\/coauthors?post=44111"}],"curies":[{"name":"wp","href":"https:\/\/api.w.org\/{rel}","templated":true}]}}