{"id":44128,"date":"2024-09-04T13:46:10","date_gmt":"2024-09-04T19:46:10","guid":{"rendered":"https:\/\/www.igssgt.org\/noticias\/?p=44128"},"modified":"2024-09-05T15:00:37","modified_gmt":"2024-09-05T21:00:37","slug":"el-hospital-modular-zona-11-pone-a-disposicion-de-los-pacientes-dos-nuevos-quirofanos","status":"publish","type":"post","link":"https:\/\/www.igssgt.org\/noticias\/2024\/09\/04\/el-hospital-modular-zona-11-pone-a-disposicion-de-los-pacientes-dos-nuevos-quirofanos\/","title":{"rendered":"El Hospital Modular Zona 11 pone a disposici\u00f3n de los pacientes dos nuevos quir\u00f3fanos"},"content":{"rendered":"\n<p class=\"has-drop-cap\">Durante la ceremonia de apertura se destac\u00f3 la relevancia de estas nuevas instalaciones que fortalecen la capacidad del Hospital y mejorar la atenci\u00f3n a los pacientes derechohabientes.<\/p>\n\n\n<p>La doctora Karla Mar\u00eda Gonz\u00e1lez, directora m\u00e9dica del Hospital Modular y de la Perif\u00e9rica Zona 11, indic\u00f3 que estos quir\u00f3fanos son la materializaci\u00f3n de un proyecto implementado en tiempo r\u00e9cord: 11 d\u00edas.<\/p>\n<figure id=\"attachment_44135\" aria-describedby=\"caption-attachment-44135\" style=\"width: 1280px\" class=\"wp-caption alignnone\"><a href=\"\/wp-content\/uploads\/sites\/5\/2024\/09\/modulares-zona-11-IGSS-8.jpg\" target=\"_blank\" rel=\"noopener\"><img loading=\"lazy\" decoding=\"async\" class=\"wp-image-44135 size-full\" src=\"\/wp-content\/uploads\/sites\/5\/2024\/09\/modulares-zona-11-IGSS-8.jpg\" alt=\"\" width=\"1280\" height=\"853\" srcset=\"\/wp-content\/uploads\/sites\/5\/2024\/09\/modulares-zona-11-IGSS-8.jpg 1280w, \/wp-content\/uploads\/sites\/5\/2024\/09\/modulares-zona-11-IGSS-8-300x200.jpg 300w, \/wp-content\/uploads\/sites\/5\/2024\/09\/modulares-zona-11-IGSS-8-1024x682.jpg 1024w, \/wp-content\/uploads\/sites\/5\/2024\/09\/modulares-zona-11-IGSS-8-768x512.jpg 768w, \/wp-content\/uploads\/sites\/5\/2024\/09\/modulares-zona-11-IGSS-8-630x420.jpg 630w, \/wp-content\/uploads\/sites\/5\/2024\/09\/modulares-zona-11-IGSS-8-696x464.jpg 696w, \/wp-content\/uploads\/sites\/5\/2024\/09\/modulares-zona-11-IGSS-8-1068x712.jpg 1068w, \/wp-content\/uploads\/sites\/5\/2024\/09\/modulares-zona-11-IGSS-8-534x356.jpg 534w\" sizes=\"auto, (max-width: 1280px) 100vw, 1280px\" \/><\/a><figcaption id=\"caption-attachment-44135\" class=\"wp-caption-text\">El equipo multidisciplinario que estar\u00e1 a cargo de los procedimientos.<\/figcaption><\/figure>\n<p>La nueva \u00e1rea quir\u00fargica est\u00e1 equipada con lo \u00faltimo en tecnolog\u00eda m\u00e9dica, incluyendo \u00e1rea de esterilizaci\u00f3n, Central de Equipos, vestidores y una zona de recuperaci\u00f3n para pacientes.<\/p>\n<p>Esta expansi\u00f3n responde a una necesidad cr\u00edtica identificada durante los dos a\u00f1os de funcionamiento del Hospital, en los que se evidenci\u00f3 la urgencia de contar con espacios quir\u00fargicos propios para evitar la dependencia de otros centros m\u00e9dicos.<\/p>\n<blockquote>\n<p>Durante la ceremonia de apertura se destac\u00f3 la relevancia de estas nuevas instalaciones<\/p>\n<\/blockquote>\n<p>Con la incorporaci\u00f3n de los dos quir\u00f3fanos, el Hospital Modular Zona 11 podr\u00e1 realizar una mayor cantidad de cirug\u00edas de manera interna, lo que no solo optimiza la eficiencia operativa del centro, sino que tambi\u00e9n minimiza los riesgos y la incomodidad asociadas con el traslado de pacientes.<\/p>\n<p>El presidente de Junta Directiva del Seguro Social, licenciado Jos\u00e9 Adolfo Flamenco Jau, resalt\u00f3 durante su intervenci\u00f3n, que proyectos como estos vienen a reforzar de una manera muy positiva los servicios del Instituto.<\/p>\n<figure id=\"attachment_44137\" aria-describedby=\"caption-attachment-44137\" style=\"width: 1600px\" class=\"wp-caption alignnone\"><a href=\"\/wp-content\/uploads\/sites\/5\/2024\/09\/modulares-zona-11-IGSS-10.jpg\" target=\"_blank\" rel=\"noopener\"><img loading=\"lazy\" decoding=\"async\" class=\"wp-image-44137 size-full\" src=\"\/wp-content\/uploads\/sites\/5\/2024\/09\/modulares-zona-11-IGSS-10.jpg\" alt=\"\" width=\"1600\" height=\"720\" srcset=\"\/wp-content\/uploads\/sites\/5\/2024\/09\/modulares-zona-11-IGSS-10.jpg 1600w, \/wp-content\/uploads\/sites\/5\/2024\/09\/modulares-zona-11-IGSS-10-300x135.jpg 300w, \/wp-content\/uploads\/sites\/5\/2024\/09\/modulares-zona-11-IGSS-10-1024x461.jpg 1024w, \/wp-content\/uploads\/sites\/5\/2024\/09\/modulares-zona-11-IGSS-10-768x346.jpg 768w, \/wp-content\/uploads\/sites\/5\/2024\/09\/modulares-zona-11-IGSS-10-1536x691.jpg 1536w, \/wp-content\/uploads\/sites\/5\/2024\/09\/modulares-zona-11-IGSS-10-933x420.jpg 933w, \/wp-content\/uploads\/sites\/5\/2024\/09\/modulares-zona-11-IGSS-10-696x313.jpg 696w, \/wp-content\/uploads\/sites\/5\/2024\/09\/modulares-zona-11-IGSS-10-1068x481.jpg 1068w, \/wp-content\/uploads\/sites\/5\/2024\/09\/modulares-zona-11-IGSS-10-534x240.jpg 534w\" sizes=\"auto, (max-width: 1600px) 100vw, 1600px\" \/><\/a><figcaption id=\"caption-attachment-44137\" class=\"wp-caption-text\">Los quir\u00f3fanos cuentan con equipos de \u00faltima tecnolog\u00eda.<\/figcaption><\/figure>\n<p><strong>\u00abRecientemente estuvimos en dos ciudades de Estados Unidos con nuestros compatriotas invit\u00e1ndolos a adherirse para obtener los beneficios del Seguro Social y este tipo de implementaciones nos permiten garantizarles que estamos trabajando por darles un servicio de primera. Hay trabajo por hacer y lo estamos haciendo. Las cosas siguen cambiando para bien\u00bb<\/strong>, asegur\u00f3.<\/p>\n<p>Esta mejora en la capacidad quir\u00fargica permitir\u00e1 al hospital ofrecer una atenci\u00f3n m\u00e1s \u00e1gil y directa a los afiliados, reduciendo tiempos de espera y mejorando los resultados en la atenci\u00f3n de emergencias y procedimientos programados.<\/p>\n<figure id=\"attachment_44136\" aria-describedby=\"caption-attachment-44136\" style=\"width: 1280px\" class=\"wp-caption alignnone\"><a href=\"\/wp-content\/uploads\/sites\/5\/2024\/09\/modulares-zona-11-IGSS-4.jpg\" target=\"_blank\" rel=\"noopener\"><img loading=\"lazy\" decoding=\"async\" class=\"wp-image-44136 size-full\" src=\"\/wp-content\/uploads\/sites\/5\/2024\/09\/modulares-zona-11-IGSS-4.jpg\" alt=\"\" width=\"1280\" height=\"853\" srcset=\"\/wp-content\/uploads\/sites\/5\/2024\/09\/modulares-zona-11-IGSS-4.jpg 1280w, \/wp-content\/uploads\/sites\/5\/2024\/09\/modulares-zona-11-IGSS-4-300x200.jpg 300w, \/wp-content\/uploads\/sites\/5\/2024\/09\/modulares-zona-11-IGSS-4-1024x682.jpg 1024w, \/wp-content\/uploads\/sites\/5\/2024\/09\/modulares-zona-11-IGSS-4-768x512.jpg 768w, \/wp-content\/uploads\/sites\/5\/2024\/09\/modulares-zona-11-IGSS-4-630x420.jpg 630w, \/wp-content\/uploads\/sites\/5\/2024\/09\/modulares-zona-11-IGSS-4-696x464.jpg 696w, \/wp-content\/uploads\/sites\/5\/2024\/09\/modulares-zona-11-IGSS-4-1068x712.jpg 1068w, \/wp-content\/uploads\/sites\/5\/2024\/09\/modulares-zona-11-IGSS-4-534x356.jpg 534w\" sizes=\"auto, (max-width: 1280px) 100vw, 1280px\" \/><\/a><figcaption id=\"caption-attachment-44136\" class=\"wp-caption-text\">Las autoridades realizaron el corte de la cinta inaugural.<\/figcaption><\/figure>\n<p>El hospital cuenta con un equipo m\u00e9dico altamente capacitado, incluyendo cirujanos y anestesi\u00f3logos, quienes se beneficiar\u00e1n enormemente de estas nuevas instalaciones.<\/p>\n<p>La inauguraci\u00f3n de los quir\u00f3fanos subraya el compromiso de las autoridades con la excelencia en la atenci\u00f3n m\u00e9dica y la satisfacci\u00f3n de las necesidades de los derechohabientes. A la fecha se han realizado m\u00e1s de 370 procedimientos, ahora tambi\u00e9n a trav\u00e9s de video y con resultados m\u00e1s eficientes para mejorar la condici\u00f3n cl\u00ednica de los usuarios.<\/p>\n\r\n                <style type=\"text\/css\">\r\n                    \r\n                    #tdi_1  .td-doubleSlider-2 .td-item1 {\r\n                        background: url(\/wp-content\/uploads\/sites\/5\/2024\/09\/modulares-zona-11-IGSS-5-80x60.jpg) 0 0 no-repeat;\r\n                    }\r\n                    #tdi_1  .td-doubleSlider-2 .td-item2 {\r\n                        background: url(\/wp-content\/uploads\/sites\/5\/2024\/09\/modulares-zona-11-IGSS-3-80x60.jpg) 0 0 no-repeat;\r\n                    }\r\n                    #tdi_1  .td-doubleSlider-2 .td-item3 {\r\n                        background: url(\/wp-content\/uploads\/sites\/5\/2024\/09\/modulares-zona-11-IGSS-7-80x60.jpg) 0 0 no-repeat;\r\n                    }\r\n                    #tdi_1  .td-doubleSlider-2 .td-item4 {\r\n                        background: url(\/wp-content\/uploads\/sites\/5\/2024\/09\/modulares-zona-11-IGSS-2-80x60.jpg) 0 0 no-repeat;\r\n                    }\r\n                    #tdi_1  .td-doubleSlider-2 .td-item5 {\r\n                        background: url(\/wp-content\/uploads\/sites\/5\/2024\/09\/modulares-zona-11-IGSS-1-80x60.jpg) 0 0 no-repeat;\r\n                    }\r\n                    #tdi_1  .td-doubleSlider-2 .td-item6 {\r\n                        background: url(\/wp-content\/uploads\/sites\/5\/2024\/09\/modulares-zona-11-IGSS-6-80x60.jpg) 0 0 no-repeat;\r\n                    }\r\n                <\/style>\r\n\r\n                <div id=\"tdi_1\" class=\"td-gallery td-slide-on-2-columns\">\r\n                    <div class=\"post_td_gallery\">\r\n                        <div class=\"td-gallery-slide-top\">\r\n                           <div class=\"td-gallery-title\"><\/div>\r\n\r\n                            <div class=\"td-gallery-controls-wrapper\">\r\n                                <div class=\"td-gallery-slide-count\"><span class=\"td-gallery-slide-item-focus\">1<\/span> de 6<\/div>\r\n                                <div class=\"td-gallery-slide-prev-next-but\">\r\n                                    <i class = \"td-icon-left doubleSliderPrevButton\"><\/i>\r\n                                    <i class = \"td-icon-right doubleSliderNextButton\"><\/i>\r\n                                <\/div>\r\n                            <\/div>\r\n                        <\/div>\r\n\r\n                        <div class = \"td-doubleSlider-1 \">\r\n                            <div class = \"td-slider\">\r\n                                \r\n                    <div class = \"td-slide-item td-item1\">\r\n                        <figure class=\"td-slide-galery-figure td-slide-popup-gallery\">\r\n                            <a class=\"slide-gallery-image-link\" href=\"\/wp-content\/uploads\/sites\/5\/2024\/09\/modulares-zona-11-IGSS-5.jpg\" title=\"modulares zona 11 IGSS-5\"  data-caption=\"\"  data-description=\"\">\r\n                                <img decoding=\"async\" src=\"\/wp-content\/uploads\/sites\/5\/2024\/09\/modulares-zona-11-IGSS-5-630x420.jpg\" srcset=\"\/wp-content\/uploads\/sites\/5\/2024\/09\/modulares-zona-11-IGSS-5-630x420.jpg 630w, \/wp-content\/uploads\/sites\/5\/2024\/09\/modulares-zona-11-IGSS-5-300x200.jpg 300w, \/wp-content\/uploads\/sites\/5\/2024\/09\/modulares-zona-11-IGSS-5-1024x682.jpg 1024w, \/wp-content\/uploads\/sites\/5\/2024\/09\/modulares-zona-11-IGSS-5-768x512.jpg 768w, \/wp-content\/uploads\/sites\/5\/2024\/09\/modulares-zona-11-IGSS-5-696x464.jpg 696w, \/wp-content\/uploads\/sites\/5\/2024\/09\/modulares-zona-11-IGSS-5-1068x712.jpg 1068w, \/wp-content\/uploads\/sites\/5\/2024\/09\/modulares-zona-11-IGSS-5-534x356.jpg 534w, \/wp-content\/uploads\/sites\/5\/2024\/09\/modulares-zona-11-IGSS-5.jpg 1280w\" sizes=\"(max-width: 630px) 100vw, 630px\" alt=\"\">\r\n                            <\/a>\r\n                            \r\n                        <\/figure>\r\n                    <\/div>\r\n                    <div class = \"td-slide-item td-item2\">\r\n                        <figure class=\"td-slide-galery-figure td-slide-popup-gallery\">\r\n                            <a class=\"slide-gallery-image-link\" href=\"\/wp-content\/uploads\/sites\/5\/2024\/09\/modulares-zona-11-IGSS-3.jpg\" title=\"modulares zona 11 IGSS-3\"  data-caption=\"\"  data-description=\"\">\r\n                                <img decoding=\"async\" src=\"\/wp-content\/uploads\/sites\/5\/2024\/09\/modulares-zona-11-IGSS-3-630x420.jpg\" srcset=\"\/wp-content\/uploads\/sites\/5\/2024\/09\/modulares-zona-11-IGSS-3-630x420.jpg 630w, \/wp-content\/uploads\/sites\/5\/2024\/09\/modulares-zona-11-IGSS-3-300x200.jpg 300w, \/wp-content\/uploads\/sites\/5\/2024\/09\/modulares-zona-11-IGSS-3-1024x682.jpg 1024w, \/wp-content\/uploads\/sites\/5\/2024\/09\/modulares-zona-11-IGSS-3-768x512.jpg 768w, \/wp-content\/uploads\/sites\/5\/2024\/09\/modulares-zona-11-IGSS-3-696x464.jpg 696w, \/wp-content\/uploads\/sites\/5\/2024\/09\/modulares-zona-11-IGSS-3-1068x712.jpg 1068w, \/wp-content\/uploads\/sites\/5\/2024\/09\/modulares-zona-11-IGSS-3-534x356.jpg 534w, \/wp-content\/uploads\/sites\/5\/2024\/09\/modulares-zona-11-IGSS-3.jpg 1280w\" sizes=\"(max-width: 630px) 100vw, 630px\" alt=\"\">\r\n                            <\/a>\r\n                            \r\n                        <\/figure>\r\n                    <\/div>\r\n                    <div class = \"td-slide-item td-item3\">\r\n                        <figure class=\"td-slide-galery-figure td-slide-popup-gallery\">\r\n                            <a class=\"slide-gallery-image-link\" href=\"\/wp-content\/uploads\/sites\/5\/2024\/09\/modulares-zona-11-IGSS-7.jpg\" title=\"modulares zona 11 IGSS-7\"  data-caption=\"\"  data-description=\"\">\r\n                                <img decoding=\"async\" src=\"\/wp-content\/uploads\/sites\/5\/2024\/09\/modulares-zona-11-IGSS-7-630x420.jpg\" srcset=\"\/wp-content\/uploads\/sites\/5\/2024\/09\/modulares-zona-11-IGSS-7-630x420.jpg 630w, \/wp-content\/uploads\/sites\/5\/2024\/09\/modulares-zona-11-IGSS-7-300x200.jpg 300w, \/wp-content\/uploads\/sites\/5\/2024\/09\/modulares-zona-11-IGSS-7-1024x682.jpg 1024w, \/wp-content\/uploads\/sites\/5\/2024\/09\/modulares-zona-11-IGSS-7-768x512.jpg 768w, \/wp-content\/uploads\/sites\/5\/2024\/09\/modulares-zona-11-IGSS-7-696x464.jpg 696w, \/wp-content\/uploads\/sites\/5\/2024\/09\/modulares-zona-11-IGSS-7-1068x712.jpg 1068w, \/wp-content\/uploads\/sites\/5\/2024\/09\/modulares-zona-11-IGSS-7-534x356.jpg 534w, \/wp-content\/uploads\/sites\/5\/2024\/09\/modulares-zona-11-IGSS-7.jpg 1280w\" sizes=\"(max-width: 630px) 100vw, 630px\" alt=\"\">\r\n                            <\/a>\r\n                            \r\n                        <\/figure>\r\n                    <\/div>\r\n                    <div class = \"td-slide-item td-item4\">\r\n                        <figure class=\"td-slide-galery-figure td-slide-popup-gallery\">\r\n                            <a class=\"slide-gallery-image-link\" href=\"\/wp-content\/uploads\/sites\/5\/2024\/09\/modulares-zona-11-IGSS-2.jpg\" title=\"modulares zona 11 IGSS-2\"  data-caption=\"\"  data-description=\"\">\r\n                                <img decoding=\"async\" src=\"\/wp-content\/uploads\/sites\/5\/2024\/09\/modulares-zona-11-IGSS-2-630x420.jpg\" srcset=\"\/wp-content\/uploads\/sites\/5\/2024\/09\/modulares-zona-11-IGSS-2-630x420.jpg 630w, \/wp-content\/uploads\/sites\/5\/2024\/09\/modulares-zona-11-IGSS-2-300x200.jpg 300w, \/wp-content\/uploads\/sites\/5\/2024\/09\/modulares-zona-11-IGSS-2-1024x683.jpg 1024w, \/wp-content\/uploads\/sites\/5\/2024\/09\/modulares-zona-11-IGSS-2-768x512.jpg 768w, \/wp-content\/uploads\/sites\/5\/2024\/09\/modulares-zona-11-IGSS-2-1536x1024.jpg 1536w, \/wp-content\/uploads\/sites\/5\/2024\/09\/modulares-zona-11-IGSS-2-696x464.jpg 696w, \/wp-content\/uploads\/sites\/5\/2024\/09\/modulares-zona-11-IGSS-2-1068x712.jpg 1068w, \/wp-content\/uploads\/sites\/5\/2024\/09\/modulares-zona-11-IGSS-2-534x356.jpg 534w, \/wp-content\/uploads\/sites\/5\/2024\/09\/modulares-zona-11-IGSS-2.jpg 1599w\" sizes=\"(max-width: 630px) 100vw, 630px\" alt=\"\">\r\n                            <\/a>\r\n                            \r\n                        <\/figure>\r\n                    <\/div>\r\n                    <div class = \"td-slide-item td-item5\">\r\n                        <figure class=\"td-slide-galery-figure td-slide-popup-gallery\">\r\n                            <a class=\"slide-gallery-image-link\" href=\"\/wp-content\/uploads\/sites\/5\/2024\/09\/modulares-zona-11-IGSS-1.jpg\" title=\"modulares zona 11 IGSS-1\"  data-caption=\"\"  data-description=\"\">\r\n                                <img decoding=\"async\" src=\"\/wp-content\/uploads\/sites\/5\/2024\/09\/modulares-zona-11-IGSS-1-630x420.jpg\" srcset=\"\/wp-content\/uploads\/sites\/5\/2024\/09\/modulares-zona-11-IGSS-1-630x420.jpg 630w, \/wp-content\/uploads\/sites\/5\/2024\/09\/modulares-zona-11-IGSS-1-300x200.jpg 300w, \/wp-content\/uploads\/sites\/5\/2024\/09\/modulares-zona-11-IGSS-1-1024x683.jpg 1024w, \/wp-content\/uploads\/sites\/5\/2024\/09\/modulares-zona-11-IGSS-1-768x512.jpg 768w, \/wp-content\/uploads\/sites\/5\/2024\/09\/modulares-zona-11-IGSS-1-1536x1024.jpg 1536w, \/wp-content\/uploads\/sites\/5\/2024\/09\/modulares-zona-11-IGSS-1-696x464.jpg 696w, \/wp-content\/uploads\/sites\/5\/2024\/09\/modulares-zona-11-IGSS-1-1068x712.jpg 1068w, \/wp-content\/uploads\/sites\/5\/2024\/09\/modulares-zona-11-IGSS-1-534x356.jpg 534w, \/wp-content\/uploads\/sites\/5\/2024\/09\/modulares-zona-11-IGSS-1.jpg 1599w\" sizes=\"(max-width: 630px) 100vw, 630px\" alt=\"\">\r\n                            <\/a>\r\n                            \r\n                        <\/figure>\r\n                    <\/div>\r\n                    <div class = \"td-slide-item td-item6\">\r\n                        <figure class=\"td-slide-galery-figure td-slide-popup-gallery\">\r\n                            <a class=\"slide-gallery-image-link\" href=\"\/wp-content\/uploads\/sites\/5\/2024\/09\/modulares-zona-11-IGSS-6.jpg\" title=\"modulares zona 11 IGSS-6\"  data-caption=\"\"  data-description=\"\">\r\n                                <img decoding=\"async\" src=\"\/wp-content\/uploads\/sites\/5\/2024\/09\/modulares-zona-11-IGSS-6-747x420.jpg\" srcset=\"\/wp-content\/uploads\/sites\/5\/2024\/09\/modulares-zona-11-IGSS-6-747x420.jpg 747w, \/wp-content\/uploads\/sites\/5\/2024\/09\/modulares-zona-11-IGSS-6-300x169.jpg 300w, \/wp-content\/uploads\/sites\/5\/2024\/09\/modulares-zona-11-IGSS-6-1024x576.jpg 1024w, \/wp-content\/uploads\/sites\/5\/2024\/09\/modulares-zona-11-IGSS-6-768x432.jpg 768w, \/wp-content\/uploads\/sites\/5\/2024\/09\/modulares-zona-11-IGSS-6-1536x864.jpg 1536w, \/wp-content\/uploads\/sites\/5\/2024\/09\/modulares-zona-11-IGSS-6-696x392.jpg 696w, \/wp-content\/uploads\/sites\/5\/2024\/09\/modulares-zona-11-IGSS-6-1068x601.jpg 1068w, \/wp-content\/uploads\/sites\/5\/2024\/09\/modulares-zona-11-IGSS-6-534x300.jpg 534w, \/wp-content\/uploads\/sites\/5\/2024\/09\/modulares-zona-11-IGSS-6.jpg 1600w\" sizes=\"(max-width: 747px) 100vw, 747px\" alt=\"\">\r\n                            <\/a>\r\n                            \r\n                        <\/figure>\r\n                    <\/div>\r\n                            <\/div>\r\n                        <\/div>\r\n\r\n                        <div class = \"td-doubleSlider-2\">\r\n                            <div class = \"td-slider\">\r\n                                \r\n                    <div class = \"td-button td-item1\">\r\n                        <div class = \"td-border\"><\/div>\r\n                    <\/div>\r\n                    <div class = \"td-button td-item2\">\r\n                        <div class = \"td-border\"><\/div>\r\n                    <\/div>\r\n                    <div class = \"td-button td-item3\">\r\n                        <div class = \"td-border\"><\/div>\r\n                    <\/div>\r\n                    <div class = \"td-button td-item4\">\r\n                        <div class = \"td-border\"><\/div>\r\n                    <\/div>\r\n                    <div class = \"td-button td-item5\">\r\n                        <div class = \"td-border\"><\/div>\r\n                    <\/div>\r\n                    <div class = \"td-button td-item6\">\r\n                        <div class = \"td-border\"><\/div>\r\n                    <\/div>\r\n                            <\/div>\r\n                        <\/div>\r\n\r\n                    <\/div>\r\n\r\n                <\/div>\r\n                ","protected":false},"excerpt":{"rendered":"<p>Durante la ceremonia de apertura se destac\u00f3 la relevancia de estas nuevas instalaciones que fortalecen la capacidad del Hospital y mejorar la atenci\u00f3n a los pacientes derechohabientes. La doctora Karla Mar\u00eda Gonz\u00e1lez, directora m\u00e9dica del Hospital Modular y de la Perif\u00e9rica Zona 11, indic\u00f3 que estos quir\u00f3fanos son la materializaci\u00f3n de un proyecto implementado en [&hellip;]<\/p>\n","protected":false},"author":1961,"featured_media":44134,"comment_status":"closed","ping_status":"closed","sticky":false,"template":"","format":"standard","meta":{"footnotes":""},"categories":[3,15],"tags":[1508,1774],"coauthors":[],"class_list":{"0":"post-44128","1":"post","2":"type-post","3":"status-publish","4":"format-standard","5":"has-post-thumbnail","7":"category-actualidad","8":"category-destacado","9":"tag-hospital-modular-zona-11","10":"tag-quirofanos"},"_links":{"self":[{"href":"https:\/\/www.igssgt.org\/noticias\/wp-json\/wp\/v2\/posts\/44128","targetHints":{"allow":["GET"]}}],"collection":[{"href":"https:\/\/www.igssgt.org\/noticias\/wp-json\/wp\/v2\/posts"}],"about":[{"href":"https:\/\/www.igssgt.org\/noticias\/wp-json\/wp\/v2\/types\/post"}],"author":[{"embeddable":true,"href":"https:\/\/www.igssgt.org\/noticias\/wp-json\/wp\/v2\/users\/1961"}],"replies":[{"embeddable":true,"href":"https:\/\/www.igssgt.org\/noticias\/wp-json\/wp\/v2\/comments?post=44128"}],"version-history":[{"count":3,"href":"https:\/\/www.igssgt.org\/noticias\/wp-json\/wp\/v2\/posts\/44128\/revisions"}],"predecessor-version":[{"id":44141,"href":"https:\/\/www.igssgt.org\/noticias\/wp-json\/wp\/v2\/posts\/44128\/revisions\/44141"}],"wp:featuredmedia":[{"embeddable":true,"href":"https:\/\/www.igssgt.org\/noticias\/wp-json\/wp\/v2\/media\/44134"}],"wp:attachment":[{"href":"https:\/\/www.igssgt.org\/noticias\/wp-json\/wp\/v2\/media?parent=44128"}],"wp:term":[{"taxonomy":"category","embeddable":true,"href":"https:\/\/www.igssgt.org\/noticias\/wp-json\/wp\/v2\/categories?post=44128"},{"taxonomy":"post_tag","embeddable":true,"href":"https:\/\/www.igssgt.org\/noticias\/wp-json\/wp\/v2\/tags?post=44128"},{"taxonomy":"author","embeddable":true,"href":"https:\/\/www.igssgt.org\/noticias\/wp-json\/wp\/v2\/coauthors?post=44128"}],"curies":[{"name":"wp","href":"https:\/\/api.w.org\/{rel}","templated":true}]}}