{"id":44215,"date":"2024-09-06T10:30:00","date_gmt":"2024-09-06T16:30:00","guid":{"rendered":"https:\/\/www.igssgt.org\/noticias\/?p=44215"},"modified":"2024-09-06T16:09:10","modified_gmt":"2024-09-06T22:09:10","slug":"convocatoria-de-la-plaza-medico-especialista-medicina-interna-para-el-hospital-general-dr-juan-jose-arevalo-bermejo","status":"publish","type":"post","link":"https:\/\/www.igssgt.org\/noticias\/2024\/09\/06\/convocatoria-de-la-plaza-medico-especialista-medicina-interna-para-el-hospital-general-dr-juan-jose-arevalo-bermejo\/","title":{"rendered":"Convocatoria de la plaza: M\u00e9dico Especialista (Medicina Interna) para el Hospital General Dr. Juan Jos\u00e9 Ar\u00e9valo Bermejo"},"content":{"rendered":"\n<h3>El Instituto Guatemalteco de Seguridad Social a trav\u00e9s de la Subgerencia de Recursos Humanos invita a participar en la convocatoria externa para la plaza vacante 011:<\/h3>\n<h4>Puesto: M\u00e9dico Especialista A con turno de 6 horas (Medicina Interna)<br \/>Ubicaci\u00f3n: Hospital General Dr. Juan Jos\u00e9 Ar\u00e9valo Bermejo<br \/>Fecha l\u00edmite de recepci\u00f3n de solicitudes: 12 de septiembre de 2024<\/h4>\n<p><a href=\"\/wp-content\/uploads\/sites\/5\/2024\/09\/Convocatoria-plaza-IGSS-medico-especialista-medicina-interna-zona-6.jpg\"><img loading=\"lazy\" decoding=\"async\" class=\"aligncenter size-full wp-image-44216\" src=\"\/wp-content\/uploads\/sites\/5\/2024\/09\/Convocatoria-plaza-IGSS-medico-especialista-medicina-interna-zona-6.jpg\" alt=\"\" width=\"1059\" height=\"1600\" srcset=\"\/wp-content\/uploads\/sites\/5\/2024\/09\/Convocatoria-plaza-IGSS-medico-especialista-medicina-interna-zona-6.jpg 1059w, \/wp-content\/uploads\/sites\/5\/2024\/09\/Convocatoria-plaza-IGSS-medico-especialista-medicina-interna-zona-6-199x300.jpg 199w, \/wp-content\/uploads\/sites\/5\/2024\/09\/Convocatoria-plaza-IGSS-medico-especialista-medicina-interna-zona-6-678x1024.jpg 678w, \/wp-content\/uploads\/sites\/5\/2024\/09\/Convocatoria-plaza-IGSS-medico-especialista-medicina-interna-zona-6-768x1160.jpg 768w, \/wp-content\/uploads\/sites\/5\/2024\/09\/Convocatoria-plaza-IGSS-medico-especialista-medicina-interna-zona-6-1017x1536.jpg 1017w, \/wp-content\/uploads\/sites\/5\/2024\/09\/Convocatoria-plaza-IGSS-medico-especialista-medicina-interna-zona-6-278x420.jpg 278w, \/wp-content\/uploads\/sites\/5\/2024\/09\/Convocatoria-plaza-IGSS-medico-especialista-medicina-interna-zona-6-696x1052.jpg 696w, \/wp-content\/uploads\/sites\/5\/2024\/09\/Convocatoria-plaza-IGSS-medico-especialista-medicina-interna-zona-6-306x462.jpg 306w\" sizes=\"auto, (max-width: 1059px) 100vw, 1059px\" \/><\/a><\/p>\n","protected":false},"excerpt":{"rendered":"<p>Puesto: M\u00e9dico Especialista A con turno de 6 horas (Medicina Interna).<\/p>\n<p>Ubicaci\u00f3n: Hospital General Dr. Juan Jos\u00e9 Ar\u00e9valo Bermejo.<\/p>\n<p>Fecha l\u00edmite de recepci\u00f3n de solicitudes: 12 de septiembre de 2024.<\/p>\n<p>\u2b05\ufe0f Para descargar la convocatoria haga clic en la imagen.<\/p>\n","protected":false},"author":4,"featured_media":44216,"comment_status":"closed","ping_status":"closed","sticky":false,"template":"","format":"standard","meta":{"footnotes":""},"categories":[1299],"tags":[213,1300],"coauthors":[],"class_list":{"0":"post-44215","1":"post","2":"type-post","3":"status-publish","4":"format-standard","5":"has-post-thumbnail","7":"category-plazas-vacantes","8":"tag-convocatoria-plazas-igss","9":"tag-empleos-igss"},"_links":{"self":[{"href":"https:\/\/www.igssgt.org\/noticias\/wp-json\/wp\/v2\/posts\/44215","targetHints":{"allow":["GET"]}}],"collection":[{"href":"https:\/\/www.igssgt.org\/noticias\/wp-json\/wp\/v2\/posts"}],"about":[{"href":"https:\/\/www.igssgt.org\/noticias\/wp-json\/wp\/v2\/types\/post"}],"author":[{"embeddable":true,"href":"https:\/\/www.igssgt.org\/noticias\/wp-json\/wp\/v2\/users\/4"}],"replies":[{"embeddable":true,"href":"https:\/\/www.igssgt.org\/noticias\/wp-json\/wp\/v2\/comments?post=44215"}],"version-history":[{"count":1,"href":"https:\/\/www.igssgt.org\/noticias\/wp-json\/wp\/v2\/posts\/44215\/revisions"}],"predecessor-version":[{"id":44217,"href":"https:\/\/www.igssgt.org\/noticias\/wp-json\/wp\/v2\/posts\/44215\/revisions\/44217"}],"wp:featuredmedia":[{"embeddable":true,"href":"https:\/\/www.igssgt.org\/noticias\/wp-json\/wp\/v2\/media\/44216"}],"wp:attachment":[{"href":"https:\/\/www.igssgt.org\/noticias\/wp-json\/wp\/v2\/media?parent=44215"}],"wp:term":[{"taxonomy":"category","embeddable":true,"href":"https:\/\/www.igssgt.org\/noticias\/wp-json\/wp\/v2\/categories?post=44215"},{"taxonomy":"post_tag","embeddable":true,"href":"https:\/\/www.igssgt.org\/noticias\/wp-json\/wp\/v2\/tags?post=44215"},{"taxonomy":"author","embeddable":true,"href":"https:\/\/www.igssgt.org\/noticias\/wp-json\/wp\/v2\/coauthors?post=44215"}],"curies":[{"name":"wp","href":"https:\/\/api.w.org\/{rel}","templated":true}]}}