{"id":4434,"date":"2018-04-03T08:00:37","date_gmt":"2018-04-03T14:00:37","guid":{"rendered":"http:\/\/noticias.igssgt.org\/?p=4434"},"modified":"2018-04-03T08:00:37","modified_gmt":"2018-04-03T14:00:37","slug":"nuestro-diario-traslado-de-consulta-externa-y-administracion-del-igss-ya-es-un-hecho-en-solola","status":"publish","type":"post","link":"https:\/\/www.igssgt.org\/noticias\/2018\/04\/03\/nuestro-diario-traslado-de-consulta-externa-y-administracion-del-igss-ya-es-un-hecho-en-solola\/","title":{"rendered":"Nuestro Diario: Traslado de Consulta Externa y administraci\u00f3n del IGSS ya es un hecho en Solol\u00e1"},"content":{"rendered":"<p><em>Por Alfonso Gu\u00e1rquez<\/em><\/p>\n<p><strong>Solol\u00e1.<\/strong> A partir de esta semana comenz\u00f3 a funcionar en una nueva sede la Consulta Externa del Instituto Guatemalteco de Seguridad Social (IGSS), 11 meses despu\u00e9s que el Hospital Nacional solicitara su desalojo.<\/p>\n<p>Las nuevas instalaciones est\u00e1 ubicadas en la 9a. calle, entre 5a. y 6a. avenidas de la zona 1, donde tambi\u00e9n atender\u00e1 el \u00e1rea administrativa del IGSS.<\/p>\n<p>Sin embargo, la extensi\u00f3n de Encamamiento y Sala de Cirug\u00eda ser\u00e1n trasladadas a principios de mayo, ya que a\u00fan faltan algunos detalles para ubicarse en la 13 calle, entre 7a. y 8a. avenidas del barrio San Bartolo, zona 1.<\/p>\n<p>Juan Mogoll\u00f3n, presidente del Comit\u00e9 Pro-IGSS, manifest\u00f3 que pese a aplazar las fechas, ahora es un hecho y los afiliados podr\u00e1n acercarse a las nuevas oficinas a realizar sus tr\u00e1mites.<\/p>\n<p><strong>YO OPINO, USTED OPINA<\/strong><\/p>\n<p>\u00abSe cuenta con los dos inmuebles donde ser\u00e1n trasladados los servicios\u00bb. Esa\u00fa Corzo<\/p>\n<p>\u00abCon los nuevos edificios del IGSS, se espera brindar la atenci\u00f3n requerida\u00bb. Mois\u00e9s L\u00f3pez<\/p>\n<p>Fuente: <strong>Nuestro Diario<\/strong><\/p>\n<p>Enlace en internet: <a href=\"http:\/\/www.nuestrodiario.com\">www.nuestrodiario.com<\/a><\/p>\n","protected":false},"excerpt":{"rendered":"<p>Por Alfonso Gu\u00e1rquez Solol\u00e1. A partir de esta semana comenz\u00f3 a funcionar en una nueva sede la Consulta Externa del Instituto Guatemalteco de Seguridad Social (IGSS), 11 meses despu\u00e9s que el Hospital Nacional solicitara su desalojo. Las nuevas instalaciones est\u00e1 ubicadas en la 9a. calle, entre 5a. y 6a. avenidas de la zona 1, donde [&hellip;]<\/p>\n","protected":false},"author":4,"featured_media":4435,"comment_status":"open","ping_status":"open","sticky":false,"template":"","format":"standard","meta":{"footnotes":""},"categories":[3,41,29,36],"tags":[104,490,665,803],"coauthors":[],"class_list":{"0":"post-4434","1":"post","2":"type-post","3":"status-publish","4":"format-standard","5":"has-post-thumbnail","7":"category-actualidad","8":"category-igss-en-los-medios","9":"category-publicaciones","10":"category-unidades-medicas","11":"tag-alfonso-guarquez","12":"tag-igss","13":"tag-nuestro-diario","14":"tag-solola"},"_links":{"self":[{"href":"https:\/\/www.igssgt.org\/noticias\/wp-json\/wp\/v2\/posts\/4434","targetHints":{"allow":["GET"]}}],"collection":[{"href":"https:\/\/www.igssgt.org\/noticias\/wp-json\/wp\/v2\/posts"}],"about":[{"href":"https:\/\/www.igssgt.org\/noticias\/wp-json\/wp\/v2\/types\/post"}],"author":[{"embeddable":true,"href":"https:\/\/www.igssgt.org\/noticias\/wp-json\/wp\/v2\/users\/4"}],"replies":[{"embeddable":true,"href":"https:\/\/www.igssgt.org\/noticias\/wp-json\/wp\/v2\/comments?post=4434"}],"version-history":[{"count":0,"href":"https:\/\/www.igssgt.org\/noticias\/wp-json\/wp\/v2\/posts\/4434\/revisions"}],"wp:featuredmedia":[{"embeddable":true,"href":"https:\/\/www.igssgt.org\/noticias\/wp-json\/wp\/v2\/media\/4435"}],"wp:attachment":[{"href":"https:\/\/www.igssgt.org\/noticias\/wp-json\/wp\/v2\/media?parent=4434"}],"wp:term":[{"taxonomy":"category","embeddable":true,"href":"https:\/\/www.igssgt.org\/noticias\/wp-json\/wp\/v2\/categories?post=4434"},{"taxonomy":"post_tag","embeddable":true,"href":"https:\/\/www.igssgt.org\/noticias\/wp-json\/wp\/v2\/tags?post=4434"},{"taxonomy":"author","embeddable":true,"href":"https:\/\/www.igssgt.org\/noticias\/wp-json\/wp\/v2\/coauthors?post=4434"}],"curies":[{"name":"wp","href":"https:\/\/api.w.org\/{rel}","templated":true}]}}