{"id":44389,"date":"2024-09-23T11:27:27","date_gmt":"2024-09-23T17:27:27","guid":{"rendered":"https:\/\/www.igssgt.org\/noticias\/?p=44389"},"modified":"2024-09-23T11:34:43","modified_gmt":"2024-09-23T17:34:43","slug":"exitosa-intervencion-de-medicos-de-ceibal-le-permiten-a-jovencita-volver-a-sonreir","status":"publish","type":"post","link":"https:\/\/www.igssgt.org\/noticias\/2024\/09\/23\/exitosa-intervencion-de-medicos-de-ceibal-le-permiten-a-jovencita-volver-a-sonreir\/","title":{"rendered":"Exitosa intervenci\u00f3n de m\u00e9dicos de Ceibal le permiten a jovencita volver a sonre\u00edr"},"content":{"rendered":"\n<p class=\"has-drop-cap\">A los 7 a\u00f1os Santos Victoria jugaba con sus hermanos en el segundo nivel de una casa en construcci\u00f3n en Villa Nueva, en un descuido, resbal\u00f3 y la peque\u00f1a cay\u00f3 del segundo nivel. La ni\u00f1a sobrevivi\u00f3 milagrosamente debido a que cay\u00f3 parada dentro de un tonel con agua, pero la mand\u00edbula se estrell\u00f3 contra la orilla de este, lo que provoc\u00f3 fracturas y el desplazamiento de las articulaciones hacia el cr\u00e1neo.<\/p>\n\n\n<p>Pasaron 17 a\u00f1os desde el d\u00eda del accidente y es hasta ahora que la joven de 24 a\u00f1os recibi\u00f3 el tratamiento que le permiti\u00f3 recuperar el movimiento de las articulaciones temporomandibulares las cuales le fueron fijadas con placas y tornillos horas despu\u00e9s del accidente sufrido en aquel momento.<\/p>\n<figure id=\"attachment_44393\" aria-describedby=\"caption-attachment-44393\" style=\"width: 312px\" class=\"wp-caption alignright\"><a href=\"\/wp-content\/uploads\/sites\/5\/2024\/09\/CIrugia-Maxilofacial-IGSS-3.jpg\" target=\"_blank\" rel=\"noopener\"><img loading=\"lazy\" decoding=\"async\" class=\"wp-image-44393\" src=\"\/wp-content\/uploads\/sites\/5\/2024\/09\/CIrugia-Maxilofacial-IGSS-3.jpg\" alt=\"\" width=\"312\" height=\"416\" srcset=\"\/wp-content\/uploads\/sites\/5\/2024\/09\/CIrugia-Maxilofacial-IGSS-3.jpg 720w, \/wp-content\/uploads\/sites\/5\/2024\/09\/CIrugia-Maxilofacial-IGSS-3-225x300.jpg 225w, \/wp-content\/uploads\/sites\/5\/2024\/09\/CIrugia-Maxilofacial-IGSS-3-315x420.jpg 315w, \/wp-content\/uploads\/sites\/5\/2024\/09\/CIrugia-Maxilofacial-IGSS-3-696x928.jpg 696w, \/wp-content\/uploads\/sites\/5\/2024\/09\/CIrugia-Maxilofacial-IGSS-3-347x462.jpg 347w\" sizes=\"auto, (max-width: 312px) 100vw, 312px\" \/><\/a><figcaption id=\"caption-attachment-44393\" class=\"wp-caption-text\">Santos Victoria espero 17 a\u00f1os para someterse a la cirug\u00eda que le devolver\u00e1 la movilidad<\/figcaption><\/figure>\n<p>Las horas siguientes al accidente la peque\u00f1a fue atendida en un hospital del sistema de salud p\u00fablica del pa\u00eds <strong>\u201cel hueso de la quijada se deshizo, los huesos de los lados de la cara se fueron para arriba (hacia el cr\u00e1neo), en el hospital me los regresaron a su lugar y me los fijaron<\/strong>\u201d describe Santos.<\/p>\n<p>En el hospital le dijeron que era necesario ser sometida a otras cirug\u00edas pero la falta de presupuesto para acceder a estas la hizo estar 17 a\u00f1os con esta condici\u00f3n. <strong>\u201cTen\u00eda miedo, pero me oper\u00e9 por mi mam\u00e1, porque ella se sent\u00eda culpable de que yo estuviera as\u00ed porque ella no pudo pagar las operaciones cuando ocurri\u00f3 el accidente\u201d<\/strong>, destaca la paciente.<\/p>\n<h3><strong>Cirug\u00eda a cargo de especialistas de Maxilofacial<\/strong><\/h3>\n<p>El doctor Juan Carlos Garc\u00eda Morales y la doctora Evelyn Crocker, ambos odont\u00f3logos, especialistas en Cirug\u00eda Oral y Maxilofacial estuvieron al frente de la cirug\u00eda de Santos Victoria.<\/p>\n<p>A decir del doctor Garc\u00eda Morales este fue un tratamiento avanzado altamente costoso que le devolvi\u00f3 a la paciente la funci\u00f3n de fonaci\u00f3n y le permite llevar a cabo una alimentaci\u00f3n funcional.<\/p>\n<figure id=\"attachment_44392\" aria-describedby=\"caption-attachment-44392\" style=\"width: 310px\" class=\"wp-caption alignleft\"><a href=\"\/wp-content\/uploads\/sites\/5\/2024\/09\/CIrugia-Maxilofacial-IGSS-2.jpg\"><img loading=\"lazy\" decoding=\"async\" class=\" wp-image-44392\" src=\"\/wp-content\/uploads\/sites\/5\/2024\/09\/CIrugia-Maxilofacial-IGSS-2.jpg\" alt=\"\" width=\"310\" height=\"374\" srcset=\"\/wp-content\/uploads\/sites\/5\/2024\/09\/CIrugia-Maxilofacial-IGSS-2.jpg 852w, \/wp-content\/uploads\/sites\/5\/2024\/09\/CIrugia-Maxilofacial-IGSS-2-248x300.jpg 248w, \/wp-content\/uploads\/sites\/5\/2024\/09\/CIrugia-Maxilofacial-IGSS-2-848x1024.jpg 848w, \/wp-content\/uploads\/sites\/5\/2024\/09\/CIrugia-Maxilofacial-IGSS-2-768x928.jpg 768w, \/wp-content\/uploads\/sites\/5\/2024\/09\/CIrugia-Maxilofacial-IGSS-2-348x420.jpg 348w, \/wp-content\/uploads\/sites\/5\/2024\/09\/CIrugia-Maxilofacial-IGSS-2-696x841.jpg 696w, \/wp-content\/uploads\/sites\/5\/2024\/09\/CIrugia-Maxilofacial-IGSS-2-383x462.jpg 383w\" sizes=\"auto, (max-width: 310px) 100vw, 310px\" \/><\/a><figcaption id=\"caption-attachment-44392\" class=\"wp-caption-text\">Un reemplazo total de articulaci\u00f3n temporomandibular fue la cirug\u00eda realizada a la paciente.<\/figcaption><\/figure>\n<p>\u201cA Santos le realizamos un reemplazo total de articulaci\u00f3n temporomandibular bilateral, reponiendo componentes de mand\u00edbula y cr\u00e1neo para permitirle la funci\u00f3n de apertura y cierre\u201d explica el especialista.<\/p>\n<h3><strong>Accidente en motocicleta le dio acceso a cirug\u00eda<\/strong><\/h3>\n<p>Santos Victoria fue atendida por los especialistas de Maxilofacial tras llegar al hospital por una fractura de clav\u00edcula al protagonizar un accidente en motocicleta, <strong>\u201ciba a mi trabajo, en La Gomera, Escuintla, cuando una persona me pidi\u00f3 jal\u00f3n en la moto pero se me puso enfrente y me bot\u00f3\u201d<\/strong>, narra la joven.<\/p>\n<p>A ra\u00edz de este incidente, la paciente lleg\u00f3 al Hospital General de Accidentes Ceibal. En Sala de Operaciones, prepar\u00e1ndola para corregir la fractura de clav\u00edcula, la cirug\u00eda se complic\u00f3 ante la imposibilidad de intubar a la paciente por la ausencia de movimiento de las articulaciones temporomandibulares. Este extremo produjo la intervenci\u00f3n de los especialistas de Cirug\u00eda Oral y Maxilofacial.<\/p>\n<p><strong>\u201cAgradezco a los doctores de Maxilofacial, al doctor (Marco) Ortiz, que se interes\u00f3 en mi caso he hizo realidad algo que yo no hab\u00eda podido\u201d<\/strong>, recalca la paciente.<\/p>\n<figure id=\"attachment_44391\" aria-describedby=\"caption-attachment-44391\" style=\"width: 1599px\" class=\"wp-caption alignnone\"><a href=\"\/wp-content\/uploads\/sites\/5\/2024\/09\/CIrugia-Maxilofacial-IGSS-1.jpg\" target=\"_blank\" rel=\"noopener\"><img loading=\"lazy\" decoding=\"async\" class=\"wp-image-44391 size-full\" src=\"\/wp-content\/uploads\/sites\/5\/2024\/09\/CIrugia-Maxilofacial-IGSS-1.jpg\" alt=\"\" width=\"1599\" height=\"1200\" srcset=\"\/wp-content\/uploads\/sites\/5\/2024\/09\/CIrugia-Maxilofacial-IGSS-1.jpg 1599w, \/wp-content\/uploads\/sites\/5\/2024\/09\/CIrugia-Maxilofacial-IGSS-1-300x225.jpg 300w, \/wp-content\/uploads\/sites\/5\/2024\/09\/CIrugia-Maxilofacial-IGSS-1-1024x768.jpg 1024w, \/wp-content\/uploads\/sites\/5\/2024\/09\/CIrugia-Maxilofacial-IGSS-1-768x576.jpg 768w, \/wp-content\/uploads\/sites\/5\/2024\/09\/CIrugia-Maxilofacial-IGSS-1-1536x1153.jpg 1536w, \/wp-content\/uploads\/sites\/5\/2024\/09\/CIrugia-Maxilofacial-IGSS-1-560x420.jpg 560w, \/wp-content\/uploads\/sites\/5\/2024\/09\/CIrugia-Maxilofacial-IGSS-1-80x60.jpg 80w, \/wp-content\/uploads\/sites\/5\/2024\/09\/CIrugia-Maxilofacial-IGSS-1-696x522.jpg 696w, \/wp-content\/uploads\/sites\/5\/2024\/09\/CIrugia-Maxilofacial-IGSS-1-1068x802.jpg 1068w, \/wp-content\/uploads\/sites\/5\/2024\/09\/CIrugia-Maxilofacial-IGSS-1-265x198.jpg 265w, \/wp-content\/uploads\/sites\/5\/2024\/09\/CIrugia-Maxilofacial-IGSS-1-534x401.jpg 534w\" sizes=\"auto, (max-width: 1599px) 100vw, 1599px\" \/><\/a><figcaption id=\"caption-attachment-44391\" class=\"wp-caption-text\">Especialistas de Cirug\u00eda Oral y Maxilofacial estuvieron a cargo de la intervenci\u00f3n.<\/figcaption><\/figure>","protected":false},"excerpt":{"rendered":"<p>A los 7 a\u00f1os Santos Victoria jugaba con sus hermanos en el segundo nivel de una casa en construcci\u00f3n en Villa Nueva, en un descuido, resbal\u00f3 y la peque\u00f1a cay\u00f3 del segundo nivel. La ni\u00f1a sobrevivi\u00f3 milagrosamente debido a que cay\u00f3 parada dentro de un tonel con agua, pero la mand\u00edbula se estrell\u00f3 contra la [&hellip;]<\/p>\n","protected":false},"author":1961,"featured_media":44394,"comment_status":"closed","ping_status":"closed","sticky":false,"template":"","format":"standard","meta":{"footnotes":""},"categories":[3],"tags":[1293,480],"coauthors":[],"class_list":{"0":"post-44389","1":"post","2":"type-post","3":"status-publish","4":"format-standard","5":"has-post-thumbnail","7":"category-actualidad","8":"tag-cirugia-oral-y-maxilofacial","9":"tag-hospital-general-de-accidentes-ceibal"},"_links":{"self":[{"href":"https:\/\/www.igssgt.org\/noticias\/wp-json\/wp\/v2\/posts\/44389","targetHints":{"allow":["GET"]}}],"collection":[{"href":"https:\/\/www.igssgt.org\/noticias\/wp-json\/wp\/v2\/posts"}],"about":[{"href":"https:\/\/www.igssgt.org\/noticias\/wp-json\/wp\/v2\/types\/post"}],"author":[{"embeddable":true,"href":"https:\/\/www.igssgt.org\/noticias\/wp-json\/wp\/v2\/users\/1961"}],"replies":[{"embeddable":true,"href":"https:\/\/www.igssgt.org\/noticias\/wp-json\/wp\/v2\/comments?post=44389"}],"version-history":[{"count":5,"href":"https:\/\/www.igssgt.org\/noticias\/wp-json\/wp\/v2\/posts\/44389\/revisions"}],"predecessor-version":[{"id":44398,"href":"https:\/\/www.igssgt.org\/noticias\/wp-json\/wp\/v2\/posts\/44389\/revisions\/44398"}],"wp:featuredmedia":[{"embeddable":true,"href":"https:\/\/www.igssgt.org\/noticias\/wp-json\/wp\/v2\/media\/44394"}],"wp:attachment":[{"href":"https:\/\/www.igssgt.org\/noticias\/wp-json\/wp\/v2\/media?parent=44389"}],"wp:term":[{"taxonomy":"category","embeddable":true,"href":"https:\/\/www.igssgt.org\/noticias\/wp-json\/wp\/v2\/categories?post=44389"},{"taxonomy":"post_tag","embeddable":true,"href":"https:\/\/www.igssgt.org\/noticias\/wp-json\/wp\/v2\/tags?post=44389"},{"taxonomy":"author","embeddable":true,"href":"https:\/\/www.igssgt.org\/noticias\/wp-json\/wp\/v2\/coauthors?post=44389"}],"curies":[{"name":"wp","href":"https:\/\/api.w.org\/{rel}","templated":true}]}}