{"id":44422,"date":"2024-09-25T08:45:39","date_gmt":"2024-09-25T14:45:39","guid":{"rendered":"https:\/\/www.igssgt.org\/noticias\/?p=44422"},"modified":"2024-09-25T08:45:40","modified_gmt":"2024-09-25T14:45:40","slug":"la-unidad-periferica-zona-5-llama-al-cuidado-de-la-salud-bucal","status":"publish","type":"post","link":"https:\/\/www.igssgt.org\/noticias\/2024\/09\/25\/la-unidad-periferica-zona-5-llama-al-cuidado-de-la-salud-bucal\/","title":{"rendered":"La Unidad Perif\u00e9rica Zona 5 llama al cuidado de la salud bucal"},"content":{"rendered":"\n<p class=\"has-drop-cap\">Autoridades de la Unidad Perif\u00e9rica Zona 5 implementan estrategias durante la Semana de la Salud Bucal en pro de sus adscritos. Los asegurados podr\u00e1n llegar sin cita para recibir asistencia y evaluaci\u00f3n dental para procedimientos de sellantes de fosas y fisuras, aplicaci\u00f3n de fl\u00faor, limpieza general, prevenci\u00f3n y tratamientos de caries, detartrajes y profilaxis, inform\u00f3 la doctora Liza Garc\u00eda Alc\u00e1ntara, jefe de Odontolog\u00eda.<\/p>\n\n\n<p><strong>\u201cLa unidad realizar\u00e1 las evaluaciones y atender\u00e1 servicios preventivos con el fin de que los afiliados tengan una mejor calidad de vida\u201d<\/strong>, se\u00f1al\u00f3 la profesional.<\/p>\n<p>Adem\u00e1s de los servicios odontol\u00f3gicos se brindar\u00e1n pl\u00e1ticas educativas para la prevenci\u00f3n de caries en ni\u00f1os y de enfermedades periodontales en adultos, as\u00ed como entrega de material educativo y kit de limpieza bucal.<\/p>\n<figure id=\"attachment_44425\" aria-describedby=\"caption-attachment-44425\" style=\"width: 1071px\" class=\"wp-caption alignnone\"><a href=\"\/wp-content\/uploads\/sites\/5\/2024\/09\/Salud-Bucal-IGSS-2.jpg\" target=\"_blank\" rel=\"noopener\"><img loading=\"lazy\" decoding=\"async\" class=\"wp-image-44425 size-full\" src=\"\/wp-content\/uploads\/sites\/5\/2024\/09\/Salud-Bucal-IGSS-2.jpg\" alt=\"\" width=\"1071\" height=\"720\" srcset=\"\/wp-content\/uploads\/sites\/5\/2024\/09\/Salud-Bucal-IGSS-2.jpg 1071w, \/wp-content\/uploads\/sites\/5\/2024\/09\/Salud-Bucal-IGSS-2-300x202.jpg 300w, \/wp-content\/uploads\/sites\/5\/2024\/09\/Salud-Bucal-IGSS-2-1024x688.jpg 1024w, \/wp-content\/uploads\/sites\/5\/2024\/09\/Salud-Bucal-IGSS-2-768x516.jpg 768w, \/wp-content\/uploads\/sites\/5\/2024\/09\/Salud-Bucal-IGSS-2-625x420.jpg 625w, \/wp-content\/uploads\/sites\/5\/2024\/09\/Salud-Bucal-IGSS-2-696x468.jpg 696w, \/wp-content\/uploads\/sites\/5\/2024\/09\/Salud-Bucal-IGSS-2-1068x718.jpg 1068w, \/wp-content\/uploads\/sites\/5\/2024\/09\/Salud-Bucal-IGSS-2-534x359.jpg 534w\" sizes=\"auto, (max-width: 1071px) 100vw, 1071px\" \/><\/a><figcaption id=\"caption-attachment-44425\" class=\"wp-caption-text\">La Semana de la Salud bucal fue inaugurada por las autoridades con diversas actividades.<\/figcaption><\/figure>\n<p>A manera de recomendaci\u00f3n, Garc\u00eda se\u00f1al\u00f3 que para una adecuada higiene se debe realizar el cepillado de dientes con regularidad (al menos 3 veces al d\u00eda), el uso de hilo dental y la visita al especialista.<\/p>\n<p>Agreg\u00f3 que la falta de una adecuada higiene bucodental puede causar la aparici\u00f3n de manchas blanquecinas, placa, sarro, caries, gingivitis, periodontitis y mal aliento, entre otros padecimientos.<\/p>\n<p>Al igual que con otras \u00e1reas del cuerpo, en la boca se concentran bacterias que viajan hacia las v\u00edas respiratorias y digestivas, donde podr\u00edan generar otras enfermedades, como acidez y dolor estomacal, o flatulencias, subray\u00f3 la experta.<\/p>\n<h3><strong>M\u00e1s de 40 cl\u00ednicas<\/strong><\/h3>\n<p>El Seguro Social cuenta con 40 cl\u00ednicas odontol\u00f3gicas en todo el pa\u00eds debidamente equipadas para el diagn\u00f3stico y tratamiento de enfermedades, as\u00ed como para la restauraci\u00f3n de piezas dentales.<\/p>\n<figure id=\"attachment_44424\" aria-describedby=\"caption-attachment-44424\" style=\"width: 1068px\" class=\"wp-caption alignnone\"><a href=\"\/wp-content\/uploads\/sites\/5\/2024\/09\/Salud-Bucal-IGSS-1.jpg\" target=\"_blank\" rel=\"noopener\"><img loading=\"lazy\" decoding=\"async\" class=\"wp-image-44424 size-full\" src=\"\/wp-content\/uploads\/sites\/5\/2024\/09\/Salud-Bucal-IGSS-1.jpg\" alt=\"\" width=\"1068\" height=\"798\" srcset=\"\/wp-content\/uploads\/sites\/5\/2024\/09\/Salud-Bucal-IGSS-1.jpg 1068w, \/wp-content\/uploads\/sites\/5\/2024\/09\/Salud-Bucal-IGSS-1-300x224.jpg 300w, \/wp-content\/uploads\/sites\/5\/2024\/09\/Salud-Bucal-IGSS-1-1024x765.jpg 1024w, \/wp-content\/uploads\/sites\/5\/2024\/09\/Salud-Bucal-IGSS-1-768x574.jpg 768w, \/wp-content\/uploads\/sites\/5\/2024\/09\/Salud-Bucal-IGSS-1-562x420.jpg 562w, \/wp-content\/uploads\/sites\/5\/2024\/09\/Salud-Bucal-IGSS-1-80x60.jpg 80w, \/wp-content\/uploads\/sites\/5\/2024\/09\/Salud-Bucal-IGSS-1-696x520.jpg 696w, \/wp-content\/uploads\/sites\/5\/2024\/09\/Salud-Bucal-IGSS-1-265x198.jpg 265w, \/wp-content\/uploads\/sites\/5\/2024\/09\/Salud-Bucal-IGSS-1-534x399.jpg 534w\" sizes=\"auto, (max-width: 1068px) 100vw, 1068px\" \/><\/a><figcaption id=\"caption-attachment-44424\" class=\"wp-caption-text\">El Seguro Social cuenta con 40 cl\u00ednicas odontol\u00f3gicas en todo el pa\u00eds para velar por la salud bucal de adultos y ni\u00f1os.<\/figcaption><\/figure>\n<p>El Seguro Social hace un llamado a la poblaci\u00f3n afiliada, derechohabiente y en general a cuidar la higiene bucal, ya que su desatenci\u00f3n puede afectar la salud integral, incluso la autoestima.<\/p>\n<p>La doctora Garc\u00eda agreg\u00f3 que durante la visita a la UPZ5, los ni\u00f1os ser\u00e1n recibidos por Moly, La Muelita Feliz, quien recibe a grandes y peque\u00f1os con los brazos abiertos.<\/p>\n<p>La atenci\u00f3n es de 8:00 de la ma\u00f1ana a 4:00 de la tarde, presentar carn\u00e9 de consulta y pasar con la secretaria de odontolog\u00eda de adultos o de pediatr\u00eda.<\/p>","protected":false},"excerpt":{"rendered":"<p>Autoridades de la Unidad Perif\u00e9rica Zona 5 implementan estrategias durante la Semana de la Salud Bucal en pro de sus adscritos. Los asegurados podr\u00e1n llegar sin cita para recibir asistencia y evaluaci\u00f3n dental para procedimientos de sellantes de fosas y fisuras, aplicaci\u00f3n de fl\u00faor, limpieza general, prevenci\u00f3n y tratamientos de caries, detartrajes y profilaxis, inform\u00f3 [&hellip;]<\/p>\n","protected":false},"author":1961,"featured_media":44426,"comment_status":"closed","ping_status":"closed","sticky":false,"template":"","format":"standard","meta":{"footnotes":""},"categories":[3],"tags":[780,837],"coauthors":[],"class_list":{"0":"post-44422","1":"post","2":"type-post","3":"status-publish","4":"format-standard","5":"has-post-thumbnail","7":"category-actualidad","8":"tag-semana-de-la-salud-bucal","9":"tag-unidad-periferica-zona-5"},"_links":{"self":[{"href":"https:\/\/www.igssgt.org\/noticias\/wp-json\/wp\/v2\/posts\/44422","targetHints":{"allow":["GET"]}}],"collection":[{"href":"https:\/\/www.igssgt.org\/noticias\/wp-json\/wp\/v2\/posts"}],"about":[{"href":"https:\/\/www.igssgt.org\/noticias\/wp-json\/wp\/v2\/types\/post"}],"author":[{"embeddable":true,"href":"https:\/\/www.igssgt.org\/noticias\/wp-json\/wp\/v2\/users\/1961"}],"replies":[{"embeddable":true,"href":"https:\/\/www.igssgt.org\/noticias\/wp-json\/wp\/v2\/comments?post=44422"}],"version-history":[{"count":2,"href":"https:\/\/www.igssgt.org\/noticias\/wp-json\/wp\/v2\/posts\/44422\/revisions"}],"predecessor-version":[{"id":44427,"href":"https:\/\/www.igssgt.org\/noticias\/wp-json\/wp\/v2\/posts\/44422\/revisions\/44427"}],"wp:featuredmedia":[{"embeddable":true,"href":"https:\/\/www.igssgt.org\/noticias\/wp-json\/wp\/v2\/media\/44426"}],"wp:attachment":[{"href":"https:\/\/www.igssgt.org\/noticias\/wp-json\/wp\/v2\/media?parent=44422"}],"wp:term":[{"taxonomy":"category","embeddable":true,"href":"https:\/\/www.igssgt.org\/noticias\/wp-json\/wp\/v2\/categories?post=44422"},{"taxonomy":"post_tag","embeddable":true,"href":"https:\/\/www.igssgt.org\/noticias\/wp-json\/wp\/v2\/tags?post=44422"},{"taxonomy":"author","embeddable":true,"href":"https:\/\/www.igssgt.org\/noticias\/wp-json\/wp\/v2\/coauthors?post=44422"}],"curies":[{"name":"wp","href":"https:\/\/api.w.org\/{rel}","templated":true}]}}