{"id":44428,"date":"2024-09-25T13:24:28","date_gmt":"2024-09-25T19:24:28","guid":{"rendered":"https:\/\/www.igssgt.org\/noticias\/?p=44428"},"modified":"2024-09-25T13:24:29","modified_gmt":"2024-09-25T19:24:29","slug":"se-incrementan-atenciones-a-ninos-por-accidentes-en-moto","status":"publish","type":"post","link":"https:\/\/www.igssgt.org\/noticias\/2024\/09\/25\/se-incrementan-atenciones-a-ninos-por-accidentes-en-moto\/","title":{"rendered":"Se incrementan atenciones a ni\u00f1os por accidentes en moto"},"content":{"rendered":"\n<p class=\"has-drop-cap\">El Hospital General de Accidentes Ceibal tiene encendidas las alertas por el aumento de atenciones de pacientes pedi\u00e1tricos por accidentes en motocicleta. La lesi\u00f3n m\u00e1s frecuente que presentan son fracturas provocadas por los aros de la moto.<\/p>\n\n\n<p>El doctor Edson Zambrano, jefe del Servicio de Ortopedia Pedi\u00e1trica, indic\u00f3 que casi la mitad de los ni\u00f1os atendidos en ese hospital es por accidentes de tr\u00e1nsito, pero principalmente por ir en moto.<\/p>\n<figure id=\"attachment_44431\" aria-describedby=\"caption-attachment-44431\" style=\"width: 1600px\" class=\"wp-caption alignnone\"><a href=\"\/wp-content\/uploads\/sites\/5\/2024\/09\/accidentes-en-moto-IGSS-3.jpg\" target=\"_blank\" rel=\"noopener\"><img loading=\"lazy\" decoding=\"async\" class=\"wp-image-44431 size-full\" src=\"\/wp-content\/uploads\/sites\/5\/2024\/09\/accidentes-en-moto-IGSS-3.jpg\" alt=\"\" width=\"1600\" height=\"1066\" srcset=\"\/wp-content\/uploads\/sites\/5\/2024\/09\/accidentes-en-moto-IGSS-3.jpg 1600w, \/wp-content\/uploads\/sites\/5\/2024\/09\/accidentes-en-moto-IGSS-3-300x200.jpg 300w, \/wp-content\/uploads\/sites\/5\/2024\/09\/accidentes-en-moto-IGSS-3-1024x682.jpg 1024w, \/wp-content\/uploads\/sites\/5\/2024\/09\/accidentes-en-moto-IGSS-3-768x512.jpg 768w, \/wp-content\/uploads\/sites\/5\/2024\/09\/accidentes-en-moto-IGSS-3-1536x1023.jpg 1536w, \/wp-content\/uploads\/sites\/5\/2024\/09\/accidentes-en-moto-IGSS-3-630x420.jpg 630w, \/wp-content\/uploads\/sites\/5\/2024\/09\/accidentes-en-moto-IGSS-3-696x464.jpg 696w, \/wp-content\/uploads\/sites\/5\/2024\/09\/accidentes-en-moto-IGSS-3-1068x712.jpg 1068w, \/wp-content\/uploads\/sites\/5\/2024\/09\/accidentes-en-moto-IGSS-3-534x356.jpg 534w\" sizes=\"auto, (max-width: 1600px) 100vw, 1600px\" \/><\/a><figcaption id=\"caption-attachment-44431\" class=\"wp-caption-text\">Las fracturas en miembros inferiores son las principales causas de emergencias.<\/figcaption><\/figure>\n<p><strong>\u201cEstas est\u00e1n siendo utilizadas como veh\u00edculos familiares, donde van ni\u00f1os, beb\u00e9s y se\u00f1oras embarazadas, y al momento de un percance se ven afectados\u201d<\/strong>, dijo el especialista.<\/p>\n<p>Solo en julio se atendieron 55 cirug\u00edas y 15 emergencias, entre accidentes y otras causas. El principal motivo de atenci\u00f3n fueron las fracturas de f\u00e9mur.<\/p>\n<blockquote>\n<p>A los hijos no se les debe arriesgar a ir en un medio de transporte donde seguramente pueden lesionarse<\/p>\n<\/blockquote>\n<p>De acuerdo con el profesional, la mayor\u00eda de las lesiones que presentan los menores v\u00edctimas son fracturas en miembros inferiores causadas por los aros del veh\u00edculo, as\u00ed como lesiones en la tibia y f\u00e9mur.<\/p>\n<p>Asimismo, han visto casos de fracturas en el cr\u00e1neo, que pueden comprometer la vida del menor, as\u00ed como fracturas expuestas.<\/p>\n<figure id=\"attachment_44434\" aria-describedby=\"caption-attachment-44434\" style=\"width: 1600px\" class=\"wp-caption alignnone\"><a href=\"\/wp-content\/uploads\/sites\/5\/2024\/09\/accidentes-en-moto-IGSS-2.jpg\" target=\"_blank\" rel=\"noopener\"><img loading=\"lazy\" decoding=\"async\" class=\"wp-image-44434 size-full\" src=\"\/wp-content\/uploads\/sites\/5\/2024\/09\/accidentes-en-moto-IGSS-2.jpg\" alt=\"\" width=\"1600\" height=\"1066\" srcset=\"\/wp-content\/uploads\/sites\/5\/2024\/09\/accidentes-en-moto-IGSS-2.jpg 1600w, \/wp-content\/uploads\/sites\/5\/2024\/09\/accidentes-en-moto-IGSS-2-300x200.jpg 300w, \/wp-content\/uploads\/sites\/5\/2024\/09\/accidentes-en-moto-IGSS-2-1024x682.jpg 1024w, \/wp-content\/uploads\/sites\/5\/2024\/09\/accidentes-en-moto-IGSS-2-768x512.jpg 768w, \/wp-content\/uploads\/sites\/5\/2024\/09\/accidentes-en-moto-IGSS-2-1536x1023.jpg 1536w, \/wp-content\/uploads\/sites\/5\/2024\/09\/accidentes-en-moto-IGSS-2-630x420.jpg 630w, \/wp-content\/uploads\/sites\/5\/2024\/09\/accidentes-en-moto-IGSS-2-696x464.jpg 696w, \/wp-content\/uploads\/sites\/5\/2024\/09\/accidentes-en-moto-IGSS-2-1068x712.jpg 1068w, \/wp-content\/uploads\/sites\/5\/2024\/09\/accidentes-en-moto-IGSS-2-534x356.jpg 534w\" sizes=\"auto, (max-width: 1600px) 100vw, 1600px\" \/><\/a><figcaption id=\"caption-attachment-44434\" class=\"wp-caption-text\">Todos los a\u00f1os se registra incremento de accidentes por viajar en moto.<\/figcaption><\/figure>\n<p>Estos accidentes tambi\u00e9n pueden dejar impedimentos f\u00edsicos a los ni\u00f1os de por vida. <strong>\u201cAunque se hagan todos los tratamientos con la alta tecnolog\u00eda que tenemos, puede haber una p\u00e9rdida de funci\u00f3n en alg\u00fan segmento, un da\u00f1o en los nervios que pueda derivar en debilidad o par\u00e1lisis parcial en un lado del cuerpo, hasta una par\u00e1lisis cerebral causada por una fractura en el cr\u00e1neo\u201d<\/strong>, explic\u00f3.<\/p>\n<p>El doctor Zambrano llama a utilizar los veh\u00edculos adecuados para la familia. <strong>\u201cSi uno quiere a sus hijos no los va a arriesgar a ir en un medio de transporte donde seguramente se van a lesionar. Lo m\u00e1s importante es querer a sus hijos, no los arriesgue\u201d<\/strong>, finaliz\u00f3.<\/p>\n<p><a href=\"\/wp-content\/uploads\/sites\/5\/2024\/09\/accidentes-en-moto-IGSS-1.jpg\" target=\"_blank\" rel=\"noopener\"><img loading=\"lazy\" decoding=\"async\" class=\"alignnone wp-image-44433 size-full\" src=\"\/wp-content\/uploads\/sites\/5\/2024\/09\/accidentes-en-moto-IGSS-1.jpg\" alt=\"\" width=\"1600\" height=\"1066\" srcset=\"\/wp-content\/uploads\/sites\/5\/2024\/09\/accidentes-en-moto-IGSS-1.jpg 1600w, \/wp-content\/uploads\/sites\/5\/2024\/09\/accidentes-en-moto-IGSS-1-300x200.jpg 300w, \/wp-content\/uploads\/sites\/5\/2024\/09\/accidentes-en-moto-IGSS-1-1024x682.jpg 1024w, \/wp-content\/uploads\/sites\/5\/2024\/09\/accidentes-en-moto-IGSS-1-768x512.jpg 768w, \/wp-content\/uploads\/sites\/5\/2024\/09\/accidentes-en-moto-IGSS-1-1536x1023.jpg 1536w, \/wp-content\/uploads\/sites\/5\/2024\/09\/accidentes-en-moto-IGSS-1-630x420.jpg 630w, \/wp-content\/uploads\/sites\/5\/2024\/09\/accidentes-en-moto-IGSS-1-696x464.jpg 696w, \/wp-content\/uploads\/sites\/5\/2024\/09\/accidentes-en-moto-IGSS-1-1068x712.jpg 1068w, \/wp-content\/uploads\/sites\/5\/2024\/09\/accidentes-en-moto-IGSS-1-534x356.jpg 534w\" sizes=\"auto, (max-width: 1600px) 100vw, 1600px\" \/><\/a><\/p>","protected":false},"excerpt":{"rendered":"<p>El Hospital General de Accidentes Ceibal tiene encendidas las alertas por el aumento de atenciones de pacientes pedi\u00e1tricos por accidentes en motocicleta. La lesi\u00f3n m\u00e1s frecuente que presentan son fracturas provocadas por los aros de la moto. El doctor Edson Zambrano, jefe del Servicio de Ortopedia Pedi\u00e1trica, indic\u00f3 que casi la mitad de los ni\u00f1os [&hellip;]<\/p>\n","protected":false},"author":1961,"featured_media":44430,"comment_status":"closed","ping_status":"closed","sticky":false,"template":"","format":"standard","meta":{"footnotes":""},"categories":[3],"tags":[78,480],"coauthors":[],"class_list":{"0":"post-44428","1":"post","2":"type-post","3":"status-publish","4":"format-standard","5":"has-post-thumbnail","7":"category-actualidad","8":"tag-accidentes-de-transito","9":"tag-hospital-general-de-accidentes-ceibal"},"_links":{"self":[{"href":"https:\/\/www.igssgt.org\/noticias\/wp-json\/wp\/v2\/posts\/44428","targetHints":{"allow":["GET"]}}],"collection":[{"href":"https:\/\/www.igssgt.org\/noticias\/wp-json\/wp\/v2\/posts"}],"about":[{"href":"https:\/\/www.igssgt.org\/noticias\/wp-json\/wp\/v2\/types\/post"}],"author":[{"embeddable":true,"href":"https:\/\/www.igssgt.org\/noticias\/wp-json\/wp\/v2\/users\/1961"}],"replies":[{"embeddable":true,"href":"https:\/\/www.igssgt.org\/noticias\/wp-json\/wp\/v2\/comments?post=44428"}],"version-history":[{"count":3,"href":"https:\/\/www.igssgt.org\/noticias\/wp-json\/wp\/v2\/posts\/44428\/revisions"}],"predecessor-version":[{"id":44435,"href":"https:\/\/www.igssgt.org\/noticias\/wp-json\/wp\/v2\/posts\/44428\/revisions\/44435"}],"wp:featuredmedia":[{"embeddable":true,"href":"https:\/\/www.igssgt.org\/noticias\/wp-json\/wp\/v2\/media\/44430"}],"wp:attachment":[{"href":"https:\/\/www.igssgt.org\/noticias\/wp-json\/wp\/v2\/media?parent=44428"}],"wp:term":[{"taxonomy":"category","embeddable":true,"href":"https:\/\/www.igssgt.org\/noticias\/wp-json\/wp\/v2\/categories?post=44428"},{"taxonomy":"post_tag","embeddable":true,"href":"https:\/\/www.igssgt.org\/noticias\/wp-json\/wp\/v2\/tags?post=44428"},{"taxonomy":"author","embeddable":true,"href":"https:\/\/www.igssgt.org\/noticias\/wp-json\/wp\/v2\/coauthors?post=44428"}],"curies":[{"name":"wp","href":"https:\/\/api.w.org\/{rel}","templated":true}]}}