{"id":4455,"date":"2018-04-06T08:00:58","date_gmt":"2018-04-06T14:00:58","guid":{"rendered":"http:\/\/noticias.igssgt.org\/?p=4455"},"modified":"2018-04-06T08:00:58","modified_gmt":"2018-04-06T14:00:58","slug":"publinews-7-de-abril-dia-mundial-de-la-salud","status":"publish","type":"post","link":"https:\/\/www.igssgt.org\/noticias\/2018\/04\/06\/publinews-7-de-abril-dia-mundial-de-la-salud\/","title":{"rendered":"Publinews: 7 de abril D\u00eda Mundial de la Salud"},"content":{"rendered":"<figure id=\"attachment_4456\" aria-describedby=\"caption-attachment-4456\" style=\"width: 2128px\" class=\"wp-caption alignnone\"><a href=\"\/noticias\/wp-content\/uploads\/sites\/5\/2018\/04\/Publinews-Dia-Mundial-de-la-Salud-Guatemala-IGSS-portada-2018.jpg\"><img loading=\"lazy\" decoding=\"async\" class=\"size-full wp-image-4456\" src=\"\/noticias\/wp-content\/uploads\/sites\/5\/2018\/04\/Publinews-Dia-Mundial-de-la-Salud-Guatemala-IGSS-portada-2018.jpg\" alt=\"\" width=\"2128\" height=\"2500\" srcset=\"\/wp-content\/uploads\/sites\/5\/2018\/04\/Publinews-Dia-Mundial-de-la-Salud-Guatemala-IGSS-portada-2018.jpg 2128w, \/wp-content\/uploads\/sites\/5\/2018\/04\/Publinews-Dia-Mundial-de-la-Salud-Guatemala-IGSS-portada-2018-1307x1536.jpg 1307w, \/wp-content\/uploads\/sites\/5\/2018\/04\/Publinews-Dia-Mundial-de-la-Salud-Guatemala-IGSS-portada-2018-1743x2048.jpg 1743w, \/wp-content\/uploads\/sites\/5\/2018\/04\/Publinews-Dia-Mundial-de-la-Salud-Guatemala-IGSS-portada-2018-255x300.jpg 255w, \/wp-content\/uploads\/sites\/5\/2018\/04\/Publinews-Dia-Mundial-de-la-Salud-Guatemala-IGSS-portada-2018-768x902.jpg 768w, \/wp-content\/uploads\/sites\/5\/2018\/04\/Publinews-Dia-Mundial-de-la-Salud-Guatemala-IGSS-portada-2018-872x1024.jpg 872w, \/wp-content\/uploads\/sites\/5\/2018\/04\/Publinews-Dia-Mundial-de-la-Salud-Guatemala-IGSS-portada-2018-358x420.jpg 358w, \/wp-content\/uploads\/sites\/5\/2018\/04\/Publinews-Dia-Mundial-de-la-Salud-Guatemala-IGSS-portada-2018-696x818.jpg 696w, \/wp-content\/uploads\/sites\/5\/2018\/04\/Publinews-Dia-Mundial-de-la-Salud-Guatemala-IGSS-portada-2018-1068x1255.jpg 1068w, \/wp-content\/uploads\/sites\/5\/2018\/04\/Publinews-Dia-Mundial-de-la-Salud-Guatemala-IGSS-portada-2018-393x462.jpg 393w\" sizes=\"auto, (max-width: 2128px) 100vw, 2128px\" \/><\/a><figcaption id=\"caption-attachment-4456\" class=\"wp-caption-text\">Publicaci\u00f3n de Publinews de fecha 6 de abril de 2018, portada.<\/figcaption><\/figure>\n<figure id=\"attachment_4457\" aria-describedby=\"caption-attachment-4457\" style=\"width: 2104px\" class=\"wp-caption alignnone\"><a href=\"\/noticias\/wp-content\/uploads\/sites\/5\/2018\/04\/Publinews-Dia-Mundial-de-la-Salud-Guatemala-IGSS-pagina-2-2018.jpg\"><img loading=\"lazy\" decoding=\"async\" class=\"size-full wp-image-4457\" src=\"\/noticias\/wp-content\/uploads\/sites\/5\/2018\/04\/Publinews-Dia-Mundial-de-la-Salud-Guatemala-IGSS-pagina-2-2018.jpg\" alt=\"\" width=\"2104\" height=\"2500\" srcset=\"\/wp-content\/uploads\/sites\/5\/2018\/04\/Publinews-Dia-Mundial-de-la-Salud-Guatemala-IGSS-pagina-2-2018.jpg 2104w, \/wp-content\/uploads\/sites\/5\/2018\/04\/Publinews-Dia-Mundial-de-la-Salud-Guatemala-IGSS-pagina-2-2018-1293x1536.jpg 1293w, \/wp-content\/uploads\/sites\/5\/2018\/04\/Publinews-Dia-Mundial-de-la-Salud-Guatemala-IGSS-pagina-2-2018-1724x2048.jpg 1724w, \/wp-content\/uploads\/sites\/5\/2018\/04\/Publinews-Dia-Mundial-de-la-Salud-Guatemala-IGSS-pagina-2-2018-252x300.jpg 252w, \/wp-content\/uploads\/sites\/5\/2018\/04\/Publinews-Dia-Mundial-de-la-Salud-Guatemala-IGSS-pagina-2-2018-768x913.jpg 768w, \/wp-content\/uploads\/sites\/5\/2018\/04\/Publinews-Dia-Mundial-de-la-Salud-Guatemala-IGSS-pagina-2-2018-862x1024.jpg 862w, \/wp-content\/uploads\/sites\/5\/2018\/04\/Publinews-Dia-Mundial-de-la-Salud-Guatemala-IGSS-pagina-2-2018-353x420.jpg 353w, \/wp-content\/uploads\/sites\/5\/2018\/04\/Publinews-Dia-Mundial-de-la-Salud-Guatemala-IGSS-pagina-2-2018-696x827.jpg 696w, \/wp-content\/uploads\/sites\/5\/2018\/04\/Publinews-Dia-Mundial-de-la-Salud-Guatemala-IGSS-pagina-2-2018-1068x1269.jpg 1068w, \/wp-content\/uploads\/sites\/5\/2018\/04\/Publinews-Dia-Mundial-de-la-Salud-Guatemala-IGSS-pagina-2-2018-389x462.jpg 389w, \/wp-content\/uploads\/sites\/5\/2018\/04\/Publinews-Dia-Mundial-de-la-Salud-Guatemala-IGSS-pagina-2-2018-1920x2281.jpg 1920w\" sizes=\"auto, (max-width: 2104px) 100vw, 2104px\" \/><\/a><figcaption id=\"caption-attachment-4457\" class=\"wp-caption-text\">Publicaci\u00f3n de Publinews de fecha 6 de abril de 2018, p\u00e1g. 02.<\/figcaption><\/figure>\n<h3><strong>Prevenci\u00f3n de enfermedades y conservaci\u00f3n de la salud<\/strong><\/h3>\n<ol>\n<li>No se debe fumar.<\/li>\n<li>Mantener un peso corporal saludable.<\/li>\n<li>Realizar ejercicio f\u00edsico de forma regular.<\/li>\n<li>Mantener una dieta saludable.<\/li>\n<li>Evitar el consumo de alcohol.<\/li>\n<li>Evitar exposiciones exageradas al sol. Utilizar protecci\u00f3n solar.<\/li>\n<li>En el lugar de trabajo, protegerse seg\u00fan las medidas de seguridad.<\/li>\n<li>La lactancia materna es beneficiosa para el beb\u00e9 y mejora las defensas evitando enfermedades.<\/li>\n<li>Vacunarse desde el nacimiento hasta la vida adulta.<\/li>\n<li>Consultar regularmente al m\u00e9dico.<\/li>\n<\/ol>\n<p><strong>Salud Universal IGSS<\/strong><\/p>\n<p>Fuente: <strong>Publinews Guatemala.<\/strong><\/p>\n<hr \/>\n<p>&nbsp;<\/p>\n","protected":false},"excerpt":{"rendered":"<p>Prevenci\u00f3n de enfermedades y conservaci\u00f3n de la salud No se debe fumar. Mantener un peso corporal saludable. Realizar ejercicio f\u00edsico de forma regular. Mantener una dieta saludable. Evitar el consumo de alcohol. Evitar exposiciones exageradas al sol. Utilizar protecci\u00f3n solar. En el lugar de trabajo, protegerse seg\u00fan las medidas de seguridad. La lactancia materna es [&hellip;]<\/p>\n","protected":false},"author":4,"featured_media":4456,"comment_status":"open","ping_status":"open","sticky":false,"template":"","format":"standard","meta":{"footnotes":""},"categories":[3,41,29],"tags":[245,490,737],"coauthors":[],"class_list":{"0":"post-4455","1":"post","2":"type-post","3":"status-publish","4":"format-standard","5":"has-post-thumbnail","7":"category-actualidad","8":"category-igss-en-los-medios","9":"category-publicaciones","10":"tag-dia-mundial-de-la-salud","11":"tag-igss","12":"tag-publinews"},"_links":{"self":[{"href":"https:\/\/www.igssgt.org\/noticias\/wp-json\/wp\/v2\/posts\/4455","targetHints":{"allow":["GET"]}}],"collection":[{"href":"https:\/\/www.igssgt.org\/noticias\/wp-json\/wp\/v2\/posts"}],"about":[{"href":"https:\/\/www.igssgt.org\/noticias\/wp-json\/wp\/v2\/types\/post"}],"author":[{"embeddable":true,"href":"https:\/\/www.igssgt.org\/noticias\/wp-json\/wp\/v2\/users\/4"}],"replies":[{"embeddable":true,"href":"https:\/\/www.igssgt.org\/noticias\/wp-json\/wp\/v2\/comments?post=4455"}],"version-history":[{"count":0,"href":"https:\/\/www.igssgt.org\/noticias\/wp-json\/wp\/v2\/posts\/4455\/revisions"}],"wp:featuredmedia":[{"embeddable":true,"href":"https:\/\/www.igssgt.org\/noticias\/wp-json\/wp\/v2\/media\/4456"}],"wp:attachment":[{"href":"https:\/\/www.igssgt.org\/noticias\/wp-json\/wp\/v2\/media?parent=4455"}],"wp:term":[{"taxonomy":"category","embeddable":true,"href":"https:\/\/www.igssgt.org\/noticias\/wp-json\/wp\/v2\/categories?post=4455"},{"taxonomy":"post_tag","embeddable":true,"href":"https:\/\/www.igssgt.org\/noticias\/wp-json\/wp\/v2\/tags?post=4455"},{"taxonomy":"author","embeddable":true,"href":"https:\/\/www.igssgt.org\/noticias\/wp-json\/wp\/v2\/coauthors?post=4455"}],"curies":[{"name":"wp","href":"https:\/\/api.w.org\/{rel}","templated":true}]}}