{"id":44779,"date":"2024-10-11T08:30:00","date_gmt":"2024-10-11T14:30:00","guid":{"rendered":"https:\/\/www.igssgt.org\/noticias\/?p=44779"},"modified":"2024-10-11T18:41:06","modified_gmt":"2024-10-12T00:41:06","slug":"cuidando-la-salud-mental-en-adultos-mayores","status":"publish","type":"post","link":"https:\/\/www.igssgt.org\/noticias\/2024\/10\/11\/cuidando-la-salud-mental-en-adultos-mayores\/","title":{"rendered":"<strong>Cuidando la salud mental en adultos mayores<\/strong>"},"content":{"rendered":"\n<p class=\"has-drop-cap\">El Comit\u00e9 de Promoci\u00f3n de la Salud y Prevenci\u00f3n de la Enfermedad de CAMIP 3 Zunil, representado por la licenciada Wendy Ru\u00edz, trabajadora social, organiz\u00f3 una charla informativa sobre Salud Mental, dirigida a los pacientes que asistieron a su cita programada, impartida por el licenciado Mario Ru\u00edz Falabella, psic\u00f3logo de la unidad m\u00e9dica.<\/p>\n\n\n\n<figure id=\"attachment_44774\" aria-describedby=\"caption-attachment-44774\" style=\"width: 1600px\" class=\"wp-caption aligncenter\"><a href=\"\/wp-content\/uploads\/sites\/5\/2024\/10\/Salud-mental-CAMIP-Zunil-IGSS-4.jpg\"><img loading=\"lazy\" decoding=\"async\" class=\"wp-image-44774 size-full\" src=\"\/wp-content\/uploads\/sites\/5\/2024\/10\/Salud-mental-CAMIP-Zunil-IGSS-4.jpg\" alt=\"\" width=\"1600\" height=\"1200\" srcset=\"\/wp-content\/uploads\/sites\/5\/2024\/10\/Salud-mental-CAMIP-Zunil-IGSS-4.jpg 1600w, \/wp-content\/uploads\/sites\/5\/2024\/10\/Salud-mental-CAMIP-Zunil-IGSS-4-300x225.jpg 300w, \/wp-content\/uploads\/sites\/5\/2024\/10\/Salud-mental-CAMIP-Zunil-IGSS-4-1024x768.jpg 1024w, \/wp-content\/uploads\/sites\/5\/2024\/10\/Salud-mental-CAMIP-Zunil-IGSS-4-768x576.jpg 768w, \/wp-content\/uploads\/sites\/5\/2024\/10\/Salud-mental-CAMIP-Zunil-IGSS-4-1536x1152.jpg 1536w, \/wp-content\/uploads\/sites\/5\/2024\/10\/Salud-mental-CAMIP-Zunil-IGSS-4-560x420.jpg 560w, \/wp-content\/uploads\/sites\/5\/2024\/10\/Salud-mental-CAMIP-Zunil-IGSS-4-80x60.jpg 80w, \/wp-content\/uploads\/sites\/5\/2024\/10\/Salud-mental-CAMIP-Zunil-IGSS-4-696x522.jpg 696w, \/wp-content\/uploads\/sites\/5\/2024\/10\/Salud-mental-CAMIP-Zunil-IGSS-4-1068x801.jpg 1068w, \/wp-content\/uploads\/sites\/5\/2024\/10\/Salud-mental-CAMIP-Zunil-IGSS-4-265x198.jpg 265w, \/wp-content\/uploads\/sites\/5\/2024\/10\/Salud-mental-CAMIP-Zunil-IGSS-4-534x401.jpg 534w\" sizes=\"auto, (max-width: 1600px) 100vw, 1600px\" \/><\/a><figcaption id=\"caption-attachment-44774\" class=\"wp-caption-text\">La licenciada Wendy Ru\u00edz, trabajadora social y licenciado Mario Ru\u00edz Falabella, psic\u00f3logo de CAMIP 3 Zunil durante la actividad.<\/figcaption><\/figure>\n<p>Ru\u00edz explic\u00f3 que \u201cla salud mental es un estado de bienestar emocional, psicol\u00f3gico y social que permite a las personas tener conciencia de sus propias actitudes. Esto permite afrontar las presiones normales de la vida y brinda la capacidad de trabajar y ser productivo, as\u00ed como contribuir con el bienestar de la sociedad\u201d.<\/p>\n<p>Situaciones como el duelo por la p\u00e9rdida de un familiar, las limitaciones de las funciones f\u00edsicas, enfermedad, soledad, estr\u00e9s, depresi\u00f3n, ansiedad, maltrato, factores de pobreza y la p\u00e9rdida de independencia pueden ser factores que desequilibran la salud mental en los adultos mayores. Lo anterior, puede provocar ansiedad, estr\u00e9s, depresi\u00f3n y sentimientos de soledad, ante lo cual es necesario tratar de mejorar nuestra capacidad para afrontar cualquiera de estas situaciones, indic\u00f3.\u00a0<\/p>\n<figure id=\"attachment_44775\" aria-describedby=\"caption-attachment-44775\" style=\"width: 1600px\" class=\"wp-caption aligncenter\"><a href=\"\/wp-content\/uploads\/sites\/5\/2024\/10\/Salud-mental-CAMIP-Zunil-IGSS-5.jpg\"><img loading=\"lazy\" decoding=\"async\" class=\"wp-image-44775 size-full\" src=\"\/wp-content\/uploads\/sites\/5\/2024\/10\/Salud-mental-CAMIP-Zunil-IGSS-5.jpg\" alt=\"\" width=\"1600\" height=\"1200\" srcset=\"\/wp-content\/uploads\/sites\/5\/2024\/10\/Salud-mental-CAMIP-Zunil-IGSS-5.jpg 1600w, \/wp-content\/uploads\/sites\/5\/2024\/10\/Salud-mental-CAMIP-Zunil-IGSS-5-300x225.jpg 300w, \/wp-content\/uploads\/sites\/5\/2024\/10\/Salud-mental-CAMIP-Zunil-IGSS-5-1024x768.jpg 1024w, \/wp-content\/uploads\/sites\/5\/2024\/10\/Salud-mental-CAMIP-Zunil-IGSS-5-768x576.jpg 768w, \/wp-content\/uploads\/sites\/5\/2024\/10\/Salud-mental-CAMIP-Zunil-IGSS-5-1536x1152.jpg 1536w, \/wp-content\/uploads\/sites\/5\/2024\/10\/Salud-mental-CAMIP-Zunil-IGSS-5-560x420.jpg 560w, \/wp-content\/uploads\/sites\/5\/2024\/10\/Salud-mental-CAMIP-Zunil-IGSS-5-80x60.jpg 80w, \/wp-content\/uploads\/sites\/5\/2024\/10\/Salud-mental-CAMIP-Zunil-IGSS-5-696x522.jpg 696w, \/wp-content\/uploads\/sites\/5\/2024\/10\/Salud-mental-CAMIP-Zunil-IGSS-5-1068x801.jpg 1068w, \/wp-content\/uploads\/sites\/5\/2024\/10\/Salud-mental-CAMIP-Zunil-IGSS-5-265x198.jpg 265w, \/wp-content\/uploads\/sites\/5\/2024\/10\/Salud-mental-CAMIP-Zunil-IGSS-5-534x401.jpg 534w\" sizes=\"auto, (max-width: 1600px) 100vw, 1600px\" \/><\/a><figcaption id=\"caption-attachment-44775\" class=\"wp-caption-text\">El paciente de CAMIP 3 Zunil, Anabel Rodr\u00edguez, recomienda a otros pacientes a participar en actividades para adultos mayores en sus colonias.<\/figcaption><\/figure>\n<p><strong>Prevenci\u00f3n de la salud mental<\/strong><\/p>\n<p>El especialista les record\u00f3 que, los adultos mayores pueden realizar diversas actividades recreativas, en la medida que su condici\u00f3n f\u00edsica se los permita, como realizar ejercicio, salir a caminar, participar en grupos para socializar, los juegos de mesa, las manualidades o cualquier actividad manual, participar en reuniones o actividades familiares y de amigos, y cualquier otra que les brinde felicidad, bienestar y tranquilidad emocional.<\/p>\n<figure id=\"attachment_44773\" aria-describedby=\"caption-attachment-44773\" style=\"width: 1600px\" class=\"wp-caption aligncenter\"><a href=\"\/wp-content\/uploads\/sites\/5\/2024\/10\/Salud-mental-CAMIP-Zunil-IGSS-3.jpg\"><img loading=\"lazy\" decoding=\"async\" class=\"wp-image-44773 size-full\" src=\"\/wp-content\/uploads\/sites\/5\/2024\/10\/Salud-mental-CAMIP-Zunil-IGSS-3.jpg\" alt=\"\" width=\"1600\" height=\"1200\" srcset=\"\/wp-content\/uploads\/sites\/5\/2024\/10\/Salud-mental-CAMIP-Zunil-IGSS-3.jpg 1600w, \/wp-content\/uploads\/sites\/5\/2024\/10\/Salud-mental-CAMIP-Zunil-IGSS-3-300x225.jpg 300w, \/wp-content\/uploads\/sites\/5\/2024\/10\/Salud-mental-CAMIP-Zunil-IGSS-3-1024x768.jpg 1024w, \/wp-content\/uploads\/sites\/5\/2024\/10\/Salud-mental-CAMIP-Zunil-IGSS-3-768x576.jpg 768w, \/wp-content\/uploads\/sites\/5\/2024\/10\/Salud-mental-CAMIP-Zunil-IGSS-3-1536x1152.jpg 1536w, \/wp-content\/uploads\/sites\/5\/2024\/10\/Salud-mental-CAMIP-Zunil-IGSS-3-560x420.jpg 560w, \/wp-content\/uploads\/sites\/5\/2024\/10\/Salud-mental-CAMIP-Zunil-IGSS-3-80x60.jpg 80w, \/wp-content\/uploads\/sites\/5\/2024\/10\/Salud-mental-CAMIP-Zunil-IGSS-3-696x522.jpg 696w, \/wp-content\/uploads\/sites\/5\/2024\/10\/Salud-mental-CAMIP-Zunil-IGSS-3-1068x801.jpg 1068w, \/wp-content\/uploads\/sites\/5\/2024\/10\/Salud-mental-CAMIP-Zunil-IGSS-3-265x198.jpg 265w, \/wp-content\/uploads\/sites\/5\/2024\/10\/Salud-mental-CAMIP-Zunil-IGSS-3-534x401.jpg 534w\" sizes=\"auto, (max-width: 1600px) 100vw, 1600px\" \/><\/a><figcaption id=\"caption-attachment-44773\" class=\"wp-caption-text\">V\u00edctor Ram\u00edrez, habla a otros pacientes sobre acudir a la iglesia y participar en actividades variadas.<\/figcaption><\/figure>\n<p>Adem\u00e1s, es importante expresar y comunicar los sentimientos y emociones en todo momento, as\u00ed como solicitar el apoyo de la familia, amigos y personal de la salud para que se busque el equilibrio emocionar y mental. \u201cSi alg\u00fan paciente tiene alg\u00fan s\u00edntoma de que su salud mental no est\u00e1 bien, no duden en solicitar ayuda, en esta unidad les brindamos apoyo a trav\u00e9s de la cl\u00ednica de psicolog\u00eda\u201d, concluy\u00f3.<\/p>\n<p>Algunos pacientes expresaron su experiencia relacionada a situaciones de la vida diaria que los hacen sentir ansiedad, como el caso de los que son cuidadores de otros familiares enfermos o mayores, as\u00ed como la tristeza y la soledad por el duelo o p\u00e9rdida de la pareja o alg\u00fan familiar.<\/p>\n<figure id=\"attachment_44771\" aria-describedby=\"caption-attachment-44771\" style=\"width: 1600px\" class=\"wp-caption aligncenter\"><a href=\"\/wp-content\/uploads\/sites\/5\/2024\/10\/Salud-mental-CAMIP-Zunil-IGSS-1.jpg\"><img loading=\"lazy\" decoding=\"async\" class=\"wp-image-44771 size-full\" src=\"\/wp-content\/uploads\/sites\/5\/2024\/10\/Salud-mental-CAMIP-Zunil-IGSS-1.jpg\" alt=\"\" width=\"1600\" height=\"1200\" srcset=\"\/wp-content\/uploads\/sites\/5\/2024\/10\/Salud-mental-CAMIP-Zunil-IGSS-1.jpg 1600w, \/wp-content\/uploads\/sites\/5\/2024\/10\/Salud-mental-CAMIP-Zunil-IGSS-1-300x225.jpg 300w, \/wp-content\/uploads\/sites\/5\/2024\/10\/Salud-mental-CAMIP-Zunil-IGSS-1-1024x768.jpg 1024w, \/wp-content\/uploads\/sites\/5\/2024\/10\/Salud-mental-CAMIP-Zunil-IGSS-1-768x576.jpg 768w, \/wp-content\/uploads\/sites\/5\/2024\/10\/Salud-mental-CAMIP-Zunil-IGSS-1-1536x1152.jpg 1536w, \/wp-content\/uploads\/sites\/5\/2024\/10\/Salud-mental-CAMIP-Zunil-IGSS-1-560x420.jpg 560w, \/wp-content\/uploads\/sites\/5\/2024\/10\/Salud-mental-CAMIP-Zunil-IGSS-1-80x60.jpg 80w, \/wp-content\/uploads\/sites\/5\/2024\/10\/Salud-mental-CAMIP-Zunil-IGSS-1-696x522.jpg 696w, \/wp-content\/uploads\/sites\/5\/2024\/10\/Salud-mental-CAMIP-Zunil-IGSS-1-1068x801.jpg 1068w, \/wp-content\/uploads\/sites\/5\/2024\/10\/Salud-mental-CAMIP-Zunil-IGSS-1-265x198.jpg 265w, \/wp-content\/uploads\/sites\/5\/2024\/10\/Salud-mental-CAMIP-Zunil-IGSS-1-534x401.jpg 534w\" sizes=\"auto, (max-width: 1600px) 100vw, 1600px\" \/><\/a><figcaption id=\"caption-attachment-44771\" class=\"wp-caption-text\">Faustina Boc, invita a otros pacientes a mantener alta la autoestima para vivir mejor.<\/figcaption><\/figure>\n<p>La paciente Anabel Rodr\u00edguez inst\u00f3 a los otros pacientes a mantener una buena salud mental a trav\u00e9s de la participaci\u00f3n en actividades dirigidas a los adultos mayores en sus vecindarios; el paciente V\u00edctor Ram\u00edrez, expres\u00f3 que tambi\u00e9n pueden acudir a la iglesia y participar en actividades religiosas para procurar la salud mental y f\u00edsica; y, la paciente Faustina Boc, indic\u00f3 a los presentes que hay que procurar levantar la autoestima para vivir mejor.<\/p>\n\r\n                <style type=\"text\/css\">\r\n                    \r\n                    #tdi_1  .td-doubleSlider-2 .td-item1 {\r\n                        background: url(\/wp-content\/uploads\/sites\/5\/2024\/10\/Salud-mental-CAMIP-Zunil-IGSS-1-80x60.jpg) 0 0 no-repeat;\r\n                    }\r\n                    #tdi_1  .td-doubleSlider-2 .td-item2 {\r\n                        background: url(\/wp-content\/uploads\/sites\/5\/2024\/10\/Salud-mental-CAMIP-Zunil-IGSS-2-80x60.jpg) 0 0 no-repeat;\r\n                    }\r\n                    #tdi_1  .td-doubleSlider-2 .td-item3 {\r\n                        background: url(\/wp-content\/uploads\/sites\/5\/2024\/10\/Salud-mental-CAMIP-Zunil-IGSS-3-80x60.jpg) 0 0 no-repeat;\r\n                    }\r\n                    #tdi_1  .td-doubleSlider-2 .td-item4 {\r\n                        background: url(\/wp-content\/uploads\/sites\/5\/2024\/10\/Salud-mental-CAMIP-Zunil-IGSS-4-80x60.jpg) 0 0 no-repeat;\r\n                    }\r\n                    #tdi_1  .td-doubleSlider-2 .td-item5 {\r\n                        background: url(\/wp-content\/uploads\/sites\/5\/2024\/10\/Salud-mental-CAMIP-Zunil-IGSS-5-80x60.jpg) 0 0 no-repeat;\r\n                    }\r\n                    #tdi_1  .td-doubleSlider-2 .td-item6 {\r\n                        background: url(\/wp-content\/uploads\/sites\/5\/2024\/10\/Salud-mental-CAMIP-Zunil-IGSS-6-80x60.jpg) 0 0 no-repeat;\r\n                    }\r\n                    #tdi_1  .td-doubleSlider-2 .td-item7 {\r\n                        background: url(\/wp-content\/uploads\/sites\/5\/2024\/10\/Salud-mental-CAMIP-Zunil-IGSS-7-80x60.jpg) 0 0 no-repeat;\r\n                    }\r\n                    #tdi_1  .td-doubleSlider-2 .td-item8 {\r\n                        background: url(\/wp-content\/uploads\/sites\/5\/2024\/10\/Salud-mental-CAMIP-Zunil-IGSS-8-80x60.jpg) 0 0 no-repeat;\r\n                    }\r\n                <\/style>\r\n\r\n                <div id=\"tdi_1\" class=\"td-gallery td-slide-on-2-columns\">\r\n                    <div class=\"post_td_gallery\">\r\n                        <div class=\"td-gallery-slide-top\">\r\n                           <div class=\"td-gallery-title\">Galer\u00eda de Im\u00e1genes<\/div>\r\n\r\n                            <div class=\"td-gallery-controls-wrapper\">\r\n                                <div class=\"td-gallery-slide-count\"><span class=\"td-gallery-slide-item-focus\">1<\/span> de 8<\/div>\r\n                                <div class=\"td-gallery-slide-prev-next-but\">\r\n                                    <i class = \"td-icon-left doubleSliderPrevButton\"><\/i>\r\n                                    <i class = \"td-icon-right doubleSliderNextButton\"><\/i>\r\n                                <\/div>\r\n                            <\/div>\r\n                        <\/div>\r\n\r\n                        <div class = \"td-doubleSlider-1 \">\r\n                            <div class = \"td-slider\">\r\n                                \r\n                    <div class = \"td-slide-item td-item1\">\r\n                        <figure class=\"td-slide-galery-figure td-slide-popup-gallery\">\r\n                            <a class=\"slide-gallery-image-link\" href=\"\/wp-content\/uploads\/sites\/5\/2024\/10\/Salud-mental-CAMIP-Zunil-IGSS-1.jpg\" title=\"Salud mental CAMIP Zunil IGSS-1\"  data-caption=\"\"  data-description=\"\">\r\n                                <img decoding=\"async\" src=\"\/wp-content\/uploads\/sites\/5\/2024\/10\/Salud-mental-CAMIP-Zunil-IGSS-1-560x420.jpg\" srcset=\"\/wp-content\/uploads\/sites\/5\/2024\/10\/Salud-mental-CAMIP-Zunil-IGSS-1-560x420.jpg 560w, \/wp-content\/uploads\/sites\/5\/2024\/10\/Salud-mental-CAMIP-Zunil-IGSS-1-300x225.jpg 300w, \/wp-content\/uploads\/sites\/5\/2024\/10\/Salud-mental-CAMIP-Zunil-IGSS-1-1024x768.jpg 1024w, \/wp-content\/uploads\/sites\/5\/2024\/10\/Salud-mental-CAMIP-Zunil-IGSS-1-768x576.jpg 768w, \/wp-content\/uploads\/sites\/5\/2024\/10\/Salud-mental-CAMIP-Zunil-IGSS-1-1536x1152.jpg 1536w, \/wp-content\/uploads\/sites\/5\/2024\/10\/Salud-mental-CAMIP-Zunil-IGSS-1-80x60.jpg 80w, \/wp-content\/uploads\/sites\/5\/2024\/10\/Salud-mental-CAMIP-Zunil-IGSS-1-696x522.jpg 696w, \/wp-content\/uploads\/sites\/5\/2024\/10\/Salud-mental-CAMIP-Zunil-IGSS-1-1068x801.jpg 1068w, \/wp-content\/uploads\/sites\/5\/2024\/10\/Salud-mental-CAMIP-Zunil-IGSS-1-265x198.jpg 265w, \/wp-content\/uploads\/sites\/5\/2024\/10\/Salud-mental-CAMIP-Zunil-IGSS-1-534x401.jpg 534w, \/wp-content\/uploads\/sites\/5\/2024\/10\/Salud-mental-CAMIP-Zunil-IGSS-1.jpg 1600w\" sizes=\"(max-width: 560px) 100vw, 560px\" alt=\"\">\r\n                            <\/a>\r\n                            \r\n                        <\/figure>\r\n                    <\/div>\r\n                    <div class = \"td-slide-item td-item2\">\r\n                        <figure class=\"td-slide-galery-figure td-slide-popup-gallery\">\r\n                            <a class=\"slide-gallery-image-link\" href=\"\/wp-content\/uploads\/sites\/5\/2024\/10\/Salud-mental-CAMIP-Zunil-IGSS-2.jpg\" title=\"Salud mental CAMIP Zunil IGSS-2\"  data-caption=\"\"  data-description=\"\">\r\n                                <img decoding=\"async\" src=\"\/wp-content\/uploads\/sites\/5\/2024\/10\/Salud-mental-CAMIP-Zunil-IGSS-2-560x420.jpg\" srcset=\"\/wp-content\/uploads\/sites\/5\/2024\/10\/Salud-mental-CAMIP-Zunil-IGSS-2-560x420.jpg 560w, \/wp-content\/uploads\/sites\/5\/2024\/10\/Salud-mental-CAMIP-Zunil-IGSS-2-300x225.jpg 300w, \/wp-content\/uploads\/sites\/5\/2024\/10\/Salud-mental-CAMIP-Zunil-IGSS-2-1024x768.jpg 1024w, \/wp-content\/uploads\/sites\/5\/2024\/10\/Salud-mental-CAMIP-Zunil-IGSS-2-768x576.jpg 768w, \/wp-content\/uploads\/sites\/5\/2024\/10\/Salud-mental-CAMIP-Zunil-IGSS-2-1536x1152.jpg 1536w, \/wp-content\/uploads\/sites\/5\/2024\/10\/Salud-mental-CAMIP-Zunil-IGSS-2-80x60.jpg 80w, \/wp-content\/uploads\/sites\/5\/2024\/10\/Salud-mental-CAMIP-Zunil-IGSS-2-696x522.jpg 696w, \/wp-content\/uploads\/sites\/5\/2024\/10\/Salud-mental-CAMIP-Zunil-IGSS-2-1068x801.jpg 1068w, \/wp-content\/uploads\/sites\/5\/2024\/10\/Salud-mental-CAMIP-Zunil-IGSS-2-265x198.jpg 265w, \/wp-content\/uploads\/sites\/5\/2024\/10\/Salud-mental-CAMIP-Zunil-IGSS-2-534x401.jpg 534w, \/wp-content\/uploads\/sites\/5\/2024\/10\/Salud-mental-CAMIP-Zunil-IGSS-2.jpg 1600w\" sizes=\"(max-width: 560px) 100vw, 560px\" alt=\"\">\r\n                            <\/a>\r\n                            \r\n                        <\/figure>\r\n                    <\/div>\r\n                    <div class = \"td-slide-item td-item3\">\r\n                        <figure class=\"td-slide-galery-figure td-slide-popup-gallery\">\r\n                            <a class=\"slide-gallery-image-link\" href=\"\/wp-content\/uploads\/sites\/5\/2024\/10\/Salud-mental-CAMIP-Zunil-IGSS-3.jpg\" title=\"Salud mental CAMIP Zunil IGSS-3\"  data-caption=\"\"  data-description=\"\">\r\n                                <img decoding=\"async\" src=\"\/wp-content\/uploads\/sites\/5\/2024\/10\/Salud-mental-CAMIP-Zunil-IGSS-3-560x420.jpg\" srcset=\"\/wp-content\/uploads\/sites\/5\/2024\/10\/Salud-mental-CAMIP-Zunil-IGSS-3-560x420.jpg 560w, \/wp-content\/uploads\/sites\/5\/2024\/10\/Salud-mental-CAMIP-Zunil-IGSS-3-300x225.jpg 300w, \/wp-content\/uploads\/sites\/5\/2024\/10\/Salud-mental-CAMIP-Zunil-IGSS-3-1024x768.jpg 1024w, \/wp-content\/uploads\/sites\/5\/2024\/10\/Salud-mental-CAMIP-Zunil-IGSS-3-768x576.jpg 768w, \/wp-content\/uploads\/sites\/5\/2024\/10\/Salud-mental-CAMIP-Zunil-IGSS-3-1536x1152.jpg 1536w, \/wp-content\/uploads\/sites\/5\/2024\/10\/Salud-mental-CAMIP-Zunil-IGSS-3-80x60.jpg 80w, \/wp-content\/uploads\/sites\/5\/2024\/10\/Salud-mental-CAMIP-Zunil-IGSS-3-696x522.jpg 696w, \/wp-content\/uploads\/sites\/5\/2024\/10\/Salud-mental-CAMIP-Zunil-IGSS-3-1068x801.jpg 1068w, \/wp-content\/uploads\/sites\/5\/2024\/10\/Salud-mental-CAMIP-Zunil-IGSS-3-265x198.jpg 265w, \/wp-content\/uploads\/sites\/5\/2024\/10\/Salud-mental-CAMIP-Zunil-IGSS-3-534x401.jpg 534w, \/wp-content\/uploads\/sites\/5\/2024\/10\/Salud-mental-CAMIP-Zunil-IGSS-3.jpg 1600w\" sizes=\"(max-width: 560px) 100vw, 560px\" alt=\"\">\r\n                            <\/a>\r\n                            \r\n                        <\/figure>\r\n                    <\/div>\r\n                    <div class = \"td-slide-item td-item4\">\r\n                        <figure class=\"td-slide-galery-figure td-slide-popup-gallery\">\r\n                            <a class=\"slide-gallery-image-link\" href=\"\/wp-content\/uploads\/sites\/5\/2024\/10\/Salud-mental-CAMIP-Zunil-IGSS-4.jpg\" title=\"Salud mental CAMIP Zunil IGSS-4\"  data-caption=\"\"  data-description=\"\">\r\n                                <img decoding=\"async\" src=\"\/wp-content\/uploads\/sites\/5\/2024\/10\/Salud-mental-CAMIP-Zunil-IGSS-4-560x420.jpg\" srcset=\"\/wp-content\/uploads\/sites\/5\/2024\/10\/Salud-mental-CAMIP-Zunil-IGSS-4-560x420.jpg 560w, \/wp-content\/uploads\/sites\/5\/2024\/10\/Salud-mental-CAMIP-Zunil-IGSS-4-300x225.jpg 300w, \/wp-content\/uploads\/sites\/5\/2024\/10\/Salud-mental-CAMIP-Zunil-IGSS-4-1024x768.jpg 1024w, \/wp-content\/uploads\/sites\/5\/2024\/10\/Salud-mental-CAMIP-Zunil-IGSS-4-768x576.jpg 768w, \/wp-content\/uploads\/sites\/5\/2024\/10\/Salud-mental-CAMIP-Zunil-IGSS-4-1536x1152.jpg 1536w, \/wp-content\/uploads\/sites\/5\/2024\/10\/Salud-mental-CAMIP-Zunil-IGSS-4-80x60.jpg 80w, \/wp-content\/uploads\/sites\/5\/2024\/10\/Salud-mental-CAMIP-Zunil-IGSS-4-696x522.jpg 696w, \/wp-content\/uploads\/sites\/5\/2024\/10\/Salud-mental-CAMIP-Zunil-IGSS-4-1068x801.jpg 1068w, \/wp-content\/uploads\/sites\/5\/2024\/10\/Salud-mental-CAMIP-Zunil-IGSS-4-265x198.jpg 265w, \/wp-content\/uploads\/sites\/5\/2024\/10\/Salud-mental-CAMIP-Zunil-IGSS-4-534x401.jpg 534w, \/wp-content\/uploads\/sites\/5\/2024\/10\/Salud-mental-CAMIP-Zunil-IGSS-4.jpg 1600w\" sizes=\"(max-width: 560px) 100vw, 560px\" alt=\"\">\r\n                            <\/a>\r\n                            \r\n                        <\/figure>\r\n                    <\/div>\r\n                    <div class = \"td-slide-item td-item5\">\r\n                        <figure class=\"td-slide-galery-figure td-slide-popup-gallery\">\r\n                            <a class=\"slide-gallery-image-link\" href=\"\/wp-content\/uploads\/sites\/5\/2024\/10\/Salud-mental-CAMIP-Zunil-IGSS-5.jpg\" title=\"Salud mental CAMIP Zunil IGSS-5\"  data-caption=\"\"  data-description=\"\">\r\n                                <img decoding=\"async\" src=\"\/wp-content\/uploads\/sites\/5\/2024\/10\/Salud-mental-CAMIP-Zunil-IGSS-5-560x420.jpg\" srcset=\"\/wp-content\/uploads\/sites\/5\/2024\/10\/Salud-mental-CAMIP-Zunil-IGSS-5-560x420.jpg 560w, \/wp-content\/uploads\/sites\/5\/2024\/10\/Salud-mental-CAMIP-Zunil-IGSS-5-300x225.jpg 300w, \/wp-content\/uploads\/sites\/5\/2024\/10\/Salud-mental-CAMIP-Zunil-IGSS-5-1024x768.jpg 1024w, \/wp-content\/uploads\/sites\/5\/2024\/10\/Salud-mental-CAMIP-Zunil-IGSS-5-768x576.jpg 768w, \/wp-content\/uploads\/sites\/5\/2024\/10\/Salud-mental-CAMIP-Zunil-IGSS-5-1536x1152.jpg 1536w, \/wp-content\/uploads\/sites\/5\/2024\/10\/Salud-mental-CAMIP-Zunil-IGSS-5-80x60.jpg 80w, \/wp-content\/uploads\/sites\/5\/2024\/10\/Salud-mental-CAMIP-Zunil-IGSS-5-696x522.jpg 696w, \/wp-content\/uploads\/sites\/5\/2024\/10\/Salud-mental-CAMIP-Zunil-IGSS-5-1068x801.jpg 1068w, \/wp-content\/uploads\/sites\/5\/2024\/10\/Salud-mental-CAMIP-Zunil-IGSS-5-265x198.jpg 265w, \/wp-content\/uploads\/sites\/5\/2024\/10\/Salud-mental-CAMIP-Zunil-IGSS-5-534x401.jpg 534w, \/wp-content\/uploads\/sites\/5\/2024\/10\/Salud-mental-CAMIP-Zunil-IGSS-5.jpg 1600w\" sizes=\"(max-width: 560px) 100vw, 560px\" alt=\"\">\r\n                            <\/a>\r\n                            \r\n                        <\/figure>\r\n                    <\/div>\r\n                    <div class = \"td-slide-item td-item6\">\r\n                        <figure class=\"td-slide-galery-figure td-slide-popup-gallery\">\r\n                            <a class=\"slide-gallery-image-link\" href=\"\/wp-content\/uploads\/sites\/5\/2024\/10\/Salud-mental-CAMIP-Zunil-IGSS-6.jpg\" title=\"Salud mental CAMIP Zunil IGSS-6\"  data-caption=\"\"  data-description=\"\">\r\n                                <img decoding=\"async\" src=\"\/wp-content\/uploads\/sites\/5\/2024\/10\/Salud-mental-CAMIP-Zunil-IGSS-6-560x420.jpg\" srcset=\"\/wp-content\/uploads\/sites\/5\/2024\/10\/Salud-mental-CAMIP-Zunil-IGSS-6-560x420.jpg 560w, \/wp-content\/uploads\/sites\/5\/2024\/10\/Salud-mental-CAMIP-Zunil-IGSS-6-300x225.jpg 300w, \/wp-content\/uploads\/sites\/5\/2024\/10\/Salud-mental-CAMIP-Zunil-IGSS-6-1024x768.jpg 1024w, \/wp-content\/uploads\/sites\/5\/2024\/10\/Salud-mental-CAMIP-Zunil-IGSS-6-768x576.jpg 768w, \/wp-content\/uploads\/sites\/5\/2024\/10\/Salud-mental-CAMIP-Zunil-IGSS-6-1536x1152.jpg 1536w, \/wp-content\/uploads\/sites\/5\/2024\/10\/Salud-mental-CAMIP-Zunil-IGSS-6-80x60.jpg 80w, \/wp-content\/uploads\/sites\/5\/2024\/10\/Salud-mental-CAMIP-Zunil-IGSS-6-696x522.jpg 696w, \/wp-content\/uploads\/sites\/5\/2024\/10\/Salud-mental-CAMIP-Zunil-IGSS-6-1068x801.jpg 1068w, \/wp-content\/uploads\/sites\/5\/2024\/10\/Salud-mental-CAMIP-Zunil-IGSS-6-265x198.jpg 265w, \/wp-content\/uploads\/sites\/5\/2024\/10\/Salud-mental-CAMIP-Zunil-IGSS-6-534x401.jpg 534w, \/wp-content\/uploads\/sites\/5\/2024\/10\/Salud-mental-CAMIP-Zunil-IGSS-6.jpg 1600w\" sizes=\"(max-width: 560px) 100vw, 560px\" alt=\"\">\r\n                            <\/a>\r\n                            \r\n                        <\/figure>\r\n                    <\/div>\r\n                    <div class = \"td-slide-item td-item7\">\r\n                        <figure class=\"td-slide-galery-figure td-slide-popup-gallery\">\r\n                            <a class=\"slide-gallery-image-link\" href=\"\/wp-content\/uploads\/sites\/5\/2024\/10\/Salud-mental-CAMIP-Zunil-IGSS-7.jpg\" title=\"Salud mental CAMIP Zunil IGSS-7\"  data-caption=\"\"  data-description=\"\">\r\n                                <img decoding=\"async\" src=\"\/wp-content\/uploads\/sites\/5\/2024\/10\/Salud-mental-CAMIP-Zunil-IGSS-7-560x420.jpg\" srcset=\"\/wp-content\/uploads\/sites\/5\/2024\/10\/Salud-mental-CAMIP-Zunil-IGSS-7-560x420.jpg 560w, \/wp-content\/uploads\/sites\/5\/2024\/10\/Salud-mental-CAMIP-Zunil-IGSS-7-300x225.jpg 300w, \/wp-content\/uploads\/sites\/5\/2024\/10\/Salud-mental-CAMIP-Zunil-IGSS-7-1024x768.jpg 1024w, \/wp-content\/uploads\/sites\/5\/2024\/10\/Salud-mental-CAMIP-Zunil-IGSS-7-768x576.jpg 768w, \/wp-content\/uploads\/sites\/5\/2024\/10\/Salud-mental-CAMIP-Zunil-IGSS-7-1536x1152.jpg 1536w, \/wp-content\/uploads\/sites\/5\/2024\/10\/Salud-mental-CAMIP-Zunil-IGSS-7-80x60.jpg 80w, \/wp-content\/uploads\/sites\/5\/2024\/10\/Salud-mental-CAMIP-Zunil-IGSS-7-696x522.jpg 696w, \/wp-content\/uploads\/sites\/5\/2024\/10\/Salud-mental-CAMIP-Zunil-IGSS-7-1068x801.jpg 1068w, \/wp-content\/uploads\/sites\/5\/2024\/10\/Salud-mental-CAMIP-Zunil-IGSS-7-265x198.jpg 265w, \/wp-content\/uploads\/sites\/5\/2024\/10\/Salud-mental-CAMIP-Zunil-IGSS-7-534x401.jpg 534w, \/wp-content\/uploads\/sites\/5\/2024\/10\/Salud-mental-CAMIP-Zunil-IGSS-7.jpg 1600w\" sizes=\"(max-width: 560px) 100vw, 560px\" alt=\"\">\r\n                            <\/a>\r\n                            \r\n                        <\/figure>\r\n                    <\/div>\r\n                    <div class = \"td-slide-item td-item8\">\r\n                        <figure class=\"td-slide-galery-figure td-slide-popup-gallery\">\r\n                            <a class=\"slide-gallery-image-link\" href=\"\/wp-content\/uploads\/sites\/5\/2024\/10\/Salud-mental-CAMIP-Zunil-IGSS-8.jpg\" title=\"Salud mental CAMIP Zunil IGSS-8\"  data-caption=\"\"  data-description=\"\">\r\n                                <img decoding=\"async\" src=\"\/wp-content\/uploads\/sites\/5\/2024\/10\/Salud-mental-CAMIP-Zunil-IGSS-8-560x420.jpg\" srcset=\"\/wp-content\/uploads\/sites\/5\/2024\/10\/Salud-mental-CAMIP-Zunil-IGSS-8-560x420.jpg 560w, \/wp-content\/uploads\/sites\/5\/2024\/10\/Salud-mental-CAMIP-Zunil-IGSS-8-300x225.jpg 300w, \/wp-content\/uploads\/sites\/5\/2024\/10\/Salud-mental-CAMIP-Zunil-IGSS-8-1024x768.jpg 1024w, \/wp-content\/uploads\/sites\/5\/2024\/10\/Salud-mental-CAMIP-Zunil-IGSS-8-768x576.jpg 768w, \/wp-content\/uploads\/sites\/5\/2024\/10\/Salud-mental-CAMIP-Zunil-IGSS-8-1536x1152.jpg 1536w, \/wp-content\/uploads\/sites\/5\/2024\/10\/Salud-mental-CAMIP-Zunil-IGSS-8-80x60.jpg 80w, \/wp-content\/uploads\/sites\/5\/2024\/10\/Salud-mental-CAMIP-Zunil-IGSS-8-696x522.jpg 696w, \/wp-content\/uploads\/sites\/5\/2024\/10\/Salud-mental-CAMIP-Zunil-IGSS-8-1068x801.jpg 1068w, \/wp-content\/uploads\/sites\/5\/2024\/10\/Salud-mental-CAMIP-Zunil-IGSS-8-265x198.jpg 265w, \/wp-content\/uploads\/sites\/5\/2024\/10\/Salud-mental-CAMIP-Zunil-IGSS-8-534x401.jpg 534w, \/wp-content\/uploads\/sites\/5\/2024\/10\/Salud-mental-CAMIP-Zunil-IGSS-8.jpg 1600w\" sizes=\"(max-width: 560px) 100vw, 560px\" alt=\"\">\r\n                            <\/a>\r\n                            \r\n                        <\/figure>\r\n                    <\/div>\r\n                            <\/div>\r\n                        <\/div>\r\n\r\n                        <div class = \"td-doubleSlider-2\">\r\n                            <div class = \"td-slider\">\r\n                                \r\n                    <div class = \"td-button td-item1\">\r\n                        <div class = \"td-border\"><\/div>\r\n                    <\/div>\r\n                    <div class = \"td-button td-item2\">\r\n                        <div class = \"td-border\"><\/div>\r\n                    <\/div>\r\n                    <div class = \"td-button td-item3\">\r\n                        <div class = \"td-border\"><\/div>\r\n                    <\/div>\r\n                    <div class = \"td-button td-item4\">\r\n                        <div class = \"td-border\"><\/div>\r\n                    <\/div>\r\n                    <div class = \"td-button td-item5\">\r\n                        <div class = \"td-border\"><\/div>\r\n                    <\/div>\r\n                    <div class = \"td-button td-item6\">\r\n                        <div class = \"td-border\"><\/div>\r\n                    <\/div>\r\n                    <div class = \"td-button td-item7\">\r\n                        <div class = \"td-border\"><\/div>\r\n                    <\/div>\r\n                    <div class = \"td-button td-item8\">\r\n                        <div class = \"td-border\"><\/div>\r\n                    <\/div>\r\n                            <\/div>\r\n                        <\/div>\r\n\r\n                    <\/div>\r\n\r\n                <\/div>\r\n                \n","protected":false},"excerpt":{"rendered":"<p>El Comit\u00e9 de Promoci\u00f3n de la Salud y Prevenci\u00f3n de la Enfermedad de CAMIP 3 Zunil, representado por la licenciada Wendy Ru\u00edz, trabajadora social, organiz\u00f3 una charla informativa sobre Salud Mental, dirigida a los pacientes que asistieron a su cita programada, impartida por el licenciado Mario Ru\u00edz Falabella, psic\u00f3logo de la unidad m\u00e9dica. Ru\u00edz explic\u00f3 [&hellip;]<\/p>\n","protected":false},"author":4,"featured_media":44776,"comment_status":"closed","ping_status":"closed","sticky":false,"template":"","format":"standard","meta":{"footnotes":""},"categories":[3],"tags":[],"coauthors":[],"class_list":{"0":"post-44779","1":"post","2":"type-post","3":"status-publish","4":"format-standard","5":"has-post-thumbnail","7":"category-actualidad"},"_links":{"self":[{"href":"https:\/\/www.igssgt.org\/noticias\/wp-json\/wp\/v2\/posts\/44779","targetHints":{"allow":["GET"]}}],"collection":[{"href":"https:\/\/www.igssgt.org\/noticias\/wp-json\/wp\/v2\/posts"}],"about":[{"href":"https:\/\/www.igssgt.org\/noticias\/wp-json\/wp\/v2\/types\/post"}],"author":[{"embeddable":true,"href":"https:\/\/www.igssgt.org\/noticias\/wp-json\/wp\/v2\/users\/4"}],"replies":[{"embeddable":true,"href":"https:\/\/www.igssgt.org\/noticias\/wp-json\/wp\/v2\/comments?post=44779"}],"version-history":[{"count":2,"href":"https:\/\/www.igssgt.org\/noticias\/wp-json\/wp\/v2\/posts\/44779\/revisions"}],"predecessor-version":[{"id":44782,"href":"https:\/\/www.igssgt.org\/noticias\/wp-json\/wp\/v2\/posts\/44779\/revisions\/44782"}],"wp:featuredmedia":[{"embeddable":true,"href":"https:\/\/www.igssgt.org\/noticias\/wp-json\/wp\/v2\/media\/44776"}],"wp:attachment":[{"href":"https:\/\/www.igssgt.org\/noticias\/wp-json\/wp\/v2\/media?parent=44779"}],"wp:term":[{"taxonomy":"category","embeddable":true,"href":"https:\/\/www.igssgt.org\/noticias\/wp-json\/wp\/v2\/categories?post=44779"},{"taxonomy":"post_tag","embeddable":true,"href":"https:\/\/www.igssgt.org\/noticias\/wp-json\/wp\/v2\/tags?post=44779"},{"taxonomy":"author","embeddable":true,"href":"https:\/\/www.igssgt.org\/noticias\/wp-json\/wp\/v2\/coauthors?post=44779"}],"curies":[{"name":"wp","href":"https:\/\/api.w.org\/{rel}","templated":true}]}}