{"id":44939,"date":"2024-10-25T14:00:00","date_gmt":"2024-10-25T20:00:00","guid":{"rendered":"https:\/\/www.igssgt.org\/noticias\/?p=44939"},"modified":"2024-11-05T13:29:41","modified_gmt":"2024-11-05T19:29:41","slug":"trabajadores-son-condecorados-por-sus-25-anos-de-servicio","status":"publish","type":"post","link":"https:\/\/www.igssgt.org\/noticias\/2024\/10\/25\/trabajadores-son-condecorados-por-sus-25-anos-de-servicio\/","title":{"rendered":"<strong>Trabajadores son condecorados por sus 25 a\u00f1os de servicio<\/strong>"},"content":{"rendered":"\n<p class=\"has-drop-cap\">Un d\u00eda inolvidable y emotivo se vivi\u00f3 en la Familia IGSS con el reconocimiento a 142 colaboradores que arribaron a 25 a\u00f1os de servicios en el Seguro Social.<\/p>\n\n\n\n<p>Entre los homenajeados estuvieron m\u00e9dicos, personal de enfermer\u00eda, camareros, secretarias, pilotos, operarios y administrativos, entre otros, pertenecientes a toda la estructura m\u00e9dico-administrativa del Instituto de todo el pa\u00eds.<\/p>\n\n\n\n<p>\u00a0<\/p>\n<figure id=\"attachment_44929\" aria-describedby=\"caption-attachment-44929\" style=\"width: 1600px\" class=\"wp-caption aligncenter\"><a href=\"\/wp-content\/uploads\/sites\/5\/2024\/10\/homenaje-a-trabajadores-IGSS-25-anos-de-servicio-3.jpg\"><img loading=\"lazy\" decoding=\"async\" class=\"wp-image-44929 size-full\" src=\"\/wp-content\/uploads\/sites\/5\/2024\/10\/homenaje-a-trabajadores-IGSS-25-anos-de-servicio-3.jpg\" alt=\"\" width=\"1600\" height=\"1066\" srcset=\"\/wp-content\/uploads\/sites\/5\/2024\/10\/homenaje-a-trabajadores-IGSS-25-anos-de-servicio-3.jpg 1600w, \/wp-content\/uploads\/sites\/5\/2024\/10\/homenaje-a-trabajadores-IGSS-25-anos-de-servicio-3-300x200.jpg 300w, \/wp-content\/uploads\/sites\/5\/2024\/10\/homenaje-a-trabajadores-IGSS-25-anos-de-servicio-3-1024x682.jpg 1024w, \/wp-content\/uploads\/sites\/5\/2024\/10\/homenaje-a-trabajadores-IGSS-25-anos-de-servicio-3-768x512.jpg 768w, \/wp-content\/uploads\/sites\/5\/2024\/10\/homenaje-a-trabajadores-IGSS-25-anos-de-servicio-3-1536x1023.jpg 1536w, \/wp-content\/uploads\/sites\/5\/2024\/10\/homenaje-a-trabajadores-IGSS-25-anos-de-servicio-3-630x420.jpg 630w, \/wp-content\/uploads\/sites\/5\/2024\/10\/homenaje-a-trabajadores-IGSS-25-anos-de-servicio-3-696x464.jpg 696w, \/wp-content\/uploads\/sites\/5\/2024\/10\/homenaje-a-trabajadores-IGSS-25-anos-de-servicio-3-1068x712.jpg 1068w, \/wp-content\/uploads\/sites\/5\/2024\/10\/homenaje-a-trabajadores-IGSS-25-anos-de-servicio-3-534x356.jpg 534w\" sizes=\"auto, (max-width: 1600px) 100vw, 1600px\" \/><\/a><figcaption id=\"caption-attachment-44929\" class=\"wp-caption-text\">Ciento 42 trabajadores arribaron a sus bodas de plata laborales desde diferentes frentes de servicio.<\/figcaption><\/figure>\n<p>A su ingreso, fueron recibidos con la imposici\u00f3n de un pin conmemorativo y posteriormente, uno a uno, recibi\u00f3 un diploma de reconocimiento. \u201cEs muy especial este momento. Agradezco a la instituci\u00f3n por darme la oportunidad y ser parte del sustento y logros personales\u201d, se\u00f1al\u00f3 Dora Vel\u00e1squez, del IGSS Escuintla.<\/p>\n<p>La Licda. Z\u00e1mara Vel\u00e1squez, subgerente de Recursos Humanos, destac\u00f3 la esmerada labor y entrega de los homenajeados. \u201cNo hay palabras suficientes para agradecer su labor realizada en estos 25 a\u00f1os, marcados por alegr\u00edas y an\u00e9cdotas\u201d \u00a0<\/p>\n<figure id=\"attachment_44935\" aria-describedby=\"caption-attachment-44935\" style=\"width: 1600px\" class=\"wp-caption aligncenter\"><a href=\"\/wp-content\/uploads\/sites\/5\/2024\/10\/homenaje-a-trabajadores-IGSS-25-anos-de-servicio-9.jpg\"><img loading=\"lazy\" decoding=\"async\" class=\"wp-image-44935 size-full\" src=\"\/wp-content\/uploads\/sites\/5\/2024\/10\/homenaje-a-trabajadores-IGSS-25-anos-de-servicio-9.jpg\" alt=\"\" width=\"1600\" height=\"1066\" srcset=\"\/wp-content\/uploads\/sites\/5\/2024\/10\/homenaje-a-trabajadores-IGSS-25-anos-de-servicio-9.jpg 1600w, \/wp-content\/uploads\/sites\/5\/2024\/10\/homenaje-a-trabajadores-IGSS-25-anos-de-servicio-9-300x200.jpg 300w, \/wp-content\/uploads\/sites\/5\/2024\/10\/homenaje-a-trabajadores-IGSS-25-anos-de-servicio-9-1024x682.jpg 1024w, \/wp-content\/uploads\/sites\/5\/2024\/10\/homenaje-a-trabajadores-IGSS-25-anos-de-servicio-9-768x512.jpg 768w, \/wp-content\/uploads\/sites\/5\/2024\/10\/homenaje-a-trabajadores-IGSS-25-anos-de-servicio-9-1536x1023.jpg 1536w, \/wp-content\/uploads\/sites\/5\/2024\/10\/homenaje-a-trabajadores-IGSS-25-anos-de-servicio-9-630x420.jpg 630w, \/wp-content\/uploads\/sites\/5\/2024\/10\/homenaje-a-trabajadores-IGSS-25-anos-de-servicio-9-696x464.jpg 696w, \/wp-content\/uploads\/sites\/5\/2024\/10\/homenaje-a-trabajadores-IGSS-25-anos-de-servicio-9-1068x712.jpg 1068w, \/wp-content\/uploads\/sites\/5\/2024\/10\/homenaje-a-trabajadores-IGSS-25-anos-de-servicio-9-534x356.jpg 534w\" sizes=\"auto, (max-width: 1600px) 100vw, 1600px\" \/><\/a><figcaption id=\"caption-attachment-44935\" class=\"wp-caption-text\">La M.Sc Z\u00e1mara Vel\u00e1squez agradeci\u00f3 el esmero, dedicaci\u00f3n y esfuerzo de los homenajeados.<\/figcaption><\/figure>\n<p>Por su parte, el Lic. \u00c1lvaro D\u00edaz, director General de Gerencia, tras ofrecer una disertaci\u00f3n sobre la importancia del servidor p\u00fablico, y felicitar a los distinguidos trabajadores, les dej\u00f3 la \u00abtarea\u00bb de seguir innovando y ser de inspiraci\u00f3n para los dem\u00e1s.<\/p>\n<p>Abrazos, sonrisas y reencuentros marcaron la jornada para los condecorados, y de familiares que acompa\u00f1aron a algunos, sin olvidar las fotos y selfis que guardar\u00e1n el momento trascendental.<\/p>\n<p>El reconocimiento a nuestros colaboradores se realiz\u00f3 en el mes de la Seguridad Social y 78 aniversario del IGSS. Gracias a cada uno por su esfuerzo y esmero \u00a1felicitaciones!<\/p>\n\r\n                <style type=\"text\/css\">\r\n                    \r\n                    #tdi_1  .td-doubleSlider-2 .td-item1 {\r\n                        background: url(\/wp-content\/uploads\/sites\/5\/2024\/10\/homenaje-a-trabajadores-IGSS-25-anos-de-servicio-11-80x60.jpg) 0 0 no-repeat;\r\n                    }\r\n                    #tdi_1  .td-doubleSlider-2 .td-item2 {\r\n                        background: url(\/wp-content\/uploads\/sites\/5\/2024\/10\/homenaje-a-trabajadores-IGSS-25-anos-de-servicio-10-80x60.jpg) 0 0 no-repeat;\r\n                    }\r\n                    #tdi_1  .td-doubleSlider-2 .td-item3 {\r\n                        background: url(\/wp-content\/uploads\/sites\/5\/2024\/10\/homenaje-a-trabajadores-IGSS-25-anos-de-servicio-9-80x60.jpg) 0 0 no-repeat;\r\n                    }\r\n                    #tdi_1  .td-doubleSlider-2 .td-item4 {\r\n                        background: url(\/wp-content\/uploads\/sites\/5\/2024\/10\/homenaje-a-trabajadores-IGSS-25-anos-de-servicio-8-80x60.jpg) 0 0 no-repeat;\r\n                    }\r\n                    #tdi_1  .td-doubleSlider-2 .td-item5 {\r\n                        background: url(\/wp-content\/uploads\/sites\/5\/2024\/10\/homenaje-a-trabajadores-IGSS-25-anos-de-servicio-7-80x60.jpg) 0 0 no-repeat;\r\n                    }\r\n                    #tdi_1  .td-doubleSlider-2 .td-item6 {\r\n                        background: url(\/wp-content\/uploads\/sites\/5\/2024\/10\/homenaje-a-trabajadores-IGSS-25-anos-de-servicio-6-80x60.jpg) 0 0 no-repeat;\r\n                    }\r\n                    #tdi_1  .td-doubleSlider-2 .td-item7 {\r\n                        background: url(\/wp-content\/uploads\/sites\/5\/2024\/10\/homenaje-a-trabajadores-IGSS-25-anos-de-servicio-4-80x60.jpg) 0 0 no-repeat;\r\n                    }\r\n                    #tdi_1  .td-doubleSlider-2 .td-item8 {\r\n                        background: url(\/wp-content\/uploads\/sites\/5\/2024\/10\/homenaje-a-trabajadores-IGSS-25-anos-de-servicio-3-80x60.jpg) 0 0 no-repeat;\r\n                    }\r\n                    #tdi_1  .td-doubleSlider-2 .td-item9 {\r\n                        background: url(\/wp-content\/uploads\/sites\/5\/2024\/10\/homenaje-a-trabajadores-IGSS-25-anos-de-servicio-5-80x60.jpg) 0 0 no-repeat;\r\n                    }\r\n                    #tdi_1  .td-doubleSlider-2 .td-item10 {\r\n                        background: url(\/wp-content\/uploads\/sites\/5\/2024\/10\/homenaje-a-trabajadores-IGSS-25-anos-de-servicio-2-80x60.jpg) 0 0 no-repeat;\r\n                    }\r\n                    #tdi_1  .td-doubleSlider-2 .td-item11 {\r\n                        background: url(\/wp-content\/uploads\/sites\/5\/2024\/10\/homenaje-a-trabajadores-IGSS-25-anos-de-servicio-1-80x60.jpg) 0 0 no-repeat;\r\n                    }\r\n                <\/style>\r\n\r\n                <div id=\"tdi_1\" class=\"td-gallery td-slide-on-2-columns\">\r\n                    <div class=\"post_td_gallery\">\r\n                        <div class=\"td-gallery-slide-top\">\r\n                           <div class=\"td-gallery-title\">Galer\u00eda de Im\u00e1genes<\/div>\r\n\r\n                            <div class=\"td-gallery-controls-wrapper\">\r\n                                <div class=\"td-gallery-slide-count\"><span class=\"td-gallery-slide-item-focus\">1<\/span> de 11<\/div>\r\n                                <div class=\"td-gallery-slide-prev-next-but\">\r\n                                    <i class = \"td-icon-left doubleSliderPrevButton\"><\/i>\r\n                                    <i class = \"td-icon-right doubleSliderNextButton\"><\/i>\r\n                                <\/div>\r\n                            <\/div>\r\n                        <\/div>\r\n\r\n                        <div class = \"td-doubleSlider-1 \">\r\n                            <div class = \"td-slider\">\r\n                                \r\n                    <div class = \"td-slide-item td-item1\">\r\n                        <figure class=\"td-slide-galery-figure td-slide-popup-gallery\">\r\n                            <a class=\"slide-gallery-image-link\" href=\"\/wp-content\/uploads\/sites\/5\/2024\/10\/homenaje-a-trabajadores-IGSS-25-anos-de-servicio-11.jpg\" title=\"homenaje a trabajadores IGSS 25 anos de servicio-11\"  data-caption=\"\"  data-description=\"\">\r\n                                <img decoding=\"async\" src=\"\/wp-content\/uploads\/sites\/5\/2024\/10\/homenaje-a-trabajadores-IGSS-25-anos-de-servicio-11-630x420.jpg\" srcset=\"\/wp-content\/uploads\/sites\/5\/2024\/10\/homenaje-a-trabajadores-IGSS-25-anos-de-servicio-11-630x420.jpg 630w, \/wp-content\/uploads\/sites\/5\/2024\/10\/homenaje-a-trabajadores-IGSS-25-anos-de-servicio-11-300x200.jpg 300w, \/wp-content\/uploads\/sites\/5\/2024\/10\/homenaje-a-trabajadores-IGSS-25-anos-de-servicio-11-1024x682.jpg 1024w, \/wp-content\/uploads\/sites\/5\/2024\/10\/homenaje-a-trabajadores-IGSS-25-anos-de-servicio-11-768x512.jpg 768w, \/wp-content\/uploads\/sites\/5\/2024\/10\/homenaje-a-trabajadores-IGSS-25-anos-de-servicio-11-1536x1023.jpg 1536w, \/wp-content\/uploads\/sites\/5\/2024\/10\/homenaje-a-trabajadores-IGSS-25-anos-de-servicio-11-696x464.jpg 696w, \/wp-content\/uploads\/sites\/5\/2024\/10\/homenaje-a-trabajadores-IGSS-25-anos-de-servicio-11-1068x712.jpg 1068w, \/wp-content\/uploads\/sites\/5\/2024\/10\/homenaje-a-trabajadores-IGSS-25-anos-de-servicio-11-534x356.jpg 534w, \/wp-content\/uploads\/sites\/5\/2024\/10\/homenaje-a-trabajadores-IGSS-25-anos-de-servicio-11.jpg 1600w\" sizes=\"(max-width: 630px) 100vw, 630px\" alt=\"\">\r\n                            <\/a>\r\n                            \r\n                        <\/figure>\r\n                    <\/div>\r\n                    <div class = \"td-slide-item td-item2\">\r\n                        <figure class=\"td-slide-galery-figure td-slide-popup-gallery\">\r\n                            <a class=\"slide-gallery-image-link\" href=\"\/wp-content\/uploads\/sites\/5\/2024\/10\/homenaje-a-trabajadores-IGSS-25-anos-de-servicio-10.jpg\" title=\"homenaje a trabajadores IGSS 25 anos de servicio-10\"  data-caption=\"\"  data-description=\"\">\r\n                                <img decoding=\"async\" src=\"\/wp-content\/uploads\/sites\/5\/2024\/10\/homenaje-a-trabajadores-IGSS-25-anos-de-servicio-10-630x420.jpg\" srcset=\"\/wp-content\/uploads\/sites\/5\/2024\/10\/homenaje-a-trabajadores-IGSS-25-anos-de-servicio-10-630x420.jpg 630w, \/wp-content\/uploads\/sites\/5\/2024\/10\/homenaje-a-trabajadores-IGSS-25-anos-de-servicio-10-300x200.jpg 300w, \/wp-content\/uploads\/sites\/5\/2024\/10\/homenaje-a-trabajadores-IGSS-25-anos-de-servicio-10-1024x682.jpg 1024w, \/wp-content\/uploads\/sites\/5\/2024\/10\/homenaje-a-trabajadores-IGSS-25-anos-de-servicio-10-768x512.jpg 768w, \/wp-content\/uploads\/sites\/5\/2024\/10\/homenaje-a-trabajadores-IGSS-25-anos-de-servicio-10-1536x1023.jpg 1536w, \/wp-content\/uploads\/sites\/5\/2024\/10\/homenaje-a-trabajadores-IGSS-25-anos-de-servicio-10-696x464.jpg 696w, \/wp-content\/uploads\/sites\/5\/2024\/10\/homenaje-a-trabajadores-IGSS-25-anos-de-servicio-10-1068x712.jpg 1068w, \/wp-content\/uploads\/sites\/5\/2024\/10\/homenaje-a-trabajadores-IGSS-25-anos-de-servicio-10-534x356.jpg 534w, \/wp-content\/uploads\/sites\/5\/2024\/10\/homenaje-a-trabajadores-IGSS-25-anos-de-servicio-10.jpg 1600w\" sizes=\"(max-width: 630px) 100vw, 630px\" alt=\"\">\r\n                            <\/a>\r\n                            \r\n                        <\/figure>\r\n                    <\/div>\r\n                    <div class = \"td-slide-item td-item3\">\r\n                        <figure class=\"td-slide-galery-figure td-slide-popup-gallery\">\r\n                            <a class=\"slide-gallery-image-link\" href=\"\/wp-content\/uploads\/sites\/5\/2024\/10\/homenaje-a-trabajadores-IGSS-25-anos-de-servicio-9.jpg\" title=\"homenaje a trabajadores IGSS 25 anos de servicio-9\"  data-caption=\"\"  data-description=\"\">\r\n                                <img decoding=\"async\" src=\"\/wp-content\/uploads\/sites\/5\/2024\/10\/homenaje-a-trabajadores-IGSS-25-anos-de-servicio-9-630x420.jpg\" srcset=\"\/wp-content\/uploads\/sites\/5\/2024\/10\/homenaje-a-trabajadores-IGSS-25-anos-de-servicio-9-630x420.jpg 630w, \/wp-content\/uploads\/sites\/5\/2024\/10\/homenaje-a-trabajadores-IGSS-25-anos-de-servicio-9-300x200.jpg 300w, \/wp-content\/uploads\/sites\/5\/2024\/10\/homenaje-a-trabajadores-IGSS-25-anos-de-servicio-9-1024x682.jpg 1024w, \/wp-content\/uploads\/sites\/5\/2024\/10\/homenaje-a-trabajadores-IGSS-25-anos-de-servicio-9-768x512.jpg 768w, \/wp-content\/uploads\/sites\/5\/2024\/10\/homenaje-a-trabajadores-IGSS-25-anos-de-servicio-9-1536x1023.jpg 1536w, \/wp-content\/uploads\/sites\/5\/2024\/10\/homenaje-a-trabajadores-IGSS-25-anos-de-servicio-9-696x464.jpg 696w, \/wp-content\/uploads\/sites\/5\/2024\/10\/homenaje-a-trabajadores-IGSS-25-anos-de-servicio-9-1068x712.jpg 1068w, \/wp-content\/uploads\/sites\/5\/2024\/10\/homenaje-a-trabajadores-IGSS-25-anos-de-servicio-9-534x356.jpg 534w, \/wp-content\/uploads\/sites\/5\/2024\/10\/homenaje-a-trabajadores-IGSS-25-anos-de-servicio-9.jpg 1600w\" sizes=\"(max-width: 630px) 100vw, 630px\" alt=\"\">\r\n                            <\/a>\r\n                            \r\n                        <\/figure>\r\n                    <\/div>\r\n                    <div class = \"td-slide-item td-item4\">\r\n                        <figure class=\"td-slide-galery-figure td-slide-popup-gallery\">\r\n                            <a class=\"slide-gallery-image-link\" href=\"\/wp-content\/uploads\/sites\/5\/2024\/10\/homenaje-a-trabajadores-IGSS-25-anos-de-servicio-8.jpg\" title=\"homenaje a trabajadores IGSS 25 anos de servicio-8\"  data-caption=\"\"  data-description=\"\">\r\n                                <img decoding=\"async\" src=\"\/wp-content\/uploads\/sites\/5\/2024\/10\/homenaje-a-trabajadores-IGSS-25-anos-de-servicio-8-630x420.jpg\" srcset=\"\/wp-content\/uploads\/sites\/5\/2024\/10\/homenaje-a-trabajadores-IGSS-25-anos-de-servicio-8-630x420.jpg 630w, \/wp-content\/uploads\/sites\/5\/2024\/10\/homenaje-a-trabajadores-IGSS-25-anos-de-servicio-8-300x200.jpg 300w, \/wp-content\/uploads\/sites\/5\/2024\/10\/homenaje-a-trabajadores-IGSS-25-anos-de-servicio-8-1024x682.jpg 1024w, \/wp-content\/uploads\/sites\/5\/2024\/10\/homenaje-a-trabajadores-IGSS-25-anos-de-servicio-8-768x512.jpg 768w, \/wp-content\/uploads\/sites\/5\/2024\/10\/homenaje-a-trabajadores-IGSS-25-anos-de-servicio-8-1536x1023.jpg 1536w, \/wp-content\/uploads\/sites\/5\/2024\/10\/homenaje-a-trabajadores-IGSS-25-anos-de-servicio-8-696x464.jpg 696w, \/wp-content\/uploads\/sites\/5\/2024\/10\/homenaje-a-trabajadores-IGSS-25-anos-de-servicio-8-1068x712.jpg 1068w, \/wp-content\/uploads\/sites\/5\/2024\/10\/homenaje-a-trabajadores-IGSS-25-anos-de-servicio-8-534x356.jpg 534w, \/wp-content\/uploads\/sites\/5\/2024\/10\/homenaje-a-trabajadores-IGSS-25-anos-de-servicio-8.jpg 1600w\" sizes=\"(max-width: 630px) 100vw, 630px\" alt=\"\">\r\n                            <\/a>\r\n                            \r\n                        <\/figure>\r\n                    <\/div>\r\n                    <div class = \"td-slide-item td-item5\">\r\n                        <figure class=\"td-slide-galery-figure td-slide-popup-gallery\">\r\n                            <a class=\"slide-gallery-image-link\" href=\"\/wp-content\/uploads\/sites\/5\/2024\/10\/homenaje-a-trabajadores-IGSS-25-anos-de-servicio-7.jpg\" title=\"homenaje a trabajadores IGSS 25 anos de servicio-7\"  data-caption=\"\"  data-description=\"\">\r\n                                <img decoding=\"async\" src=\"\/wp-content\/uploads\/sites\/5\/2024\/10\/homenaje-a-trabajadores-IGSS-25-anos-de-servicio-7-630x420.jpg\" srcset=\"\/wp-content\/uploads\/sites\/5\/2024\/10\/homenaje-a-trabajadores-IGSS-25-anos-de-servicio-7-630x420.jpg 630w, \/wp-content\/uploads\/sites\/5\/2024\/10\/homenaje-a-trabajadores-IGSS-25-anos-de-servicio-7-300x200.jpg 300w, \/wp-content\/uploads\/sites\/5\/2024\/10\/homenaje-a-trabajadores-IGSS-25-anos-de-servicio-7-1024x682.jpg 1024w, \/wp-content\/uploads\/sites\/5\/2024\/10\/homenaje-a-trabajadores-IGSS-25-anos-de-servicio-7-768x512.jpg 768w, \/wp-content\/uploads\/sites\/5\/2024\/10\/homenaje-a-trabajadores-IGSS-25-anos-de-servicio-7-1536x1023.jpg 1536w, \/wp-content\/uploads\/sites\/5\/2024\/10\/homenaje-a-trabajadores-IGSS-25-anos-de-servicio-7-696x464.jpg 696w, \/wp-content\/uploads\/sites\/5\/2024\/10\/homenaje-a-trabajadores-IGSS-25-anos-de-servicio-7-1068x712.jpg 1068w, \/wp-content\/uploads\/sites\/5\/2024\/10\/homenaje-a-trabajadores-IGSS-25-anos-de-servicio-7-534x356.jpg 534w, \/wp-content\/uploads\/sites\/5\/2024\/10\/homenaje-a-trabajadores-IGSS-25-anos-de-servicio-7.jpg 1600w\" sizes=\"(max-width: 630px) 100vw, 630px\" alt=\"\">\r\n                            <\/a>\r\n                            \r\n                        <\/figure>\r\n                    <\/div>\r\n                    <div class = \"td-slide-item td-item6\">\r\n                        <figure class=\"td-slide-galery-figure td-slide-popup-gallery\">\r\n                            <a class=\"slide-gallery-image-link\" href=\"\/wp-content\/uploads\/sites\/5\/2024\/10\/homenaje-a-trabajadores-IGSS-25-anos-de-servicio-6.jpg\" title=\"homenaje a trabajadores IGSS 25 anos de servicio-6\"  data-caption=\"\"  data-description=\"\">\r\n                                <img decoding=\"async\" src=\"\/wp-content\/uploads\/sites\/5\/2024\/10\/homenaje-a-trabajadores-IGSS-25-anos-de-servicio-6-315x420.jpg\" srcset=\"\/wp-content\/uploads\/sites\/5\/2024\/10\/homenaje-a-trabajadores-IGSS-25-anos-de-servicio-6-315x420.jpg 315w, \/wp-content\/uploads\/sites\/5\/2024\/10\/homenaje-a-trabajadores-IGSS-25-anos-de-servicio-6-225x300.jpg 225w, \/wp-content\/uploads\/sites\/5\/2024\/10\/homenaje-a-trabajadores-IGSS-25-anos-de-servicio-6-768x1024.jpg 768w, \/wp-content\/uploads\/sites\/5\/2024\/10\/homenaje-a-trabajadores-IGSS-25-anos-de-servicio-6-1152x1536.jpg 1152w, \/wp-content\/uploads\/sites\/5\/2024\/10\/homenaje-a-trabajadores-IGSS-25-anos-de-servicio-6-696x928.jpg 696w, \/wp-content\/uploads\/sites\/5\/2024\/10\/homenaje-a-trabajadores-IGSS-25-anos-de-servicio-6-1068x1424.jpg 1068w, \/wp-content\/uploads\/sites\/5\/2024\/10\/homenaje-a-trabajadores-IGSS-25-anos-de-servicio-6-347x462.jpg 347w, \/wp-content\/uploads\/sites\/5\/2024\/10\/homenaje-a-trabajadores-IGSS-25-anos-de-servicio-6.jpg 1200w\" sizes=\"(max-width: 315px) 100vw, 315px\" alt=\"\">\r\n                            <\/a>\r\n                            \r\n                        <\/figure>\r\n                    <\/div>\r\n                    <div class = \"td-slide-item td-item7\">\r\n                        <figure class=\"td-slide-galery-figure td-slide-popup-gallery\">\r\n                            <a class=\"slide-gallery-image-link\" href=\"\/wp-content\/uploads\/sites\/5\/2024\/10\/homenaje-a-trabajadores-IGSS-25-anos-de-servicio-4.jpg\" title=\"homenaje a trabajadores IGSS 25 anos de servicio-4\"  data-caption=\"\"  data-description=\"\">\r\n                                <img decoding=\"async\" src=\"\/wp-content\/uploads\/sites\/5\/2024\/10\/homenaje-a-trabajadores-IGSS-25-anos-de-servicio-4-630x420.jpg\" srcset=\"\/wp-content\/uploads\/sites\/5\/2024\/10\/homenaje-a-trabajadores-IGSS-25-anos-de-servicio-4-630x420.jpg 630w, \/wp-content\/uploads\/sites\/5\/2024\/10\/homenaje-a-trabajadores-IGSS-25-anos-de-servicio-4-300x200.jpg 300w, \/wp-content\/uploads\/sites\/5\/2024\/10\/homenaje-a-trabajadores-IGSS-25-anos-de-servicio-4-1024x682.jpg 1024w, \/wp-content\/uploads\/sites\/5\/2024\/10\/homenaje-a-trabajadores-IGSS-25-anos-de-servicio-4-768x512.jpg 768w, \/wp-content\/uploads\/sites\/5\/2024\/10\/homenaje-a-trabajadores-IGSS-25-anos-de-servicio-4-1536x1023.jpg 1536w, \/wp-content\/uploads\/sites\/5\/2024\/10\/homenaje-a-trabajadores-IGSS-25-anos-de-servicio-4-696x464.jpg 696w, \/wp-content\/uploads\/sites\/5\/2024\/10\/homenaje-a-trabajadores-IGSS-25-anos-de-servicio-4-1068x712.jpg 1068w, \/wp-content\/uploads\/sites\/5\/2024\/10\/homenaje-a-trabajadores-IGSS-25-anos-de-servicio-4-534x356.jpg 534w, \/wp-content\/uploads\/sites\/5\/2024\/10\/homenaje-a-trabajadores-IGSS-25-anos-de-servicio-4.jpg 1600w\" sizes=\"(max-width: 630px) 100vw, 630px\" alt=\"\">\r\n                            <\/a>\r\n                            \r\n                        <\/figure>\r\n                    <\/div>\r\n                    <div class = \"td-slide-item td-item8\">\r\n                        <figure class=\"td-slide-galery-figure td-slide-popup-gallery\">\r\n                            <a class=\"slide-gallery-image-link\" href=\"\/wp-content\/uploads\/sites\/5\/2024\/10\/homenaje-a-trabajadores-IGSS-25-anos-de-servicio-3.jpg\" title=\"homenaje a trabajadores IGSS 25 anos de servicio-3\"  data-caption=\"\"  data-description=\"\">\r\n                                <img decoding=\"async\" src=\"\/wp-content\/uploads\/sites\/5\/2024\/10\/homenaje-a-trabajadores-IGSS-25-anos-de-servicio-3-630x420.jpg\" srcset=\"\/wp-content\/uploads\/sites\/5\/2024\/10\/homenaje-a-trabajadores-IGSS-25-anos-de-servicio-3-630x420.jpg 630w, \/wp-content\/uploads\/sites\/5\/2024\/10\/homenaje-a-trabajadores-IGSS-25-anos-de-servicio-3-300x200.jpg 300w, \/wp-content\/uploads\/sites\/5\/2024\/10\/homenaje-a-trabajadores-IGSS-25-anos-de-servicio-3-1024x682.jpg 1024w, \/wp-content\/uploads\/sites\/5\/2024\/10\/homenaje-a-trabajadores-IGSS-25-anos-de-servicio-3-768x512.jpg 768w, \/wp-content\/uploads\/sites\/5\/2024\/10\/homenaje-a-trabajadores-IGSS-25-anos-de-servicio-3-1536x1023.jpg 1536w, \/wp-content\/uploads\/sites\/5\/2024\/10\/homenaje-a-trabajadores-IGSS-25-anos-de-servicio-3-696x464.jpg 696w, \/wp-content\/uploads\/sites\/5\/2024\/10\/homenaje-a-trabajadores-IGSS-25-anos-de-servicio-3-1068x712.jpg 1068w, \/wp-content\/uploads\/sites\/5\/2024\/10\/homenaje-a-trabajadores-IGSS-25-anos-de-servicio-3-534x356.jpg 534w, \/wp-content\/uploads\/sites\/5\/2024\/10\/homenaje-a-trabajadores-IGSS-25-anos-de-servicio-3.jpg 1600w\" sizes=\"(max-width: 630px) 100vw, 630px\" alt=\"\">\r\n                            <\/a>\r\n                            \r\n                        <\/figure>\r\n                    <\/div>\r\n                    <div class = \"td-slide-item td-item9\">\r\n                        <figure class=\"td-slide-galery-figure td-slide-popup-gallery\">\r\n                            <a class=\"slide-gallery-image-link\" href=\"\/wp-content\/uploads\/sites\/5\/2024\/10\/homenaje-a-trabajadores-IGSS-25-anos-de-servicio-5.jpg\" title=\"homenaje a trabajadores IGSS 25 anos de servicio-5\"  data-caption=\"\"  data-description=\"\">\r\n                                <img decoding=\"async\" src=\"\/wp-content\/uploads\/sites\/5\/2024\/10\/homenaje-a-trabajadores-IGSS-25-anos-de-servicio-5-630x420.jpg\" srcset=\"\/wp-content\/uploads\/sites\/5\/2024\/10\/homenaje-a-trabajadores-IGSS-25-anos-de-servicio-5-630x420.jpg 630w, \/wp-content\/uploads\/sites\/5\/2024\/10\/homenaje-a-trabajadores-IGSS-25-anos-de-servicio-5-300x200.jpg 300w, \/wp-content\/uploads\/sites\/5\/2024\/10\/homenaje-a-trabajadores-IGSS-25-anos-de-servicio-5-1024x682.jpg 1024w, \/wp-content\/uploads\/sites\/5\/2024\/10\/homenaje-a-trabajadores-IGSS-25-anos-de-servicio-5-768x512.jpg 768w, \/wp-content\/uploads\/sites\/5\/2024\/10\/homenaje-a-trabajadores-IGSS-25-anos-de-servicio-5-1536x1023.jpg 1536w, \/wp-content\/uploads\/sites\/5\/2024\/10\/homenaje-a-trabajadores-IGSS-25-anos-de-servicio-5-696x464.jpg 696w, \/wp-content\/uploads\/sites\/5\/2024\/10\/homenaje-a-trabajadores-IGSS-25-anos-de-servicio-5-1068x712.jpg 1068w, \/wp-content\/uploads\/sites\/5\/2024\/10\/homenaje-a-trabajadores-IGSS-25-anos-de-servicio-5-534x356.jpg 534w, \/wp-content\/uploads\/sites\/5\/2024\/10\/homenaje-a-trabajadores-IGSS-25-anos-de-servicio-5.jpg 1600w\" sizes=\"(max-width: 630px) 100vw, 630px\" alt=\"\">\r\n                            <\/a>\r\n                            \r\n                        <\/figure>\r\n                    <\/div>\r\n                    <div class = \"td-slide-item td-item10\">\r\n                        <figure class=\"td-slide-galery-figure td-slide-popup-gallery\">\r\n                            <a class=\"slide-gallery-image-link\" href=\"\/wp-content\/uploads\/sites\/5\/2024\/10\/homenaje-a-trabajadores-IGSS-25-anos-de-servicio-2.jpg\" title=\"homenaje a trabajadores IGSS 25 anos de servicio-2\"  data-caption=\"\"  data-description=\"\">\r\n                                <img decoding=\"async\" src=\"\/wp-content\/uploads\/sites\/5\/2024\/10\/homenaje-a-trabajadores-IGSS-25-anos-de-servicio-2-494x420.jpg\" srcset=\"\/wp-content\/uploads\/sites\/5\/2024\/10\/homenaje-a-trabajadores-IGSS-25-anos-de-servicio-2-494x420.jpg 494w, \/wp-content\/uploads\/sites\/5\/2024\/10\/homenaje-a-trabajadores-IGSS-25-anos-de-servicio-2-300x255.jpg 300w, \/wp-content\/uploads\/sites\/5\/2024\/10\/homenaje-a-trabajadores-IGSS-25-anos-de-servicio-2-768x653.jpg 768w, \/wp-content\/uploads\/sites\/5\/2024\/10\/homenaje-a-trabajadores-IGSS-25-anos-de-servicio-2-696x591.jpg 696w, \/wp-content\/uploads\/sites\/5\/2024\/10\/homenaje-a-trabajadores-IGSS-25-anos-de-servicio-2-534x454.jpg 534w, \/wp-content\/uploads\/sites\/5\/2024\/10\/homenaje-a-trabajadores-IGSS-25-anos-de-servicio-2.jpg 838w\" sizes=\"(max-width: 494px) 100vw, 494px\" alt=\"\">\r\n                            <\/a>\r\n                            \r\n                        <\/figure>\r\n                    <\/div>\r\n                    <div class = \"td-slide-item td-item11\">\r\n                        <figure class=\"td-slide-galery-figure td-slide-popup-gallery\">\r\n                            <a class=\"slide-gallery-image-link\" href=\"\/wp-content\/uploads\/sites\/5\/2024\/10\/homenaje-a-trabajadores-IGSS-25-anos-de-servicio-1.jpg\" title=\"homenaje a trabajadores IGSS 25 anos de servicio-1\"  data-caption=\"\"  data-description=\"\">\r\n                                <img decoding=\"async\" src=\"\/wp-content\/uploads\/sites\/5\/2024\/10\/homenaje-a-trabajadores-IGSS-25-anos-de-servicio-1-630x420.jpg\" srcset=\"\/wp-content\/uploads\/sites\/5\/2024\/10\/homenaje-a-trabajadores-IGSS-25-anos-de-servicio-1-630x420.jpg 630w, \/wp-content\/uploads\/sites\/5\/2024\/10\/homenaje-a-trabajadores-IGSS-25-anos-de-servicio-1-300x200.jpg 300w, \/wp-content\/uploads\/sites\/5\/2024\/10\/homenaje-a-trabajadores-IGSS-25-anos-de-servicio-1-1024x682.jpg 1024w, \/wp-content\/uploads\/sites\/5\/2024\/10\/homenaje-a-trabajadores-IGSS-25-anos-de-servicio-1-768x512.jpg 768w, \/wp-content\/uploads\/sites\/5\/2024\/10\/homenaje-a-trabajadores-IGSS-25-anos-de-servicio-1-1536x1023.jpg 1536w, \/wp-content\/uploads\/sites\/5\/2024\/10\/homenaje-a-trabajadores-IGSS-25-anos-de-servicio-1-696x464.jpg 696w, \/wp-content\/uploads\/sites\/5\/2024\/10\/homenaje-a-trabajadores-IGSS-25-anos-de-servicio-1-1068x712.jpg 1068w, \/wp-content\/uploads\/sites\/5\/2024\/10\/homenaje-a-trabajadores-IGSS-25-anos-de-servicio-1-534x356.jpg 534w, \/wp-content\/uploads\/sites\/5\/2024\/10\/homenaje-a-trabajadores-IGSS-25-anos-de-servicio-1.jpg 1600w\" sizes=\"(max-width: 630px) 100vw, 630px\" alt=\"\">\r\n                            <\/a>\r\n                            \r\n                        <\/figure>\r\n                    <\/div>\r\n                            <\/div>\r\n                        <\/div>\r\n\r\n                        <div class = \"td-doubleSlider-2\">\r\n                            <div class = \"td-slider\">\r\n                                \r\n                    <div class = \"td-button td-item1\">\r\n                        <div class = \"td-border\"><\/div>\r\n                    <\/div>\r\n                    <div class = \"td-button td-item2\">\r\n                        <div class = \"td-border\"><\/div>\r\n                    <\/div>\r\n                    <div class = \"td-button td-item3\">\r\n                        <div class = \"td-border\"><\/div>\r\n                    <\/div>\r\n                    <div class = \"td-button td-item4\">\r\n                        <div class = \"td-border\"><\/div>\r\n                    <\/div>\r\n                    <div class = \"td-button td-item5\">\r\n                        <div class = \"td-border\"><\/div>\r\n                    <\/div>\r\n                    <div class = \"td-button td-item6\">\r\n                        <div class = \"td-border\"><\/div>\r\n                    <\/div>\r\n                    <div class = \"td-button td-item7\">\r\n                        <div class = \"td-border\"><\/div>\r\n                    <\/div>\r\n                    <div class = \"td-button td-item8\">\r\n                        <div class = \"td-border\"><\/div>\r\n                    <\/div>\r\n                    <div class = \"td-button td-item9\">\r\n                        <div class = \"td-border\"><\/div>\r\n                    <\/div>\r\n                    <div class = \"td-button td-item10\">\r\n                        <div class = \"td-border\"><\/div>\r\n                    <\/div>\r\n                    <div class = \"td-button td-item11\">\r\n                        <div class = \"td-border\"><\/div>\r\n                    <\/div>\r\n                            <\/div>\r\n                        <\/div>\r\n\r\n                    <\/div>\r\n\r\n                <\/div>\r\n                \n<p>\u00a0<\/p>\n","protected":false},"excerpt":{"rendered":"<p>Un d\u00eda inolvidable y emotivo se vivi\u00f3 en la Familia IGSS con el reconocimiento a 142 colaboradores que arribaron a 25 a\u00f1os de servicios en el Seguro Social.<\/p>\n<p>Entre los homenajeados estuvieron m\u00e9dicos, personal de enfermer\u00eda, camareros, secretarias, pilotos, operarios y administrativos, entre otros, pertenecientes a toda la estructura m\u00e9dico-administrativa del Instituto de todo el pa\u00eds.<\/p>\n","protected":false},"author":4,"featured_media":44938,"comment_status":"closed","ping_status":"closed","sticky":false,"template":"","format":"standard","meta":{"footnotes":""},"categories":[3,15],"tags":[1000],"coauthors":[],"class_list":{"0":"post-44939","1":"post","2":"type-post","3":"status-publish","4":"format-standard","5":"has-post-thumbnail","7":"category-actualidad","8":"category-destacado","9":"tag-reconocimiento-25-anos-de-servicio"},"_links":{"self":[{"href":"https:\/\/www.igssgt.org\/noticias\/wp-json\/wp\/v2\/posts\/44939","targetHints":{"allow":["GET"]}}],"collection":[{"href":"https:\/\/www.igssgt.org\/noticias\/wp-json\/wp\/v2\/posts"}],"about":[{"href":"https:\/\/www.igssgt.org\/noticias\/wp-json\/wp\/v2\/types\/post"}],"author":[{"embeddable":true,"href":"https:\/\/www.igssgt.org\/noticias\/wp-json\/wp\/v2\/users\/4"}],"replies":[{"embeddable":true,"href":"https:\/\/www.igssgt.org\/noticias\/wp-json\/wp\/v2\/comments?post=44939"}],"version-history":[{"count":3,"href":"https:\/\/www.igssgt.org\/noticias\/wp-json\/wp\/v2\/posts\/44939\/revisions"}],"predecessor-version":[{"id":45028,"href":"https:\/\/www.igssgt.org\/noticias\/wp-json\/wp\/v2\/posts\/44939\/revisions\/45028"}],"wp:featuredmedia":[{"embeddable":true,"href":"https:\/\/www.igssgt.org\/noticias\/wp-json\/wp\/v2\/media\/44938"}],"wp:attachment":[{"href":"https:\/\/www.igssgt.org\/noticias\/wp-json\/wp\/v2\/media?parent=44939"}],"wp:term":[{"taxonomy":"category","embeddable":true,"href":"https:\/\/www.igssgt.org\/noticias\/wp-json\/wp\/v2\/categories?post=44939"},{"taxonomy":"post_tag","embeddable":true,"href":"https:\/\/www.igssgt.org\/noticias\/wp-json\/wp\/v2\/tags?post=44939"},{"taxonomy":"author","embeddable":true,"href":"https:\/\/www.igssgt.org\/noticias\/wp-json\/wp\/v2\/coauthors?post=44939"}],"curies":[{"name":"wp","href":"https:\/\/api.w.org\/{rel}","templated":true}]}}