{"id":4532,"date":"2018-04-17T14:00:07","date_gmt":"2018-04-17T20:00:07","guid":{"rendered":"http:\/\/noticias.igssgt.org\/?p=4532"},"modified":"2018-04-17T14:00:07","modified_gmt":"2018-04-17T20:00:07","slug":"personal-del-hospital-general-de-enfermedades-realiza-actividad-especial-para-ninos-con-hemofilia","status":"publish","type":"post","link":"https:\/\/www.igssgt.org\/noticias\/2018\/04\/17\/personal-del-hospital-general-de-enfermedades-realiza-actividad-especial-para-ninos-con-hemofilia\/","title":{"rendered":"Personal del Hospital General de Enfermedades realiza actividad especial para ni\u00f1os con hemofilia"},"content":{"rendered":"<p><a href=\"\/noticias\/wp-content\/uploads\/sites\/5\/2018\/04\/Conmemoracion-Dia-mundial-de-la-hemofilia-pediatria-IGSS-2018-2.jpg\"><img loading=\"lazy\" decoding=\"async\" class=\"alignnone size-full wp-image-4534\" src=\"\/noticias\/wp-content\/uploads\/sites\/5\/2018\/04\/Conmemoracion-Dia-mundial-de-la-hemofilia-pediatria-IGSS-2018-2.jpg\" alt=\"\" width=\"1024\" height=\"683\" srcset=\"\/wp-content\/uploads\/sites\/5\/2018\/04\/Conmemoracion-Dia-mundial-de-la-hemofilia-pediatria-IGSS-2018-2.jpg 1024w, \/wp-content\/uploads\/sites\/5\/2018\/04\/Conmemoracion-Dia-mundial-de-la-hemofilia-pediatria-IGSS-2018-2-300x200.jpg 300w, \/wp-content\/uploads\/sites\/5\/2018\/04\/Conmemoracion-Dia-mundial-de-la-hemofilia-pediatria-IGSS-2018-2-768x512.jpg 768w, \/wp-content\/uploads\/sites\/5\/2018\/04\/Conmemoracion-Dia-mundial-de-la-hemofilia-pediatria-IGSS-2018-2-630x420.jpg 630w, \/wp-content\/uploads\/sites\/5\/2018\/04\/Conmemoracion-Dia-mundial-de-la-hemofilia-pediatria-IGSS-2018-2-696x464.jpg 696w, \/wp-content\/uploads\/sites\/5\/2018\/04\/Conmemoracion-Dia-mundial-de-la-hemofilia-pediatria-IGSS-2018-2-534x356.jpg 534w\" sizes=\"auto, (max-width: 1024px) 100vw, 1024px\" \/><\/a><\/p>\n<p>En el marco de la conmemoraci\u00f3n del D\u00eda Mundial de la Hemofilia, personal del Hospital General de Enfermedades del IGSS, realiz\u00f3 una actividad especial para los ni\u00f1os que padecen esa enfermedad.<\/p>\n<p>El objetivos es recordar a las personas con esta patolog\u00eda que pueden llevar vidas saludables, largas y productivas. Las palabras de bienvenida al evento estuvieron a cargo de la doctora Marilyn Ortiz, directora de ese centro asistencial, quien motiv\u00f3 a los menores a realizar sus sue\u00f1os.<\/p>\n<p>Durante la jornada el periodista Juan Manuel Castillo y el administrador de empresas Carlos Melgarejo, quienes padecen de hemofilia, compartieron su experiencia con los peque\u00f1os para que comprendan que atendiendo las recomendaciones m\u00e9dicas se puede seguir un estilo de vida saludable.<\/p>\n<p>\u201cSobrevivir a la hemofilia, trastorno cong\u00e9nito de la coagulaci\u00f3n causado por la deficiencia de las prote\u00ednas VIII y IX en la sangre, en un pa\u00eds donde el acceso a la medicaci\u00f3n es reducido, puede ser una tarea tit\u00e1nica. Sin embargo, en el IGSS he recibido desde peque\u00f1o ese tratamiento\u201d, dijo Castillo.<\/p>\n<blockquote><p>El tratamiento mensual para un paciente hemof\u00edlico\u00a0tiene un valor de entre Q60 mil y Q80 mil, depende del peso y la edad del paciente.<\/p><\/blockquote>\n<p>En Guatemala el \u00fanico hospital del pa\u00eds que ofrece profilaxis (tratamiento preventivo) es el IGSS.<\/p>\n<p>La doctora Silvana Oliva, hemat\u00f3loga pediatra del Seguro Social, explic\u00f3 que en la Pediatr\u00eda de esa Unidad se atiende a unos 110 pacientes. \u00a0\u201cNosotros ac\u00e1 les ofrecemos el tratamiento mensual a cada paciente, el cual se puede aplicar en casa para prevenir sangrados, pues atender a pacientes en crisis es m\u00e1s arriesgado y puede ser dos o tres veces m\u00e1s costoso que darles el tratamiento preventivo\u201d, indic\u00f3.<\/p>\n<p>\u201cHoy vengo a motivar a los peque\u00f1os, como un paciente adulto, a que sigan sus sue\u00f1os. Vinieron vestidos de m\u00e9dicos, bomberos, ejecutivos, empresarios\u2026 y todos, como cualquier ni\u00f1o, pueden llevar una vida productiva con el tratamiento adecuado. Yo soy un ejemplo que puede llevar una vida productiva\u201d, coment\u00f3 Melgarejo.<\/p>\n<p>La hemofilia es una enfermedad de la sangre poco frecuente, se estima que\u00a0 una persona por cada 10 mil nace con hemofilia. Las personas con esta patolog\u00eda no tienen una cantidad suficiente de uno de los factores necesarios para la coagulaci\u00f3n sangu\u00ednea, por lo que pueden sangrar por un per\u00edodo m\u00e1s prolongado con serias consecuencias.<\/p>\n<p>Los s\u00edntomas que se asocian a la hemofilia son hemorragias internas, se pueden ver moretes sin causa, sangrado de nariz recurrente, cortaduras o golpes que tarden mucho en cicatrizar.<\/p>\n<p>La actividad tuvo la participaci\u00f3n especial del ni\u00f1o hemof\u00edlico Luis Carlos Mat\u00edas, quien cant\u00f3 para los asistentes los temas Recu\u00e9rdame, La de la mochila azul, Llorona y Un poco loco.<\/p>\n\r\n                <style type=\"text\/css\">\r\n                    \r\n                    #tdi_1  .td-doubleSlider-2 .td-item1 {\r\n                        background: url(\/wp-content\/uploads\/sites\/5\/2018\/04\/Conmemoracion-Dia-mundial-de-la-hemofilia-pediatria-IGSS-2018-9-80x60.jpg) 0 0 no-repeat;\r\n                    }\r\n                    #tdi_1  .td-doubleSlider-2 .td-item2 {\r\n                        background: url(\/wp-content\/uploads\/sites\/5\/2018\/04\/Conmemoracion-Dia-mundial-de-la-hemofilia-pediatria-IGSS-2018-3-80x60.jpg) 0 0 no-repeat;\r\n                    }\r\n                    #tdi_1  .td-doubleSlider-2 .td-item3 {\r\n                        background: url(\/wp-content\/uploads\/sites\/5\/2018\/04\/Conmemoracion-Dia-mundial-de-la-hemofilia-pediatria-IGSS-2018-1-80x60.jpg) 0 0 no-repeat;\r\n                    }\r\n                    #tdi_1  .td-doubleSlider-2 .td-item4 {\r\n                        background: url(\/wp-content\/uploads\/sites\/5\/2018\/04\/Conmemoracion-Dia-mundial-de-la-hemofilia-pediatria-IGSS-2018-4-80x60.jpg) 0 0 no-repeat;\r\n                    }\r\n                    #tdi_1  .td-doubleSlider-2 .td-item5 {\r\n                        background: url(\/wp-content\/uploads\/sites\/5\/2018\/04\/Conmemoracion-Dia-mundial-de-la-hemofilia-pediatria-IGSS-2018-2-80x60.jpg) 0 0 no-repeat;\r\n                    }\r\n                    #tdi_1  .td-doubleSlider-2 .td-item6 {\r\n                        background: url(\/wp-content\/uploads\/sites\/5\/2018\/04\/Conmemoracion-Dia-mundial-de-la-hemofilia-pediatria-IGSS-2018-6-80x60.jpg) 0 0 no-repeat;\r\n                    }\r\n                    #tdi_1  .td-doubleSlider-2 .td-item7 {\r\n                        background: url(\/wp-content\/uploads\/sites\/5\/2018\/04\/Conmemoracion-Dia-mundial-de-la-hemofilia-pediatria-IGSS-2018-7-80x60.jpg) 0 0 no-repeat;\r\n                    }\r\n                    #tdi_1  .td-doubleSlider-2 .td-item8 {\r\n                        background: url(\/wp-content\/uploads\/sites\/5\/2018\/04\/Conmemoracion-Dia-mundial-de-la-hemofilia-pediatria-IGSS-2018-11-80x60.jpg) 0 0 no-repeat;\r\n                    }\r\n                    #tdi_1  .td-doubleSlider-2 .td-item9 {\r\n                        background: url(\/wp-content\/uploads\/sites\/5\/2018\/04\/Conmemoracion-Dia-mundial-de-la-hemofilia-pediatria-IGSS-2018-8-80x60.jpg) 0 0 no-repeat;\r\n                    }\r\n                    #tdi_1  .td-doubleSlider-2 .td-item10 {\r\n                        background: url(\/wp-content\/uploads\/sites\/5\/2018\/04\/Conmemoracion-Dia-mundial-de-la-hemofilia-pediatria-IGSS-2018-10-80x60.jpg) 0 0 no-repeat;\r\n                    }\r\n                <\/style>\r\n\r\n                <div id=\"tdi_1\" class=\"td-gallery td-slide-on-2-columns\">\r\n                    <div class=\"post_td_gallery\">\r\n                        <div class=\"td-gallery-slide-top\">\r\n                           <div class=\"td-gallery-title\"><\/div>\r\n\r\n                            <div class=\"td-gallery-controls-wrapper\">\r\n                                <div class=\"td-gallery-slide-count\"><span class=\"td-gallery-slide-item-focus\">1<\/span> de 10<\/div>\r\n                                <div class=\"td-gallery-slide-prev-next-but\">\r\n                                    <i class = \"td-icon-left doubleSliderPrevButton\"><\/i>\r\n                                    <i class = \"td-icon-right doubleSliderNextButton\"><\/i>\r\n                                <\/div>\r\n                            <\/div>\r\n                        <\/div>\r\n\r\n                        <div class = \"td-doubleSlider-1 \">\r\n                            <div class = \"td-slider\">\r\n                                \r\n                    <div class = \"td-slide-item td-item1\">\r\n                        <figure class=\"td-slide-galery-figure td-slide-popup-gallery\">\r\n                            <a class=\"slide-gallery-image-link\" href=\"\/wp-content\/uploads\/sites\/5\/2018\/04\/Conmemoracion-Dia-mundial-de-la-hemofilia-pediatria-IGSS-2018-9.jpg\" title=\"Conmemoracion Dia mundial de la hemofilia pediatria IGSS 2018-9\"  data-caption=\"\"  data-description=\"\">\r\n                                <img decoding=\"async\" src=\"\/wp-content\/uploads\/sites\/5\/2018\/04\/Conmemoracion-Dia-mundial-de-la-hemofilia-pediatria-IGSS-2018-9-630x420.jpg\" srcset=\"\/wp-content\/uploads\/sites\/5\/2018\/04\/Conmemoracion-Dia-mundial-de-la-hemofilia-pediatria-IGSS-2018-9-630x420.jpg 630w, \/wp-content\/uploads\/sites\/5\/2018\/04\/Conmemoracion-Dia-mundial-de-la-hemofilia-pediatria-IGSS-2018-9-300x200.jpg 300w, \/wp-content\/uploads\/sites\/5\/2018\/04\/Conmemoracion-Dia-mundial-de-la-hemofilia-pediatria-IGSS-2018-9-768x512.jpg 768w, \/wp-content\/uploads\/sites\/5\/2018\/04\/Conmemoracion-Dia-mundial-de-la-hemofilia-pediatria-IGSS-2018-9.jpg 1024w, \/wp-content\/uploads\/sites\/5\/2018\/04\/Conmemoracion-Dia-mundial-de-la-hemofilia-pediatria-IGSS-2018-9-696x464.jpg 696w, \/wp-content\/uploads\/sites\/5\/2018\/04\/Conmemoracion-Dia-mundial-de-la-hemofilia-pediatria-IGSS-2018-9-534x356.jpg 534w\" sizes=\"(max-width: 630px) 100vw, 630px\" alt=\"\">\r\n                            <\/a>\r\n                            \r\n                        <\/figure>\r\n                    <\/div>\r\n                    <div class = \"td-slide-item td-item2\">\r\n                        <figure class=\"td-slide-galery-figure td-slide-popup-gallery\">\r\n                            <a class=\"slide-gallery-image-link\" href=\"\/wp-content\/uploads\/sites\/5\/2018\/04\/Conmemoracion-Dia-mundial-de-la-hemofilia-pediatria-IGSS-2018-3.jpg\" title=\"Conmemoracion Dia mundial de la hemofilia pediatria IGSS 2018-3\"  data-caption=\"\"  data-description=\"\">\r\n                                <img decoding=\"async\" src=\"\/wp-content\/uploads\/sites\/5\/2018\/04\/Conmemoracion-Dia-mundial-de-la-hemofilia-pediatria-IGSS-2018-3-747x420.jpg\" srcset=\"\/wp-content\/uploads\/sites\/5\/2018\/04\/Conmemoracion-Dia-mundial-de-la-hemofilia-pediatria-IGSS-2018-3-747x420.jpg 747w, \/wp-content\/uploads\/sites\/5\/2018\/04\/Conmemoracion-Dia-mundial-de-la-hemofilia-pediatria-IGSS-2018-3-300x169.jpg 300w, \/wp-content\/uploads\/sites\/5\/2018\/04\/Conmemoracion-Dia-mundial-de-la-hemofilia-pediatria-IGSS-2018-3-768x432.jpg 768w, \/wp-content\/uploads\/sites\/5\/2018\/04\/Conmemoracion-Dia-mundial-de-la-hemofilia-pediatria-IGSS-2018-3.jpg 1024w, \/wp-content\/uploads\/sites\/5\/2018\/04\/Conmemoracion-Dia-mundial-de-la-hemofilia-pediatria-IGSS-2018-3-696x392.jpg 696w, \/wp-content\/uploads\/sites\/5\/2018\/04\/Conmemoracion-Dia-mundial-de-la-hemofilia-pediatria-IGSS-2018-3-534x300.jpg 534w\" sizes=\"(max-width: 747px) 100vw, 747px\" alt=\"\">\r\n                            <\/a>\r\n                            \r\n                        <\/figure>\r\n                    <\/div>\r\n                    <div class = \"td-slide-item td-item3\">\r\n                        <figure class=\"td-slide-galery-figure td-slide-popup-gallery\">\r\n                            <a class=\"slide-gallery-image-link\" href=\"\/wp-content\/uploads\/sites\/5\/2018\/04\/Conmemoracion-Dia-mundial-de-la-hemofilia-pediatria-IGSS-2018-1.jpg\" title=\"Conmemoracion Dia mundial de la hemofilia pediatria IGSS 2018-1\"  data-caption=\"\"  data-description=\"\">\r\n                                <img decoding=\"async\" src=\"\/wp-content\/uploads\/sites\/5\/2018\/04\/Conmemoracion-Dia-mundial-de-la-hemofilia-pediatria-IGSS-2018-1-630x420.jpg\" srcset=\"\/wp-content\/uploads\/sites\/5\/2018\/04\/Conmemoracion-Dia-mundial-de-la-hemofilia-pediatria-IGSS-2018-1-630x420.jpg 630w, \/wp-content\/uploads\/sites\/5\/2018\/04\/Conmemoracion-Dia-mundial-de-la-hemofilia-pediatria-IGSS-2018-1-300x200.jpg 300w, \/wp-content\/uploads\/sites\/5\/2018\/04\/Conmemoracion-Dia-mundial-de-la-hemofilia-pediatria-IGSS-2018-1-768x512.jpg 768w, \/wp-content\/uploads\/sites\/5\/2018\/04\/Conmemoracion-Dia-mundial-de-la-hemofilia-pediatria-IGSS-2018-1.jpg 1024w, \/wp-content\/uploads\/sites\/5\/2018\/04\/Conmemoracion-Dia-mundial-de-la-hemofilia-pediatria-IGSS-2018-1-696x464.jpg 696w, \/wp-content\/uploads\/sites\/5\/2018\/04\/Conmemoracion-Dia-mundial-de-la-hemofilia-pediatria-IGSS-2018-1-534x356.jpg 534w\" sizes=\"(max-width: 630px) 100vw, 630px\" alt=\"\">\r\n                            <\/a>\r\n                            \r\n                        <\/figure>\r\n                    <\/div>\r\n                    <div class = \"td-slide-item td-item4\">\r\n                        <figure class=\"td-slide-galery-figure td-slide-popup-gallery\">\r\n                            <a class=\"slide-gallery-image-link\" href=\"\/wp-content\/uploads\/sites\/5\/2018\/04\/Conmemoracion-Dia-mundial-de-la-hemofilia-pediatria-IGSS-2018-4.jpg\" title=\"Conmemoracion Dia mundial de la hemofilia pediatria IGSS 2018-4\"  data-caption=\"\"  data-description=\"\">\r\n                                <img decoding=\"async\" src=\"\/wp-content\/uploads\/sites\/5\/2018\/04\/Conmemoracion-Dia-mundial-de-la-hemofilia-pediatria-IGSS-2018-4-630x420.jpg\" srcset=\"\/wp-content\/uploads\/sites\/5\/2018\/04\/Conmemoracion-Dia-mundial-de-la-hemofilia-pediatria-IGSS-2018-4-630x420.jpg 630w, \/wp-content\/uploads\/sites\/5\/2018\/04\/Conmemoracion-Dia-mundial-de-la-hemofilia-pediatria-IGSS-2018-4-300x200.jpg 300w, \/wp-content\/uploads\/sites\/5\/2018\/04\/Conmemoracion-Dia-mundial-de-la-hemofilia-pediatria-IGSS-2018-4-768x512.jpg 768w, \/wp-content\/uploads\/sites\/5\/2018\/04\/Conmemoracion-Dia-mundial-de-la-hemofilia-pediatria-IGSS-2018-4.jpg 1024w, \/wp-content\/uploads\/sites\/5\/2018\/04\/Conmemoracion-Dia-mundial-de-la-hemofilia-pediatria-IGSS-2018-4-696x464.jpg 696w, \/wp-content\/uploads\/sites\/5\/2018\/04\/Conmemoracion-Dia-mundial-de-la-hemofilia-pediatria-IGSS-2018-4-534x356.jpg 534w\" sizes=\"(max-width: 630px) 100vw, 630px\" alt=\"\">\r\n                            <\/a>\r\n                            \r\n                        <\/figure>\r\n                    <\/div>\r\n                    <div class = \"td-slide-item td-item5\">\r\n                        <figure class=\"td-slide-galery-figure td-slide-popup-gallery\">\r\n                            <a class=\"slide-gallery-image-link\" href=\"\/wp-content\/uploads\/sites\/5\/2018\/04\/Conmemoracion-Dia-mundial-de-la-hemofilia-pediatria-IGSS-2018-2.jpg\" title=\"Conmemoracion Dia mundial de la hemofilia pediatria IGSS 2018-2\"  data-caption=\"\"  data-description=\"\">\r\n                                <img decoding=\"async\" src=\"\/wp-content\/uploads\/sites\/5\/2018\/04\/Conmemoracion-Dia-mundial-de-la-hemofilia-pediatria-IGSS-2018-2-630x420.jpg\" srcset=\"\/wp-content\/uploads\/sites\/5\/2018\/04\/Conmemoracion-Dia-mundial-de-la-hemofilia-pediatria-IGSS-2018-2-630x420.jpg 630w, \/wp-content\/uploads\/sites\/5\/2018\/04\/Conmemoracion-Dia-mundial-de-la-hemofilia-pediatria-IGSS-2018-2-300x200.jpg 300w, \/wp-content\/uploads\/sites\/5\/2018\/04\/Conmemoracion-Dia-mundial-de-la-hemofilia-pediatria-IGSS-2018-2-768x512.jpg 768w, \/wp-content\/uploads\/sites\/5\/2018\/04\/Conmemoracion-Dia-mundial-de-la-hemofilia-pediatria-IGSS-2018-2.jpg 1024w, \/wp-content\/uploads\/sites\/5\/2018\/04\/Conmemoracion-Dia-mundial-de-la-hemofilia-pediatria-IGSS-2018-2-696x464.jpg 696w, \/wp-content\/uploads\/sites\/5\/2018\/04\/Conmemoracion-Dia-mundial-de-la-hemofilia-pediatria-IGSS-2018-2-534x356.jpg 534w\" sizes=\"(max-width: 630px) 100vw, 630px\" alt=\"\">\r\n                            <\/a>\r\n                            \r\n                        <\/figure>\r\n                    <\/div>\r\n                    <div class = \"td-slide-item td-item6\">\r\n                        <figure class=\"td-slide-galery-figure td-slide-popup-gallery\">\r\n                            <a class=\"slide-gallery-image-link\" href=\"\/wp-content\/uploads\/sites\/5\/2018\/04\/Conmemoracion-Dia-mundial-de-la-hemofilia-pediatria-IGSS-2018-6.jpg\" title=\"Conmemoracion Dia mundial de la hemofilia pediatria IGSS 2018-6\"  data-caption=\"\"  data-description=\"\">\r\n                                <img decoding=\"async\" src=\"\/wp-content\/uploads\/sites\/5\/2018\/04\/Conmemoracion-Dia-mundial-de-la-hemofilia-pediatria-IGSS-2018-6-693x420.jpg\" srcset=\"\/wp-content\/uploads\/sites\/5\/2018\/04\/Conmemoracion-Dia-mundial-de-la-hemofilia-pediatria-IGSS-2018-6-693x420.jpg 693w, \/wp-content\/uploads\/sites\/5\/2018\/04\/Conmemoracion-Dia-mundial-de-la-hemofilia-pediatria-IGSS-2018-6-300x182.jpg 300w, \/wp-content\/uploads\/sites\/5\/2018\/04\/Conmemoracion-Dia-mundial-de-la-hemofilia-pediatria-IGSS-2018-6-768x465.jpg 768w, \/wp-content\/uploads\/sites\/5\/2018\/04\/Conmemoracion-Dia-mundial-de-la-hemofilia-pediatria-IGSS-2018-6-1024x620.jpg 1024w, \/wp-content\/uploads\/sites\/5\/2018\/04\/Conmemoracion-Dia-mundial-de-la-hemofilia-pediatria-IGSS-2018-6-696x422.jpg 696w, \/wp-content\/uploads\/sites\/5\/2018\/04\/Conmemoracion-Dia-mundial-de-la-hemofilia-pediatria-IGSS-2018-6-1068x647.jpg 1068w, \/wp-content\/uploads\/sites\/5\/2018\/04\/Conmemoracion-Dia-mundial-de-la-hemofilia-pediatria-IGSS-2018-6-534x324.jpg 534w, \/wp-content\/uploads\/sites\/5\/2018\/04\/Conmemoracion-Dia-mundial-de-la-hemofilia-pediatria-IGSS-2018-6.jpg 1200w\" sizes=\"(max-width: 693px) 100vw, 693px\" alt=\"\">\r\n                            <\/a>\r\n                            \r\n                        <\/figure>\r\n                    <\/div>\r\n                    <div class = \"td-slide-item td-item7\">\r\n                        <figure class=\"td-slide-galery-figure td-slide-popup-gallery\">\r\n                            <a class=\"slide-gallery-image-link\" href=\"\/wp-content\/uploads\/sites\/5\/2018\/04\/Conmemoracion-Dia-mundial-de-la-hemofilia-pediatria-IGSS-2018-7.jpg\" title=\"Conmemoracion Dia mundial de la hemofilia pediatria IGSS 2018-7\"  data-caption=\"\"  data-description=\"\">\r\n                                <img decoding=\"async\" src=\"\/wp-content\/uploads\/sites\/5\/2018\/04\/Conmemoracion-Dia-mundial-de-la-hemofilia-pediatria-IGSS-2018-7-280x420.jpg\" srcset=\"\/wp-content\/uploads\/sites\/5\/2018\/04\/Conmemoracion-Dia-mundial-de-la-hemofilia-pediatria-IGSS-2018-7-280x420.jpg 280w, \/wp-content\/uploads\/sites\/5\/2018\/04\/Conmemoracion-Dia-mundial-de-la-hemofilia-pediatria-IGSS-2018-7-200x300.jpg 200w, \/wp-content\/uploads\/sites\/5\/2018\/04\/Conmemoracion-Dia-mundial-de-la-hemofilia-pediatria-IGSS-2018-7.jpg 683w, \/wp-content\/uploads\/sites\/5\/2018\/04\/Conmemoracion-Dia-mundial-de-la-hemofilia-pediatria-IGSS-2018-7-308x462.jpg 308w\" sizes=\"(max-width: 280px) 100vw, 280px\" alt=\"\">\r\n                            <\/a>\r\n                            \r\n                        <\/figure>\r\n                    <\/div>\r\n                    <div class = \"td-slide-item td-item8\">\r\n                        <figure class=\"td-slide-galery-figure td-slide-popup-gallery\">\r\n                            <a class=\"slide-gallery-image-link\" href=\"\/wp-content\/uploads\/sites\/5\/2018\/04\/Conmemoracion-Dia-mundial-de-la-hemofilia-pediatria-IGSS-2018-11.jpg\" title=\"Conmemoracion Dia mundial de la hemofilia pediatria IGSS 2018-11\"  data-caption=\"\"  data-description=\"\">\r\n                                <img decoding=\"async\" src=\"\/wp-content\/uploads\/sites\/5\/2018\/04\/Conmemoracion-Dia-mundial-de-la-hemofilia-pediatria-IGSS-2018-11-368x420.jpg\" srcset=\"\/wp-content\/uploads\/sites\/5\/2018\/04\/Conmemoracion-Dia-mundial-de-la-hemofilia-pediatria-IGSS-2018-11-368x420.jpg 368w, \/wp-content\/uploads\/sites\/5\/2018\/04\/Conmemoracion-Dia-mundial-de-la-hemofilia-pediatria-IGSS-2018-11-263x300.jpg 263w, \/wp-content\/uploads\/sites\/5\/2018\/04\/Conmemoracion-Dia-mundial-de-la-hemofilia-pediatria-IGSS-2018-11-405x462.jpg 405w, \/wp-content\/uploads\/sites\/5\/2018\/04\/Conmemoracion-Dia-mundial-de-la-hemofilia-pediatria-IGSS-2018-11.jpg 683w\" sizes=\"(max-width: 368px) 100vw, 368px\" alt=\"\">\r\n                            <\/a>\r\n                            \r\n                        <\/figure>\r\n                    <\/div>\r\n                    <div class = \"td-slide-item td-item9\">\r\n                        <figure class=\"td-slide-galery-figure td-slide-popup-gallery\">\r\n                            <a class=\"slide-gallery-image-link\" href=\"\/wp-content\/uploads\/sites\/5\/2018\/04\/Conmemoracion-Dia-mundial-de-la-hemofilia-pediatria-IGSS-2018-8.jpg\" title=\"Conmemoracion Dia mundial de la hemofilia pediatria IGSS 2018-8\"  data-caption=\"\"  data-description=\"\">\r\n                                <img decoding=\"async\" src=\"\/wp-content\/uploads\/sites\/5\/2018\/04\/Conmemoracion-Dia-mundial-de-la-hemofilia-pediatria-IGSS-2018-8-630x420.jpg\" srcset=\"\/wp-content\/uploads\/sites\/5\/2018\/04\/Conmemoracion-Dia-mundial-de-la-hemofilia-pediatria-IGSS-2018-8-630x420.jpg 630w, \/wp-content\/uploads\/sites\/5\/2018\/04\/Conmemoracion-Dia-mundial-de-la-hemofilia-pediatria-IGSS-2018-8-300x200.jpg 300w, \/wp-content\/uploads\/sites\/5\/2018\/04\/Conmemoracion-Dia-mundial-de-la-hemofilia-pediatria-IGSS-2018-8-768x512.jpg 768w, \/wp-content\/uploads\/sites\/5\/2018\/04\/Conmemoracion-Dia-mundial-de-la-hemofilia-pediatria-IGSS-2018-8.jpg 1024w, \/wp-content\/uploads\/sites\/5\/2018\/04\/Conmemoracion-Dia-mundial-de-la-hemofilia-pediatria-IGSS-2018-8-696x464.jpg 696w, \/wp-content\/uploads\/sites\/5\/2018\/04\/Conmemoracion-Dia-mundial-de-la-hemofilia-pediatria-IGSS-2018-8-534x356.jpg 534w\" sizes=\"(max-width: 630px) 100vw, 630px\" alt=\"\">\r\n                            <\/a>\r\n                            \r\n                        <\/figure>\r\n                    <\/div>\r\n                    <div class = \"td-slide-item td-item10\">\r\n                        <figure class=\"td-slide-galery-figure td-slide-popup-gallery\">\r\n                            <a class=\"slide-gallery-image-link\" href=\"\/wp-content\/uploads\/sites\/5\/2018\/04\/Conmemoracion-Dia-mundial-de-la-hemofilia-pediatria-IGSS-2018-10.jpg\" title=\"Conmemoracion Dia mundial de la hemofilia pediatria IGSS 2018-10\"  data-caption=\"\"  data-description=\"\">\r\n                                <img decoding=\"async\" src=\"\/wp-content\/uploads\/sites\/5\/2018\/04\/Conmemoracion-Dia-mundial-de-la-hemofilia-pediatria-IGSS-2018-10-641x420.jpg\" srcset=\"\/wp-content\/uploads\/sites\/5\/2018\/04\/Conmemoracion-Dia-mundial-de-la-hemofilia-pediatria-IGSS-2018-10-641x420.jpg 641w, \/wp-content\/uploads\/sites\/5\/2018\/04\/Conmemoracion-Dia-mundial-de-la-hemofilia-pediatria-IGSS-2018-10-300x197.jpg 300w, \/wp-content\/uploads\/sites\/5\/2018\/04\/Conmemoracion-Dia-mundial-de-la-hemofilia-pediatria-IGSS-2018-10-768x503.jpg 768w, \/wp-content\/uploads\/sites\/5\/2018\/04\/Conmemoracion-Dia-mundial-de-la-hemofilia-pediatria-IGSS-2018-10.jpg 1024w, \/wp-content\/uploads\/sites\/5\/2018\/04\/Conmemoracion-Dia-mundial-de-la-hemofilia-pediatria-IGSS-2018-10-696x456.jpg 696w, \/wp-content\/uploads\/sites\/5\/2018\/04\/Conmemoracion-Dia-mundial-de-la-hemofilia-pediatria-IGSS-2018-10-534x350.jpg 534w, \/wp-content\/uploads\/sites\/5\/2018\/04\/Conmemoracion-Dia-mundial-de-la-hemofilia-pediatria-IGSS-2018-10-741x486.jpg 741w\" sizes=\"(max-width: 641px) 100vw, 641px\" alt=\"\">\r\n                            <\/a>\r\n                            \r\n                        <\/figure>\r\n                    <\/div>\r\n                            <\/div>\r\n                        <\/div>\r\n\r\n                        <div class = \"td-doubleSlider-2\">\r\n                            <div class = \"td-slider\">\r\n                                \r\n                    <div class = \"td-button td-item1\">\r\n                        <div class = \"td-border\"><\/div>\r\n                    <\/div>\r\n                    <div class = \"td-button td-item2\">\r\n                        <div class = \"td-border\"><\/div>\r\n                    <\/div>\r\n                    <div class = \"td-button td-item3\">\r\n                        <div class = \"td-border\"><\/div>\r\n                    <\/div>\r\n                    <div class = \"td-button td-item4\">\r\n                        <div class = \"td-border\"><\/div>\r\n                    <\/div>\r\n                    <div class = \"td-button td-item5\">\r\n                        <div class = \"td-border\"><\/div>\r\n                    <\/div>\r\n                    <div class = \"td-button td-item6\">\r\n                        <div class = \"td-border\"><\/div>\r\n                    <\/div>\r\n                    <div class = \"td-button td-item7\">\r\n                        <div class = \"td-border\"><\/div>\r\n                    <\/div>\r\n                    <div class = \"td-button td-item8\">\r\n                        <div class = \"td-border\"><\/div>\r\n                    <\/div>\r\n                    <div class = \"td-button td-item9\">\r\n                        <div class = \"td-border\"><\/div>\r\n                    <\/div>\r\n                    <div class = \"td-button td-item10\">\r\n                        <div class = \"td-border\"><\/div>\r\n                    <\/div>\r\n                            <\/div>\r\n                        <\/div>\r\n\r\n                    <\/div>\r\n\r\n                <\/div>\r\n                \n<hr \/>\n<p>&nbsp;<\/p>\n","protected":false},"excerpt":{"rendered":"<p>En el marco de la conmemoraci\u00f3n del D\u00eda Mundial de la Hemofilia, personal del Hospital General de Enfermedades del IGSS, realiz\u00f3 una actividad especial para los ni\u00f1os que padecen esa enfermedad. El objetivos es recordar a las personas con esta patolog\u00eda que pueden llevar vidas saludables, largas y productivas. Las palabras de bienvenida al evento [&hellip;]<\/p>\n","protected":false},"author":4,"featured_media":4533,"comment_status":"open","ping_status":"open","sticky":false,"template":"","format":"standard","meta":{"footnotes":""},"categories":[3,24,29,36],"tags":[372,381,468,490],"coauthors":[],"class_list":{"0":"post-4532","1":"post","2":"type-post","3":"status-publish","4":"format-standard","5":"has-post-thumbnail","7":"category-actualidad","8":"category-pediatria","9":"category-publicaciones","10":"category-unidades-medicas","11":"tag-dra-marilyn-ortiz","12":"tag-dra-silvia-olivia","13":"tag-hemofilia","14":"tag-igss"},"_links":{"self":[{"href":"https:\/\/www.igssgt.org\/noticias\/wp-json\/wp\/v2\/posts\/4532","targetHints":{"allow":["GET"]}}],"collection":[{"href":"https:\/\/www.igssgt.org\/noticias\/wp-json\/wp\/v2\/posts"}],"about":[{"href":"https:\/\/www.igssgt.org\/noticias\/wp-json\/wp\/v2\/types\/post"}],"author":[{"embeddable":true,"href":"https:\/\/www.igssgt.org\/noticias\/wp-json\/wp\/v2\/users\/4"}],"replies":[{"embeddable":true,"href":"https:\/\/www.igssgt.org\/noticias\/wp-json\/wp\/v2\/comments?post=4532"}],"version-history":[{"count":0,"href":"https:\/\/www.igssgt.org\/noticias\/wp-json\/wp\/v2\/posts\/4532\/revisions"}],"wp:featuredmedia":[{"embeddable":true,"href":"https:\/\/www.igssgt.org\/noticias\/wp-json\/wp\/v2\/media\/4533"}],"wp:attachment":[{"href":"https:\/\/www.igssgt.org\/noticias\/wp-json\/wp\/v2\/media?parent=4532"}],"wp:term":[{"taxonomy":"category","embeddable":true,"href":"https:\/\/www.igssgt.org\/noticias\/wp-json\/wp\/v2\/categories?post=4532"},{"taxonomy":"post_tag","embeddable":true,"href":"https:\/\/www.igssgt.org\/noticias\/wp-json\/wp\/v2\/tags?post=4532"},{"taxonomy":"author","embeddable":true,"href":"https:\/\/www.igssgt.org\/noticias\/wp-json\/wp\/v2\/coauthors?post=4532"}],"curies":[{"name":"wp","href":"https:\/\/api.w.org\/{rel}","templated":true}]}}