{"id":45571,"date":"2024-12-10T15:15:00","date_gmt":"2024-12-10T21:15:00","guid":{"rendered":"https:\/\/www.igssgt.org\/noticias\/?p=45571"},"modified":"2024-12-11T10:02:30","modified_gmt":"2024-12-11T16:02:30","slug":"emblematico-hospital-de-la-zona-6-se-robustece-con-mas-infraestructura-y-tecnologia","status":"publish","type":"post","link":"https:\/\/www.igssgt.org\/noticias\/2024\/12\/10\/emblematico-hospital-de-la-zona-6-se-robustece-con-mas-infraestructura-y-tecnologia\/","title":{"rendered":"Emblem\u00e1tico hospital de la zona 6 se robustece con\u00a0 m\u00e1s infraestructura y tecnolog\u00eda"},"content":{"rendered":"\n<p class=\"has-drop-cap\">Se llev\u00f3 a cabo otra contundente acci\u00f3n de las autoridades del Seguro Social para cerrar un gran a\u00f1o 2024 de Modernizaci\u00f3n Tecnol\u00f3gica Institucional, en el ic\u00f3nico Hospital General Dr. Juan Jos\u00e9 Ar\u00e9valo Bermejo.<\/p>\n\n\n\n<p>En este distintivo recinto, autoridades, encabezadas por el Lic. Jos\u00e9 Adolfo Flamenco Jau, presidente de Junta Directiva, entregaron nuevos y amplios espacios administrativos para los trabajadores en dos inmuebles aleda\u00f1os al hospital.<\/p>\n<p>Adem\u00e1s, se modernizaron las Cl\u00ednicas de Consulta Externa, Monitoreo Fetal, Neumolog\u00eda y Cardiolog\u00eda, y un robustecido Laboratorio Cl\u00ednico que se potencializ\u00f3 a nivel 4 que procesa por hora hasta 200 pruebas de hematolog\u00eda, 3800 de qu\u00edmica, 300 de inmunolog\u00eda y 116 de orina, entre otros servicios y atenciones del hospital.<\/p>\n<figure id=\"attachment_45568\" aria-describedby=\"caption-attachment-45568\" style=\"width: 1280px\" class=\"wp-caption aligncenter\"><a href=\"\/wp-content\/uploads\/sites\/5\/2024\/12\/Modernizacion-Hospital-General-Dr-Juan-Jose-Arevalo-Bermejo-IGSS-2024-11.jpg\"><img loading=\"lazy\" decoding=\"async\" class=\"wp-image-45568 size-full\" src=\"\/wp-content\/uploads\/sites\/5\/2024\/12\/Modernizacion-Hospital-General-Dr-Juan-Jose-Arevalo-Bermejo-IGSS-2024-11.jpg\" alt=\"\" width=\"1280\" height=\"854\" srcset=\"\/wp-content\/uploads\/sites\/5\/2024\/12\/Modernizacion-Hospital-General-Dr-Juan-Jose-Arevalo-Bermejo-IGSS-2024-11.jpg 1280w, \/wp-content\/uploads\/sites\/5\/2024\/12\/Modernizacion-Hospital-General-Dr-Juan-Jose-Arevalo-Bermejo-IGSS-2024-11-300x200.jpg 300w, \/wp-content\/uploads\/sites\/5\/2024\/12\/Modernizacion-Hospital-General-Dr-Juan-Jose-Arevalo-Bermejo-IGSS-2024-11-1024x683.jpg 1024w, \/wp-content\/uploads\/sites\/5\/2024\/12\/Modernizacion-Hospital-General-Dr-Juan-Jose-Arevalo-Bermejo-IGSS-2024-11-768x512.jpg 768w, \/wp-content\/uploads\/sites\/5\/2024\/12\/Modernizacion-Hospital-General-Dr-Juan-Jose-Arevalo-Bermejo-IGSS-2024-11-630x420.jpg 630w, \/wp-content\/uploads\/sites\/5\/2024\/12\/Modernizacion-Hospital-General-Dr-Juan-Jose-Arevalo-Bermejo-IGSS-2024-11-696x464.jpg 696w, \/wp-content\/uploads\/sites\/5\/2024\/12\/Modernizacion-Hospital-General-Dr-Juan-Jose-Arevalo-Bermejo-IGSS-2024-11-1068x713.jpg 1068w, \/wp-content\/uploads\/sites\/5\/2024\/12\/Modernizacion-Hospital-General-Dr-Juan-Jose-Arevalo-Bermejo-IGSS-2024-11-534x356.jpg 534w\" sizes=\"auto, (max-width: 1280px) 100vw, 1280px\" \/><\/a><figcaption id=\"caption-attachment-45568\" class=\"wp-caption-text\">Autoridades de Oficinas Centrales y del Hospital General Dr. Juan Jos\u00e9 Ar\u00e9valo Bermejo entregaron las mejoras que beneficiar\u00e1n a los afiliados.<\/figcaption><\/figure>\n<p>Estos servicios vienen acompa\u00f1ados de tecnolog\u00eda, como el sistema de gesti\u00f3n colas, entrega de medicamentos con huella digital, Laboratorio Cl\u00ednico nivel 4 y Centro de Datos, todo para brindar un servicio m\u00e1s \u00e1gil y eficiente. Con esta reubicaci\u00f3n, se eliminan riesgos a los asegurados al no visitar el \u00e1rea hospitalaria.<\/p>\n<p>La Dra. \u00c1ngela Arg\u00fcello, directora del hospital, destac\u00f3 y agradeci\u00f3 a las autoridades por el apoyo para el importante proyecto de reordenamiento que facilita y mejora la atenci\u00f3n. \u201cFelicito a los equipos de mantenimiento del nosocomio por hacer este trabajo en tiempo r\u00e9cord\u201d, agreg\u00f3.<\/p>\n<figure id=\"attachment_45558\" aria-describedby=\"caption-attachment-45558\" style=\"width: 1294px\" class=\"wp-caption aligncenter\"><a href=\"\/wp-content\/uploads\/sites\/5\/2024\/12\/Modernizacion-Hospital-General-Dr-Juan-Jose-Arevalo-Bermejo-IGSS-2024-1.jpg\"><img loading=\"lazy\" decoding=\"async\" class=\"wp-image-45558 size-full\" src=\"\/wp-content\/uploads\/sites\/5\/2024\/12\/Modernizacion-Hospital-General-Dr-Juan-Jose-Arevalo-Bermejo-IGSS-2024-1.jpg\" alt=\"\" width=\"1294\" height=\"924\" srcset=\"\/wp-content\/uploads\/sites\/5\/2024\/12\/Modernizacion-Hospital-General-Dr-Juan-Jose-Arevalo-Bermejo-IGSS-2024-1.jpg 1294w, \/wp-content\/uploads\/sites\/5\/2024\/12\/Modernizacion-Hospital-General-Dr-Juan-Jose-Arevalo-Bermejo-IGSS-2024-1-300x214.jpg 300w, \/wp-content\/uploads\/sites\/5\/2024\/12\/Modernizacion-Hospital-General-Dr-Juan-Jose-Arevalo-Bermejo-IGSS-2024-1-1024x731.jpg 1024w, \/wp-content\/uploads\/sites\/5\/2024\/12\/Modernizacion-Hospital-General-Dr-Juan-Jose-Arevalo-Bermejo-IGSS-2024-1-768x548.jpg 768w, \/wp-content\/uploads\/sites\/5\/2024\/12\/Modernizacion-Hospital-General-Dr-Juan-Jose-Arevalo-Bermejo-IGSS-2024-1-588x420.jpg 588w, \/wp-content\/uploads\/sites\/5\/2024\/12\/Modernizacion-Hospital-General-Dr-Juan-Jose-Arevalo-Bermejo-IGSS-2024-1-696x497.jpg 696w, \/wp-content\/uploads\/sites\/5\/2024\/12\/Modernizacion-Hospital-General-Dr-Juan-Jose-Arevalo-Bermejo-IGSS-2024-1-1068x763.jpg 1068w, \/wp-content\/uploads\/sites\/5\/2024\/12\/Modernizacion-Hospital-General-Dr-Juan-Jose-Arevalo-Bermejo-IGSS-2024-1-100x70.jpg 100w, \/wp-content\/uploads\/sites\/5\/2024\/12\/Modernizacion-Hospital-General-Dr-Juan-Jose-Arevalo-Bermejo-IGSS-2024-1-534x381.jpg 534w\" sizes=\"auto, (max-width: 1294px) 100vw, 1294px\" \/><\/a><figcaption id=\"caption-attachment-45558\" class=\"wp-caption-text\">El emblem\u00e1tico recinto de la zona 6 ha atendido a cerca de 443 mil pacientes en lo que va de 2024.<\/figcaption><\/figure>\n<p>As\u00ed, derechohabientes de las zonas 2, 6, 17, 18, 24 y 25 y de los municipios de Palencia Chinautla, San Pedro Ayampuc, Chuarrancho, San Jos\u00e9 del Golfo y de otras unidades a nivel metropolitano y departamental ser\u00e1n, como miles a nivel nacional, los m\u00e1s beneficiados con atenci\u00f3n digna y a la vista.\u00a0<\/p>\n<p>\u201cEste es el IGSS de hoy, el que se transforma para estar a la altura de las demandas de los asegurados. El 2025 viene con m\u00e1s innovaciones con la segunda y tercera fase de equipamientos. Hoy s\u00ed tenemos un IGSS m\u00e1s cerca de nuestra poblaci\u00f3n\u201d, asegur\u00f3 el Lic. Flamenco Jau, mientras recorr\u00eda las nuevas instalaciones.<\/p>\n\r\n                <style type=\"text\/css\">\r\n                    \r\n                    #tdi_1  .td-doubleSlider-2 .td-item1 {\r\n                        background: url(\/wp-content\/uploads\/sites\/5\/2024\/12\/Modernizacion-Hospital-General-Dr-Juan-Jose-Arevalo-Bermejo-IGSS-2024-8-80x60.jpg) 0 0 no-repeat;\r\n                    }\r\n                    #tdi_1  .td-doubleSlider-2 .td-item2 {\r\n                        background: url(\/wp-content\/uploads\/sites\/5\/2024\/12\/Modernizacion-Hospital-General-Dr-Juan-Jose-Arevalo-Bermejo-IGSS-2024-10-80x60.jpg) 0 0 no-repeat;\r\n                    }\r\n                    #tdi_1  .td-doubleSlider-2 .td-item3 {\r\n                        background: url(\/wp-content\/uploads\/sites\/5\/2024\/12\/Modernizacion-Hospital-General-Dr-Juan-Jose-Arevalo-Bermejo-IGSS-2024-4-80x60.jpg) 0 0 no-repeat;\r\n                    }\r\n                    #tdi_1  .td-doubleSlider-2 .td-item4 {\r\n                        background: url(\/wp-content\/uploads\/sites\/5\/2024\/12\/Modernizacion-Hospital-General-Dr-Juan-Jose-Arevalo-Bermejo-IGSS-2024-13-80x60.jpg) 0 0 no-repeat;\r\n                    }\r\n                    #tdi_1  .td-doubleSlider-2 .td-item5 {\r\n                        background: url(\/wp-content\/uploads\/sites\/5\/2024\/12\/Modernizacion-Hospital-General-Dr-Juan-Jose-Arevalo-Bermejo-IGSS-2024-7-80x60.jpg) 0 0 no-repeat;\r\n                    }\r\n                    #tdi_1  .td-doubleSlider-2 .td-item6 {\r\n                        background: url(\/wp-content\/uploads\/sites\/5\/2024\/12\/Modernizacion-Hospital-General-Dr-Juan-Jose-Arevalo-Bermejo-IGSS-2024-12-80x60.jpg) 0 0 no-repeat;\r\n                    }\r\n                    #tdi_1  .td-doubleSlider-2 .td-item7 {\r\n                        background: url(\/wp-content\/uploads\/sites\/5\/2024\/12\/Modernizacion-Hospital-General-Dr-Juan-Jose-Arevalo-Bermejo-IGSS-2024-2-80x60.jpg) 0 0 no-repeat;\r\n                    }\r\n                    #tdi_1  .td-doubleSlider-2 .td-item8 {\r\n                        background: url(\/wp-content\/uploads\/sites\/5\/2024\/12\/Modernizacion-Hospital-General-Dr-Juan-Jose-Arevalo-Bermejo-IGSS-2024-6-80x60.jpg) 0 0 no-repeat;\r\n                    }\r\n                    #tdi_1  .td-doubleSlider-2 .td-item9 {\r\n                        background: url(\/wp-content\/uploads\/sites\/5\/2024\/12\/Modernizacion-Hospital-General-Dr-Juan-Jose-Arevalo-Bermejo-IGSS-2024-5-80x60.jpg) 0 0 no-repeat;\r\n                    }\r\n                    #tdi_1  .td-doubleSlider-2 .td-item10 {\r\n                        background: url(\/wp-content\/uploads\/sites\/5\/2024\/12\/Modernizacion-Hospital-General-Dr-Juan-Jose-Arevalo-Bermejo-IGSS-2024-9-80x60.jpg) 0 0 no-repeat;\r\n                    }\r\n                    #tdi_1  .td-doubleSlider-2 .td-item11 {\r\n                        background: url(\/wp-content\/uploads\/sites\/5\/2024\/12\/Modernizacion-Hospital-General-Dr-Juan-Jose-Arevalo-Bermejo-IGSS-2024-11-80x60.jpg) 0 0 no-repeat;\r\n                    }\r\n                    #tdi_1  .td-doubleSlider-2 .td-item12 {\r\n                        background: url(\/wp-content\/uploads\/sites\/5\/2024\/12\/Modernizacion-Hospital-General-Dr-Juan-Jose-Arevalo-Bermejo-IGSS-2024-3-80x60.jpg) 0 0 no-repeat;\r\n                    }\r\n                    #tdi_1  .td-doubleSlider-2 .td-item13 {\r\n                        background: url(\/wp-content\/uploads\/sites\/5\/2024\/12\/Modernizacion-Hospital-General-Dr-Juan-Jose-Arevalo-Bermejo-IGSS-2024-1-80x60.jpg) 0 0 no-repeat;\r\n                    }\r\n                <\/style>\r\n\r\n                <div id=\"tdi_1\" class=\"td-gallery td-slide-on-2-columns\">\r\n                    <div class=\"post_td_gallery\">\r\n                        <div class=\"td-gallery-slide-top\">\r\n                           <div class=\"td-gallery-title\">Galer\u00eda de Im\u00e1genes<\/div>\r\n\r\n                            <div class=\"td-gallery-controls-wrapper\">\r\n                                <div class=\"td-gallery-slide-count\"><span class=\"td-gallery-slide-item-focus\">1<\/span> de 13<\/div>\r\n                                <div class=\"td-gallery-slide-prev-next-but\">\r\n                                    <i class = \"td-icon-left doubleSliderPrevButton\"><\/i>\r\n                                    <i class = \"td-icon-right doubleSliderNextButton\"><\/i>\r\n                                <\/div>\r\n                            <\/div>\r\n                        <\/div>\r\n\r\n                        <div class = \"td-doubleSlider-1 \">\r\n                            <div class = \"td-slider\">\r\n                                \r\n                    <div class = \"td-slide-item td-item1\">\r\n                        <figure class=\"td-slide-galery-figure td-slide-popup-gallery\">\r\n                            <a class=\"slide-gallery-image-link\" href=\"\/wp-content\/uploads\/sites\/5\/2024\/12\/Modernizacion-Hospital-General-Dr-Juan-Jose-Arevalo-Bermejo-IGSS-2024-8.jpg\" title=\"Modernizacio\u0301n Hospital General Dr Juan Jose Arevalo Bermejo IGSS 2024-8\"  data-caption=\"\"  data-description=\"\">\r\n                                <img decoding=\"async\" src=\"\/wp-content\/uploads\/sites\/5\/2024\/12\/Modernizacion-Hospital-General-Dr-Juan-Jose-Arevalo-Bermejo-IGSS-2024-8-560x420.jpg\" srcset=\"\/wp-content\/uploads\/sites\/5\/2024\/12\/Modernizacion-Hospital-General-Dr-Juan-Jose-Arevalo-Bermejo-IGSS-2024-8-560x420.jpg 560w, \/wp-content\/uploads\/sites\/5\/2024\/12\/Modernizacion-Hospital-General-Dr-Juan-Jose-Arevalo-Bermejo-IGSS-2024-8-300x225.jpg 300w, \/wp-content\/uploads\/sites\/5\/2024\/12\/Modernizacion-Hospital-General-Dr-Juan-Jose-Arevalo-Bermejo-IGSS-2024-8-1024x768.jpg 1024w, \/wp-content\/uploads\/sites\/5\/2024\/12\/Modernizacion-Hospital-General-Dr-Juan-Jose-Arevalo-Bermejo-IGSS-2024-8-768x576.jpg 768w, \/wp-content\/uploads\/sites\/5\/2024\/12\/Modernizacion-Hospital-General-Dr-Juan-Jose-Arevalo-Bermejo-IGSS-2024-8-80x60.jpg 80w, \/wp-content\/uploads\/sites\/5\/2024\/12\/Modernizacion-Hospital-General-Dr-Juan-Jose-Arevalo-Bermejo-IGSS-2024-8-696x522.jpg 696w, \/wp-content\/uploads\/sites\/5\/2024\/12\/Modernizacion-Hospital-General-Dr-Juan-Jose-Arevalo-Bermejo-IGSS-2024-8-1068x801.jpg 1068w, \/wp-content\/uploads\/sites\/5\/2024\/12\/Modernizacion-Hospital-General-Dr-Juan-Jose-Arevalo-Bermejo-IGSS-2024-8-265x198.jpg 265w, \/wp-content\/uploads\/sites\/5\/2024\/12\/Modernizacion-Hospital-General-Dr-Juan-Jose-Arevalo-Bermejo-IGSS-2024-8-534x401.jpg 534w, \/wp-content\/uploads\/sites\/5\/2024\/12\/Modernizacion-Hospital-General-Dr-Juan-Jose-Arevalo-Bermejo-IGSS-2024-8.jpg 1280w\" sizes=\"(max-width: 560px) 100vw, 560px\" alt=\"\">\r\n                            <\/a>\r\n                            \r\n                        <\/figure>\r\n                    <\/div>\r\n                    <div class = \"td-slide-item td-item2\">\r\n                        <figure class=\"td-slide-galery-figure td-slide-popup-gallery\">\r\n                            <a class=\"slide-gallery-image-link\" href=\"\/wp-content\/uploads\/sites\/5\/2024\/12\/Modernizacion-Hospital-General-Dr-Juan-Jose-Arevalo-Bermejo-IGSS-2024-10.jpg\" title=\"Modernizacio\u0301n Hospital General Dr Juan Jose Arevalo Bermejo IGSS 2024-10\"  data-caption=\"\"  data-description=\"\">\r\n                                <img decoding=\"async\" src=\"\/wp-content\/uploads\/sites\/5\/2024\/12\/Modernizacion-Hospital-General-Dr-Juan-Jose-Arevalo-Bermejo-IGSS-2024-10-630x420.jpg\" srcset=\"\/wp-content\/uploads\/sites\/5\/2024\/12\/Modernizacion-Hospital-General-Dr-Juan-Jose-Arevalo-Bermejo-IGSS-2024-10-630x420.jpg 630w, \/wp-content\/uploads\/sites\/5\/2024\/12\/Modernizacion-Hospital-General-Dr-Juan-Jose-Arevalo-Bermejo-IGSS-2024-10-300x200.jpg 300w, \/wp-content\/uploads\/sites\/5\/2024\/12\/Modernizacion-Hospital-General-Dr-Juan-Jose-Arevalo-Bermejo-IGSS-2024-10-1024x682.jpg 1024w, \/wp-content\/uploads\/sites\/5\/2024\/12\/Modernizacion-Hospital-General-Dr-Juan-Jose-Arevalo-Bermejo-IGSS-2024-10-768x512.jpg 768w, \/wp-content\/uploads\/sites\/5\/2024\/12\/Modernizacion-Hospital-General-Dr-Juan-Jose-Arevalo-Bermejo-IGSS-2024-10-1536x1023.jpg 1536w, \/wp-content\/uploads\/sites\/5\/2024\/12\/Modernizacion-Hospital-General-Dr-Juan-Jose-Arevalo-Bermejo-IGSS-2024-10-696x464.jpg 696w, \/wp-content\/uploads\/sites\/5\/2024\/12\/Modernizacion-Hospital-General-Dr-Juan-Jose-Arevalo-Bermejo-IGSS-2024-10-1068x712.jpg 1068w, \/wp-content\/uploads\/sites\/5\/2024\/12\/Modernizacion-Hospital-General-Dr-Juan-Jose-Arevalo-Bermejo-IGSS-2024-10-534x356.jpg 534w, \/wp-content\/uploads\/sites\/5\/2024\/12\/Modernizacion-Hospital-General-Dr-Juan-Jose-Arevalo-Bermejo-IGSS-2024-10.jpg 1600w\" sizes=\"(max-width: 630px) 100vw, 630px\" alt=\"\">\r\n                            <\/a>\r\n                            \r\n                        <\/figure>\r\n                    <\/div>\r\n                    <div class = \"td-slide-item td-item3\">\r\n                        <figure class=\"td-slide-galery-figure td-slide-popup-gallery\">\r\n                            <a class=\"slide-gallery-image-link\" href=\"\/wp-content\/uploads\/sites\/5\/2024\/12\/Modernizacion-Hospital-General-Dr-Juan-Jose-Arevalo-Bermejo-IGSS-2024-4.jpg\" title=\"Modernizacio\u0301n Hospital General Dr Juan Jose Arevalo Bermejo IGSS 2024-4\"  data-caption=\"\"  data-description=\"\">\r\n                                <img decoding=\"async\" src=\"\/wp-content\/uploads\/sites\/5\/2024\/12\/Modernizacion-Hospital-General-Dr-Juan-Jose-Arevalo-Bermejo-IGSS-2024-4-560x420.jpg\" srcset=\"\/wp-content\/uploads\/sites\/5\/2024\/12\/Modernizacion-Hospital-General-Dr-Juan-Jose-Arevalo-Bermejo-IGSS-2024-4-560x420.jpg 560w, \/wp-content\/uploads\/sites\/5\/2024\/12\/Modernizacion-Hospital-General-Dr-Juan-Jose-Arevalo-Bermejo-IGSS-2024-4-300x225.jpg 300w, \/wp-content\/uploads\/sites\/5\/2024\/12\/Modernizacion-Hospital-General-Dr-Juan-Jose-Arevalo-Bermejo-IGSS-2024-4-1024x768.jpg 1024w, \/wp-content\/uploads\/sites\/5\/2024\/12\/Modernizacion-Hospital-General-Dr-Juan-Jose-Arevalo-Bermejo-IGSS-2024-4-768x576.jpg 768w, \/wp-content\/uploads\/sites\/5\/2024\/12\/Modernizacion-Hospital-General-Dr-Juan-Jose-Arevalo-Bermejo-IGSS-2024-4-80x60.jpg 80w, \/wp-content\/uploads\/sites\/5\/2024\/12\/Modernizacion-Hospital-General-Dr-Juan-Jose-Arevalo-Bermejo-IGSS-2024-4-696x522.jpg 696w, \/wp-content\/uploads\/sites\/5\/2024\/12\/Modernizacion-Hospital-General-Dr-Juan-Jose-Arevalo-Bermejo-IGSS-2024-4-1068x801.jpg 1068w, \/wp-content\/uploads\/sites\/5\/2024\/12\/Modernizacion-Hospital-General-Dr-Juan-Jose-Arevalo-Bermejo-IGSS-2024-4-265x198.jpg 265w, \/wp-content\/uploads\/sites\/5\/2024\/12\/Modernizacion-Hospital-General-Dr-Juan-Jose-Arevalo-Bermejo-IGSS-2024-4-534x401.jpg 534w, \/wp-content\/uploads\/sites\/5\/2024\/12\/Modernizacion-Hospital-General-Dr-Juan-Jose-Arevalo-Bermejo-IGSS-2024-4.jpg 1280w\" sizes=\"(max-width: 560px) 100vw, 560px\" alt=\"\">\r\n                            <\/a>\r\n                            \r\n                        <\/figure>\r\n                    <\/div>\r\n                    <div class = \"td-slide-item td-item4\">\r\n                        <figure class=\"td-slide-galery-figure td-slide-popup-gallery\">\r\n                            <a class=\"slide-gallery-image-link\" href=\"\/wp-content\/uploads\/sites\/5\/2024\/12\/Modernizacion-Hospital-General-Dr-Juan-Jose-Arevalo-Bermejo-IGSS-2024-13.jpg\" title=\"Modernizacio\u0301n Hospital General Dr Juan Jose Arevalo Bermejo IGSS 2024-13\"  data-caption=\"\"  data-description=\"\">\r\n                                <img decoding=\"async\" src=\"\/wp-content\/uploads\/sites\/5\/2024\/12\/Modernizacion-Hospital-General-Dr-Juan-Jose-Arevalo-Bermejo-IGSS-2024-13-630x420.jpg\" srcset=\"\/wp-content\/uploads\/sites\/5\/2024\/12\/Modernizacion-Hospital-General-Dr-Juan-Jose-Arevalo-Bermejo-IGSS-2024-13-630x420.jpg 630w, \/wp-content\/uploads\/sites\/5\/2024\/12\/Modernizacion-Hospital-General-Dr-Juan-Jose-Arevalo-Bermejo-IGSS-2024-13-300x200.jpg 300w, \/wp-content\/uploads\/sites\/5\/2024\/12\/Modernizacion-Hospital-General-Dr-Juan-Jose-Arevalo-Bermejo-IGSS-2024-13-1024x682.jpg 1024w, \/wp-content\/uploads\/sites\/5\/2024\/12\/Modernizacion-Hospital-General-Dr-Juan-Jose-Arevalo-Bermejo-IGSS-2024-13-768x512.jpg 768w, \/wp-content\/uploads\/sites\/5\/2024\/12\/Modernizacion-Hospital-General-Dr-Juan-Jose-Arevalo-Bermejo-IGSS-2024-13-1536x1023.jpg 1536w, \/wp-content\/uploads\/sites\/5\/2024\/12\/Modernizacion-Hospital-General-Dr-Juan-Jose-Arevalo-Bermejo-IGSS-2024-13-696x464.jpg 696w, \/wp-content\/uploads\/sites\/5\/2024\/12\/Modernizacion-Hospital-General-Dr-Juan-Jose-Arevalo-Bermejo-IGSS-2024-13-1068x712.jpg 1068w, \/wp-content\/uploads\/sites\/5\/2024\/12\/Modernizacion-Hospital-General-Dr-Juan-Jose-Arevalo-Bermejo-IGSS-2024-13-534x356.jpg 534w, \/wp-content\/uploads\/sites\/5\/2024\/12\/Modernizacion-Hospital-General-Dr-Juan-Jose-Arevalo-Bermejo-IGSS-2024-13.jpg 1600w\" sizes=\"(max-width: 630px) 100vw, 630px\" alt=\"\">\r\n                            <\/a>\r\n                            \r\n                        <\/figure>\r\n                    <\/div>\r\n                    <div class = \"td-slide-item td-item5\">\r\n                        <figure class=\"td-slide-galery-figure td-slide-popup-gallery\">\r\n                            <a class=\"slide-gallery-image-link\" href=\"\/wp-content\/uploads\/sites\/5\/2024\/12\/Modernizacion-Hospital-General-Dr-Juan-Jose-Arevalo-Bermejo-IGSS-2024-7.jpg\" title=\"Modernizacio\u0301n Hospital General Dr Juan Jose Arevalo Bermejo IGSS 2024-7\"  data-caption=\"\"  data-description=\"\">\r\n                                <img decoding=\"async\" src=\"\/wp-content\/uploads\/sites\/5\/2024\/12\/Modernizacion-Hospital-General-Dr-Juan-Jose-Arevalo-Bermejo-IGSS-2024-7-560x420.jpg\" srcset=\"\/wp-content\/uploads\/sites\/5\/2024\/12\/Modernizacion-Hospital-General-Dr-Juan-Jose-Arevalo-Bermejo-IGSS-2024-7-560x420.jpg 560w, \/wp-content\/uploads\/sites\/5\/2024\/12\/Modernizacion-Hospital-General-Dr-Juan-Jose-Arevalo-Bermejo-IGSS-2024-7-300x225.jpg 300w, \/wp-content\/uploads\/sites\/5\/2024\/12\/Modernizacion-Hospital-General-Dr-Juan-Jose-Arevalo-Bermejo-IGSS-2024-7-1024x768.jpg 1024w, \/wp-content\/uploads\/sites\/5\/2024\/12\/Modernizacion-Hospital-General-Dr-Juan-Jose-Arevalo-Bermejo-IGSS-2024-7-768x576.jpg 768w, \/wp-content\/uploads\/sites\/5\/2024\/12\/Modernizacion-Hospital-General-Dr-Juan-Jose-Arevalo-Bermejo-IGSS-2024-7-80x60.jpg 80w, \/wp-content\/uploads\/sites\/5\/2024\/12\/Modernizacion-Hospital-General-Dr-Juan-Jose-Arevalo-Bermejo-IGSS-2024-7-696x522.jpg 696w, \/wp-content\/uploads\/sites\/5\/2024\/12\/Modernizacion-Hospital-General-Dr-Juan-Jose-Arevalo-Bermejo-IGSS-2024-7-1068x801.jpg 1068w, \/wp-content\/uploads\/sites\/5\/2024\/12\/Modernizacion-Hospital-General-Dr-Juan-Jose-Arevalo-Bermejo-IGSS-2024-7-265x198.jpg 265w, \/wp-content\/uploads\/sites\/5\/2024\/12\/Modernizacion-Hospital-General-Dr-Juan-Jose-Arevalo-Bermejo-IGSS-2024-7-534x401.jpg 534w, \/wp-content\/uploads\/sites\/5\/2024\/12\/Modernizacion-Hospital-General-Dr-Juan-Jose-Arevalo-Bermejo-IGSS-2024-7.jpg 1280w\" sizes=\"(max-width: 560px) 100vw, 560px\" alt=\"\">\r\n                            <\/a>\r\n                            \r\n                        <\/figure>\r\n                    <\/div>\r\n                    <div class = \"td-slide-item td-item6\">\r\n                        <figure class=\"td-slide-galery-figure td-slide-popup-gallery\">\r\n                            <a class=\"slide-gallery-image-link\" href=\"\/wp-content\/uploads\/sites\/5\/2024\/12\/Modernizacion-Hospital-General-Dr-Juan-Jose-Arevalo-Bermejo-IGSS-2024-12.jpg\" title=\"Modernizacio\u0301n Hospital General Dr Juan Jose Arevalo Bermejo IGSS 2024-12\"  data-caption=\"\"  data-description=\"\">\r\n                                <img decoding=\"async\" src=\"\/wp-content\/uploads\/sites\/5\/2024\/12\/Modernizacion-Hospital-General-Dr-Juan-Jose-Arevalo-Bermejo-IGSS-2024-12-560x420.jpg\" srcset=\"\/wp-content\/uploads\/sites\/5\/2024\/12\/Modernizacion-Hospital-General-Dr-Juan-Jose-Arevalo-Bermejo-IGSS-2024-12-560x420.jpg 560w, \/wp-content\/uploads\/sites\/5\/2024\/12\/Modernizacion-Hospital-General-Dr-Juan-Jose-Arevalo-Bermejo-IGSS-2024-12-300x225.jpg 300w, \/wp-content\/uploads\/sites\/5\/2024\/12\/Modernizacion-Hospital-General-Dr-Juan-Jose-Arevalo-Bermejo-IGSS-2024-12-1024x768.jpg 1024w, \/wp-content\/uploads\/sites\/5\/2024\/12\/Modernizacion-Hospital-General-Dr-Juan-Jose-Arevalo-Bermejo-IGSS-2024-12-768x576.jpg 768w, \/wp-content\/uploads\/sites\/5\/2024\/12\/Modernizacion-Hospital-General-Dr-Juan-Jose-Arevalo-Bermejo-IGSS-2024-12-80x60.jpg 80w, \/wp-content\/uploads\/sites\/5\/2024\/12\/Modernizacion-Hospital-General-Dr-Juan-Jose-Arevalo-Bermejo-IGSS-2024-12-696x522.jpg 696w, \/wp-content\/uploads\/sites\/5\/2024\/12\/Modernizacion-Hospital-General-Dr-Juan-Jose-Arevalo-Bermejo-IGSS-2024-12-1068x801.jpg 1068w, \/wp-content\/uploads\/sites\/5\/2024\/12\/Modernizacion-Hospital-General-Dr-Juan-Jose-Arevalo-Bermejo-IGSS-2024-12-265x198.jpg 265w, \/wp-content\/uploads\/sites\/5\/2024\/12\/Modernizacion-Hospital-General-Dr-Juan-Jose-Arevalo-Bermejo-IGSS-2024-12-534x401.jpg 534w, \/wp-content\/uploads\/sites\/5\/2024\/12\/Modernizacion-Hospital-General-Dr-Juan-Jose-Arevalo-Bermejo-IGSS-2024-12.jpg 1280w\" sizes=\"(max-width: 560px) 100vw, 560px\" alt=\"\">\r\n                            <\/a>\r\n                            \r\n                        <\/figure>\r\n                    <\/div>\r\n                    <div class = \"td-slide-item td-item7\">\r\n                        <figure class=\"td-slide-galery-figure td-slide-popup-gallery\">\r\n                            <a class=\"slide-gallery-image-link\" href=\"\/wp-content\/uploads\/sites\/5\/2024\/12\/Modernizacion-Hospital-General-Dr-Juan-Jose-Arevalo-Bermejo-IGSS-2024-2.jpg\" title=\"Modernizacio\u0301n Hospital General Dr Juan Jose Arevalo Bermejo IGSS 2024-2\"  data-caption=\"\"  data-description=\"\">\r\n                                <img decoding=\"async\" src=\"\/wp-content\/uploads\/sites\/5\/2024\/12\/Modernizacion-Hospital-General-Dr-Juan-Jose-Arevalo-Bermejo-IGSS-2024-2-630x420.jpg\" srcset=\"\/wp-content\/uploads\/sites\/5\/2024\/12\/Modernizacion-Hospital-General-Dr-Juan-Jose-Arevalo-Bermejo-IGSS-2024-2-630x420.jpg 630w, \/wp-content\/uploads\/sites\/5\/2024\/12\/Modernizacion-Hospital-General-Dr-Juan-Jose-Arevalo-Bermejo-IGSS-2024-2-300x200.jpg 300w, \/wp-content\/uploads\/sites\/5\/2024\/12\/Modernizacion-Hospital-General-Dr-Juan-Jose-Arevalo-Bermejo-IGSS-2024-2-1024x682.jpg 1024w, \/wp-content\/uploads\/sites\/5\/2024\/12\/Modernizacion-Hospital-General-Dr-Juan-Jose-Arevalo-Bermejo-IGSS-2024-2-768x512.jpg 768w, \/wp-content\/uploads\/sites\/5\/2024\/12\/Modernizacion-Hospital-General-Dr-Juan-Jose-Arevalo-Bermejo-IGSS-2024-2-1536x1023.jpg 1536w, \/wp-content\/uploads\/sites\/5\/2024\/12\/Modernizacion-Hospital-General-Dr-Juan-Jose-Arevalo-Bermejo-IGSS-2024-2-696x464.jpg 696w, \/wp-content\/uploads\/sites\/5\/2024\/12\/Modernizacion-Hospital-General-Dr-Juan-Jose-Arevalo-Bermejo-IGSS-2024-2-1068x712.jpg 1068w, \/wp-content\/uploads\/sites\/5\/2024\/12\/Modernizacion-Hospital-General-Dr-Juan-Jose-Arevalo-Bermejo-IGSS-2024-2-534x356.jpg 534w, \/wp-content\/uploads\/sites\/5\/2024\/12\/Modernizacion-Hospital-General-Dr-Juan-Jose-Arevalo-Bermejo-IGSS-2024-2.jpg 1600w\" sizes=\"(max-width: 630px) 100vw, 630px\" alt=\"\">\r\n                            <\/a>\r\n                            \r\n                        <\/figure>\r\n                    <\/div>\r\n                    <div class = \"td-slide-item td-item8\">\r\n                        <figure class=\"td-slide-galery-figure td-slide-popup-gallery\">\r\n                            <a class=\"slide-gallery-image-link\" href=\"\/wp-content\/uploads\/sites\/5\/2024\/12\/Modernizacion-Hospital-General-Dr-Juan-Jose-Arevalo-Bermejo-IGSS-2024-6.jpg\" title=\"Modernizacio\u0301n Hospital General Dr Juan Jose Arevalo Bermejo IGSS 2024-6\"  data-caption=\"\"  data-description=\"\">\r\n                                <img decoding=\"async\" src=\"\/wp-content\/uploads\/sites\/5\/2024\/12\/Modernizacion-Hospital-General-Dr-Juan-Jose-Arevalo-Bermejo-IGSS-2024-6-715x420.jpg\" srcset=\"\/wp-content\/uploads\/sites\/5\/2024\/12\/Modernizacion-Hospital-General-Dr-Juan-Jose-Arevalo-Bermejo-IGSS-2024-6-715x420.jpg 715w, \/wp-content\/uploads\/sites\/5\/2024\/12\/Modernizacion-Hospital-General-Dr-Juan-Jose-Arevalo-Bermejo-IGSS-2024-6-300x176.jpg 300w, \/wp-content\/uploads\/sites\/5\/2024\/12\/Modernizacion-Hospital-General-Dr-Juan-Jose-Arevalo-Bermejo-IGSS-2024-6-1024x601.jpg 1024w, \/wp-content\/uploads\/sites\/5\/2024\/12\/Modernizacion-Hospital-General-Dr-Juan-Jose-Arevalo-Bermejo-IGSS-2024-6-768x451.jpg 768w, \/wp-content\/uploads\/sites\/5\/2024\/12\/Modernizacion-Hospital-General-Dr-Juan-Jose-Arevalo-Bermejo-IGSS-2024-6-1536x902.jpg 1536w, \/wp-content\/uploads\/sites\/5\/2024\/12\/Modernizacion-Hospital-General-Dr-Juan-Jose-Arevalo-Bermejo-IGSS-2024-6-696x409.jpg 696w, \/wp-content\/uploads\/sites\/5\/2024\/12\/Modernizacion-Hospital-General-Dr-Juan-Jose-Arevalo-Bermejo-IGSS-2024-6-1068x627.jpg 1068w, \/wp-content\/uploads\/sites\/5\/2024\/12\/Modernizacion-Hospital-General-Dr-Juan-Jose-Arevalo-Bermejo-IGSS-2024-6-534x313.jpg 534w, \/wp-content\/uploads\/sites\/5\/2024\/12\/Modernizacion-Hospital-General-Dr-Juan-Jose-Arevalo-Bermejo-IGSS-2024-6.jpg 1574w\" sizes=\"(max-width: 715px) 100vw, 715px\" alt=\"\">\r\n                            <\/a>\r\n                            \r\n                        <\/figure>\r\n                    <\/div>\r\n                    <div class = \"td-slide-item td-item9\">\r\n                        <figure class=\"td-slide-galery-figure td-slide-popup-gallery\">\r\n                            <a class=\"slide-gallery-image-link\" href=\"\/wp-content\/uploads\/sites\/5\/2024\/12\/Modernizacion-Hospital-General-Dr-Juan-Jose-Arevalo-Bermejo-IGSS-2024-5.jpg\" title=\"Modernizacio\u0301n Hospital General Dr Juan Jose Arevalo Bermejo IGSS 2024-5\"  data-caption=\"\"  data-description=\"\">\r\n                                <img decoding=\"async\" src=\"\/wp-content\/uploads\/sites\/5\/2024\/12\/Modernizacion-Hospital-General-Dr-Juan-Jose-Arevalo-Bermejo-IGSS-2024-5-560x420.jpg\" srcset=\"\/wp-content\/uploads\/sites\/5\/2024\/12\/Modernizacion-Hospital-General-Dr-Juan-Jose-Arevalo-Bermejo-IGSS-2024-5-560x420.jpg 560w, \/wp-content\/uploads\/sites\/5\/2024\/12\/Modernizacion-Hospital-General-Dr-Juan-Jose-Arevalo-Bermejo-IGSS-2024-5-300x225.jpg 300w, \/wp-content\/uploads\/sites\/5\/2024\/12\/Modernizacion-Hospital-General-Dr-Juan-Jose-Arevalo-Bermejo-IGSS-2024-5-1024x768.jpg 1024w, \/wp-content\/uploads\/sites\/5\/2024\/12\/Modernizacion-Hospital-General-Dr-Juan-Jose-Arevalo-Bermejo-IGSS-2024-5-768x576.jpg 768w, \/wp-content\/uploads\/sites\/5\/2024\/12\/Modernizacion-Hospital-General-Dr-Juan-Jose-Arevalo-Bermejo-IGSS-2024-5-1536x1152.jpg 1536w, \/wp-content\/uploads\/sites\/5\/2024\/12\/Modernizacion-Hospital-General-Dr-Juan-Jose-Arevalo-Bermejo-IGSS-2024-5-80x60.jpg 80w, \/wp-content\/uploads\/sites\/5\/2024\/12\/Modernizacion-Hospital-General-Dr-Juan-Jose-Arevalo-Bermejo-IGSS-2024-5-696x522.jpg 696w, \/wp-content\/uploads\/sites\/5\/2024\/12\/Modernizacion-Hospital-General-Dr-Juan-Jose-Arevalo-Bermejo-IGSS-2024-5-1068x801.jpg 1068w, \/wp-content\/uploads\/sites\/5\/2024\/12\/Modernizacion-Hospital-General-Dr-Juan-Jose-Arevalo-Bermejo-IGSS-2024-5-265x198.jpg 265w, \/wp-content\/uploads\/sites\/5\/2024\/12\/Modernizacion-Hospital-General-Dr-Juan-Jose-Arevalo-Bermejo-IGSS-2024-5-534x401.jpg 534w, \/wp-content\/uploads\/sites\/5\/2024\/12\/Modernizacion-Hospital-General-Dr-Juan-Jose-Arevalo-Bermejo-IGSS-2024-5.jpg 1600w\" sizes=\"(max-width: 560px) 100vw, 560px\" alt=\"\">\r\n                            <\/a>\r\n                            \r\n                        <\/figure>\r\n                    <\/div>\r\n                    <div class = \"td-slide-item td-item10\">\r\n                        <figure class=\"td-slide-galery-figure td-slide-popup-gallery\">\r\n                            <a class=\"slide-gallery-image-link\" href=\"\/wp-content\/uploads\/sites\/5\/2024\/12\/Modernizacion-Hospital-General-Dr-Juan-Jose-Arevalo-Bermejo-IGSS-2024-9.jpg\" title=\"Modernizacio\u0301n Hospital General Dr Juan Jose Arevalo Bermejo IGSS 2024-9\"  data-caption=\"\"  data-description=\"\">\r\n                                <img decoding=\"async\" src=\"\/wp-content\/uploads\/sites\/5\/2024\/12\/Modernizacion-Hospital-General-Dr-Juan-Jose-Arevalo-Bermejo-IGSS-2024-9-630x420.jpg\" srcset=\"\/wp-content\/uploads\/sites\/5\/2024\/12\/Modernizacion-Hospital-General-Dr-Juan-Jose-Arevalo-Bermejo-IGSS-2024-9-630x420.jpg 630w, \/wp-content\/uploads\/sites\/5\/2024\/12\/Modernizacion-Hospital-General-Dr-Juan-Jose-Arevalo-Bermejo-IGSS-2024-9-300x200.jpg 300w, \/wp-content\/uploads\/sites\/5\/2024\/12\/Modernizacion-Hospital-General-Dr-Juan-Jose-Arevalo-Bermejo-IGSS-2024-9-1024x683.jpg 1024w, \/wp-content\/uploads\/sites\/5\/2024\/12\/Modernizacion-Hospital-General-Dr-Juan-Jose-Arevalo-Bermejo-IGSS-2024-9-768x512.jpg 768w, \/wp-content\/uploads\/sites\/5\/2024\/12\/Modernizacion-Hospital-General-Dr-Juan-Jose-Arevalo-Bermejo-IGSS-2024-9-696x464.jpg 696w, \/wp-content\/uploads\/sites\/5\/2024\/12\/Modernizacion-Hospital-General-Dr-Juan-Jose-Arevalo-Bermejo-IGSS-2024-9-1068x712.jpg 1068w, \/wp-content\/uploads\/sites\/5\/2024\/12\/Modernizacion-Hospital-General-Dr-Juan-Jose-Arevalo-Bermejo-IGSS-2024-9-534x356.jpg 534w, \/wp-content\/uploads\/sites\/5\/2024\/12\/Modernizacion-Hospital-General-Dr-Juan-Jose-Arevalo-Bermejo-IGSS-2024-9.jpg 1386w\" sizes=\"(max-width: 630px) 100vw, 630px\" alt=\"\">\r\n                            <\/a>\r\n                            \r\n                        <\/figure>\r\n                    <\/div>\r\n                    <div class = \"td-slide-item td-item11\">\r\n                        <figure class=\"td-slide-galery-figure td-slide-popup-gallery\">\r\n                            <a class=\"slide-gallery-image-link\" href=\"\/wp-content\/uploads\/sites\/5\/2024\/12\/Modernizacion-Hospital-General-Dr-Juan-Jose-Arevalo-Bermejo-IGSS-2024-11.jpg\" title=\"Modernizacio\u0301n Hospital General Dr Juan Jose Arevalo Bermejo IGSS 2024-11\"  data-caption=\"\"  data-description=\"\">\r\n                                <img decoding=\"async\" src=\"\/wp-content\/uploads\/sites\/5\/2024\/12\/Modernizacion-Hospital-General-Dr-Juan-Jose-Arevalo-Bermejo-IGSS-2024-11-630x420.jpg\" srcset=\"\/wp-content\/uploads\/sites\/5\/2024\/12\/Modernizacion-Hospital-General-Dr-Juan-Jose-Arevalo-Bermejo-IGSS-2024-11-630x420.jpg 630w, \/wp-content\/uploads\/sites\/5\/2024\/12\/Modernizacion-Hospital-General-Dr-Juan-Jose-Arevalo-Bermejo-IGSS-2024-11-300x200.jpg 300w, \/wp-content\/uploads\/sites\/5\/2024\/12\/Modernizacion-Hospital-General-Dr-Juan-Jose-Arevalo-Bermejo-IGSS-2024-11-1024x683.jpg 1024w, \/wp-content\/uploads\/sites\/5\/2024\/12\/Modernizacion-Hospital-General-Dr-Juan-Jose-Arevalo-Bermejo-IGSS-2024-11-768x512.jpg 768w, \/wp-content\/uploads\/sites\/5\/2024\/12\/Modernizacion-Hospital-General-Dr-Juan-Jose-Arevalo-Bermejo-IGSS-2024-11-696x464.jpg 696w, \/wp-content\/uploads\/sites\/5\/2024\/12\/Modernizacion-Hospital-General-Dr-Juan-Jose-Arevalo-Bermejo-IGSS-2024-11-1068x713.jpg 1068w, \/wp-content\/uploads\/sites\/5\/2024\/12\/Modernizacion-Hospital-General-Dr-Juan-Jose-Arevalo-Bermejo-IGSS-2024-11-534x356.jpg 534w, \/wp-content\/uploads\/sites\/5\/2024\/12\/Modernizacion-Hospital-General-Dr-Juan-Jose-Arevalo-Bermejo-IGSS-2024-11.jpg 1280w\" sizes=\"(max-width: 630px) 100vw, 630px\" alt=\"\">\r\n                            <\/a>\r\n                            \r\n                        <\/figure>\r\n                    <\/div>\r\n                    <div class = \"td-slide-item td-item12\">\r\n                        <figure class=\"td-slide-galery-figure td-slide-popup-gallery\">\r\n                            <a class=\"slide-gallery-image-link\" href=\"\/wp-content\/uploads\/sites\/5\/2024\/12\/Modernizacion-Hospital-General-Dr-Juan-Jose-Arevalo-Bermejo-IGSS-2024-3.jpg\" title=\"Modernizacio\u0301n Hospital General Dr Juan Jose Arevalo Bermejo IGSS 2024-3\"  data-caption=\"\"  data-description=\"\">\r\n                                <img decoding=\"async\" src=\"\/wp-content\/uploads\/sites\/5\/2024\/12\/Modernizacion-Hospital-General-Dr-Juan-Jose-Arevalo-Bermejo-IGSS-2024-3-909x420.jpg\" srcset=\"\/wp-content\/uploads\/sites\/5\/2024\/12\/Modernizacion-Hospital-General-Dr-Juan-Jose-Arevalo-Bermejo-IGSS-2024-3-909x420.jpg 909w, \/wp-content\/uploads\/sites\/5\/2024\/12\/Modernizacion-Hospital-General-Dr-Juan-Jose-Arevalo-Bermejo-IGSS-2024-3-300x139.jpg 300w, \/wp-content\/uploads\/sites\/5\/2024\/12\/Modernizacion-Hospital-General-Dr-Juan-Jose-Arevalo-Bermejo-IGSS-2024-3-1024x473.jpg 1024w, \/wp-content\/uploads\/sites\/5\/2024\/12\/Modernizacion-Hospital-General-Dr-Juan-Jose-Arevalo-Bermejo-IGSS-2024-3-768x355.jpg 768w, \/wp-content\/uploads\/sites\/5\/2024\/12\/Modernizacion-Hospital-General-Dr-Juan-Jose-Arevalo-Bermejo-IGSS-2024-3-1536x709.jpg 1536w, \/wp-content\/uploads\/sites\/5\/2024\/12\/Modernizacion-Hospital-General-Dr-Juan-Jose-Arevalo-Bermejo-IGSS-2024-3-696x321.jpg 696w, \/wp-content\/uploads\/sites\/5\/2024\/12\/Modernizacion-Hospital-General-Dr-Juan-Jose-Arevalo-Bermejo-IGSS-2024-3-1068x493.jpg 1068w, \/wp-content\/uploads\/sites\/5\/2024\/12\/Modernizacion-Hospital-General-Dr-Juan-Jose-Arevalo-Bermejo-IGSS-2024-3-534x247.jpg 534w, \/wp-content\/uploads\/sites\/5\/2024\/12\/Modernizacion-Hospital-General-Dr-Juan-Jose-Arevalo-Bermejo-IGSS-2024-3.jpg 1600w\" sizes=\"(max-width: 909px) 100vw, 909px\" alt=\"\">\r\n                            <\/a>\r\n                            \r\n                        <\/figure>\r\n                    <\/div>\r\n                    <div class = \"td-slide-item td-item13\">\r\n                        <figure class=\"td-slide-galery-figure td-slide-popup-gallery\">\r\n                            <a class=\"slide-gallery-image-link\" href=\"\/wp-content\/uploads\/sites\/5\/2024\/12\/Modernizacion-Hospital-General-Dr-Juan-Jose-Arevalo-Bermejo-IGSS-2024-1.jpg\" title=\"Modernizacio\u0301n Hospital General Dr Juan Jose Arevalo Bermejo IGSS 2024-1\"  data-caption=\"\"  data-description=\"\">\r\n                                <img decoding=\"async\" src=\"\/wp-content\/uploads\/sites\/5\/2024\/12\/Modernizacion-Hospital-General-Dr-Juan-Jose-Arevalo-Bermejo-IGSS-2024-1-588x420.jpg\" srcset=\"\/wp-content\/uploads\/sites\/5\/2024\/12\/Modernizacion-Hospital-General-Dr-Juan-Jose-Arevalo-Bermejo-IGSS-2024-1-588x420.jpg 588w, \/wp-content\/uploads\/sites\/5\/2024\/12\/Modernizacion-Hospital-General-Dr-Juan-Jose-Arevalo-Bermejo-IGSS-2024-1-300x214.jpg 300w, \/wp-content\/uploads\/sites\/5\/2024\/12\/Modernizacion-Hospital-General-Dr-Juan-Jose-Arevalo-Bermejo-IGSS-2024-1-1024x731.jpg 1024w, \/wp-content\/uploads\/sites\/5\/2024\/12\/Modernizacion-Hospital-General-Dr-Juan-Jose-Arevalo-Bermejo-IGSS-2024-1-768x548.jpg 768w, \/wp-content\/uploads\/sites\/5\/2024\/12\/Modernizacion-Hospital-General-Dr-Juan-Jose-Arevalo-Bermejo-IGSS-2024-1-696x497.jpg 696w, \/wp-content\/uploads\/sites\/5\/2024\/12\/Modernizacion-Hospital-General-Dr-Juan-Jose-Arevalo-Bermejo-IGSS-2024-1-1068x763.jpg 1068w, \/wp-content\/uploads\/sites\/5\/2024\/12\/Modernizacion-Hospital-General-Dr-Juan-Jose-Arevalo-Bermejo-IGSS-2024-1-100x70.jpg 100w, \/wp-content\/uploads\/sites\/5\/2024\/12\/Modernizacion-Hospital-General-Dr-Juan-Jose-Arevalo-Bermejo-IGSS-2024-1-534x381.jpg 534w, \/wp-content\/uploads\/sites\/5\/2024\/12\/Modernizacion-Hospital-General-Dr-Juan-Jose-Arevalo-Bermejo-IGSS-2024-1.jpg 1294w\" sizes=\"(max-width: 588px) 100vw, 588px\" alt=\"\">\r\n                            <\/a>\r\n                            \r\n                        <\/figure>\r\n                    <\/div>\r\n                            <\/div>\r\n                        <\/div>\r\n\r\n                        <div class = \"td-doubleSlider-2\">\r\n                            <div class = \"td-slider\">\r\n                                \r\n                    <div class = \"td-button td-item1\">\r\n                        <div class = \"td-border\"><\/div>\r\n                    <\/div>\r\n                    <div class = \"td-button td-item2\">\r\n                        <div class = \"td-border\"><\/div>\r\n                    <\/div>\r\n                    <div class = \"td-button td-item3\">\r\n                        <div class = \"td-border\"><\/div>\r\n                    <\/div>\r\n                    <div class = \"td-button td-item4\">\r\n                        <div class = \"td-border\"><\/div>\r\n                    <\/div>\r\n                    <div class = \"td-button td-item5\">\r\n                        <div class = \"td-border\"><\/div>\r\n                    <\/div>\r\n                    <div class = \"td-button td-item6\">\r\n                        <div class = \"td-border\"><\/div>\r\n                    <\/div>\r\n                    <div class = \"td-button td-item7\">\r\n                        <div class = \"td-border\"><\/div>\r\n                    <\/div>\r\n                    <div class = \"td-button td-item8\">\r\n                        <div class = \"td-border\"><\/div>\r\n                    <\/div>\r\n                    <div class = \"td-button td-item9\">\r\n                        <div class = \"td-border\"><\/div>\r\n                    <\/div>\r\n                    <div class = \"td-button td-item10\">\r\n                        <div class = \"td-border\"><\/div>\r\n                    <\/div>\r\n                    <div class = \"td-button td-item11\">\r\n                        <div class = \"td-border\"><\/div>\r\n                    <\/div>\r\n                    <div class = \"td-button td-item12\">\r\n                        <div class = \"td-border\"><\/div>\r\n                    <\/div>\r\n                    <div class = \"td-button td-item13\">\r\n                        <div class = \"td-border\"><\/div>\r\n                    <\/div>\r\n                            <\/div>\r\n                        <\/div>\r\n\r\n                    <\/div>\r\n\r\n                <\/div>\r\n                \n","protected":false},"excerpt":{"rendered":"<p>Se llev\u00f3 a cabo otra contundente acci\u00f3n de las autoridades del Seguro Social para cerrar un gran a\u00f1o 2024 de Modernizaci\u00f3n Tecnol\u00f3gica Institucional, en el ic\u00f3nico Hospital General Dr. Juan Jos\u00e9 Ar\u00e9valo Bermejo.<\/p>\n<p>Se modernizaron las Cl\u00ednicas de Consulta Externa, Monitoreo Fetal, Neumolog\u00eda y Cardiolog\u00eda, y un robustecido Laboratorio Cl\u00ednico que se potencializ\u00f3 a nivel 4 que procesa por hora hasta 200 pruebas de hematolog\u00eda, 3800 de qu\u00edmica, 300 de inmunolog\u00eda y 116 de orina, entre otros servicios y atenciones del hospital.<\/p>\n","protected":false},"author":4,"featured_media":45566,"comment_status":"closed","ping_status":"closed","sticky":false,"template":"","format":"standard","meta":{"footnotes":""},"categories":[3,18],"tags":[1367,506,1945],"coauthors":[],"class_list":{"0":"post-45571","1":"post","2":"type-post","3":"status-publish","4":"format-standard","5":"has-post-thumbnail","7":"category-actualidad","8":"category-equipamiento-e-infraestructura","9":"tag-equipamiento","10":"tag-infraestructura","11":"tag-modernizacion"},"_links":{"self":[{"href":"https:\/\/www.igssgt.org\/noticias\/wp-json\/wp\/v2\/posts\/45571","targetHints":{"allow":["GET"]}}],"collection":[{"href":"https:\/\/www.igssgt.org\/noticias\/wp-json\/wp\/v2\/posts"}],"about":[{"href":"https:\/\/www.igssgt.org\/noticias\/wp-json\/wp\/v2\/types\/post"}],"author":[{"embeddable":true,"href":"https:\/\/www.igssgt.org\/noticias\/wp-json\/wp\/v2\/users\/4"}],"replies":[{"embeddable":true,"href":"https:\/\/www.igssgt.org\/noticias\/wp-json\/wp\/v2\/comments?post=45571"}],"version-history":[{"count":3,"href":"https:\/\/www.igssgt.org\/noticias\/wp-json\/wp\/v2\/posts\/45571\/revisions"}],"predecessor-version":[{"id":45574,"href":"https:\/\/www.igssgt.org\/noticias\/wp-json\/wp\/v2\/posts\/45571\/revisions\/45574"}],"wp:featuredmedia":[{"embeddable":true,"href":"https:\/\/www.igssgt.org\/noticias\/wp-json\/wp\/v2\/media\/45566"}],"wp:attachment":[{"href":"https:\/\/www.igssgt.org\/noticias\/wp-json\/wp\/v2\/media?parent=45571"}],"wp:term":[{"taxonomy":"category","embeddable":true,"href":"https:\/\/www.igssgt.org\/noticias\/wp-json\/wp\/v2\/categories?post=45571"},{"taxonomy":"post_tag","embeddable":true,"href":"https:\/\/www.igssgt.org\/noticias\/wp-json\/wp\/v2\/tags?post=45571"},{"taxonomy":"author","embeddable":true,"href":"https:\/\/www.igssgt.org\/noticias\/wp-json\/wp\/v2\/coauthors?post=45571"}],"curies":[{"name":"wp","href":"https:\/\/api.w.org\/{rel}","templated":true}]}}