{"id":4562,"date":"2018-04-18T14:00:03","date_gmt":"2018-04-18T20:00:03","guid":{"rendered":"http:\/\/noticias.igssgt.org\/?p=4562"},"modified":"2018-04-18T14:00:03","modified_gmt":"2018-04-18T20:00:03","slug":"se-inicia-cuarta-jornada-preventiva-de-cancer-uterino-en-la-unidad-periferica-zona-5","status":"publish","type":"post","link":"https:\/\/www.igssgt.org\/noticias\/2018\/04\/18\/se-inicia-cuarta-jornada-preventiva-de-cancer-uterino-en-la-unidad-periferica-zona-5\/","title":{"rendered":"Se inicia cuarta jornada preventiva de c\u00e1ncer uterino en la Unidad Perif\u00e9rica, zona 5"},"content":{"rendered":"<p>Con la finalidad de prevenir que las derechohabientes de la Unidad Perif\u00e9rica del IGSS zona 5 padezcan del c\u00e1ncer uterino, se inici\u00f3 la cuarta jornada de pruebas de Papanicolaou. La jornada se realizar\u00e1 del 18 al 20 de marzo, de 8:00 a 16:00 horas.<\/p>\n<p>Entre los objetivos de esta jornada es aumentar la detecci\u00f3n temprana de la presencia de lesiones o patolog\u00edas malignas que puedan causar c\u00e1ncer cervicouterino, indic\u00f3 el doctor Carlos Argueta, subdirector m\u00e9dico de esa Perif\u00e9rica.<\/p>\n<p>Para realizarse la prueba de Papanicolaou es necesario que las pacientes sean afiliadas al Instituto, presenten su certificado de trabajo o bien su hoja de referencia de la unidad donde son atendidas con frecuencia, inform\u00f3 la doctora Silvana Esp\u00f3sito, jefe de la Consulta Externa de esa Unidad.<\/p>\n<p>&nbsp;<\/p>\n\r\n                <style type=\"text\/css\">\r\n                    \r\n                    #tdi_1  .td-doubleSlider-2 .td-item1 {\r\n                        background: url(\/wp-content\/uploads\/sites\/5\/2018\/04\/Cuarta-jornada-preventiva-de-cancer-uterino-periferica-zona-5-igss-1-80x60.jpg) 0 0 no-repeat;\r\n                    }\r\n                    #tdi_1  .td-doubleSlider-2 .td-item2 {\r\n                        background: url(\/wp-content\/uploads\/sites\/5\/2018\/04\/Cuarta-jornada-preventiva-de-cancer-uterino-periferica-zona-5-igss-2-80x60.jpg) 0 0 no-repeat;\r\n                    }\r\n                    #tdi_1  .td-doubleSlider-2 .td-item3 {\r\n                        background: url(\/wp-content\/uploads\/sites\/5\/2018\/04\/Cuarta-jornada-preventiva-de-cancer-uterino-periferica-zona-5-igss-3-80x60.jpg) 0 0 no-repeat;\r\n                    }\r\n                    #tdi_1  .td-doubleSlider-2 .td-item4 {\r\n                        background: url(\/wp-content\/uploads\/sites\/5\/2018\/04\/Cuarta-jornada-preventiva-de-cancer-uterino-periferica-zona-5-igss-4-80x60.jpg) 0 0 no-repeat;\r\n                    }\r\n                    #tdi_1  .td-doubleSlider-2 .td-item5 {\r\n                        background: url(\/wp-content\/uploads\/sites\/5\/2018\/04\/Cuarta-jornada-preventiva-de-cancer-uterino-periferica-zona-5-igss-5-80x60.jpg) 0 0 no-repeat;\r\n                    }\r\n                    #tdi_1  .td-doubleSlider-2 .td-item6 {\r\n                        background: url(\/wp-content\/uploads\/sites\/5\/2018\/04\/Cuarta-jornada-preventiva-de-cancer-uterino-periferica-zona-5-igss-6-80x60.jpg) 0 0 no-repeat;\r\n                    }\r\n                    #tdi_1  .td-doubleSlider-2 .td-item7 {\r\n                        background: url(\/wp-content\/uploads\/sites\/5\/2018\/04\/Cuarta-jornada-preventiva-de-cancer-uterino-periferica-zona-5-igss-7-80x60.jpg) 0 0 no-repeat;\r\n                    }\r\n                <\/style>\r\n\r\n                <div id=\"tdi_1\" class=\"td-gallery td-slide-on-2-columns\">\r\n                    <div class=\"post_td_gallery\">\r\n                        <div class=\"td-gallery-slide-top\">\r\n                           <div class=\"td-gallery-title\"><\/div>\r\n\r\n                            <div class=\"td-gallery-controls-wrapper\">\r\n                                <div class=\"td-gallery-slide-count\"><span class=\"td-gallery-slide-item-focus\">1<\/span> de 7<\/div>\r\n                                <div class=\"td-gallery-slide-prev-next-but\">\r\n                                    <i class = \"td-icon-left doubleSliderPrevButton\"><\/i>\r\n                                    <i class = \"td-icon-right doubleSliderNextButton\"><\/i>\r\n                                <\/div>\r\n                            <\/div>\r\n                        <\/div>\r\n\r\n                        <div class = \"td-doubleSlider-1 \">\r\n                            <div class = \"td-slider\">\r\n                                \r\n                    <div class = \"td-slide-item td-item1\">\r\n                        <figure class=\"td-slide-galery-figure td-slide-popup-gallery\">\r\n                            <a class=\"slide-gallery-image-link\" href=\"\/wp-content\/uploads\/sites\/5\/2018\/04\/Cuarta-jornada-preventiva-de-cancer-uterino-periferica-zona-5-igss-1.jpg\" title=\"Cuarta jornada preventiva de cancer uterino periferica zona 5 igss-1\"  data-caption=\"\"  data-description=\"\">\r\n                                <img decoding=\"async\" src=\"\/wp-content\/uploads\/sites\/5\/2018\/04\/Cuarta-jornada-preventiva-de-cancer-uterino-periferica-zona-5-igss-1-630x420.jpg\" srcset=\"\/wp-content\/uploads\/sites\/5\/2018\/04\/Cuarta-jornada-preventiva-de-cancer-uterino-periferica-zona-5-igss-1-630x420.jpg 630w, \/wp-content\/uploads\/sites\/5\/2018\/04\/Cuarta-jornada-preventiva-de-cancer-uterino-periferica-zona-5-igss-1-300x200.jpg 300w, \/wp-content\/uploads\/sites\/5\/2018\/04\/Cuarta-jornada-preventiva-de-cancer-uterino-periferica-zona-5-igss-1-768x512.jpg 768w, \/wp-content\/uploads\/sites\/5\/2018\/04\/Cuarta-jornada-preventiva-de-cancer-uterino-periferica-zona-5-igss-1-1024x683.jpg 1024w, \/wp-content\/uploads\/sites\/5\/2018\/04\/Cuarta-jornada-preventiva-de-cancer-uterino-periferica-zona-5-igss-1-696x464.jpg 696w, \/wp-content\/uploads\/sites\/5\/2018\/04\/Cuarta-jornada-preventiva-de-cancer-uterino-periferica-zona-5-igss-1-1068x712.jpg 1068w, \/wp-content\/uploads\/sites\/5\/2018\/04\/Cuarta-jornada-preventiva-de-cancer-uterino-periferica-zona-5-igss-1-534x356.jpg 534w, \/wp-content\/uploads\/sites\/5\/2018\/04\/Cuarta-jornada-preventiva-de-cancer-uterino-periferica-zona-5-igss-1.jpg 1440w\" sizes=\"(max-width: 630px) 100vw, 630px\" alt=\"\">\r\n                            <\/a>\r\n                            \r\n                        <\/figure>\r\n                    <\/div>\r\n                    <div class = \"td-slide-item td-item2\">\r\n                        <figure class=\"td-slide-galery-figure td-slide-popup-gallery\">\r\n                            <a class=\"slide-gallery-image-link\" href=\"\/wp-content\/uploads\/sites\/5\/2018\/04\/Cuarta-jornada-preventiva-de-cancer-uterino-periferica-zona-5-igss-2.jpg\" title=\"Cuarta jornada preventiva de cancer uterino periferica zona 5 igss-2\"  data-caption=\"\"  data-description=\"\">\r\n                                <img decoding=\"async\" src=\"\/wp-content\/uploads\/sites\/5\/2018\/04\/Cuarta-jornada-preventiva-de-cancer-uterino-periferica-zona-5-igss-2-630x420.jpg\" srcset=\"\/wp-content\/uploads\/sites\/5\/2018\/04\/Cuarta-jornada-preventiva-de-cancer-uterino-periferica-zona-5-igss-2-630x420.jpg 630w, \/wp-content\/uploads\/sites\/5\/2018\/04\/Cuarta-jornada-preventiva-de-cancer-uterino-periferica-zona-5-igss-2-300x200.jpg 300w, \/wp-content\/uploads\/sites\/5\/2018\/04\/Cuarta-jornada-preventiva-de-cancer-uterino-periferica-zona-5-igss-2-768x512.jpg 768w, \/wp-content\/uploads\/sites\/5\/2018\/04\/Cuarta-jornada-preventiva-de-cancer-uterino-periferica-zona-5-igss-2-1024x683.jpg 1024w, \/wp-content\/uploads\/sites\/5\/2018\/04\/Cuarta-jornada-preventiva-de-cancer-uterino-periferica-zona-5-igss-2-696x464.jpg 696w, \/wp-content\/uploads\/sites\/5\/2018\/04\/Cuarta-jornada-preventiva-de-cancer-uterino-periferica-zona-5-igss-2-1068x712.jpg 1068w, \/wp-content\/uploads\/sites\/5\/2018\/04\/Cuarta-jornada-preventiva-de-cancer-uterino-periferica-zona-5-igss-2-534x356.jpg 534w, \/wp-content\/uploads\/sites\/5\/2018\/04\/Cuarta-jornada-preventiva-de-cancer-uterino-periferica-zona-5-igss-2.jpg 1440w\" sizes=\"(max-width: 630px) 100vw, 630px\" alt=\"\">\r\n                            <\/a>\r\n                            \r\n                        <\/figure>\r\n                    <\/div>\r\n                    <div class = \"td-slide-item td-item3\">\r\n                        <figure class=\"td-slide-galery-figure td-slide-popup-gallery\">\r\n                            <a class=\"slide-gallery-image-link\" href=\"\/wp-content\/uploads\/sites\/5\/2018\/04\/Cuarta-jornada-preventiva-de-cancer-uterino-periferica-zona-5-igss-3.jpg\" title=\"Cuarta jornada preventiva de cancer uterino periferica zona 5 igss-3\"  data-caption=\"\"  data-description=\"\">\r\n                                <img decoding=\"async\" src=\"\/wp-content\/uploads\/sites\/5\/2018\/04\/Cuarta-jornada-preventiva-de-cancer-uterino-periferica-zona-5-igss-3-630x420.jpg\" srcset=\"\/wp-content\/uploads\/sites\/5\/2018\/04\/Cuarta-jornada-preventiva-de-cancer-uterino-periferica-zona-5-igss-3-630x420.jpg 630w, \/wp-content\/uploads\/sites\/5\/2018\/04\/Cuarta-jornada-preventiva-de-cancer-uterino-periferica-zona-5-igss-3-1536x1024.jpg 1536w, \/wp-content\/uploads\/sites\/5\/2018\/04\/Cuarta-jornada-preventiva-de-cancer-uterino-periferica-zona-5-igss-3-300x200.jpg 300w, \/wp-content\/uploads\/sites\/5\/2018\/04\/Cuarta-jornada-preventiva-de-cancer-uterino-periferica-zona-5-igss-3-768x512.jpg 768w, \/wp-content\/uploads\/sites\/5\/2018\/04\/Cuarta-jornada-preventiva-de-cancer-uterino-periferica-zona-5-igss-3-1024x683.jpg 1024w, \/wp-content\/uploads\/sites\/5\/2018\/04\/Cuarta-jornada-preventiva-de-cancer-uterino-periferica-zona-5-igss-3-696x464.jpg 696w, \/wp-content\/uploads\/sites\/5\/2018\/04\/Cuarta-jornada-preventiva-de-cancer-uterino-periferica-zona-5-igss-3-1068x712.jpg 1068w, \/wp-content\/uploads\/sites\/5\/2018\/04\/Cuarta-jornada-preventiva-de-cancer-uterino-periferica-zona-5-igss-3-534x356.jpg 534w, \/wp-content\/uploads\/sites\/5\/2018\/04\/Cuarta-jornada-preventiva-de-cancer-uterino-periferica-zona-5-igss-3.jpg 1860w\" sizes=\"(max-width: 630px) 100vw, 630px\" alt=\"\">\r\n                            <\/a>\r\n                            \r\n                        <\/figure>\r\n                    <\/div>\r\n                    <div class = \"td-slide-item td-item4\">\r\n                        <figure class=\"td-slide-galery-figure td-slide-popup-gallery\">\r\n                            <a class=\"slide-gallery-image-link\" href=\"\/wp-content\/uploads\/sites\/5\/2018\/04\/Cuarta-jornada-preventiva-de-cancer-uterino-periferica-zona-5-igss-4.jpg\" title=\"Cuarta jornada preventiva de cancer uterino periferica zona 5 igss-4\"  data-caption=\"\"  data-description=\"\">\r\n                                <img decoding=\"async\" src=\"\/wp-content\/uploads\/sites\/5\/2018\/04\/Cuarta-jornada-preventiva-de-cancer-uterino-periferica-zona-5-igss-4-630x420.jpg\" srcset=\"\/wp-content\/uploads\/sites\/5\/2018\/04\/Cuarta-jornada-preventiva-de-cancer-uterino-periferica-zona-5-igss-4-630x420.jpg 630w, \/wp-content\/uploads\/sites\/5\/2018\/04\/Cuarta-jornada-preventiva-de-cancer-uterino-periferica-zona-5-igss-4-300x200.jpg 300w, \/wp-content\/uploads\/sites\/5\/2018\/04\/Cuarta-jornada-preventiva-de-cancer-uterino-periferica-zona-5-igss-4-768x512.jpg 768w, \/wp-content\/uploads\/sites\/5\/2018\/04\/Cuarta-jornada-preventiva-de-cancer-uterino-periferica-zona-5-igss-4-1024x683.jpg 1024w, \/wp-content\/uploads\/sites\/5\/2018\/04\/Cuarta-jornada-preventiva-de-cancer-uterino-periferica-zona-5-igss-4-696x464.jpg 696w, \/wp-content\/uploads\/sites\/5\/2018\/04\/Cuarta-jornada-preventiva-de-cancer-uterino-periferica-zona-5-igss-4-1068x712.jpg 1068w, \/wp-content\/uploads\/sites\/5\/2018\/04\/Cuarta-jornada-preventiva-de-cancer-uterino-periferica-zona-5-igss-4-534x356.jpg 534w, \/wp-content\/uploads\/sites\/5\/2018\/04\/Cuarta-jornada-preventiva-de-cancer-uterino-periferica-zona-5-igss-4.jpg 1440w\" sizes=\"(max-width: 630px) 100vw, 630px\" alt=\"\">\r\n                            <\/a>\r\n                            \r\n                        <\/figure>\r\n                    <\/div>\r\n                    <div class = \"td-slide-item td-item5\">\r\n                        <figure class=\"td-slide-galery-figure td-slide-popup-gallery\">\r\n                            <a class=\"slide-gallery-image-link\" href=\"\/wp-content\/uploads\/sites\/5\/2018\/04\/Cuarta-jornada-preventiva-de-cancer-uterino-periferica-zona-5-igss-5.jpg\" title=\"Cuarta jornada preventiva de cancer uterino periferica zona 5 igss-5\"  data-caption=\"\"  data-description=\"\">\r\n                                <img decoding=\"async\" src=\"\/wp-content\/uploads\/sites\/5\/2018\/04\/Cuarta-jornada-preventiva-de-cancer-uterino-periferica-zona-5-igss-5-630x420.jpg\" srcset=\"\/wp-content\/uploads\/sites\/5\/2018\/04\/Cuarta-jornada-preventiva-de-cancer-uterino-periferica-zona-5-igss-5-630x420.jpg 630w, \/wp-content\/uploads\/sites\/5\/2018\/04\/Cuarta-jornada-preventiva-de-cancer-uterino-periferica-zona-5-igss-5-300x200.jpg 300w, \/wp-content\/uploads\/sites\/5\/2018\/04\/Cuarta-jornada-preventiva-de-cancer-uterino-periferica-zona-5-igss-5-768x512.jpg 768w, \/wp-content\/uploads\/sites\/5\/2018\/04\/Cuarta-jornada-preventiva-de-cancer-uterino-periferica-zona-5-igss-5-1024x683.jpg 1024w, \/wp-content\/uploads\/sites\/5\/2018\/04\/Cuarta-jornada-preventiva-de-cancer-uterino-periferica-zona-5-igss-5-696x464.jpg 696w, \/wp-content\/uploads\/sites\/5\/2018\/04\/Cuarta-jornada-preventiva-de-cancer-uterino-periferica-zona-5-igss-5-1068x712.jpg 1068w, \/wp-content\/uploads\/sites\/5\/2018\/04\/Cuarta-jornada-preventiva-de-cancer-uterino-periferica-zona-5-igss-5-534x356.jpg 534w, \/wp-content\/uploads\/sites\/5\/2018\/04\/Cuarta-jornada-preventiva-de-cancer-uterino-periferica-zona-5-igss-5.jpg 1440w\" sizes=\"(max-width: 630px) 100vw, 630px\" alt=\"\">\r\n                            <\/a>\r\n                            \r\n                        <\/figure>\r\n                    <\/div>\r\n                    <div class = \"td-slide-item td-item6\">\r\n                        <figure class=\"td-slide-galery-figure td-slide-popup-gallery\">\r\n                            <a class=\"slide-gallery-image-link\" href=\"\/wp-content\/uploads\/sites\/5\/2018\/04\/Cuarta-jornada-preventiva-de-cancer-uterino-periferica-zona-5-igss-6.jpg\" title=\"Cuarta jornada preventiva de cancer uterino periferica zona 5 igss-6\"  data-caption=\"\"  data-description=\"\">\r\n                                <img decoding=\"async\" src=\"\/wp-content\/uploads\/sites\/5\/2018\/04\/Cuarta-jornada-preventiva-de-cancer-uterino-periferica-zona-5-igss-6-467x420.jpg\" srcset=\"\/wp-content\/uploads\/sites\/5\/2018\/04\/Cuarta-jornada-preventiva-de-cancer-uterino-periferica-zona-5-igss-6-467x420.jpg 467w, \/wp-content\/uploads\/sites\/5\/2018\/04\/Cuarta-jornada-preventiva-de-cancer-uterino-periferica-zona-5-igss-6-300x270.jpg 300w, \/wp-content\/uploads\/sites\/5\/2018\/04\/Cuarta-jornada-preventiva-de-cancer-uterino-periferica-zona-5-igss-6-768x690.jpg 768w, \/wp-content\/uploads\/sites\/5\/2018\/04\/Cuarta-jornada-preventiva-de-cancer-uterino-periferica-zona-5-igss-6-1024x920.jpg 1024w, \/wp-content\/uploads\/sites\/5\/2018\/04\/Cuarta-jornada-preventiva-de-cancer-uterino-periferica-zona-5-igss-6-696x625.jpg 696w, \/wp-content\/uploads\/sites\/5\/2018\/04\/Cuarta-jornada-preventiva-de-cancer-uterino-periferica-zona-5-igss-6-1068x960.jpg 1068w, \/wp-content\/uploads\/sites\/5\/2018\/04\/Cuarta-jornada-preventiva-de-cancer-uterino-periferica-zona-5-igss-6-514x462.jpg 514w, \/wp-content\/uploads\/sites\/5\/2018\/04\/Cuarta-jornada-preventiva-de-cancer-uterino-periferica-zona-5-igss-6.jpg 1440w\" sizes=\"(max-width: 467px) 100vw, 467px\" alt=\"\">\r\n                            <\/a>\r\n                            \r\n                        <\/figure>\r\n                    <\/div>\r\n                    <div class = \"td-slide-item td-item7\">\r\n                        <figure class=\"td-slide-galery-figure td-slide-popup-gallery\">\r\n                            <a class=\"slide-gallery-image-link\" href=\"\/wp-content\/uploads\/sites\/5\/2018\/04\/Cuarta-jornada-preventiva-de-cancer-uterino-periferica-zona-5-igss-7.jpg\" title=\"Cuarta jornada preventiva de cancer uterino periferica zona 5 igss-7\"  data-caption=\"\"  data-description=\"\">\r\n                                <img decoding=\"async\" src=\"\/wp-content\/uploads\/sites\/5\/2018\/04\/Cuarta-jornada-preventiva-de-cancer-uterino-periferica-zona-5-igss-7-630x420.jpg\" srcset=\"\/wp-content\/uploads\/sites\/5\/2018\/04\/Cuarta-jornada-preventiva-de-cancer-uterino-periferica-zona-5-igss-7-630x420.jpg 630w, \/wp-content\/uploads\/sites\/5\/2018\/04\/Cuarta-jornada-preventiva-de-cancer-uterino-periferica-zona-5-igss-7-1536x1024.jpg 1536w, \/wp-content\/uploads\/sites\/5\/2018\/04\/Cuarta-jornada-preventiva-de-cancer-uterino-periferica-zona-5-igss-7-300x200.jpg 300w, \/wp-content\/uploads\/sites\/5\/2018\/04\/Cuarta-jornada-preventiva-de-cancer-uterino-periferica-zona-5-igss-7-768x512.jpg 768w, \/wp-content\/uploads\/sites\/5\/2018\/04\/Cuarta-jornada-preventiva-de-cancer-uterino-periferica-zona-5-igss-7-1024x683.jpg 1024w, \/wp-content\/uploads\/sites\/5\/2018\/04\/Cuarta-jornada-preventiva-de-cancer-uterino-periferica-zona-5-igss-7-696x464.jpg 696w, \/wp-content\/uploads\/sites\/5\/2018\/04\/Cuarta-jornada-preventiva-de-cancer-uterino-periferica-zona-5-igss-7-1068x712.jpg 1068w, \/wp-content\/uploads\/sites\/5\/2018\/04\/Cuarta-jornada-preventiva-de-cancer-uterino-periferica-zona-5-igss-7-534x356.jpg 534w, \/wp-content\/uploads\/sites\/5\/2018\/04\/Cuarta-jornada-preventiva-de-cancer-uterino-periferica-zona-5-igss-7.jpg 1860w\" sizes=\"(max-width: 630px) 100vw, 630px\" alt=\"\">\r\n                            <\/a>\r\n                            \r\n                        <\/figure>\r\n                    <\/div>\r\n                            <\/div>\r\n                        <\/div>\r\n\r\n                        <div class = \"td-doubleSlider-2\">\r\n                            <div class = \"td-slider\">\r\n                                \r\n                    <div class = \"td-button td-item1\">\r\n                        <div class = \"td-border\"><\/div>\r\n                    <\/div>\r\n                    <div class = \"td-button td-item2\">\r\n                        <div class = \"td-border\"><\/div>\r\n                    <\/div>\r\n                    <div class = \"td-button td-item3\">\r\n                        <div class = \"td-border\"><\/div>\r\n                    <\/div>\r\n                    <div class = \"td-button td-item4\">\r\n                        <div class = \"td-border\"><\/div>\r\n                    <\/div>\r\n                    <div class = \"td-button td-item5\">\r\n                        <div class = \"td-border\"><\/div>\r\n                    <\/div>\r\n                    <div class = \"td-button td-item6\">\r\n                        <div class = \"td-border\"><\/div>\r\n                    <\/div>\r\n                    <div class = \"td-button td-item7\">\r\n                        <div class = \"td-border\"><\/div>\r\n                    <\/div>\r\n                            <\/div>\r\n                        <\/div>\r\n\r\n                    <\/div>\r\n\r\n                <\/div>\r\n                \n<hr \/>\n<p>&nbsp;<\/p>\n","protected":false},"excerpt":{"rendered":"<p>Con la finalidad de prevenir que las derechohabientes de la Unidad Perif\u00e9rica del IGSS zona 5 padezcan del c\u00e1ncer uterino, se inici\u00f3 la cuarta jornada de pruebas de Papanicolaou. La jornada se realizar\u00e1 del 18 al 20 de marzo, de 8:00 a 16:00 horas. Entre los objetivos de esta jornada es aumentar la detecci\u00f3n temprana [&hellip;]<\/p>\n","protected":false},"author":4,"featured_media":4566,"comment_status":"open","ping_status":"open","sticky":false,"template":"","format":"standard","meta":{"footnotes":""},"categories":[3,45,27,29,36],"tags":[154,380,701],"coauthors":[],"class_list":{"0":"post-4562","1":"post","2":"type-post","3":"status-publish","4":"format-standard","5":"has-post-thumbnail","7":"category-actualidad","8":"category-jornadas-medicas","9":"category-prevencion-en-salud","10":"category-publicaciones","11":"category-unidades-medicas","12":"tag-cancer-de-cervix","13":"tag-dra-silvana-esposito","14":"tag-periferica-zona-5"},"_links":{"self":[{"href":"https:\/\/www.igssgt.org\/noticias\/wp-json\/wp\/v2\/posts\/4562","targetHints":{"allow":["GET"]}}],"collection":[{"href":"https:\/\/www.igssgt.org\/noticias\/wp-json\/wp\/v2\/posts"}],"about":[{"href":"https:\/\/www.igssgt.org\/noticias\/wp-json\/wp\/v2\/types\/post"}],"author":[{"embeddable":true,"href":"https:\/\/www.igssgt.org\/noticias\/wp-json\/wp\/v2\/users\/4"}],"replies":[{"embeddable":true,"href":"https:\/\/www.igssgt.org\/noticias\/wp-json\/wp\/v2\/comments?post=4562"}],"version-history":[{"count":0,"href":"https:\/\/www.igssgt.org\/noticias\/wp-json\/wp\/v2\/posts\/4562\/revisions"}],"wp:featuredmedia":[{"embeddable":true,"href":"https:\/\/www.igssgt.org\/noticias\/wp-json\/wp\/v2\/media\/4566"}],"wp:attachment":[{"href":"https:\/\/www.igssgt.org\/noticias\/wp-json\/wp\/v2\/media?parent=4562"}],"wp:term":[{"taxonomy":"category","embeddable":true,"href":"https:\/\/www.igssgt.org\/noticias\/wp-json\/wp\/v2\/categories?post=4562"},{"taxonomy":"post_tag","embeddable":true,"href":"https:\/\/www.igssgt.org\/noticias\/wp-json\/wp\/v2\/tags?post=4562"},{"taxonomy":"author","embeddable":true,"href":"https:\/\/www.igssgt.org\/noticias\/wp-json\/wp\/v2\/coauthors?post=4562"}],"curies":[{"name":"wp","href":"https:\/\/api.w.org\/{rel}","templated":true}]}}