{"id":45924,"date":"2025-01-13T08:00:00","date_gmt":"2025-01-13T14:00:00","guid":{"rendered":"https:\/\/www.igssgt.org\/noticias\/?p=45924"},"modified":"2025-01-16T10:56:46","modified_gmt":"2025-01-16T16:56:46","slug":"la-depresion-una-enfermedad-invisible-que-se-incrementa","status":"publish","type":"post","link":"https:\/\/www.igssgt.org\/noticias\/2025\/01\/13\/la-depresion-una-enfermedad-invisible-que-se-incrementa\/","title":{"rendered":"La depresi\u00f3n: una enfermedad invisible que se incrementa"},"content":{"rendered":"\n<p>La depresi\u00f3n es el principal trastorno mental que atiende el Centro de Atenci\u00f3n Integral de Salud Mental \u2014CAISM\u2014. Un 29 % de las consultas corresponden a esta enfermedad, que ha ido en incremento en los \u00faltimos a\u00f1os.<\/p>\n\n\n\n<p>En el D\u00eda Mundial de Lucha contra la Depresi\u00f3n, el doctor Jensy Monterroso, jefe de la Consulta Externa de CAISM, indic\u00f3 que la prevalencia de esta enfermedad en Guatemala es del 3.7 %, con un incremento considerable despu\u00e9s de la pandemia del COVID-19. \u201cLa depresi\u00f3n es una enfermedad que puede parecer invisible, pero que puede tener consecuencias devastadoras si no se trata adecuadamente\u201d, afirm\u00f3.<\/p>\n<p>Durante el 2024, el CAISM contabiliz\u00f3 51 mil 770 consultas por diversos trastornos mentales, siendo la depresi\u00f3n el principal motivo de atenci\u00f3n. Solo en el 2024 hubo un incremento considerable del 3 % respecto al a\u00f1o anterior.<\/p>\n<figure id=\"attachment_45928\" aria-describedby=\"caption-attachment-45928\" style=\"width: 653px\" class=\"wp-caption alignnone\"><img loading=\"lazy\" decoding=\"async\" class=\"wp-image-45928\" src=\"\/wp-content\/uploads\/sites\/5\/2025\/01\/Salud-Mental-Depresion-IGSS-2025-2-300x200.jpg\" alt=\"\" width=\"653\" height=\"435\" srcset=\"\/wp-content\/uploads\/sites\/5\/2025\/01\/Salud-Mental-Depresion-IGSS-2025-2-300x200.jpg 300w, \/wp-content\/uploads\/sites\/5\/2025\/01\/Salud-Mental-Depresion-IGSS-2025-2-1024x683.jpg 1024w, \/wp-content\/uploads\/sites\/5\/2025\/01\/Salud-Mental-Depresion-IGSS-2025-2-768x512.jpg 768w, \/wp-content\/uploads\/sites\/5\/2025\/01\/Salud-Mental-Depresion-IGSS-2025-2-1536x1024.jpg 1536w, \/wp-content\/uploads\/sites\/5\/2025\/01\/Salud-Mental-Depresion-IGSS-2025-2-2048x1365.jpg 2048w, \/wp-content\/uploads\/sites\/5\/2025\/01\/Salud-Mental-Depresion-IGSS-2025-2-630x420.jpg 630w, \/wp-content\/uploads\/sites\/5\/2025\/01\/Salud-Mental-Depresion-IGSS-2025-2-696x464.jpg 696w, \/wp-content\/uploads\/sites\/5\/2025\/01\/Salud-Mental-Depresion-IGSS-2025-2-1068x712.jpg 1068w, \/wp-content\/uploads\/sites\/5\/2025\/01\/Salud-Mental-Depresion-IGSS-2025-2-1920x1280.jpg 1920w, \/wp-content\/uploads\/sites\/5\/2025\/01\/Salud-Mental-Depresion-IGSS-2025-2-534x356.jpg 534w\" sizes=\"auto, (max-width: 653px) 100vw, 653px\" \/><figcaption id=\"caption-attachment-45928\" class=\"wp-caption-text\">Solo el primer a\u00f1o de la pandemia, los casos de depresi\u00f3n y ansiedad se incrementaron un 20 % a nivel mundial.<\/figcaption><\/figure>\n<p>\u201cLa depresi\u00f3n no es una se\u00f1al de debilidad, ni es algo que se pueda superar solo con \u201cfuerte voluntad\u201d o \u201cpensamiento positivo\u201d. Es una enfermedad que requiere atenci\u00f3n m\u00e9dica y apoyo emocional\u201d, resalt\u00f3 el especialista. Los trastornos depresivos pueden llevar a:<\/p>\n<ul>\n<li>P\u00e9rdida de la motivaci\u00f3n y el inter\u00e9s en actividades que antes se disfrutaban<\/li>\n<li>Dificultades para concentrarse y tomar decisiones<\/li>\n<li>Cambios en el apetito y el sue\u00f1o<\/li>\n<li>Sentimientos de culpa, verg\u00fcenza y desesperanza<\/li>\n<li>Pensamientos suicidas<\/li>\n<\/ul>\n<figure id=\"attachment_45929\" aria-describedby=\"caption-attachment-45929\" style=\"width: 652px\" class=\"wp-caption alignnone\"><img loading=\"lazy\" decoding=\"async\" class=\"wp-image-45929\" src=\"\/wp-content\/uploads\/sites\/5\/2025\/01\/Salud-Mental-Depresion-IGSS-2025-3-300x213.jpg\" alt=\"\" width=\"652\" height=\"463\" srcset=\"\/wp-content\/uploads\/sites\/5\/2025\/01\/Salud-Mental-Depresion-IGSS-2025-3-300x213.jpg 300w, \/wp-content\/uploads\/sites\/5\/2025\/01\/Salud-Mental-Depresion-IGSS-2025-3-1024x727.jpg 1024w, \/wp-content\/uploads\/sites\/5\/2025\/01\/Salud-Mental-Depresion-IGSS-2025-3-768x545.jpg 768w, \/wp-content\/uploads\/sites\/5\/2025\/01\/Salud-Mental-Depresion-IGSS-2025-3-1536x1090.jpg 1536w, \/wp-content\/uploads\/sites\/5\/2025\/01\/Salud-Mental-Depresion-IGSS-2025-3-2048x1454.jpg 2048w, \/wp-content\/uploads\/sites\/5\/2025\/01\/Salud-Mental-Depresion-IGSS-2025-3-592x420.jpg 592w, \/wp-content\/uploads\/sites\/5\/2025\/01\/Salud-Mental-Depresion-IGSS-2025-3-696x494.jpg 696w, \/wp-content\/uploads\/sites\/5\/2025\/01\/Salud-Mental-Depresion-IGSS-2025-3-1068x758.jpg 1068w, \/wp-content\/uploads\/sites\/5\/2025\/01\/Salud-Mental-Depresion-IGSS-2025-3-1920x1363.jpg 1920w, \/wp-content\/uploads\/sites\/5\/2025\/01\/Salud-Mental-Depresion-IGSS-2025-3-100x70.jpg 100w, \/wp-content\/uploads\/sites\/5\/2025\/01\/Salud-Mental-Depresion-IGSS-2025-3-534x379.jpg 534w\" sizes=\"auto, (max-width: 652px) 100vw, 652px\" \/><figcaption id=\"caption-attachment-45929\" class=\"wp-caption-text\">A trav\u00e9s de CAISM, el Seguro Social brinda apoyo a las personas con depresi\u00f3n y otros trastornos mentales.<\/figcaption><\/figure>\n<p>El profesional indic\u00f3 que es normal tener momentos de tristeza, sentirse estresado o tener desgano, pero no durante un per\u00edodo prolongado. \u201cSi estos s\u00edntomas est\u00e1n presentes durante todo el d\u00eda por per\u00edodos largos es el momento de buscar ayuda\u201d, resalt\u00f3.<\/p>\n<p>Si el afiliado, beneficiario o derechohabiente presenta esta sintomatolog\u00eda pueden hacer la consulta en su Unidad Perif\u00e9rica y solicitar ser trasladados al servicio de consulta externa del CAISM, donde se determinar\u00e1 el tipo de tratamiento que necesita. En caso de presentar s\u00edntomas graves puede acudir a la Emergencia del Centro, que atiende las 24 horas.<\/p>\n<p>El Seguro Social, a trav\u00e9s del CAISM, cuenta con cuatro servicios de atenci\u00f3n especializados en salud mental: Consulta Externa, \u00e1rea de hospitalizaci\u00f3n, servicio de Emergencia y el programa de Hospital de D\u00eda donde ofrecen diferentes tipos de modalidades terap\u00e9uticas como la terapia de grupo, biodanza, musicoterapia, terapia de relajaci\u00f3n, talleres de cocina y Tai Chi y otras terapias recreativas.<\/p>\n<figure id=\"attachment_45930\" aria-describedby=\"caption-attachment-45930\" style=\"width: 671px\" class=\"wp-caption alignnone\"><img loading=\"lazy\" decoding=\"async\" class=\"wp-image-45930\" src=\"\/wp-content\/uploads\/sites\/5\/2025\/01\/Salud-Mental-Depresion-IGSS-2025-4-300x181.jpg\" alt=\"\" width=\"671\" height=\"405\" srcset=\"\/wp-content\/uploads\/sites\/5\/2025\/01\/Salud-Mental-Depresion-IGSS-2025-4-300x181.jpg 300w, \/wp-content\/uploads\/sites\/5\/2025\/01\/Salud-Mental-Depresion-IGSS-2025-4-1024x618.jpg 1024w, \/wp-content\/uploads\/sites\/5\/2025\/01\/Salud-Mental-Depresion-IGSS-2025-4-768x464.jpg 768w, \/wp-content\/uploads\/sites\/5\/2025\/01\/Salud-Mental-Depresion-IGSS-2025-4-1536x927.jpg 1536w, \/wp-content\/uploads\/sites\/5\/2025\/01\/Salud-Mental-Depresion-IGSS-2025-4-2048x1237.jpg 2048w, \/wp-content\/uploads\/sites\/5\/2025\/01\/Salud-Mental-Depresion-IGSS-2025-4-696x420.jpg 696w, \/wp-content\/uploads\/sites\/5\/2025\/01\/Salud-Mental-Depresion-IGSS-2025-4-1068x645.jpg 1068w, \/wp-content\/uploads\/sites\/5\/2025\/01\/Salud-Mental-Depresion-IGSS-2025-4-1920x1159.jpg 1920w, \/wp-content\/uploads\/sites\/5\/2025\/01\/Salud-Mental-Depresion-IGSS-2025-4-534x322.jpg 534w\" sizes=\"auto, (max-width: 671px) 100vw, 671px\" \/><figcaption id=\"caption-attachment-45930\" class=\"wp-caption-text\">CAISM cuenta con diversas modalidades terap\u00e9uticas, a trav\u00e9s de su Hospital de D\u00eda.<\/figcaption><\/figure>\n<p>El doctor Monterroso agreg\u00f3 que hay esperanza. \u201cLa depresi\u00f3n es una enfermedad tratable. Con la ayuda de un profesional de la salud mental se pueden encontrar estrategias efectivas para manejar los s\u00edntomas y mejorar la calidad de vida\u201d. Es importante recordar que:<\/p>\n<ul>\n<li>No est\u00e1s solo. La depresi\u00f3n afecta a millones de personas en todo el mundo.<\/li>\n<li>No es tu culpa. La depresi\u00f3n es una enfermedad que puede afectar a cualquier persona.<\/li>\n<li>Hay ayuda disponible. No dudes en buscar apoyo de un profesional de la salud mental.<\/li>\n<\/ul>\n<p>\u201cSi t\u00fa o alguien que conoces est\u00e1 experimentando s\u00edntomas de depresi\u00f3n es importante buscar ayuda de inmediato. No esperes. La vida es preciosa y mereces vivirla plenamente\u201d, finaliz\u00f3.<\/p>\n\r\n                <style type=\"text\/css\">\r\n                    \r\n                    #tdi_1  .td-doubleSlider-2 .td-item1 {\r\n                        background: url(\/wp-content\/uploads\/sites\/5\/2025\/01\/Salud-Mental-Depresion-IGSS-2025-6-80x60.jpg) 0 0 no-repeat;\r\n                    }\r\n                    #tdi_1  .td-doubleSlider-2 .td-item2 {\r\n                        background: url(\/wp-content\/uploads\/sites\/5\/2025\/01\/Salud-Mental-Depresion-IGSS-2025-9-80x60.jpg) 0 0 no-repeat;\r\n                    }\r\n                    #tdi_1  .td-doubleSlider-2 .td-item3 {\r\n                        background: url(\/wp-content\/uploads\/sites\/5\/2025\/01\/Salud-Mental-Depresion-IGSS-2025-5-80x60.jpg) 0 0 no-repeat;\r\n                    }\r\n                    #tdi_1  .td-doubleSlider-2 .td-item4 {\r\n                        background: url(\/wp-content\/uploads\/sites\/5\/2025\/01\/Salud-Mental-Depresion-IGSS-2025-7-80x60.jpg) 0 0 no-repeat;\r\n                    }\r\n                    #tdi_1  .td-doubleSlider-2 .td-item5 {\r\n                        background: url(\/wp-content\/uploads\/sites\/5\/2025\/01\/Salud-Mental-Depresion-IGSS-2025-8-80x60.jpg) 0 0 no-repeat;\r\n                    }\r\n                <\/style>\r\n\r\n                <div id=\"tdi_1\" class=\"td-gallery td-slide-on-2-columns\">\r\n                    <div class=\"post_td_gallery\">\r\n                        <div class=\"td-gallery-slide-top\">\r\n                           <div class=\"td-gallery-title\">Galer\u00eda de im\u00e1genes<\/div>\r\n\r\n                            <div class=\"td-gallery-controls-wrapper\">\r\n                                <div class=\"td-gallery-slide-count\"><span class=\"td-gallery-slide-item-focus\">1<\/span> de 5<\/div>\r\n                                <div class=\"td-gallery-slide-prev-next-but\">\r\n                                    <i class = \"td-icon-left doubleSliderPrevButton\"><\/i>\r\n                                    <i class = \"td-icon-right doubleSliderNextButton\"><\/i>\r\n                                <\/div>\r\n                            <\/div>\r\n                        <\/div>\r\n\r\n                        <div class = \"td-doubleSlider-1 \">\r\n                            <div class = \"td-slider\">\r\n                                \r\n                    <div class = \"td-slide-item td-item1\">\r\n                        <figure class=\"td-slide-galery-figure td-slide-popup-gallery\">\r\n                            <a class=\"slide-gallery-image-link\" href=\"\/wp-content\/uploads\/sites\/5\/2025\/01\/Salud-Mental-Depresion-IGSS-2025-6-scaled.jpg\" title=\"Salud Mental Depresion IGSS 2025-6\"  data-caption=\"\"  data-description=\"\">\r\n                                <img decoding=\"async\" src=\"\/wp-content\/uploads\/sites\/5\/2025\/01\/Salud-Mental-Depresion-IGSS-2025-6-254x420.jpg\" srcset=\"\/wp-content\/uploads\/sites\/5\/2025\/01\/Salud-Mental-Depresion-IGSS-2025-6-254x420.jpg 254w, \/wp-content\/uploads\/sites\/5\/2025\/01\/Salud-Mental-Depresion-IGSS-2025-6-181x300.jpg 181w, \/wp-content\/uploads\/sites\/5\/2025\/01\/Salud-Mental-Depresion-IGSS-2025-6-619x1024.jpg 619w, \/wp-content\/uploads\/sites\/5\/2025\/01\/Salud-Mental-Depresion-IGSS-2025-6-768x1271.jpg 768w, \/wp-content\/uploads\/sites\/5\/2025\/01\/Salud-Mental-Depresion-IGSS-2025-6-928x1536.jpg 928w, \/wp-content\/uploads\/sites\/5\/2025\/01\/Salud-Mental-Depresion-IGSS-2025-6-1238x2048.jpg 1238w, \/wp-content\/uploads\/sites\/5\/2025\/01\/Salud-Mental-Depresion-IGSS-2025-6-696x1152.jpg 696w, \/wp-content\/uploads\/sites\/5\/2025\/01\/Salud-Mental-Depresion-IGSS-2025-6-1068x1767.jpg 1068w, \/wp-content\/uploads\/sites\/5\/2025\/01\/Salud-Mental-Depresion-IGSS-2025-6-1920x3177.jpg 1920w, \/wp-content\/uploads\/sites\/5\/2025\/01\/Salud-Mental-Depresion-IGSS-2025-6-279x462.jpg 279w, \/wp-content\/uploads\/sites\/5\/2025\/01\/Salud-Mental-Depresion-IGSS-2025-6-scaled.jpg 1547w\" sizes=\"(max-width: 254px) 100vw, 254px\" alt=\"\">\r\n                            <\/a>\r\n                            \r\n                        <\/figure>\r\n                    <\/div>\r\n                    <div class = \"td-slide-item td-item2\">\r\n                        <figure class=\"td-slide-galery-figure td-slide-popup-gallery\">\r\n                            <a class=\"slide-gallery-image-link\" href=\"\/wp-content\/uploads\/sites\/5\/2025\/01\/Salud-Mental-Depresion-IGSS-2025-9.jpg\" title=\"Salud Mental Depresion IGSS 2025-9\"  data-caption=\"\"  data-description=\"\">\r\n                                <img decoding=\"async\" src=\"\/wp-content\/uploads\/sites\/5\/2025\/01\/Salud-Mental-Depresion-IGSS-2025-9-607x420.jpg\" srcset=\"\/wp-content\/uploads\/sites\/5\/2025\/01\/Salud-Mental-Depresion-IGSS-2025-9-607x420.jpg 607w, \/wp-content\/uploads\/sites\/5\/2025\/01\/Salud-Mental-Depresion-IGSS-2025-9-300x208.jpg 300w, \/wp-content\/uploads\/sites\/5\/2025\/01\/Salud-Mental-Depresion-IGSS-2025-9-1024x709.jpg 1024w, \/wp-content\/uploads\/sites\/5\/2025\/01\/Salud-Mental-Depresion-IGSS-2025-9-768x532.jpg 768w, \/wp-content\/uploads\/sites\/5\/2025\/01\/Salud-Mental-Depresion-IGSS-2025-9-1536x1064.jpg 1536w, \/wp-content\/uploads\/sites\/5\/2025\/01\/Salud-Mental-Depresion-IGSS-2025-9-2048x1418.jpg 2048w, \/wp-content\/uploads\/sites\/5\/2025\/01\/Salud-Mental-Depresion-IGSS-2025-9-218x150.jpg 218w, \/wp-content\/uploads\/sites\/5\/2025\/01\/Salud-Mental-Depresion-IGSS-2025-9-696x482.jpg 696w, \/wp-content\/uploads\/sites\/5\/2025\/01\/Salud-Mental-Depresion-IGSS-2025-9-1068x740.jpg 1068w, \/wp-content\/uploads\/sites\/5\/2025\/01\/Salud-Mental-Depresion-IGSS-2025-9-1920x1329.jpg 1920w, \/wp-content\/uploads\/sites\/5\/2025\/01\/Salud-Mental-Depresion-IGSS-2025-9-100x70.jpg 100w, \/wp-content\/uploads\/sites\/5\/2025\/01\/Salud-Mental-Depresion-IGSS-2025-9-534x370.jpg 534w\" sizes=\"(max-width: 607px) 100vw, 607px\" alt=\"\">\r\n                            <\/a>\r\n                            \r\n                        <\/figure>\r\n                    <\/div>\r\n                    <div class = \"td-slide-item td-item3\">\r\n                        <figure class=\"td-slide-galery-figure td-slide-popup-gallery\">\r\n                            <a class=\"slide-gallery-image-link\" href=\"\/wp-content\/uploads\/sites\/5\/2025\/01\/Salud-Mental-Depresion-IGSS-2025-5.jpg\" title=\"Salud Mental Depresion IGSS 2025-5\"  data-caption=\"\"  data-description=\"\">\r\n                                <img decoding=\"async\" src=\"\/wp-content\/uploads\/sites\/5\/2025\/01\/Salud-Mental-Depresion-IGSS-2025-5-626x420.jpg\" srcset=\"\/wp-content\/uploads\/sites\/5\/2025\/01\/Salud-Mental-Depresion-IGSS-2025-5-626x420.jpg 626w, \/wp-content\/uploads\/sites\/5\/2025\/01\/Salud-Mental-Depresion-IGSS-2025-5-300x201.jpg 300w, \/wp-content\/uploads\/sites\/5\/2025\/01\/Salud-Mental-Depresion-IGSS-2025-5-1024x687.jpg 1024w, \/wp-content\/uploads\/sites\/5\/2025\/01\/Salud-Mental-Depresion-IGSS-2025-5-768x516.jpg 768w, \/wp-content\/uploads\/sites\/5\/2025\/01\/Salud-Mental-Depresion-IGSS-2025-5-1536x1031.jpg 1536w, \/wp-content\/uploads\/sites\/5\/2025\/01\/Salud-Mental-Depresion-IGSS-2025-5-2048x1375.jpg 2048w, \/wp-content\/uploads\/sites\/5\/2025\/01\/Salud-Mental-Depresion-IGSS-2025-5-696x467.jpg 696w, \/wp-content\/uploads\/sites\/5\/2025\/01\/Salud-Mental-Depresion-IGSS-2025-5-1068x717.jpg 1068w, \/wp-content\/uploads\/sites\/5\/2025\/01\/Salud-Mental-Depresion-IGSS-2025-5-1920x1289.jpg 1920w, \/wp-content\/uploads\/sites\/5\/2025\/01\/Salud-Mental-Depresion-IGSS-2025-5-534x358.jpg 534w\" sizes=\"(max-width: 626px) 100vw, 626px\" alt=\"\">\r\n                            <\/a>\r\n                            \r\n                        <\/figure>\r\n                    <\/div>\r\n                    <div class = \"td-slide-item td-item4\">\r\n                        <figure class=\"td-slide-galery-figure td-slide-popup-gallery\">\r\n                            <a class=\"slide-gallery-image-link\" href=\"\/wp-content\/uploads\/sites\/5\/2025\/01\/Salud-Mental-Depresion-IGSS-2025-7-scaled.jpg\" title=\"Salud Mental Depresion IGSS 2025-7\"  data-caption=\"\"  data-description=\"\">\r\n                                <img decoding=\"async\" src=\"\/wp-content\/uploads\/sites\/5\/2025\/01\/Salud-Mental-Depresion-IGSS-2025-7-690x420.jpg\" srcset=\"\/wp-content\/uploads\/sites\/5\/2025\/01\/Salud-Mental-Depresion-IGSS-2025-7-690x420.jpg 690w, \/wp-content\/uploads\/sites\/5\/2025\/01\/Salud-Mental-Depresion-IGSS-2025-7-300x183.jpg 300w, \/wp-content\/uploads\/sites\/5\/2025\/01\/Salud-Mental-Depresion-IGSS-2025-7-1024x624.jpg 1024w, \/wp-content\/uploads\/sites\/5\/2025\/01\/Salud-Mental-Depresion-IGSS-2025-7-768x468.jpg 768w, \/wp-content\/uploads\/sites\/5\/2025\/01\/Salud-Mental-Depresion-IGSS-2025-7-1536x935.jpg 1536w, \/wp-content\/uploads\/sites\/5\/2025\/01\/Salud-Mental-Depresion-IGSS-2025-7-2048x1247.jpg 2048w, \/wp-content\/uploads\/sites\/5\/2025\/01\/Salud-Mental-Depresion-IGSS-2025-7-696x424.jpg 696w, \/wp-content\/uploads\/sites\/5\/2025\/01\/Salud-Mental-Depresion-IGSS-2025-7-1068x650.jpg 1068w, \/wp-content\/uploads\/sites\/5\/2025\/01\/Salud-Mental-Depresion-IGSS-2025-7-1920x1169.jpg 1920w, \/wp-content\/uploads\/sites\/5\/2025\/01\/Salud-Mental-Depresion-IGSS-2025-7-534x325.jpg 534w\" sizes=\"(max-width: 690px) 100vw, 690px\" alt=\"\">\r\n                            <\/a>\r\n                            \r\n                        <\/figure>\r\n                    <\/div>\r\n                    <div class = \"td-slide-item td-item5\">\r\n                        <figure class=\"td-slide-galery-figure td-slide-popup-gallery\">\r\n                            <a class=\"slide-gallery-image-link\" href=\"\/wp-content\/uploads\/sites\/5\/2025\/01\/Salud-Mental-Depresion-IGSS-2025-8-scaled.jpg\" title=\"Salud Mental Depresion IGSS 2025-8\"  data-caption=\"\"  data-description=\"\">\r\n                                <img decoding=\"async\" src=\"\/wp-content\/uploads\/sites\/5\/2025\/01\/Salud-Mental-Depresion-IGSS-2025-8-611x420.jpg\" srcset=\"\/wp-content\/uploads\/sites\/5\/2025\/01\/Salud-Mental-Depresion-IGSS-2025-8-611x420.jpg 611w, \/wp-content\/uploads\/sites\/5\/2025\/01\/Salud-Mental-Depresion-IGSS-2025-8-300x206.jpg 300w, \/wp-content\/uploads\/sites\/5\/2025\/01\/Salud-Mental-Depresion-IGSS-2025-8-1024x704.jpg 1024w, \/wp-content\/uploads\/sites\/5\/2025\/01\/Salud-Mental-Depresion-IGSS-2025-8-768x528.jpg 768w, \/wp-content\/uploads\/sites\/5\/2025\/01\/Salud-Mental-Depresion-IGSS-2025-8-1536x1056.jpg 1536w, \/wp-content\/uploads\/sites\/5\/2025\/01\/Salud-Mental-Depresion-IGSS-2025-8-2048x1408.jpg 2048w, \/wp-content\/uploads\/sites\/5\/2025\/01\/Salud-Mental-Depresion-IGSS-2025-8-218x150.jpg 218w, \/wp-content\/uploads\/sites\/5\/2025\/01\/Salud-Mental-Depresion-IGSS-2025-8-696x478.jpg 696w, \/wp-content\/uploads\/sites\/5\/2025\/01\/Salud-Mental-Depresion-IGSS-2025-8-1068x734.jpg 1068w, \/wp-content\/uploads\/sites\/5\/2025\/01\/Salud-Mental-Depresion-IGSS-2025-8-1920x1320.jpg 1920w, \/wp-content\/uploads\/sites\/5\/2025\/01\/Salud-Mental-Depresion-IGSS-2025-8-100x70.jpg 100w, \/wp-content\/uploads\/sites\/5\/2025\/01\/Salud-Mental-Depresion-IGSS-2025-8-534x367.jpg 534w\" sizes=\"(max-width: 611px) 100vw, 611px\" alt=\"\">\r\n                            <\/a>\r\n                            \r\n                        <\/figure>\r\n                    <\/div>\r\n                            <\/div>\r\n                        <\/div>\r\n\r\n                        <div class = \"td-doubleSlider-2\">\r\n                            <div class = \"td-slider\">\r\n                                \r\n                    <div class = \"td-button td-item1\">\r\n                        <div class = \"td-border\"><\/div>\r\n                    <\/div>\r\n                    <div class = \"td-button td-item2\">\r\n                        <div class = \"td-border\"><\/div>\r\n                    <\/div>\r\n                    <div class = \"td-button td-item3\">\r\n                        <div class = \"td-border\"><\/div>\r\n                    <\/div>\r\n                    <div class = \"td-button td-item4\">\r\n                        <div class = \"td-border\"><\/div>\r\n                    <\/div>\r\n                    <div class = \"td-button td-item5\">\r\n                        <div class = \"td-border\"><\/div>\r\n                    <\/div>\r\n                            <\/div>\r\n                        <\/div>\r\n\r\n                    <\/div>\r\n\r\n                <\/div>\r\n                \n","protected":false},"excerpt":{"rendered":"<p>La depresi\u00f3n es el principal trastorno mental que atiende el Centro de Atenci\u00f3n Integral de Salud Mental \u2014CAISM\u2014. Un 29 % de las consultas corresponden a esta enfermedad, que ha ido en incremento en los \u00faltimos a\u00f1os. En el D\u00eda Mundial de Lucha contra la Depresi\u00f3n, el doctor Jensy Monterroso, jefe de la Consulta Externa [&hellip;]<\/p>\n","protected":false},"author":3269,"featured_media":45927,"comment_status":"closed","ping_status":"closed","sticky":false,"template":"","format":"standard","meta":{"footnotes":""},"categories":[3],"tags":[1613,172,928,1979],"coauthors":[1970],"class_list":{"0":"post-45924","1":"post","2":"type-post","3":"status-publish","4":"format-standard","5":"has-post-thumbnail","7":"category-actualidad","8":"tag-caism","9":"tag-centro-de-atencion-integral-de-salud-mental","10":"tag-depresion","11":"tag-dr-jensy-monterroso"},"_links":{"self":[{"href":"https:\/\/www.igssgt.org\/noticias\/wp-json\/wp\/v2\/posts\/45924","targetHints":{"allow":["GET"]}}],"collection":[{"href":"https:\/\/www.igssgt.org\/noticias\/wp-json\/wp\/v2\/posts"}],"about":[{"href":"https:\/\/www.igssgt.org\/noticias\/wp-json\/wp\/v2\/types\/post"}],"author":[{"embeddable":true,"href":"https:\/\/www.igssgt.org\/noticias\/wp-json\/wp\/v2\/users\/3269"}],"replies":[{"embeddable":true,"href":"https:\/\/www.igssgt.org\/noticias\/wp-json\/wp\/v2\/comments?post=45924"}],"version-history":[{"count":2,"href":"https:\/\/www.igssgt.org\/noticias\/wp-json\/wp\/v2\/posts\/45924\/revisions"}],"predecessor-version":[{"id":45936,"href":"https:\/\/www.igssgt.org\/noticias\/wp-json\/wp\/v2\/posts\/45924\/revisions\/45936"}],"wp:featuredmedia":[{"embeddable":true,"href":"https:\/\/www.igssgt.org\/noticias\/wp-json\/wp\/v2\/media\/45927"}],"wp:attachment":[{"href":"https:\/\/www.igssgt.org\/noticias\/wp-json\/wp\/v2\/media?parent=45924"}],"wp:term":[{"taxonomy":"category","embeddable":true,"href":"https:\/\/www.igssgt.org\/noticias\/wp-json\/wp\/v2\/categories?post=45924"},{"taxonomy":"post_tag","embeddable":true,"href":"https:\/\/www.igssgt.org\/noticias\/wp-json\/wp\/v2\/tags?post=45924"},{"taxonomy":"author","embeddable":true,"href":"https:\/\/www.igssgt.org\/noticias\/wp-json\/wp\/v2\/coauthors?post=45924"}],"curies":[{"name":"wp","href":"https:\/\/api.w.org\/{rel}","templated":true}]}}