{"id":45984,"date":"2025-01-17T08:11:00","date_gmt":"2025-01-17T14:11:00","guid":{"rendered":"https:\/\/www.igssgt.org\/noticias\/?p=45984"},"modified":"2025-01-17T10:47:03","modified_gmt":"2025-01-17T16:47:03","slug":"conoce-si-sus-hijos-son-alergicos","status":"publish","type":"post","link":"https:\/\/www.igssgt.org\/noticias\/2025\/01\/17\/conoce-si-sus-hijos-son-alergicos\/","title":{"rendered":"\u00bfConoce si sus hijos son al\u00e9rgicos?"},"content":{"rendered":"\n<p>Las alergias representan una de las mayores causas de consultas m\u00e9dicas pedi\u00e1tricas, las cuales pueden controlarse a lo largo de la vida. La intolerancia a la prote\u00edna de la leche, \u00e1caros y dermatitis son los casos de mayor incidencia en la Pediatr\u00eda Joyabaj de la Unidad Perif\u00e9rica Zona 11.<\/p>\n\n\n\n<p>En el inicio del ciclo escolar es importante tomar en cuenta que las alergias aparecen en el proceso de crecimiento, el sistema inmunitario reacciona ante la presencia de sustancias extra\u00f1as que ingresan al cuerpo. Estas pueden ser respiratorias, alimenticias, a f\u00e1rmacos, a himen\u00f3pteros (abeja y\/o avispa) o dermatitis de contacto.<\/p>\n<figure id=\"attachment_45987\" aria-describedby=\"caption-attachment-45987\" style=\"width: 703px\" class=\"wp-caption alignnone\"><img loading=\"lazy\" decoding=\"async\" class=\"wp-image-45987\" src=\"\/wp-content\/uploads\/sites\/5\/2025\/01\/690b2b90-ed8e-4b82-91d9-613238e09f87-300x155.jpg\" alt=\"\" width=\"703\" height=\"363\" srcset=\"\/wp-content\/uploads\/sites\/5\/2025\/01\/690b2b90-ed8e-4b82-91d9-613238e09f87-300x155.jpg 300w, \/wp-content\/uploads\/sites\/5\/2025\/01\/690b2b90-ed8e-4b82-91d9-613238e09f87-1024x529.jpg 1024w, \/wp-content\/uploads\/sites\/5\/2025\/01\/690b2b90-ed8e-4b82-91d9-613238e09f87-768x397.jpg 768w, \/wp-content\/uploads\/sites\/5\/2025\/01\/690b2b90-ed8e-4b82-91d9-613238e09f87-813x420.jpg 813w, \/wp-content\/uploads\/sites\/5\/2025\/01\/690b2b90-ed8e-4b82-91d9-613238e09f87-696x359.jpg 696w, \/wp-content\/uploads\/sites\/5\/2025\/01\/690b2b90-ed8e-4b82-91d9-613238e09f87-1068x552.jpg 1068w, \/wp-content\/uploads\/sites\/5\/2025\/01\/690b2b90-ed8e-4b82-91d9-613238e09f87-534x276.jpg 534w, \/wp-content\/uploads\/sites\/5\/2025\/01\/690b2b90-ed8e-4b82-91d9-613238e09f87.jpg 1280w\" sizes=\"auto, (max-width: 703px) 100vw, 703px\" \/><figcaption id=\"caption-attachment-45987\" class=\"wp-caption-text\">Las alergias en los ni\u00f1os pueden manifestarse con s\u00edntomas como estornudos, picaz\u00f3n en la piel y los ojos, y erupciones.<\/figcaption><\/figure>\n<p>El doctor Irving Fletcher, alerg\u00f3logo e inmun\u00f3logo de la Pediatr\u00eda Joyabaj de la Unidad Perif\u00e9rica Zona 11 refiri\u00f3 que existen varios factores de riesgo para la aparici\u00f3n de los diferentes tipos de alergias y que los menores de edad se enfermen de forma recurrente como nacer por medio de ces\u00e1rea, exposici\u00f3n al humo del tabaco, gen\u00e9tica o desbalances en la alimentaci\u00f3n.<\/p>\n<p>\u201cA nivel mundial el 10 % de la poblaci\u00f3n puede desarrollar asma y la rinitis al\u00e9rgica se estima que un 90 % puede desarrollarla en alg\u00fan momento de su vida\u201d, afirm\u00f3 el especialista.<\/p>\n<p><strong>Diagn\u00f3stico<\/strong><\/p>\n<p>Para identificar los alerg\u00f3genos (sustancias que pueden causar una reacci\u00f3n al\u00e9rgica), se dispone de una serie de pruebas aparte de la exploraci\u00f3n f\u00edsica como las cut\u00e1neas, de exposici\u00f3n controlada con el agente causante sospechoso o \u00a0an\u00e1lisis de sangre.<\/p>\n<figure id=\"attachment_45988\" aria-describedby=\"caption-attachment-45988\" style=\"width: 697px\" class=\"wp-caption alignnone\"><img loading=\"lazy\" decoding=\"async\" class=\"wp-image-45988\" src=\"\/wp-content\/uploads\/sites\/5\/2025\/01\/4da42109-a0b6-4fa3-bca4-c5787da7ac78-300x161.jpg\" alt=\"\" width=\"697\" height=\"374\" srcset=\"\/wp-content\/uploads\/sites\/5\/2025\/01\/4da42109-a0b6-4fa3-bca4-c5787da7ac78-300x161.jpg 300w, \/wp-content\/uploads\/sites\/5\/2025\/01\/4da42109-a0b6-4fa3-bca4-c5787da7ac78-1024x551.jpg 1024w, \/wp-content\/uploads\/sites\/5\/2025\/01\/4da42109-a0b6-4fa3-bca4-c5787da7ac78-768x413.jpg 768w, \/wp-content\/uploads\/sites\/5\/2025\/01\/4da42109-a0b6-4fa3-bca4-c5787da7ac78-780x420.jpg 780w, \/wp-content\/uploads\/sites\/5\/2025\/01\/4da42109-a0b6-4fa3-bca4-c5787da7ac78-1068x575.jpg 1068w, \/wp-content\/uploads\/sites\/5\/2025\/01\/4da42109-a0b6-4fa3-bca4-c5787da7ac78-534x287.jpg 534w, \/wp-content\/uploads\/sites\/5\/2025\/01\/4da42109-a0b6-4fa3-bca4-c5787da7ac78.jpg 1280w\" sizes=\"auto, (max-width: 697px) 100vw, 697px\" \/><figcaption id=\"caption-attachment-45988\" class=\"wp-caption-text\">La dieta, nutrici\u00f3n y estilos de vida saludable son parte importante de los pacientes con alergias.<\/figcaption><\/figure>\n<p>En el \u00e1rea pedi\u00e1trica de la unidad m\u00e9dica se han observado varios casos de alergias respiratorias, tambi\u00e9n a la prote\u00edna de la leche, a los \u00e1caros y otros m\u00e1s complejos como angiodemas.<\/p>\n<blockquote>\n<p>\u201cLos \u00e1caros causan el 80% de las alergias respiratorias en la actualidad\u201d, Doctor Irving Fletcher, alerg\u00f3logo e inmun\u00f3logo de la Pediatr\u00eda Joyabaj de la Unidad Perif\u00e9rica Zona 11.<\/p>\n<\/blockquote>\n<p>Con tratamiento y el debido seguimiento de las alergias en alg\u00fan momento de acuerdo con el alerg\u00f3logo se puede llegar a la \u201cremisi\u00f3n total de los s\u00edntomas\u201d.<\/p>\n<p>346 casos se recibieron el a\u00f1o pasado en la Cl\u00ednica de Neumolog\u00eda Pedi\u00e1trica<\/p>\n<p>36 se han tratado\u00a0 en los primeros d\u00edas de 2025<\/p>\n<p>Si el padre de familia sospecha que su hijo es al\u00e9rgico debe pasar una cl\u00ednica de ni\u00f1o enfermo para que el m\u00e9dico tratante realice el traslado con el especialista quien har\u00e1 las valoraciones del caso.<\/p>\n<figure id=\"attachment_45989\" aria-describedby=\"caption-attachment-45989\" style=\"width: 688px\" class=\"wp-caption alignnone\"><img loading=\"lazy\" decoding=\"async\" class=\"wp-image-45989\" src=\"\/wp-content\/uploads\/sites\/5\/2025\/01\/f7687a02-ffdb-4a2a-91a8-c0fa0be93d6c-300x195.jpg\" alt=\"\" width=\"688\" height=\"447\" srcset=\"\/wp-content\/uploads\/sites\/5\/2025\/01\/f7687a02-ffdb-4a2a-91a8-c0fa0be93d6c-300x195.jpg 300w, \/wp-content\/uploads\/sites\/5\/2025\/01\/f7687a02-ffdb-4a2a-91a8-c0fa0be93d6c-1024x667.jpg 1024w, \/wp-content\/uploads\/sites\/5\/2025\/01\/f7687a02-ffdb-4a2a-91a8-c0fa0be93d6c-768x500.jpg 768w, \/wp-content\/uploads\/sites\/5\/2025\/01\/f7687a02-ffdb-4a2a-91a8-c0fa0be93d6c-645x420.jpg 645w, \/wp-content\/uploads\/sites\/5\/2025\/01\/f7687a02-ffdb-4a2a-91a8-c0fa0be93d6c-696x453.jpg 696w, \/wp-content\/uploads\/sites\/5\/2025\/01\/f7687a02-ffdb-4a2a-91a8-c0fa0be93d6c-1068x695.jpg 1068w, \/wp-content\/uploads\/sites\/5\/2025\/01\/f7687a02-ffdb-4a2a-91a8-c0fa0be93d6c-534x348.jpg 534w, \/wp-content\/uploads\/sites\/5\/2025\/01\/f7687a02-ffdb-4a2a-91a8-c0fa0be93d6c.jpg 1078w\" sizes=\"auto, (max-width: 688px) 100vw, 688px\" \/><figcaption id=\"caption-attachment-45989\" class=\"wp-caption-text\">Los padres deben estar atentos a las reacciones que puedan presentar los menores.<\/figcaption><\/figure>\n","protected":false},"excerpt":{"rendered":"<p>Las alergias representan una de las mayores causas de consultas m\u00e9dicas pedi\u00e1tricas, las cuales pueden controlarse a lo largo de la vida. La intolerancia a la prote\u00edna de la leche, \u00e1caros y dermatitis son los casos de mayor incidencia en la Pediatr\u00eda Joyabaj de la Unidad Perif\u00e9rica Zona 11. En el inicio del ciclo escolar [&hellip;]<\/p>\n","protected":false},"author":3269,"featured_media":45985,"comment_status":"closed","ping_status":"closed","sticky":false,"template":"","format":"standard","meta":{"footnotes":""},"categories":[3,4,15,24,27,31],"tags":[1980,490,726,790,1443],"coauthors":[],"class_list":{"0":"post-45984","1":"post","2":"type-post","3":"status-publish","4":"format-standard","5":"has-post-thumbnail","7":"category-actualidad","8":"category-afiliados","9":"category-destacado","10":"category-pediatria","11":"category-prevencion-en-salud","12":"category-salud","13":"tag-alergias","14":"tag-igss","15":"tag-prevencion-en-salud","16":"tag-servicio-de-pediatria","17":"tag-unidad-periferica-zona-11"},"_links":{"self":[{"href":"https:\/\/www.igssgt.org\/noticias\/wp-json\/wp\/v2\/posts\/45984","targetHints":{"allow":["GET"]}}],"collection":[{"href":"https:\/\/www.igssgt.org\/noticias\/wp-json\/wp\/v2\/posts"}],"about":[{"href":"https:\/\/www.igssgt.org\/noticias\/wp-json\/wp\/v2\/types\/post"}],"author":[{"embeddable":true,"href":"https:\/\/www.igssgt.org\/noticias\/wp-json\/wp\/v2\/users\/3269"}],"replies":[{"embeddable":true,"href":"https:\/\/www.igssgt.org\/noticias\/wp-json\/wp\/v2\/comments?post=45984"}],"version-history":[{"count":4,"href":"https:\/\/www.igssgt.org\/noticias\/wp-json\/wp\/v2\/posts\/45984\/revisions"}],"predecessor-version":[{"id":45992,"href":"https:\/\/www.igssgt.org\/noticias\/wp-json\/wp\/v2\/posts\/45984\/revisions\/45992"}],"wp:featuredmedia":[{"embeddable":true,"href":"https:\/\/www.igssgt.org\/noticias\/wp-json\/wp\/v2\/media\/45985"}],"wp:attachment":[{"href":"https:\/\/www.igssgt.org\/noticias\/wp-json\/wp\/v2\/media?parent=45984"}],"wp:term":[{"taxonomy":"category","embeddable":true,"href":"https:\/\/www.igssgt.org\/noticias\/wp-json\/wp\/v2\/categories?post=45984"},{"taxonomy":"post_tag","embeddable":true,"href":"https:\/\/www.igssgt.org\/noticias\/wp-json\/wp\/v2\/tags?post=45984"},{"taxonomy":"author","embeddable":true,"href":"https:\/\/www.igssgt.org\/noticias\/wp-json\/wp\/v2\/coauthors?post=45984"}],"curies":[{"name":"wp","href":"https:\/\/api.w.org\/{rel}","templated":true}]}}